{"id":44781,"date":"2023-06-12T10:55:39","date_gmt":"2023-06-12T09:55:39","guid":{"rendered":"https:\/\/www.companhiaatlantica.pt\/unkategorisiert\/https-www-companhiaatlantica-pt-ceramica-terracota"},"modified":"2024-08-19T10:53:06","modified_gmt":"2024-08-19T09:53:06","slug":"terrakotta-keramik","status":"publish","type":"post","link":"https:\/\/www.companhiaatlantica.pt\/de\/artikel\/neuigkeiten-blog\/terrakotta-keramik","title":{"rendered":"Tisch-Terrakotta-Keramik \u2013 Cole\u00e7\u00e3o AROMA"},"content":{"rendered":"<nav aria-label=\"breadcrumbs\" class=\"rank-math-breadcrumb\"><p><span class=\"last\">In\u00edcio<\/span><\/p><\/nav>\n\t<div class=\"img has-hover x md-x lg-x y md-y lg-y\" id=\"image_1060725542\">\n\t\t\t\t\t\t\t\t<div class=\"img-inner dark\" >\n\t\t\t<img loading=\"lazy\" decoding=\"async\" width=\"1020\" height=\"510\" src=\"https:\/\/www.companhiaatlantica.pt\/wp-content\/uploads\/2023\/08\/colecao-aroma-1024x512.jpg\" class=\"attachment-large size-large\" alt=\"\" srcset=\"https:\/\/www.companhiaatlantica.pt\/wp-content\/uploads\/2023\/08\/colecao-aroma-1024x512.jpg 1024w, https:\/\/www.companhiaatlantica.pt\/wp-content\/uploads\/2023\/08\/colecao-aroma-900x450.jpg 900w, https:\/\/www.companhiaatlantica.pt\/wp-content\/uploads\/2023\/08\/colecao-aroma-300x150.jpg 300w, https:\/\/www.companhiaatlantica.pt\/wp-content\/uploads\/2023\/08\/colecao-aroma-768x384.jpg 768w, https:\/\/www.companhiaatlantica.pt\/wp-content\/uploads\/2023\/08\/colecao-aroma.jpg 1200w\" sizes=\"auto, (max-width: 1020px) 100vw, 1020px\" title=\"\">\t\t\t\t\t\t\n\t\t\t\t\t<\/div>\n\t\t\t\t\t\t\t\t\n<style>\n#image_1060725542 {\n  width: 100%;\n}\n<\/style>\n\t<\/div>\n\t\n\t<div id=\"gap-2041794050\" class=\"gap-element clearfix\" style=\"display:block; height:auto;\">\n\t\t\n<style>\n#gap-2041794050 {\n  padding-top: 30px;\n}\n<\/style>\n\t<\/div>\n\t\n<p>Die C\u00aa Atl\u00e2ntica pr\u00e4sentiert eine Kollektion aus <b>Tonkeramik<\/b> f\u00fcr Ihren Tisch. Mit teilweiser Glasur und handgefertigter Dekoration haben die <b>AROMA Kaffeetassen<\/b> rustikale und organische Oberfl\u00e4chen, die nicht nur sch\u00f6n anzusehen sind, sondern auch Ihren Kaffee l\u00e4nger warm halten.<\/p>\n<h2 style=\"text-align: center;\">Tonkeramik<\/h2>\n<p><a href=\"https:\/\/www.companhiaatlantica.pt\/de\/produto\/portugiesische-keramik\/keramik-kaffeetassen\/espresso-kaffee-tasse-aroma-set-2\"><img loading=\"lazy\" decoding=\"async\" class=\"alignright wp-image-27934\" style=\"color: #555555;\" src=\"https:\/\/www.companhiaatlantica.pt\/wp-content\/uploads\/2023\/06\/AROMA32-300x300.jpg\" alt=\"Terrakotta Kaffeetassen - AROMA Kollektion\" width=\"230\" height=\"230\" title=\"\" srcset=\"https:\/\/www.companhiaatlantica.pt\/wp-content\/uploads\/2023\/06\/AROMA32-300x300.jpg 300w, https:\/\/www.companhiaatlantica.pt\/wp-content\/uploads\/2023\/06\/AROMA32-700x700.jpg 700w, https:\/\/www.companhiaatlantica.pt\/wp-content\/uploads\/2023\/06\/AROMA32-100x100.jpg 100w, https:\/\/www.companhiaatlantica.pt\/wp-content\/uploads\/2023\/06\/AROMA32-900x900.jpg 900w, https:\/\/www.companhiaatlantica.pt\/wp-content\/uploads\/2023\/06\/AROMA32-150x150.jpg 150w, https:\/\/www.companhiaatlantica.pt\/wp-content\/uploads\/2023\/06\/AROMA32-768x768.jpg 768w, https:\/\/www.companhiaatlantica.pt\/wp-content\/uploads\/2023\/06\/AROMA32-600x600.jpg 600w, https:\/\/www.companhiaatlantica.pt\/wp-content\/uploads\/2023\/06\/AROMA32.jpg 1000w\" sizes=\"auto, (max-width: 230px) 100vw, 230px\" \/><\/a><\/p>\n<p><a href=\"https:\/\/www.companhiaatlantica.pt\/de\/produto\/portugiesische-keramik\/keramik-kaffeetassen\/espresso-kaffee-tasse-aroma-set-2?attribute_pa_cor=grun-weis\"><span data-contrast=\"auto\"><em><img loading=\"lazy\" decoding=\"async\" class=\"alignleft wp-image-27825\" src=\"https:\/\/www.companhiaatlantica.pt\/wp-content\/uploads\/2023\/06\/2-2-300x300.jpg\" alt=\"Gr\u00fcn-wei\u00dfer Becher - Aroma Kollektion\" width=\"230\" height=\"230\" title=\"\" srcset=\"https:\/\/www.companhiaatlantica.pt\/wp-content\/uploads\/2023\/06\/2-2-300x300.jpg 300w, https:\/\/www.companhiaatlantica.pt\/wp-content\/uploads\/2023\/06\/2-2-700x700.jpg 700w, https:\/\/www.companhiaatlantica.pt\/wp-content\/uploads\/2023\/06\/2-2-100x100.jpg 100w, https:\/\/www.companhiaatlantica.pt\/wp-content\/uploads\/2023\/06\/2-2-900x900.jpg 900w, https:\/\/www.companhiaatlantica.pt\/wp-content\/uploads\/2023\/06\/2-2-150x150.jpg 150w, https:\/\/www.companhiaatlantica.pt\/wp-content\/uploads\/2023\/06\/2-2-768x768.jpg 768w, https:\/\/www.companhiaatlantica.pt\/wp-content\/uploads\/2023\/06\/2-2-600x600.jpg 600w, https:\/\/www.companhiaatlantica.pt\/wp-content\/uploads\/2023\/06\/2-2.jpg 1000w\" sizes=\"auto, (max-width: 230px) 100vw, 230px\" \/><\/em><\/span><\/a><\/p>\n<p><span data-contrast=\"auto\"><em>Tonkeramik ist ein nicht glasiertes keramisches Material, das bei vergleichsweise niedriger Temperatur geformt und gebrannt wird.<\/em><\/span><\/p>\n<p><span data-contrast=\"auto\">Das Wort &#8220;Tonkeramik&#8221; stammt vom italienischen &#8220;Terracota&#8221; ab, was &#8220;gebackene Erde&#8221; bedeutet. Es handelt sich um eines der <b>\u00e4ltesten Materialien, die vom Menschen<\/b> f\u00fcr die Herstellung von Gebrauchs- und Kunstgegenst\u00e4nden verwendet werden.<\/span><\/p>\n<p><span data-contrast=\"auto\">Terrakotta besteht haupts\u00e4chlich aus <b>Lehm<\/b>, einem mineralreichen Bodentyp, insbesondere Aluminiumsilikaten. Der Lehm wird abgebaut, gereinigt und dann zu verschiedenen gew\u00fcnschten Formen geformt. Diese Formen werden an der Luft oder in \u00d6fen getrocknet, um die Feuchtigkeit zu entfernen, und dann bei Temperaturen von 600 bis 1.000 Grad Celsius gebrannt, je nach Art des Tons und des gew\u00fcnschten Ergebnisses.<\/span><\/p>\n<p><span data-contrast=\"auto\"><em>Die nat\u00fcrliche Farbe<\/em> der Terrakotta ist r\u00f6tlich, aufgrund des Eisenoxidgehalts im Ton. Allerdings kann Terrakotta auch <b>glasiert oder bemalt werden<\/b>, um Farben und dekorative Muster hinzuzuf\u00fcgen. Es ist ein <b>haltbares und robustes Material<\/b>, das sich gut f\u00fcr den Einsatz im Freien eignet, wie Fassadenverkleidungen und dekorative Elemente im Garten.<\/span><\/p>\n<p><span data-contrast=\"auto\">Terrakotta wurde im Laufe der Geschichte in verschiedenen Kulturen weit verbreitet eingesetzt, von den antiken mesopotamischen, \u00e4gyptischen und r\u00f6mischen Zivilisationen bis hin zu asiatischen architektonischen Traditionen. Es hat <em>eine einzigartige rustikale und organische \u00e4sthetische Anziehungskraft<\/em> und wird f\u00fcr seine <b>Verbindung zur Natur<\/b> und seine F\u00e4higkeit gesch\u00e4tzt, sich nahtlos in nat\u00fcrliche Umgebungen zu integrieren.<\/span><\/p>\n<h2 style=\"text-align: center;\">AROMA Kaffeetassen<\/h2>\n<p><a href=\"https:\/\/www.companhiaatlantica.pt\/de\/produto\/portugiesische-keramik\/keramik-kaffeetassen\/espresso-kaffee-tasse-aroma-set-2?attribute_pa_cor=grun-weis\"><img loading=\"lazy\" decoding=\"async\" class=\"alignright wp-image-27926\" src=\"https:\/\/www.companhiaatlantica.pt\/wp-content\/uploads\/2023\/06\/AROMA19-150x150.jpg\" alt=\"Gr\u00fcn-wei\u00dfer Becher - Aroma Kollektion\" width=\"230\" height=\"230\" title=\"\" srcset=\"https:\/\/www.companhiaatlantica.pt\/wp-content\/uploads\/2023\/06\/AROMA19-150x150.jpg 150w, https:\/\/www.companhiaatlantica.pt\/wp-content\/uploads\/2023\/06\/AROMA19-700x700.jpg 700w, https:\/\/www.companhiaatlantica.pt\/wp-content\/uploads\/2023\/06\/AROMA19-100x100.jpg 100w, https:\/\/www.companhiaatlantica.pt\/wp-content\/uploads\/2023\/06\/AROMA19-900x900.jpg 900w, https:\/\/www.companhiaatlantica.pt\/wp-content\/uploads\/2023\/06\/AROMA19-300x300.jpg 300w, https:\/\/www.companhiaatlantica.pt\/wp-content\/uploads\/2023\/06\/AROMA19-768x768.jpg 768w, https:\/\/www.companhiaatlantica.pt\/wp-content\/uploads\/2023\/06\/AROMA19-600x600.jpg 600w, https:\/\/www.companhiaatlantica.pt\/wp-content\/uploads\/2023\/06\/AROMA19.jpg 1000w\" sizes=\"auto, (max-width: 230px) 100vw, 230px\" \/><\/a><\/p>\n<p>In der Companhia Atl\u00e2ntica freuen wir uns, Ihnen die neueste Kollektion der AROMA Kaffeetassen vorstellen zu d\u00fcrfen, die <b>Tonkeramik<\/b> als <b>Technik und Inspiration<\/b> verwendet. Neben dem Design und der Exzellenz, die diese Tassen bieten, bietet diese Kollektion auch eine sehr ansprechende <b>Farbvielfalt<\/b>.<\/p>\n<p><span style=\"font-size: 14.4px;\">Die <b>Farbe<\/b> ist eines der<span style=\"font-size: 14.4px;\"> auff\u00e4lligsten und faszinierendsten Merkmale unserer Welt. Sie<\/span> weckt Emotionen, regt die Sinne an und verleiht allem um uns herum Leben und Pers\u00f6nlichkeit<span style=\"font-size: 14.4px;\">.<\/span><\/span><\/p>\n<p style=\"text-align: left;\">Die AROMA Kaffeetassen sind von erfahrenen lokalen Keramikern <b>teilweise von Hand glasiert<\/b>, was jedem St\u00fcck einen einzigartigen und besonderen Touch verleiht. Jede Tasse ist wirklich <b>einzigartig<\/b> und tr\u00e4gt die Hingabe und Sorgfalt der <b>Handwerker<\/b>, die an ihrer Herstellung beteiligt sind.<\/p>\n<p><b>Farbe und Finish<\/b> sind die markantesten Merkmale dieser Kollektion.<\/p>\n<p>Erh\u00e4ltlich in <b>zweier Sets Espresso-Tassen<\/b>, mit <b>zwei verschiedenen Designs und vier verschiedenen Farben<\/b>, k\u00f6nnen diese Tassen die verschiedenen Momente in Ihrem Leben begleiten und sich verschiedenen Verwendungszwecken anpassen.<\/p>\n<h2 style=\"text-align: center;\"><\/h2>\n<p style=\"font-size: 14.4px;\"><a href=\"https:\/\/www.companhiaatlantica.pt\/de\/produto\/portugiesische-keramik\/keramik-kaffeetassen\/espresso-kaffee-tasse-aroma-set-2\"><img loading=\"lazy\" decoding=\"async\" class=\"alignright wp-image-27920\" style=\"font-size: 14.4px;\" src=\"https:\/\/www.companhiaatlantica.pt\/wp-content\/uploads\/2023\/06\/AROMA33-e1687184828511.jpg\" alt=\"Terrakotta Kaffeetassen - AROMA Kollektion\" width=\"214\" height=\"214\" title=\"\" srcset=\"https:\/\/www.companhiaatlantica.pt\/wp-content\/uploads\/2023\/06\/AROMA33-e1687184828511-100x100.jpg 100w, https:\/\/www.companhiaatlantica.pt\/wp-content\/uploads\/2023\/06\/AROMA33-e1687184828511-150x150.jpg 150w, https:\/\/www.companhiaatlantica.pt\/wp-content\/uploads\/2023\/06\/AROMA33-e1687184828511-300x300.jpg 300w\" sizes=\"auto, (max-width: 214px) 100vw, 214px\" \/><\/a><\/p>\n<p>Die <b>Farbvielfalt<\/b> ist ein Highlight der AROMA Kollektion.<\/p>\n<p style=\"text-align: left;\">Erh\u00e4ltlich in Sets von zwei Tassen mit vier Farboptionen k\u00f6nnen diese Tassen verschiedene Momente in Ihrem Leben begleiten und sich <b>verschiedenen Verwendungszwecken anpassen<\/b>.<\/p>\n<h2><\/h2>\n<h2><\/h2>\n<h2 style=\"text-align: center;\">Vorteile der Terrakotta<\/h2>\n<p style=\"text-align: left;\">Es gibt viele <em><b>Gr\u00fcnde und Vorteile<\/b><\/em>, sich f\u00fcr Terrakotta-Kaffeetassen zu entscheiden.<\/p>\n<p style=\"text-align: left;\">Hier sind einige davon:<\/p>\n<p><b><a href=\"https:\/\/www.companhiaatlantica.pt\/de\/produto\/portugiesische-keramik\/keramik-kaffeetassen\/espresso-kaffee-tasse-aroma-set-2\"><img loading=\"lazy\" decoding=\"async\" class=\"alignleft wp-image-27952\" src=\"https:\/\/www.companhiaatlantica.pt\/wp-content\/uploads\/2023\/06\/AROMA25-300x300.jpg\" alt=\"Terrakotta Kaffeetassen - AROMA Kollektion\" width=\"230\" height=\"230\" title=\"\" srcset=\"https:\/\/www.companhiaatlantica.pt\/wp-content\/uploads\/2023\/06\/AROMA25-300x300.jpg 300w, https:\/\/www.companhiaatlantica.pt\/wp-content\/uploads\/2023\/06\/AROMA25-700x700.jpg 700w, https:\/\/www.companhiaatlantica.pt\/wp-content\/uploads\/2023\/06\/AROMA25-100x100.jpg 100w, https:\/\/www.companhiaatlantica.pt\/wp-content\/uploads\/2023\/06\/AROMA25-900x900.jpg 900w, https:\/\/www.companhiaatlantica.pt\/wp-content\/uploads\/2023\/06\/AROMA25-150x150.jpg 150w, https:\/\/www.companhiaatlantica.pt\/wp-content\/uploads\/2023\/06\/AROMA25-768x768.jpg 768w, https:\/\/www.companhiaatlantica.pt\/wp-content\/uploads\/2023\/06\/AROMA25-600x600.jpg 600w, https:\/\/www.companhiaatlantica.pt\/wp-content\/uploads\/2023\/06\/AROMA25.jpg 1000w\" sizes=\"auto, (max-width: 230px) 100vw, 230px\" \/><\/a>W\u00e4rmespeicherung:<\/b> Terrakotta ist ein Material mit <em>guter W\u00e4rmespeicherf\u00e4higkeit<\/em>. Wenn Sie also einen hei\u00dfen Drink wie Kaffee in eine Terrakotta-Tasse gie\u00dfen, hilft sie, die Temperatur l\u00e4nger zu halten. Dies ist besonders n\u00fctzlich, wenn Sie Ihren Kaffee gerne langsam genie\u00dfen, da die Terrakotta-Tasse ihn l\u00e4nger warm halten kann.<\/p>\n<p><b>Taktiles Erlebnis:<\/b> Terrakotta hat eine <em>angenehme Haptik<\/em>. Die Oberfl\u00e4che von Terrakotta-Tassen ist leicht rau und por\u00f6s, was ein angenehmes taktiles Gef\u00fchl beim Halten der Tassen vermittelt. Dieses Gef\u00fchl kann beim Genie\u00dfen eines hei\u00dfen Getr\u00e4nks wie Kaffee beruhigend sein.<\/p>\n<p><b><img loading=\"lazy\" decoding=\"async\" class=\"alignright wp-image-27940 size-medium\" src=\"https:\/\/www.companhiaatlantica.pt\/wp-content\/uploads\/2023\/06\/ceramic-pottery-tools-still-life-1-300x200.jpg\" alt=\"Terrakotta-Formung\" width=\"300\" height=\"200\" title=\"\" srcset=\"https:\/\/www.companhiaatlantica.pt\/wp-content\/uploads\/2023\/06\/ceramic-pottery-tools-still-life-1-300x200.jpg 300w, https:\/\/www.companhiaatlantica.pt\/wp-content\/uploads\/2023\/06\/ceramic-pottery-tools-still-life-1-scaled-900x600.jpg 900w, https:\/\/www.companhiaatlantica.pt\/wp-content\/uploads\/2023\/06\/ceramic-pottery-tools-still-life-1-1024x683.jpg 1024w, https:\/\/www.companhiaatlantica.pt\/wp-content\/uploads\/2023\/06\/ceramic-pottery-tools-still-life-1-768x512.jpg 768w, https:\/\/www.companhiaatlantica.pt\/wp-content\/uploads\/2023\/06\/ceramic-pottery-tools-still-life-1-1536x1024.jpg 1536w, https:\/\/www.companhiaatlantica.pt\/wp-content\/uploads\/2023\/06\/ceramic-pottery-tools-still-life-1-2048x1365.jpg 2048w, https:\/\/www.companhiaatlantica.pt\/wp-content\/uploads\/2023\/06\/ceramic-pottery-tools-still-life-1-600x400.jpg 600w\" sizes=\"auto, (max-width: 300px) 100vw, 300px\" \/>\u00c4sthetik<\/b> <b>und Stil:<\/b> Terrakotta-Kaffeetassen haben einen <em>einzigartigen \u00e4sthetischen Reiz<\/em>. Ihre nat\u00fcrliche r\u00f6tliche Farbe und die rustikale Oberfl\u00e4che verleihen einen handgefertigten und organischen Charme. Die Tassen k\u00f6nnen Ihrer Kaffeeerfahrung einen Hauch von Stil und Pers\u00f6nlichkeit verleihen.<\/p>\n<p><b>Langlebigkeit:<\/b> Terrakotta steht f\u00fcr Haltbarkeit. Terrakotta-Kaffeetassen sind <em>sto\u00dffest<\/em> und haben eine gute <em>Abriebfestigkeit<\/em>. Mit angemessener Pflege k\u00f6nnen sie viele Jahre halten und bieten eine nachhaltige Option im Vergleich zu Einwegbechern oder weniger haltbaren Materialien.<\/p>\n<p><b>Nat\u00fcrliches und sicheres Material:<\/b> Terrakotta ist ein <em>nat\u00fcrliches und ungiftiges Material<\/em>. Wenn Sie sich f\u00fcr Terrakotta-Kaffeetassen entscheiden, vermeiden Sie den Einsatz von Kunststoffen oder potenziell sch\u00e4dlichen chemischen Beschichtungen f\u00fcr Ihre Gesundheit. Dar\u00fcber hinaus ist Terrakotta umweltfreundlich und kann am Ende seiner Lebensdauer recycelt werden.<\/p>\n<h2><\/h2>\n<h2 style=\"text-align: center;\">Lernen Sie die Handwerkerin kennen<\/h2>\n<p><img loading=\"lazy\" decoding=\"async\" class=\"alignleft wp-image-28002 size-medium\" src=\"https:\/\/www.companhiaatlantica.pt\/wp-content\/uploads\/2023\/06\/7_pb-300x233.jpg\" alt=\"Handwerkerin\" width=\"300\" height=\"233\" title=\"\" srcset=\"https:\/\/www.companhiaatlantica.pt\/wp-content\/uploads\/2023\/06\/7_pb-300x233.jpg 300w, https:\/\/www.companhiaatlantica.pt\/wp-content\/uploads\/2023\/06\/7_pb-900x699.jpg 900w, https:\/\/www.companhiaatlantica.pt\/wp-content\/uploads\/2023\/06\/7_pb-1024x796.jpg 1024w, https:\/\/www.companhiaatlantica.pt\/wp-content\/uploads\/2023\/06\/7_pb-768x597.jpg 768w, https:\/\/www.companhiaatlantica.pt\/wp-content\/uploads\/2023\/06\/7_pb-600x466.jpg 600w, https:\/\/www.companhiaatlantica.pt\/wp-content\/uploads\/2023\/06\/7_pb.jpg 1287w\" sizes=\"auto, (max-width: 300px) 100vw, 300px\" \/>Lernen Sie Clara Vieira kennen, eine talentierte Handwerkerin, die den <em>AROMA Terrakotta-Kaffeetassen<\/em> eine besondere Note verleiht.<br \/>\nGeboren im Jahr 1977 und wohnhaft in Porto M\u00f3s, hat Clara die letzten 20 Jahre ihres Lebens damit verbracht, ihre F\u00e4higkeiten in der Kunst der Keramik zu perfektionieren.<\/p>\n<p><em>Ihre Aufmerksamkeit f\u00fcr Details und ihre sorgf\u00e4ltige Mal- und Glasurarbeit garantieren ein herausragendes Ergebnis<\/em>, das in jedem St\u00fcck, das sie schafft, zum Ausdruck kommt.<br \/>\nNeben ihrer k\u00fcnstlerischen Arbeit findet Clara Freude an Entspannung und Spazierg\u00e4ngen, wo sie Inspiration in der sie umgebenden Natur findet.<\/p>\n<p>Mit drei Kindern findet sie ein Gleichgewicht zwischen ihrem Familienleben und ihrer Leidenschaft f\u00fcr die Keramik und macht jedes St\u00fcck einzigartig und bedeutungsvoll.<\/p>\n<p><img loading=\"lazy\" decoding=\"async\" class=\"alignright wp-image-27999 size-medium\" src=\"https:\/\/www.companhiaatlantica.pt\/wp-content\/uploads\/2023\/06\/6-300x135.jpg\" alt=\"Terrakotta-Becherherstellung\" width=\"300\" height=\"135\" title=\"\" srcset=\"https:\/\/www.companhiaatlantica.pt\/wp-content\/uploads\/2023\/06\/6-300x135.jpg 300w, https:\/\/www.companhiaatlantica.pt\/wp-content\/uploads\/2023\/06\/6-900x404.jpg 900w, https:\/\/www.companhiaatlantica.pt\/wp-content\/uploads\/2023\/06\/6-1024x460.jpg 1024w, https:\/\/www.companhiaatlantica.pt\/wp-content\/uploads\/2023\/06\/6-768x345.jpg 768w, https:\/\/www.companhiaatlantica.pt\/wp-content\/uploads\/2023\/06\/6-1536x690.jpg 1536w, https:\/\/www.companhiaatlantica.pt\/wp-content\/uploads\/2023\/06\/6-2048x920.jpg 2048w, https:\/\/www.companhiaatlantica.pt\/wp-content\/uploads\/2023\/06\/6-600x270.jpg 600w\" sizes=\"auto, (max-width: 300px) 100vw, 300px\" \/><\/p>\n\n\t<section class=\"section\" id=\"section_996919433\">\n\t\t<div class=\"section-bg fill\" >\n\t\t\t\t\t\t\t\t\t\n\t\t\t\n\n\t\t<\/div>\n\n\t\t\n\n\t\t<div class=\"section-content relative\">\n\t\t\t\n<div class=\"row\"  id=\"row-1968815008\">\n\n\t<div id=\"col-525393540\" class=\"col medium-6 small-12 large-6\"  >\n\t\t\t\t<div class=\"col-inner\"  >\n\t\t\t\n\t\t\t\n\t\n  \n    <div id=\"product-grid-652312636\" class=\"slider slider-auto-height row-collapse slider-nav-reveal\" data-flickity-options='{&quot;imagesLoaded&quot;: true, &quot;dragThreshold&quot; : 5, &quot;cellAlign&quot;: &quot;left&quot;,&quot;wrapAround&quot;: true,&quot;prevNextButtons&quot;: true,&quot;percentPosition&quot;: true,&quot;pageDots&quot;: false, &quot;rightToLeft&quot;: false, &quot;autoPlay&quot; : false}'>\n\n  \n\t     <div class=\"product-small col has-hover product type-product post-40775 status-publish first instock product_cat-keramik-kaffeetassen product_cat-portugiesische-keramik has-post-thumbnail taxable shipping-taxable purchasable product-type-variable has-default-attributes\">\n\t<div class=\"col-inner\">\n\t\n<div class=\"badge-container absolute left top z-1\">\n\n<\/div>\n\t<div class=\"product-small box \">\n\t\t<div class=\"box-image\">\n\t\t\t<div class=\"image-fade_in_back\">\n\t\t\t\t<a href=\"https:\/\/www.companhiaatlantica.pt\/de\/produto\/portugiesische-keramik\/keramik-kaffeetassen\/aroma-espressotassen-set-2\">\n\t\t\t\t\t<img loading=\"lazy\" decoding=\"async\" width=\"700\" height=\"700\" src=\"https:\/\/www.companhiaatlantica.pt\/wp-content\/uploads\/2023\/06\/copos_aroma_mood_2-700x700.jpg\" class=\"attachment-woocommerce_thumbnail size-woocommerce_thumbnail\" alt=\"AROMA Espressotassen - 2er-Set\" srcset=\"https:\/\/www.companhiaatlantica.pt\/wp-content\/uploads\/2023\/06\/copos_aroma_mood_2-700x700.jpg 700w, https:\/\/www.companhiaatlantica.pt\/wp-content\/uploads\/2023\/06\/copos_aroma_mood_2-100x100.jpg 100w, https:\/\/www.companhiaatlantica.pt\/wp-content\/uploads\/2023\/06\/copos_aroma_mood_2-900x900.jpg 900w, https:\/\/www.companhiaatlantica.pt\/wp-content\/uploads\/2023\/06\/copos_aroma_mood_2-300x300.jpg 300w, https:\/\/www.companhiaatlantica.pt\/wp-content\/uploads\/2023\/06\/copos_aroma_mood_2-150x150.jpg 150w, https:\/\/www.companhiaatlantica.pt\/wp-content\/uploads\/2023\/06\/copos_aroma_mood_2-768x768.jpg 768w, https:\/\/www.companhiaatlantica.pt\/wp-content\/uploads\/2023\/06\/copos_aroma_mood_2-600x600.jpg 600w, https:\/\/www.companhiaatlantica.pt\/wp-content\/uploads\/2023\/06\/copos_aroma_mood_2.jpg 1000w\" sizes=\"auto, (max-width: 700px) 100vw, 700px\" title=\"\"><img loading=\"lazy\" decoding=\"async\" width=\"700\" height=\"675\" src=\"https:\/\/www.companhiaatlantica.pt\/wp-content\/uploads\/2023\/06\/AROMA17-e1686563032970-700x675.jpg\" class=\"show-on-hover absolute fill hide-for-small back-image\" alt=\"Alternative view of AROMA Espressotassen - 2er-Set\" aria-hidden=\"true\" title=\"\">\t\t\t\t<\/a>\n\t\t\t<\/div>\n\t\t\t<div class=\"image-tools is-small top right show-on-hover\">\n\t\t\t\t\t\t<div class=\"wishlist-icon\">\n\t\t\t<button class=\"wishlist-button button is-outline circle icon\" aria-label=\"Wunschliste\">\n\t\t\t\t<i class=\"icon-heart\" aria-hidden=\"true\"><\/i>\t\t\t<\/button>\n\t\t\t<div class=\"wishlist-popup dark\">\n\t\t\t\t\n<div\n\tclass=\"yith-wcwl-add-to-wishlist add-to-wishlist-40775 yith-wcwl-add-to-wishlist--button_default-style wishlist-fragment on-first-load\"\n\tdata-fragment-ref=\"40775\"\n\tdata-fragment-options=\"{&quot;base_url&quot;:&quot;&quot;,&quot;product_id&quot;:40775,&quot;parent_product_id&quot;:0,&quot;product_type&quot;:&quot;variable&quot;,&quot;is_single&quot;:false,&quot;in_default_wishlist&quot;:false,&quot;show_view&quot;:false,&quot;browse_wishlist_text&quot;:&quot;Siehe Ihre Wunschliste!&quot;,&quot;already_in_wishslist_text&quot;:&quot;Dieses Produkt steht bereits auf Ihrem Wunschzettel!&quot;,&quot;product_added_text&quot;:&quot;Produto adicionado!&quot;,&quot;available_multi_wishlist&quot;:false,&quot;disable_wishlist&quot;:false,&quot;show_count&quot;:false,&quot;ajax_loading&quot;:false,&quot;loop_position&quot;:&quot;after_add_to_cart&quot;,&quot;item&quot;:&quot;add_to_wishlist&quot;}\"\n>\n\t\t\t\n\t\t\t<!-- ADD TO WISHLIST -->\n\t\t\t\n<div class=\"yith-wcwl-add-button\">\n\t\t<a\n\t\thref=\"?add_to_wishlist=40775&#038;_wpnonce=4ccc3dd5cd\"\n\t\tclass=\"add_to_wishlist single_add_to_wishlist alt button theme-button-style \"\n\t\tdata-product-id=\"40775\"\n\t\tdata-product-type=\"variable\"\n\t\tdata-original-product-id=\"0\"\n\t\tdata-title=\"Zu meiner Wunschliste hinzuf\u00fcgen\"\n\t\trel=\"nofollow\"\n\t>\n\t\t<svg id=\"yith-wcwl-icon-heart-outline\" class=\"yith-wcwl-icon-svg\" fill=\"none\" stroke-width=\"1.5\" stroke=\"currentColor\" viewBox=\"0 0 24 24\" xmlns=\"http:\/\/www.w3.org\/2000\/svg\">\n  <path stroke-linecap=\"round\" stroke-linejoin=\"round\" d=\"M21 8.25c0-2.485-2.099-4.5-4.688-4.5-1.935 0-3.597 1.126-4.312 2.733-.715-1.607-2.377-2.733-4.313-2.733C5.1 3.75 3 5.765 3 8.25c0 7.22 9 12 9 12s9-4.78 9-12Z\"><\/path>\n<\/svg>\t\t<span>Zu meiner Wunschliste hinzuf\u00fcgen<\/span>\n\t<\/a>\n<\/div>\n\n\t\t\t<!-- COUNT TEXT -->\n\t\t\t\n\t\t\t<\/div>\n\t\t\t<\/div>\n\t\t<\/div>\n\t\t\t\t\t<\/div>\n\t\t\t<div class=\"image-tools is-small hide-for-small bottom left show-on-hover\">\n\t\t\t\t\t\t\t<\/div>\n\t\t\t<div class=\"image-tools grid-tools text-center hide-for-small bottom hover-slide-in show-on-hover\">\n\t\t\t\t\t\t\t<\/div>\n\t\t\t\t\t<\/div>\n\n\t\t<div class=\"box-text box-text-products\">\n\t\t\t<div class=\"title-wrapper\">\t\t<p class=\"category uppercase is-smaller no-text-overflow product-cat op-8\">\n\t\t\tKeramik Kaffeetassen\t\t<\/p>\n\t<p class=\"name product-title woocommerce-loop-product__title\"><a href=\"https:\/\/www.companhiaatlantica.pt\/de\/produto\/portugiesische-keramik\/keramik-kaffeetassen\/aroma-espressotassen-set-2\" class=\"woocommerce-LoopProduct-link woocommerce-loop-product__link\">AROMA Espressotassen &#8211; 2er-Set<\/a><\/p><\/div><div class=\"price-wrapper\">\n\t<span class=\"price\"><span class=\"woocommerce-Price-amount amount\"><bdi>23.50<span class=\"woocommerce-Price-currencySymbol\">&euro;<\/span><\/bdi><\/span><\/span>\n<\/div><div class=\"add-to-cart-button\"><a href=\"https:\/\/www.companhiaatlantica.pt\/de\/produto\/portugiesische-keramik\/keramik-kaffeetassen\/aroma-espressotassen-set-2\" aria-describedby=\"woocommerce_loop_add_to_cart_link_describedby_40775\" data-quantity=\"1\" class=\"primary is-small mb-0 button product_type_variable add_to_cart_button is-outline\" data-product_id=\"40775\" data-product_sku=\"\" aria-label=\"W\u00e4hle Optionen f\u00fcr \u201eAROMA Espressotassen - 2er-Set\u201c\" rel=\"nofollow\" data-product_name=\"AROMA Espressotassen - 2er-Set\" data-product_image=\"https:\/\/www.companhiaatlantica.pt\/wp-content\/uploads\/2023\/06\/copos_aroma_mood_2-150x150.jpg\">Ausf\u00fchrung w\u00e4hlen<\/a><\/div>\t<span id=\"woocommerce_loop_add_to_cart_link_describedby_40775\" class=\"screen-reader-text\">\n\t\tDieses Produkt weist mehrere Varianten auf. Die Optionen k\u00f6nnen auf der Produktseite gew\u00e4hlt werden\t<\/span>\n\t\t<\/div>\n\t<\/div>\n\t<span class=\"gtm4wp_productdata\" style=\"display:none; visibility:hidden;\" data-gtm4wp_product_data=\"{&quot;internal_id&quot;:40775,&quot;item_id&quot;:40775,&quot;item_name&quot;:&quot;AROMA Espressotassen - 2er-Set&quot;,&quot;sku&quot;:40775,&quot;price&quot;:22,&quot;stocklevel&quot;:null,&quot;stockstatus&quot;:&quot;instock&quot;,&quot;google_business_vertical&quot;:&quot;retail&quot;,&quot;item_category&quot;:&quot;Cer\\u00e2mica Portuguesa Artesanal&quot;,&quot;item_category2&quot;:&quot;Copos Ch\\u00e1venas Caf\\u00e9 Cer\\u00e2mica&quot;,&quot;id&quot;:40775,&quot;productlink&quot;:&quot;https:\\\/\\\/www.companhiaatlantica.pt\\\/de\\\/produto\\\/portugiesische-keramik\\\/keramik-kaffeetassen\\\/aroma-espressotassen-set-2&quot;,&quot;item_list_name&quot;:&quot;General Product List&quot;,&quot;index&quot;:1,&quot;product_type&quot;:&quot;variable&quot;,&quot;item_brand&quot;:&quot;&quot;}\"><\/span>\t<\/div>\n<\/div><\/div>\n\t\t<\/div>\n\t\t\t\t\t<\/div>\n\n\t\n\n\t<div id=\"col-329185464\" class=\"col medium-6 small-12 large-6\"  >\n\t\t\t\t<div class=\"col-inner\"  >\n\t\t\t\n\t\t\t\n\t<div id=\"gap-307890946\" class=\"gap-element clearfix hide-for-medium\" style=\"display:block; height:auto;\">\n\t\t\n<style>\n#gap-307890946 {\n  padding-top: 150px;\n}\n<\/style>\n\t<\/div>\n\t\n\t<div id=\"text-3652438282\" class=\"text\">\n\t\t\n<p><strong>AROMA ist mehr als ein Gebrauchsgegenstand, es ist ein einzigartiges sensorisches Erlebnis beim Kaffeetrinken.<\/strong><\/p>\n<p><span style=\"color: #555555;\">Genie\u00dfen Sie Momente des<\/span> reinen Vergn\u00fcgens und der Raffinesse<span style=\"color: #555555;\"> mit unseren Kaffeetassen aus der AROMA Kollektion. Eine <strong>100%ige nationale Produktion<\/strong>.<\/span><\/p>\n<p><em>Erfahren Sie mehr \u00fcber die verf\u00fcgbaren Optionen!<\/em><\/p>\n<blockquote class=\"wp-embedded-content\" data-secret=\"DFXfZcWDcu\"><p><a href=\"https:\/\/www.companhiaatlantica.pt\/de\/produto\/portugiesische-keramik\/keramik-kaffeetassen\/espresso-kaffee-tasse-aroma-set-2\">AROMA Espressotasse &#8211; 2er-Set<\/a><\/p><\/blockquote>\n<p><iframe loading=\"lazy\" class=\"wp-embedded-content\" sandbox=\"allow-scripts\" security=\"restricted\" style=\"position: absolute; clip: rect(1px, 1px, 1px, 1px);\" title=\"&#8222;AROMA Espressotasse &#8211; 2er-Set&#8220; &#8212; Companhia Atl\u00e2ntica\" src=\"https:\/\/www.companhiaatlantica.pt\/de\/produto\/portugiesische-keramik\/keramik-kaffeetassen\/espresso-kaffee-tasse-aroma-set-2\/embed#?secret=6MWooY8VRA#?secret=DFXfZcWDcu\" data-secret=\"DFXfZcWDcu\" width=\"600\" height=\"338\" frameborder=\"0\" marginwidth=\"0\" marginheight=\"0\" scrolling=\"no\"><\/iframe><\/p>\n<p><a href=\"https:\/\/companhiaatlantica.pt\/de\/\"><img loading=\"lazy\" decoding=\"async\" class=\" wp-image-27943 aligncenter\" src=\"https:\/\/www.companhiaatlantica.pt\/wp-content\/uploads\/2023\/06\/logo-pnggg-300x300.png\" alt=\"\" width=\"212\" height=\"212\" title=\"\" srcset=\"https:\/\/www.companhiaatlantica.pt\/wp-content\/uploads\/2023\/06\/logo-pnggg-300x300.png 300w, https:\/\/www.companhiaatlantica.pt\/wp-content\/uploads\/2023\/06\/logo-pnggg-700x700.png 700w, https:\/\/www.companhiaatlantica.pt\/wp-content\/uploads\/2023\/06\/logo-pnggg-100x100.png 100w, https:\/\/www.companhiaatlantica.pt\/wp-content\/uploads\/2023\/06\/logo-pnggg-900x900.png 900w, https:\/\/www.companhiaatlantica.pt\/wp-content\/uploads\/2023\/06\/logo-pnggg-1024x1024.png 1024w, https:\/\/www.companhiaatlantica.pt\/wp-content\/uploads\/2023\/06\/logo-pnggg-150x150.png 150w, https:\/\/www.companhiaatlantica.pt\/wp-content\/uploads\/2023\/06\/logo-pnggg-768x768.png 768w, https:\/\/www.companhiaatlantica.pt\/wp-content\/uploads\/2023\/06\/logo-pnggg-600x600.png 600w, https:\/\/www.companhiaatlantica.pt\/wp-content\/uploads\/2023\/06\/logo-pnggg.png 1280w\" sizes=\"auto, (max-width: 212px) 100vw, 212px\" \/><\/a><\/p>\n\t\t\n<style>\n#text-3652438282 {\n  text-align: left;\n}\n<\/style>\n\t<\/div>\n\t\n\t\t<\/div>\n\t\t\t\t\t<\/div>\n\n\t\n<\/div>\n\t\t<\/div>\n\n\t\t\n<style>\n#section_996919433 {\n  padding-top: 30px;\n  padding-bottom: 30px;\n}\n<\/style>\n\t<\/section>\n\t\n","protected":false},"excerpt":{"rendered":"<p>Die C\u00aa Atl\u00e2ntica pr\u00e4sentiert eine Kollektion aus Tonkeramik f\u00fcr Ihren Tisch. Mit teilweiser Glasur und handgefertigter Dekoration haben die AROMA Kaffeetassen rustikale und organische Oberfl\u00e4chen, die nicht nur sch\u00f6n anzusehen sind, sondern auch Ihren Kaffee l\u00e4nger warm halten. Tonkeramik Tonkeramik ist ein nicht glasiertes keramisches Material, das bei vergleichsweise niedriger Temperatur geformt und gebrannt wird. [&#8230;]\n","protected":false},"author":636,"featured_media":45164,"comment_status":"closed","ping_status":"open","sticky":false,"template":"","format":"standard","meta":{"footnotes":""},"categories":[3118],"tags":[],"class_list":["post-44781","post","type-post","status-publish","format-standard","has-post-thumbnail","hentry","category-neuigkeiten-blog"],"_links":{"self":[{"href":"https:\/\/www.companhiaatlantica.pt\/de\/wp-json\/wp\/v2\/posts\/44781","targetHints":{"allow":["GET"]}}],"collection":[{"href":"https:\/\/www.companhiaatlantica.pt\/de\/wp-json\/wp\/v2\/posts"}],"about":[{"href":"https:\/\/www.companhiaatlantica.pt\/de\/wp-json\/wp\/v2\/types\/post"}],"author":[{"embeddable":true,"href":"https:\/\/www.companhiaatlantica.pt\/de\/wp-json\/wp\/v2\/users\/636"}],"replies":[{"embeddable":true,"href":"https:\/\/www.companhiaatlantica.pt\/de\/wp-json\/wp\/v2\/comments?post=44781"}],"version-history":[{"count":5,"href":"https:\/\/www.companhiaatlantica.pt\/de\/wp-json\/wp\/v2\/posts\/44781\/revisions"}],"predecessor-version":[{"id":47225,"href":"https:\/\/www.companhiaatlantica.pt\/de\/wp-json\/wp\/v2\/posts\/44781\/revisions\/47225"}],"wp:featuredmedia":[{"embeddable":true,"href":"https:\/\/www.companhiaatlantica.pt\/de\/wp-json\/wp\/v2\/media\/45164"}],"wp:attachment":[{"href":"https:\/\/www.companhiaatlantica.pt\/de\/wp-json\/wp\/v2\/media?parent=44781"}],"wp:term":[{"taxonomy":"category","embeddable":true,"href":"https:\/\/www.companhiaatlantica.pt\/de\/wp-json\/wp\/v2\/categories?post=44781"},{"taxonomy":"post_tag","embeddable":true,"href":"https:\/\/www.companhiaatlantica.pt\/de\/wp-json\/wp\/v2\/tags?post=44781"}],"curies":[{"name":"wp","href":"https:\/\/api.w.org\/{rel}","templated":true}]}}