{"id":48557,"date":"2022-12-23T11:43:59","date_gmt":"2022-12-23T11:43:59","guid":{"rendered":"https:\/\/www.companhiaatlantica.pt\/unkategorisiert\/decoracao-de-mesa-de-natal-sustentavel-tendencia-slow-living"},"modified":"2026-01-06T11:32:34","modified_gmt":"2026-01-06T11:32:34","slug":"weihnachtsdekoration-slow-living-trend","status":"publish","type":"post","link":"https:\/\/www.companhiaatlantica.pt\/de\/artikel\/weihnachtsdekoration-slow-living-trend","title":{"rendered":"Nachhaltige Weihnachtstischdekoration &#8211; Slow Living-Trend"},"content":{"rendered":"<div class=\"row\"  id=\"row-1444587625\">\n\n\t<div id=\"col-1271187426\" class=\"col small-12 large-12\"  >\n\t\t\t\t<div class=\"col-inner\"  >\n\t\t\t\n\t\t\t\n<nav aria-label=\"breadcrumbs\" class=\"rank-math-breadcrumb\"><p><span class=\"last\">In\u00edcio<\/span><\/p><\/nav>\n\t\t<\/div>\n\t\t\t\t\t<\/div>\n\n\t\n<\/div>\n<div class=\"slider-wrapper relative\" id=\"slider-700476106\" >\n    <div class=\"slider slider-nav-circle slider-nav-large slider-nav-light slider-style-normal\"\n        data-flickity-options='{\n            \"cellAlign\": \"center\",\n            \"imagesLoaded\": true,\n            \"lazyLoad\": 1,\n            \"freeScroll\": false,\n            \"wrapAround\": true,\n            \"autoPlay\": 6000,\n            \"pauseAutoPlayOnHover\" : true,\n            \"prevNextButtons\": true,\n            \"contain\" : true,\n            \"adaptiveHeight\" : true,\n            \"dragThreshold\" : 10,\n            \"percentPosition\": true,\n            \"pageDots\": true,\n            \"rightToLeft\": false,\n            \"draggable\": true,\n            \"selectedAttraction\": 0.1,\n            \"parallax\" : 0,\n            \"friction\": 0.6        }'\n        >\n        \n\t<div class=\"img has-hover x md-x lg-x y md-y lg-y\" id=\"image_1212777476\">\n\t\t<a class=\"\" href=\"https:\/\/www.companhiaatlantica.pt\/de\/portugiesische-keramik?filter_colecao=melides-de\" target=\"_blank\" rel=\"noopener\" >\t\t\t\t\t\t<div class=\"img-inner image-cover dark\" style=\"padding-top:50%;\">\n\t\t\t<img loading=\"lazy\" decoding=\"async\" width=\"1401\" height=\"782\" src=\"https:\/\/www.companhiaatlantica.pt\/wp-content\/uploads\/2023\/10\/MELIDES7.jpg\" class=\"attachment-original size-original\" alt=\"\" srcset=\"https:\/\/www.companhiaatlantica.pt\/wp-content\/uploads\/2023\/10\/MELIDES7.jpg 1401w, https:\/\/www.companhiaatlantica.pt\/wp-content\/uploads\/2023\/10\/MELIDES7-900x502.jpg 900w, https:\/\/www.companhiaatlantica.pt\/wp-content\/uploads\/2023\/10\/MELIDES7-400x223.jpg 400w, https:\/\/www.companhiaatlantica.pt\/wp-content\/uploads\/2023\/10\/MELIDES7-1024x572.jpg 1024w, https:\/\/www.companhiaatlantica.pt\/wp-content\/uploads\/2023\/10\/MELIDES7-768x429.jpg 768w, https:\/\/www.companhiaatlantica.pt\/wp-content\/uploads\/2023\/10\/MELIDES7-1320x737.jpg 1320w\" sizes=\"auto, (max-width: 1401px) 100vw, 1401px\" title=\"\">\t\t\t\t\t\t\n\t\t\t\t\t<\/div>\n\t\t\t\t\t\t<\/a>\t\t\n<style>\n#image_1212777476 {\n  width: 100%;\n}\n<\/style>\n\t<\/div>\n\t\n\t<div class=\"img has-hover x md-x lg-x y md-y lg-y\" id=\"image_117706949\">\n\t\t\t\t\t\t\t\t<div class=\"img-inner image-cover dark\" style=\"padding-top:50%;\">\n\t\t\t<img loading=\"lazy\" decoding=\"async\" width=\"1332\" height=\"640\" src=\"https:\/\/www.companhiaatlantica.pt\/wp-content\/uploads\/2023\/10\/MELIDES44-1.jpg\" class=\"attachment-original size-original\" alt=\"\" srcset=\"https:\/\/www.companhiaatlantica.pt\/wp-content\/uploads\/2023\/10\/MELIDES44-1.jpg 1332w, https:\/\/www.companhiaatlantica.pt\/wp-content\/uploads\/2023\/10\/MELIDES44-1-900x432.jpg 900w, https:\/\/www.companhiaatlantica.pt\/wp-content\/uploads\/2023\/10\/MELIDES44-1-400x192.jpg 400w, https:\/\/www.companhiaatlantica.pt\/wp-content\/uploads\/2023\/10\/MELIDES44-1-1024x492.jpg 1024w, https:\/\/www.companhiaatlantica.pt\/wp-content\/uploads\/2023\/10\/MELIDES44-1-768x369.jpg 768w, https:\/\/www.companhiaatlantica.pt\/wp-content\/uploads\/2023\/10\/MELIDES44-1-1320x634.jpg 1320w\" sizes=\"auto, (max-width: 1332px) 100vw, 1332px\" title=\"\">\t\t\t\t\t\t\n\t\t\t\t\t<\/div>\n\t\t\t\t\t\t\t\t\n<style>\n#image_117706949 {\n  width: 100%;\n}\n<\/style>\n\t<\/div>\n\t\n\t<div class=\"img has-hover x md-x lg-x y md-y lg-y\" id=\"image_590817268\">\n\t\t\t\t\t\t\t\t<div class=\"img-inner image-cover dark\" style=\"padding-top:50%;\">\n\t\t\t<img loading=\"lazy\" decoding=\"async\" width=\"1401\" height=\"782\" src=\"https:\/\/www.companhiaatlantica.pt\/wp-content\/uploads\/2023\/10\/MELIDES20-1.jpg\" class=\"attachment-original size-original\" alt=\"\" srcset=\"https:\/\/www.companhiaatlantica.pt\/wp-content\/uploads\/2023\/10\/MELIDES20-1.jpg 1401w, https:\/\/www.companhiaatlantica.pt\/wp-content\/uploads\/2023\/10\/MELIDES20-1-900x502.jpg 900w, https:\/\/www.companhiaatlantica.pt\/wp-content\/uploads\/2023\/10\/MELIDES20-1-400x223.jpg 400w, https:\/\/www.companhiaatlantica.pt\/wp-content\/uploads\/2023\/10\/MELIDES20-1-1024x572.jpg 1024w, https:\/\/www.companhiaatlantica.pt\/wp-content\/uploads\/2023\/10\/MELIDES20-1-768x429.jpg 768w, https:\/\/www.companhiaatlantica.pt\/wp-content\/uploads\/2023\/10\/MELIDES20-1-1320x737.jpg 1320w\" sizes=\"auto, (max-width: 1401px) 100vw, 1401px\" title=\"\">\t\t\t\t\t\t\n\t\t\t\t\t<\/div>\n\t\t\t\t\t\t\t\t\n<style>\n#image_590817268 {\n  width: 100%;\n}\n<\/style>\n\t<\/div>\n\t\n\t<div class=\"img has-hover x md-x lg-x y md-y lg-y\" id=\"image_916990959\">\n\t\t\t\t\t\t\t\t<div class=\"img-inner image-cover dark\" style=\"padding-top:50%;\">\n\t\t\t<img loading=\"lazy\" decoding=\"async\" width=\"1346\" height=\"683\" src=\"https:\/\/www.companhiaatlantica.pt\/wp-content\/uploads\/2023\/10\/MELIDES42-1.jpg\" class=\"attachment-original size-original\" alt=\"\" srcset=\"https:\/\/www.companhiaatlantica.pt\/wp-content\/uploads\/2023\/10\/MELIDES42-1.jpg 1346w, https:\/\/www.companhiaatlantica.pt\/wp-content\/uploads\/2023\/10\/MELIDES42-1-900x457.jpg 900w, https:\/\/www.companhiaatlantica.pt\/wp-content\/uploads\/2023\/10\/MELIDES42-1-400x203.jpg 400w, https:\/\/www.companhiaatlantica.pt\/wp-content\/uploads\/2023\/10\/MELIDES42-1-1024x520.jpg 1024w, https:\/\/www.companhiaatlantica.pt\/wp-content\/uploads\/2023\/10\/MELIDES42-1-768x390.jpg 768w, https:\/\/www.companhiaatlantica.pt\/wp-content\/uploads\/2023\/10\/MELIDES42-1-1320x670.jpg 1320w\" sizes=\"auto, (max-width: 1346px) 100vw, 1346px\" title=\"\">\t\t\t\t\t\t\n\t\t\t\t\t<\/div>\n\t\t\t\t\t\t\t\t\n<style>\n#image_916990959 {\n  width: 100%;\n}\n<\/style>\n\t<\/div>\n\t\n\t<div class=\"img has-hover x md-x lg-x y md-y lg-y\" id=\"image_1502750115\">\n\t\t\t\t\t\t\t\t<div class=\"img-inner image-cover dark\" style=\"padding-top:50%;\">\n\t\t\t<img loading=\"lazy\" decoding=\"async\" width=\"1375\" height=\"725\" src=\"https:\/\/www.companhiaatlantica.pt\/wp-content\/uploads\/2023\/10\/MELIDES48-1.jpg\" class=\"attachment-original size-original\" alt=\"\" srcset=\"https:\/\/www.companhiaatlantica.pt\/wp-content\/uploads\/2023\/10\/MELIDES48-1.jpg 1375w, https:\/\/www.companhiaatlantica.pt\/wp-content\/uploads\/2023\/10\/MELIDES48-1-900x475.jpg 900w, https:\/\/www.companhiaatlantica.pt\/wp-content\/uploads\/2023\/10\/MELIDES48-1-400x211.jpg 400w, https:\/\/www.companhiaatlantica.pt\/wp-content\/uploads\/2023\/10\/MELIDES48-1-1024x540.jpg 1024w, https:\/\/www.companhiaatlantica.pt\/wp-content\/uploads\/2023\/10\/MELIDES48-1-768x405.jpg 768w, https:\/\/www.companhiaatlantica.pt\/wp-content\/uploads\/2023\/10\/MELIDES48-1-1320x696.jpg 1320w\" sizes=\"auto, (max-width: 1375px) 100vw, 1375px\" title=\"\">\t\t\t\t\t\t\n\t\t\t\t\t<\/div>\n\t\t\t\t\t\t\t\t\n<style>\n#image_1502750115 {\n  width: 100%;\n}\n<\/style>\n\t<\/div>\n\t\n     <\/div>\n\n     <div class=\"loading-spin dark large centered\"><\/div>\n\n\t<\/div>\n\n\n\t<div id=\"gap-758678877\" class=\"gap-element clearfix\" style=\"display:block; height:auto;\">\n\t\t\n<style>\n#gap-758678877 {\n  padding-top: 30px;\n}\n<\/style>\n\t<\/div>\n\t\n<div class=\"row\"  id=\"row-1138238490\">\n\n\t<div id=\"col-709975900\" class=\"col medium-5 small-12 large-5\"  >\n\t\t\t\t<div class=\"col-inner\"  >\n\t\t\t\n\t\t\t\n\t<div class=\"img has-hover x md-x lg-x y md-y lg-y\" id=\"image_1713650959\">\n\t\t\t\t\t\t\t\t<div class=\"img-inner dark\" >\n\t\t\t<img loading=\"lazy\" decoding=\"async\" width=\"600\" height=\"600\" src=\"https:\/\/www.companhiaatlantica.pt\/wp-content\/uploads\/2022\/12\/MELIDES18.jpg\" class=\"attachment-large size-large\" alt=\"\" srcset=\"https:\/\/www.companhiaatlantica.pt\/wp-content\/uploads\/2022\/12\/MELIDES18.jpg 600w, https:\/\/www.companhiaatlantica.pt\/wp-content\/uploads\/2022\/12\/MELIDES18-100x100.jpg 100w, https:\/\/www.companhiaatlantica.pt\/wp-content\/uploads\/2022\/12\/MELIDES18-300x300.jpg 300w, https:\/\/www.companhiaatlantica.pt\/wp-content\/uploads\/2022\/12\/MELIDES18-150x150.jpg 150w\" sizes=\"auto, (max-width: 600px) 100vw, 600px\" title=\"\">\t\t\t\t\t\t\n\t\t\t\t\t<\/div>\n\t\t\t\t\t\t\t\t\n<style>\n#image_1713650959 {\n  width: 100%;\n}\n<\/style>\n\t<\/div>\n\t\n\t\t<\/div>\n\t\t\t\t\t<\/div>\n\n\t\n\n\t<div id=\"col-59465697\" class=\"col medium-7 small-12 large-7\"  >\n\t\t\t\t<div class=\"col-inner\"  >\n\t\t\t\n\t\t\t\n\t<div id=\"gap-829078209\" class=\"gap-element clearfix\" style=\"display:block; height:auto;\">\n\t\t\n<style>\n#gap-829078209 {\n  padding-top: 30px;\n}\n<\/style>\n\t<\/div>\n\t\n<p>Dieses Weihnachten wird Ihr Tisch der sch\u00f6nste von allen sein, mit dem Slow-Living-Trend! Ganz <strong>nat\u00fcrlich und nachhaltig<\/strong>, ohne die Weihnachtsmagie zu beeintr\u00e4chtigen \ud83d\ude42 Das Beste daran ist, dass all diese Tipps einfach umzusetzen sind, nicht teuer sind und einen eleganten Touch behalten.<\/p>\n\t<div id=\"gap-988299348\" class=\"gap-element clearfix\" style=\"display:block; height:auto;\">\n\t\t\n<style>\n#gap-988299348 {\n  padding-top: 30px;\n}\n<\/style>\n\t<\/div>\n\t\n<h2>Slow Living-Trend<\/h2>\n<p>Inspiriert von der <span style=\"font-size: 14.4px;\">Slow-Living<\/span>-Trend, pr\u00e4sentieren wir eine einfache <strong style=\"font-size: 14.4px;\">Weihnachtstischdekoration<\/strong> mit nat\u00fcrlichen Akzenten, bei der die Star ist unsere Sammlung. <a style=\"font-size: 14.4px;\" href=\"https:\/\/companhiaatlantica.pt\/ceramica-portuguesa\/?filter_colecao=melides\"><strong>MELIDES<\/strong><\/a>.<\/p>\n<p><strong><em>Slow Living<\/em><\/strong> oder <strong><em>Slow Life<\/em><\/strong> geht darum, dass alles nat\u00fcrlicher und spontaner erscheint. Es schafft eine angenehme Umgebung, die ein Gef\u00fchl von Frieden und Gelassenheit vermittelt.<\/p>\n<p>Auf unserem Tisch haben wir <strong>Kiefernzapfen und Rosmarin<\/strong> verwendet, die nicht nur den Tisch versch\u00f6nern, sondern auch einen dezenten nat\u00fcrlichen Duft abgeben. Sie k\u00f6nnen jedoch Zimtstangen, getrocknete Orangenscheiben, Babyeukalyptus, Kiefernzweige, getrocknete Bl\u00e4tter und Blumen verwenden. Es gibt keine festen Regeln!<\/p>\n<p>Nach der Verwendung dieser <strong>Elemente<\/strong> werden sie nicht weggeworfen. Sie k\u00f6nnen sie erneut verwenden, sei es zu einem anderen Anlass oder in der K\u00fcche, beispielsweise indem Sie den Rosmarin und die Orange in Wasser geben, um es zu aromatisieren &#8211; \u00e4u\u00dferst nachhaltig, ohne Verschwendung.<\/p>\n<p>Das <em>Slow Living<\/em> verpflichtet sich stark zur Nachhaltigkeit, daher ist die Verwendung von <strong>nachhaltigen Materialien<\/strong> ein wichtiger Punkt. Verwenden Sie m\u00f6glichst nat\u00fcrliche Materialien wie Baumwolle oder Leinen f\u00fcr die Tischdecke und Servietten.<\/p>\n\t\t<\/div>\n\t\t\t\t\t<\/div>\n\n\t\n<\/div>\n<div class=\"row\"  id=\"row-677492586\">\n\n\t<div id=\"col-868006832\" class=\"col small-12 large-12\"  >\n\t\t\t\t<div class=\"col-inner\"  >\n\t\t\t\n\t\t\t\n<div class=\"row\"  id=\"row-278721953\">\n\n\t<div id=\"col-761406778\" class=\"col medium-3 small-12 large-3\"  >\n\t\t\t\t<div class=\"col-inner\"  >\n\t\t\t\n\t\t\t\n\t<div class=\"img has-hover x md-x lg-x y md-y lg-y\" id=\"image_805615734\">\n\t\t\t\t\t\t\t\t<div class=\"img-inner dark\" >\n\t\t\t<img loading=\"lazy\" decoding=\"async\" width=\"900\" height=\"800\" src=\"https:\/\/www.companhiaatlantica.pt\/wp-content\/uploads\/2024\/08\/t-lights-rossio.jpg\" class=\"attachment-large size-large\" alt=\"\" srcset=\"https:\/\/www.companhiaatlantica.pt\/wp-content\/uploads\/2024\/08\/t-lights-rossio.jpg 900w, https:\/\/www.companhiaatlantica.pt\/wp-content\/uploads\/2024\/08\/t-lights-rossio-400x356.jpg 400w, https:\/\/www.companhiaatlantica.pt\/wp-content\/uploads\/2024\/08\/t-lights-rossio-768x683.jpg 768w, https:\/\/www.companhiaatlantica.pt\/wp-content\/uploads\/2024\/08\/t-lights-rossio-600x533.jpg 600w\" sizes=\"auto, (max-width: 900px) 100vw, 900px\" title=\"\">\t\t\t\t\t\t\n\t\t\t\t\t<\/div>\n\t\t\t\t\t\t\t\t\n<style>\n#image_805615734 {\n  width: 100%;\n}\n<\/style>\n\t<\/div>\n\t\n\t\t<\/div>\n\t\t\t\t\t<\/div>\n\n\t\n\n\t<div id=\"col-79830287\" class=\"col medium-3 small-12 large-3\"  >\n\t\t\t\t<div class=\"col-inner\"  >\n\t\t\t\n\t\t\t\n\t<div class=\"img has-hover x md-x lg-x y md-y lg-y\" id=\"image_1338708466\">\n\t\t\t\t\t\t\t\t<div class=\"img-inner dark\" >\n\t\t\t<img loading=\"lazy\" decoding=\"async\" width=\"1000\" height=\"1000\" src=\"https:\/\/www.companhiaatlantica.pt\/wp-content\/uploads\/2022\/12\/MELIDES11.jpg\" class=\"attachment-large size-large\" alt=\"\" srcset=\"https:\/\/www.companhiaatlantica.pt\/wp-content\/uploads\/2022\/12\/MELIDES11.jpg 1000w, https:\/\/www.companhiaatlantica.pt\/wp-content\/uploads\/2022\/12\/MELIDES11-700x700.jpg 700w, https:\/\/www.companhiaatlantica.pt\/wp-content\/uploads\/2022\/12\/MELIDES11-100x100.jpg 100w, https:\/\/www.companhiaatlantica.pt\/wp-content\/uploads\/2022\/12\/MELIDES11-900x900.jpg 900w, https:\/\/www.companhiaatlantica.pt\/wp-content\/uploads\/2022\/12\/MELIDES11-300x300.jpg 300w, https:\/\/www.companhiaatlantica.pt\/wp-content\/uploads\/2022\/12\/MELIDES11-150x150.jpg 150w, https:\/\/www.companhiaatlantica.pt\/wp-content\/uploads\/2022\/12\/MELIDES11-768x768.jpg 768w, https:\/\/www.companhiaatlantica.pt\/wp-content\/uploads\/2022\/12\/MELIDES11-600x600.jpg 600w\" sizes=\"auto, (max-width: 1000px) 100vw, 1000px\" title=\"\">\t\t\t\t\t\t\n\t\t\t\t\t<\/div>\n\t\t\t\t\t\t\t\t\n<style>\n#image_1338708466 {\n  width: 100%;\n}\n<\/style>\n\t<\/div>\n\t\n\t\t<\/div>\n\t\t\t\t\t<\/div>\n\n\t\n\n\t<div id=\"col-2094426805\" class=\"col medium-3 small-12 large-3\"  >\n\t\t\t\t<div class=\"col-inner\"  >\n\t\t\t\n\t\t\t\n\t<div class=\"img has-hover x md-x lg-x y md-y lg-y\" id=\"image_448650699\">\n\t\t\t\t\t\t\t\t<div class=\"img-inner dark\" >\n\t\t\t<img loading=\"lazy\" decoding=\"async\" width=\"600\" height=\"600\" src=\"https:\/\/www.companhiaatlantica.pt\/wp-content\/uploads\/2022\/07\/MELIDES56.jpg\" class=\"attachment-large size-large\" alt=\"\" srcset=\"https:\/\/www.companhiaatlantica.pt\/wp-content\/uploads\/2022\/07\/MELIDES56.jpg 600w, https:\/\/www.companhiaatlantica.pt\/wp-content\/uploads\/2022\/07\/MELIDES56-100x100.jpg 100w\" sizes=\"auto, (max-width: 600px) 100vw, 600px\" title=\"\">\t\t\t\t\t\t\n\t\t\t\t\t<\/div>\n\t\t\t\t\t\t\t\t\n<style>\n#image_448650699 {\n  width: 100%;\n}\n<\/style>\n\t<\/div>\n\t\n\t\t<\/div>\n\t\t\t\t\t<\/div>\n\n\t\n\n\t<div id=\"col-1126008680\" class=\"col medium-3 small-12 large-3\"  >\n\t\t\t\t<div class=\"col-inner\"  >\n\t\t\t\n\t\t\t\n\t<div class=\"img has-hover x md-x lg-x y md-y lg-y\" id=\"image_1073035107\">\n\t\t\t\t\t\t\t\t<div class=\"img-inner dark\" >\n\t\t\t<img loading=\"lazy\" decoding=\"async\" width=\"600\" height=\"600\" src=\"https:\/\/www.companhiaatlantica.pt\/wp-content\/uploads\/2022\/07\/MELIDES3.jpg\" class=\"attachment-large size-large\" alt=\"\" srcset=\"https:\/\/www.companhiaatlantica.pt\/wp-content\/uploads\/2022\/07\/MELIDES3.jpg 600w, https:\/\/www.companhiaatlantica.pt\/wp-content\/uploads\/2022\/07\/MELIDES3-100x100.jpg 100w\" sizes=\"auto, (max-width: 600px) 100vw, 600px\" title=\"\">\t\t\t\t\t\t\n\t\t\t\t\t<\/div>\n\t\t\t\t\t\t\t\t\n<style>\n#image_1073035107 {\n  width: 100%;\n}\n<\/style>\n\t<\/div>\n\t\n\t\t<\/div>\n\t\t\t\t\t<\/div>\n\n\t\n<\/div>\n\t\t<\/div>\n\t\t\t\t\t<\/div>\n\n\t\n<\/div>\n<div class=\"row\"  id=\"row-1951047987\">\n\n\t<div id=\"col-996981273\" class=\"col small-12 large-12\"  >\n\t\t\t\t<div class=\"col-inner\"  >\n\t\t\t\n\t\t\t\n<p>Bei den <strong>Farben<\/strong> ist es ideal, sich f\u00fcr neutrale und helle T\u00f6ne zu entscheiden. Wei\u00df, Erdt\u00f6ne und eine Palette von nat\u00fcrlicheren Farben sind am besten geeignet.<\/p>\n\t\t<\/div>\n\t\t\t\t\t<\/div>\n\n\t\n<\/div>\n<div class=\"woocommerce columns-4 \"><div class=\"products row row-small large-columns-4 medium-columns-3 small-columns-1 has-equal-box-heights equalize-box\">\n<div class=\"product-small col has-hover product type-product post-41252 status-publish first instock product_cat-keramik-teller product_cat-portugiesische-keramik has-post-thumbnail taxable shipping-taxable purchasable product-type-simple\">\n\t<div class=\"col-inner\">\n\t\n<div class=\"badge-container absolute left top z-1\">\n\n<\/div>\n\t<div class=\"product-small box \">\n\t\t<div class=\"box-image\">\n\t\t\t<div class=\"image-fade_in_back\">\n\t\t\t\t<a href=\"https:\/\/www.companhiaatlantica.pt\/de\/produto\/portugiesische-keramik\/keramik-teller\/melides-pasta-gericht-22cm\">\n\t\t\t\t\t<img loading=\"lazy\" decoding=\"async\" width=\"700\" height=\"700\" src=\"https:\/\/www.companhiaatlantica.pt\/wp-content\/uploads\/2022\/03\/melides_pasta_3-700x700.jpg\" class=\"attachment-woocommerce_thumbnail size-woocommerce_thumbnail\" alt=\"Nudelteller MELIDES\" srcset=\"https:\/\/www.companhiaatlantica.pt\/wp-content\/uploads\/2022\/03\/melides_pasta_3-700x700.jpg 700w, https:\/\/www.companhiaatlantica.pt\/wp-content\/uploads\/2022\/03\/melides_pasta_3-100x100.jpg 100w, https:\/\/www.companhiaatlantica.pt\/wp-content\/uploads\/2022\/03\/melides_pasta_3-900x900.jpg 900w, https:\/\/www.companhiaatlantica.pt\/wp-content\/uploads\/2022\/03\/melides_pasta_3-300x300.jpg 300w, https:\/\/www.companhiaatlantica.pt\/wp-content\/uploads\/2022\/03\/melides_pasta_3-150x150.jpg 150w, https:\/\/www.companhiaatlantica.pt\/wp-content\/uploads\/2022\/03\/melides_pasta_3-768x768.jpg 768w, https:\/\/www.companhiaatlantica.pt\/wp-content\/uploads\/2022\/03\/melides_pasta_3-600x600.jpg 600w, https:\/\/www.companhiaatlantica.pt\/wp-content\/uploads\/2022\/03\/melides_pasta_3.jpg 1000w\" sizes=\"auto, (max-width: 700px) 100vw, 700px\" title=\"\"><img loading=\"lazy\" decoding=\"async\" width=\"700\" height=\"700\" src=\"https:\/\/www.companhiaatlantica.pt\/wp-content\/uploads\/2022\/04\/DSC0803-700x700.jpg\" class=\"show-on-hover absolute fill hide-for-small back-image\" alt=\"Alternative view of Nudelteller MELIDES\" aria-hidden=\"true\" srcset=\"https:\/\/www.companhiaatlantica.pt\/wp-content\/uploads\/2022\/04\/DSC0803-700x700.jpg 700w, https:\/\/www.companhiaatlantica.pt\/wp-content\/uploads\/2022\/04\/DSC0803-100x100.jpg 100w, https:\/\/www.companhiaatlantica.pt\/wp-content\/uploads\/2022\/04\/DSC0803-900x900.jpg 900w, https:\/\/www.companhiaatlantica.pt\/wp-content\/uploads\/2022\/04\/DSC0803-300x300.jpg 300w, https:\/\/www.companhiaatlantica.pt\/wp-content\/uploads\/2022\/04\/DSC0803-150x150.jpg 150w, https:\/\/www.companhiaatlantica.pt\/wp-content\/uploads\/2022\/04\/DSC0803-768x768.jpg 768w, https:\/\/www.companhiaatlantica.pt\/wp-content\/uploads\/2022\/04\/DSC0803-600x600.jpg 600w, https:\/\/www.companhiaatlantica.pt\/wp-content\/uploads\/2022\/04\/DSC0803.jpg 1000w\" sizes=\"auto, (max-width: 700px) 100vw, 700px\" title=\"\">\t\t\t\t<\/a>\n\t\t\t<\/div>\n\t\t\t<div class=\"image-tools is-small top right show-on-hover\">\n\t\t\t\t\t\t<div class=\"wishlist-icon\">\n\t\t\t<button class=\"wishlist-button button is-outline circle icon\" aria-label=\"Wunschliste\">\n\t\t\t\t<i class=\"icon-heart\" aria-hidden=\"true\"><\/i>\t\t\t<\/button>\n\t\t\t<div class=\"wishlist-popup dark\">\n\t\t\t\t\n<div\n\tclass=\"yith-wcwl-add-to-wishlist add-to-wishlist-41252 yith-wcwl-add-to-wishlist--button_default-style wishlist-fragment on-first-load\"\n\tdata-fragment-ref=\"41252\"\n\tdata-fragment-options=\"{&quot;base_url&quot;:&quot;&quot;,&quot;product_id&quot;:41252,&quot;parent_product_id&quot;:0,&quot;product_type&quot;:&quot;simple&quot;,&quot;is_single&quot;:false,&quot;in_default_wishlist&quot;:false,&quot;show_view&quot;:false,&quot;browse_wishlist_text&quot;:&quot;Siehe Ihre Wunschliste!&quot;,&quot;already_in_wishslist_text&quot;:&quot;Dieses Produkt steht bereits auf Ihrem Wunschzettel!&quot;,&quot;product_added_text&quot;:&quot;Produto adicionado!&quot;,&quot;available_multi_wishlist&quot;:false,&quot;disable_wishlist&quot;:false,&quot;show_count&quot;:false,&quot;ajax_loading&quot;:false,&quot;loop_position&quot;:&quot;after_add_to_cart&quot;,&quot;item&quot;:&quot;add_to_wishlist&quot;}\"\n>\n\t\t\t\n\t\t\t<!-- ADD TO WISHLIST -->\n\t\t\t\n<div class=\"yith-wcwl-add-button\">\n\t\t<a\n\t\thref=\"?add_to_wishlist=41252&#038;_wpnonce=4ccc3dd5cd\"\n\t\tclass=\"add_to_wishlist single_add_to_wishlist alt button theme-button-style \"\n\t\tdata-product-id=\"41252\"\n\t\tdata-product-type=\"simple\"\n\t\tdata-original-product-id=\"0\"\n\t\tdata-title=\"Zu meiner Wunschliste hinzuf\u00fcgen\"\n\t\trel=\"nofollow\"\n\t>\n\t\t<svg id=\"yith-wcwl-icon-heart-outline\" class=\"yith-wcwl-icon-svg\" fill=\"none\" stroke-width=\"1.5\" stroke=\"currentColor\" viewBox=\"0 0 24 24\" xmlns=\"http:\/\/www.w3.org\/2000\/svg\">\n  <path stroke-linecap=\"round\" stroke-linejoin=\"round\" d=\"M21 8.25c0-2.485-2.099-4.5-4.688-4.5-1.935 0-3.597 1.126-4.312 2.733-.715-1.607-2.377-2.733-4.313-2.733C5.1 3.75 3 5.765 3 8.25c0 7.22 9 12 9 12s9-4.78 9-12Z\"><\/path>\n<\/svg>\t\t<span>Zu meiner Wunschliste hinzuf\u00fcgen<\/span>\n\t<\/a>\n<\/div>\n\n\t\t\t<!-- COUNT TEXT -->\n\t\t\t\n\t\t\t<\/div>\n\t\t\t<\/div>\n\t\t<\/div>\n\t\t\t\t\t<\/div>\n\t\t\t<div class=\"image-tools is-small hide-for-small bottom left show-on-hover\">\n\t\t\t\t\t\t\t<\/div>\n\t\t\t<div class=\"image-tools grid-tools text-center hide-for-small bottom hover-slide-in show-on-hover\">\n\t\t\t\t\t\t\t<\/div>\n\t\t\t\t\t<\/div>\n\n\t\t<div class=\"box-text box-text-products\">\n\t\t\t<div class=\"title-wrapper\">\t\t<p class=\"category uppercase is-smaller no-text-overflow product-cat op-8\">\n\t\t\tKeramik Teller\t\t<\/p>\n\t<p class=\"name product-title woocommerce-loop-product__title\"><a href=\"https:\/\/www.companhiaatlantica.pt\/de\/produto\/portugiesische-keramik\/keramik-teller\/melides-pasta-gericht-22cm\" class=\"woocommerce-LoopProduct-link woocommerce-loop-product__link\">Nudelteller MELIDES<\/a><\/p><\/div><div class=\"price-wrapper\">\n\t<span class=\"price\"><span class=\"woocommerce-Price-amount amount\"><bdi>18.00<span class=\"woocommerce-Price-currencySymbol\">&euro;<\/span><\/bdi><\/span><\/span>\n<\/div><div class=\"add-to-cart-button\"><a href=\"\/de\/wp-json\/wp\/v2\/posts\/48557?add-to-cart=41252\" aria-describedby=\"woocommerce_loop_add_to_cart_link_describedby_41252\" data-quantity=\"1\" class=\"primary is-small mb-0 button product_type_simple add_to_cart_button ajax_add_to_cart is-outline\" data-product_id=\"41252\" data-product_sku=\"130-923\" aria-label=\"In den Warenkorb legen: \u201eNudelteller MELIDES\u201c\" rel=\"nofollow\" data-success_message=\"\u201eNudelteller MELIDES\u201c wurde deinem Warenkorb hinzugef\u00fcgt\" data-product_name=\"Nudelteller MELIDES\" data-product_image=\"https:\/\/www.companhiaatlantica.pt\/wp-content\/uploads\/2022\/03\/melides_pasta_3-150x150.jpg\" role=\"button\">In den Warenkorb<\/a><\/div>\t<span id=\"woocommerce_loop_add_to_cart_link_describedby_41252\" class=\"screen-reader-text\">\n\t\t\t<\/span>\n\t\t<\/div>\n\t<\/div>\n\t<span class=\"gtm4wp_productdata\" style=\"display:none; visibility:hidden;\" data-gtm4wp_product_data=\"{&quot;internal_id&quot;:41252,&quot;item_id&quot;:&quot;130-923&quot;,&quot;item_name&quot;:&quot;Nudelteller MELIDES&quot;,&quot;sku&quot;:&quot;130-923&quot;,&quot;price&quot;:18,&quot;stocklevel&quot;:31,&quot;stockstatus&quot;:&quot;instock&quot;,&quot;google_business_vertical&quot;:&quot;retail&quot;,&quot;item_category&quot;:&quot;Portugiesische Keramik \\u2013 Handgefertigt in Portugal&quot;,&quot;item_category2&quot;:&quot;Keramik Teller&quot;,&quot;id&quot;:&quot;130-923&quot;,&quot;productlink&quot;:&quot;https:\\\/\\\/www.companhiaatlantica.pt\\\/de\\\/produto\\\/portugiesische-keramik\\\/keramik-teller\\\/melides-pasta-gericht-22cm&quot;,&quot;item_list_name&quot;:&quot;General Product List&quot;,&quot;index&quot;:1,&quot;product_type&quot;:&quot;simple&quot;,&quot;item_brand&quot;:&quot;&quot;}\"><\/span>\t<\/div>\n<\/div><div class=\"product-small col has-hover product type-product post-41237 status-publish instock product_cat-keramik-schussel product_cat-portugiesische-keramik has-post-thumbnail taxable shipping-taxable purchasable product-type-simple\">\n\t<div class=\"col-inner\">\n\t\n<div class=\"badge-container absolute left top z-1\">\n\n<\/div>\n\t<div class=\"product-small box \">\n\t\t<div class=\"box-image\">\n\t\t\t<div class=\"image-fade_in_back\">\n\t\t\t\t<a href=\"https:\/\/www.companhiaatlantica.pt\/de\/produto\/portugiesische-keramik\/keramik-schussel\/melides-tigela-15cm-2\">\n\t\t\t\t\t<img loading=\"lazy\" decoding=\"async\" width=\"700\" height=\"700\" src=\"https:\/\/www.companhiaatlantica.pt\/wp-content\/uploads\/2022\/03\/130-921_3-700x700.jpg\" class=\"attachment-woocommerce_thumbnail size-woocommerce_thumbnail\" alt=\"MELIDES-Schale\" srcset=\"https:\/\/www.companhiaatlantica.pt\/wp-content\/uploads\/2022\/03\/130-921_3-700x700.jpg 700w, https:\/\/www.companhiaatlantica.pt\/wp-content\/uploads\/2022\/03\/130-921_3-100x100.jpg 100w, https:\/\/www.companhiaatlantica.pt\/wp-content\/uploads\/2022\/03\/130-921_3-900x900.jpg 900w, https:\/\/www.companhiaatlantica.pt\/wp-content\/uploads\/2022\/03\/130-921_3-300x300.jpg 300w, https:\/\/www.companhiaatlantica.pt\/wp-content\/uploads\/2022\/03\/130-921_3-150x150.jpg 150w, https:\/\/www.companhiaatlantica.pt\/wp-content\/uploads\/2022\/03\/130-921_3-768x768.jpg 768w, https:\/\/www.companhiaatlantica.pt\/wp-content\/uploads\/2022\/03\/130-921_3-600x600.jpg 600w, https:\/\/www.companhiaatlantica.pt\/wp-content\/uploads\/2022\/03\/130-921_3.jpg 1000w\" sizes=\"auto, (max-width: 700px) 100vw, 700px\" title=\"\"><img loading=\"lazy\" decoding=\"async\" width=\"700\" height=\"700\" src=\"https:\/\/www.companhiaatlantica.pt\/wp-content\/uploads\/2022\/04\/DSC0823-700x700.jpg\" class=\"show-on-hover absolute fill hide-for-small back-image\" alt=\"Alternative view of MELIDES-Schale\" aria-hidden=\"true\" srcset=\"https:\/\/www.companhiaatlantica.pt\/wp-content\/uploads\/2022\/04\/DSC0823-700x700.jpg 700w, https:\/\/www.companhiaatlantica.pt\/wp-content\/uploads\/2022\/04\/DSC0823-100x100.jpg 100w, https:\/\/www.companhiaatlantica.pt\/wp-content\/uploads\/2022\/04\/DSC0823-900x900.jpg 900w, https:\/\/www.companhiaatlantica.pt\/wp-content\/uploads\/2022\/04\/DSC0823-300x300.jpg 300w, https:\/\/www.companhiaatlantica.pt\/wp-content\/uploads\/2022\/04\/DSC0823-150x150.jpg 150w, https:\/\/www.companhiaatlantica.pt\/wp-content\/uploads\/2022\/04\/DSC0823-768x768.jpg 768w, https:\/\/www.companhiaatlantica.pt\/wp-content\/uploads\/2022\/04\/DSC0823-600x600.jpg 600w, https:\/\/www.companhiaatlantica.pt\/wp-content\/uploads\/2022\/04\/DSC0823.jpg 1000w\" sizes=\"auto, (max-width: 700px) 100vw, 700px\" title=\"\">\t\t\t\t<\/a>\n\t\t\t<\/div>\n\t\t\t<div class=\"image-tools is-small top right show-on-hover\">\n\t\t\t\t\t\t<div class=\"wishlist-icon\">\n\t\t\t<button class=\"wishlist-button button is-outline circle icon\" aria-label=\"Wunschliste\">\n\t\t\t\t<i class=\"icon-heart\" aria-hidden=\"true\"><\/i>\t\t\t<\/button>\n\t\t\t<div class=\"wishlist-popup dark\">\n\t\t\t\t\n<div\n\tclass=\"yith-wcwl-add-to-wishlist add-to-wishlist-41237 yith-wcwl-add-to-wishlist--button_default-style wishlist-fragment on-first-load\"\n\tdata-fragment-ref=\"41237\"\n\tdata-fragment-options=\"{&quot;base_url&quot;:&quot;&quot;,&quot;product_id&quot;:41237,&quot;parent_product_id&quot;:0,&quot;product_type&quot;:&quot;simple&quot;,&quot;is_single&quot;:false,&quot;in_default_wishlist&quot;:false,&quot;show_view&quot;:false,&quot;browse_wishlist_text&quot;:&quot;Siehe Ihre Wunschliste!&quot;,&quot;already_in_wishslist_text&quot;:&quot;Dieses Produkt steht bereits auf Ihrem Wunschzettel!&quot;,&quot;product_added_text&quot;:&quot;Produto adicionado!&quot;,&quot;available_multi_wishlist&quot;:false,&quot;disable_wishlist&quot;:false,&quot;show_count&quot;:false,&quot;ajax_loading&quot;:false,&quot;loop_position&quot;:&quot;after_add_to_cart&quot;,&quot;item&quot;:&quot;add_to_wishlist&quot;}\"\n>\n\t\t\t\n\t\t\t<!-- ADD TO WISHLIST -->\n\t\t\t\n<div class=\"yith-wcwl-add-button\">\n\t\t<a\n\t\thref=\"?add_to_wishlist=41237&#038;_wpnonce=4ccc3dd5cd\"\n\t\tclass=\"add_to_wishlist single_add_to_wishlist alt button theme-button-style \"\n\t\tdata-product-id=\"41237\"\n\t\tdata-product-type=\"simple\"\n\t\tdata-original-product-id=\"0\"\n\t\tdata-title=\"Zu meiner Wunschliste hinzuf\u00fcgen\"\n\t\trel=\"nofollow\"\n\t>\n\t\t<svg id=\"yith-wcwl-icon-heart-outline\" class=\"yith-wcwl-icon-svg\" fill=\"none\" stroke-width=\"1.5\" stroke=\"currentColor\" viewBox=\"0 0 24 24\" xmlns=\"http:\/\/www.w3.org\/2000\/svg\">\n  <path stroke-linecap=\"round\" stroke-linejoin=\"round\" d=\"M21 8.25c0-2.485-2.099-4.5-4.688-4.5-1.935 0-3.597 1.126-4.312 2.733-.715-1.607-2.377-2.733-4.313-2.733C5.1 3.75 3 5.765 3 8.25c0 7.22 9 12 9 12s9-4.78 9-12Z\"><\/path>\n<\/svg>\t\t<span>Zu meiner Wunschliste hinzuf\u00fcgen<\/span>\n\t<\/a>\n<\/div>\n\n\t\t\t<!-- COUNT TEXT -->\n\t\t\t\n\t\t\t<\/div>\n\t\t\t<\/div>\n\t\t<\/div>\n\t\t\t\t\t<\/div>\n\t\t\t<div class=\"image-tools is-small hide-for-small bottom left show-on-hover\">\n\t\t\t\t\t\t\t<\/div>\n\t\t\t<div class=\"image-tools grid-tools text-center hide-for-small bottom hover-slide-in show-on-hover\">\n\t\t\t\t\t\t\t<\/div>\n\t\t\t\t\t<\/div>\n\n\t\t<div class=\"box-text box-text-products\">\n\t\t\t<div class=\"title-wrapper\">\t\t<p class=\"category uppercase is-smaller no-text-overflow product-cat op-8\">\n\t\t\tkeramik sch\u00fcssel\t\t<\/p>\n\t<p class=\"name product-title woocommerce-loop-product__title\"><a href=\"https:\/\/www.companhiaatlantica.pt\/de\/produto\/portugiesische-keramik\/keramik-schussel\/melides-tigela-15cm-2\" class=\"woocommerce-LoopProduct-link woocommerce-loop-product__link\">MELIDES-Schale<\/a><\/p><\/div><div class=\"price-wrapper\">\n\t<span class=\"price\"><span class=\"woocommerce-Price-amount amount\"><bdi>15.00<span class=\"woocommerce-Price-currencySymbol\">&euro;<\/span><\/bdi><\/span><\/span>\n<\/div><div class=\"add-to-cart-button\"><a href=\"\/de\/wp-json\/wp\/v2\/posts\/48557?add-to-cart=41237\" aria-describedby=\"woocommerce_loop_add_to_cart_link_describedby_41237\" data-quantity=\"1\" class=\"primary is-small mb-0 button product_type_simple add_to_cart_button ajax_add_to_cart is-outline\" data-product_id=\"41237\" data-product_sku=\"130-921\" aria-label=\"In den Warenkorb legen: \u201eMELIDES-Schale\u201c\" rel=\"nofollow\" data-success_message=\"\u201eMELIDES-Schale\u201c wurde deinem Warenkorb hinzugef\u00fcgt\" data-product_name=\"MELIDES-Schale\" data-product_image=\"https:\/\/www.companhiaatlantica.pt\/wp-content\/uploads\/2022\/03\/130-921_3-150x150.jpg\" role=\"button\">In den Warenkorb<\/a><\/div>\t<span id=\"woocommerce_loop_add_to_cart_link_describedby_41237\" class=\"screen-reader-text\">\n\t\t\t<\/span>\n\t\t<\/div>\n\t<\/div>\n\t<span class=\"gtm4wp_productdata\" style=\"display:none; visibility:hidden;\" data-gtm4wp_product_data=\"{&quot;internal_id&quot;:41237,&quot;item_id&quot;:&quot;130-921&quot;,&quot;item_name&quot;:&quot;MELIDES-Schale&quot;,&quot;sku&quot;:&quot;130-921&quot;,&quot;price&quot;:15,&quot;stocklevel&quot;:79,&quot;stockstatus&quot;:&quot;instock&quot;,&quot;google_business_vertical&quot;:&quot;retail&quot;,&quot;item_category&quot;:&quot;Portugiesische Keramik \\u2013 Handgefertigt in Portugal&quot;,&quot;item_category2&quot;:&quot;keramik sch\\u00fcssel&quot;,&quot;id&quot;:&quot;130-921&quot;,&quot;productlink&quot;:&quot;https:\\\/\\\/www.companhiaatlantica.pt\\\/de\\\/produto\\\/portugiesische-keramik\\\/keramik-schussel\\\/melides-tigela-15cm-2&quot;,&quot;item_list_name&quot;:&quot;General Product List&quot;,&quot;index&quot;:2,&quot;product_type&quot;:&quot;simple&quot;,&quot;item_brand&quot;:&quot;&quot;}\"><\/span>\t<\/div>\n<\/div><div class=\"product-small col has-hover product type-product post-41230 status-publish instock product_cat-keramik-teller product_cat-portugiesische-keramik has-post-thumbnail taxable shipping-taxable purchasable product-type-simple\">\n\t<div class=\"col-inner\">\n\t\n<div class=\"badge-container absolute left top z-1\">\n\n<\/div>\n\t<div class=\"product-small box \">\n\t\t<div class=\"box-image\">\n\t\t\t<div class=\"image-fade_in_back\">\n\t\t\t\t<a href=\"https:\/\/www.companhiaatlantica.pt\/de\/produto\/portugiesische-keramik\/keramik-teller\/melides-teller-20cm\">\n\t\t\t\t\t<img loading=\"lazy\" decoding=\"async\" width=\"700\" height=\"700\" src=\"https:\/\/www.companhiaatlantica.pt\/wp-content\/uploads\/2022\/03\/130-920_3-700x700.jpg\" class=\"attachment-woocommerce_thumbnail size-woocommerce_thumbnail\" alt=\"Dessertteller MELIDES\" srcset=\"https:\/\/www.companhiaatlantica.pt\/wp-content\/uploads\/2022\/03\/130-920_3-700x700.jpg 700w, https:\/\/www.companhiaatlantica.pt\/wp-content\/uploads\/2022\/03\/130-920_3-100x100.jpg 100w, https:\/\/www.companhiaatlantica.pt\/wp-content\/uploads\/2022\/03\/130-920_3-900x900.jpg 900w, https:\/\/www.companhiaatlantica.pt\/wp-content\/uploads\/2022\/03\/130-920_3-300x300.jpg 300w, https:\/\/www.companhiaatlantica.pt\/wp-content\/uploads\/2022\/03\/130-920_3-150x150.jpg 150w, https:\/\/www.companhiaatlantica.pt\/wp-content\/uploads\/2022\/03\/130-920_3-768x768.jpg 768w, https:\/\/www.companhiaatlantica.pt\/wp-content\/uploads\/2022\/03\/130-920_3-600x600.jpg 600w, https:\/\/www.companhiaatlantica.pt\/wp-content\/uploads\/2022\/03\/130-920_3.jpg 1000w\" sizes=\"auto, (max-width: 700px) 100vw, 700px\" title=\"\"><img loading=\"lazy\" decoding=\"async\" width=\"700\" height=\"700\" src=\"https:\/\/www.companhiaatlantica.pt\/wp-content\/uploads\/2022\/03\/DSC0733-700x700.jpg\" class=\"show-on-hover absolute fill hide-for-small back-image\" alt=\"Alternative view of Dessertteller MELIDES\" aria-hidden=\"true\" srcset=\"https:\/\/www.companhiaatlantica.pt\/wp-content\/uploads\/2022\/03\/DSC0733-700x700.jpg 700w, https:\/\/www.companhiaatlantica.pt\/wp-content\/uploads\/2022\/03\/DSC0733-100x100.jpg 100w, https:\/\/www.companhiaatlantica.pt\/wp-content\/uploads\/2022\/03\/DSC0733-900x900.jpg 900w, https:\/\/www.companhiaatlantica.pt\/wp-content\/uploads\/2022\/03\/DSC0733-300x300.jpg 300w, https:\/\/www.companhiaatlantica.pt\/wp-content\/uploads\/2022\/03\/DSC0733-150x150.jpg 150w, https:\/\/www.companhiaatlantica.pt\/wp-content\/uploads\/2022\/03\/DSC0733-768x768.jpg 768w, https:\/\/www.companhiaatlantica.pt\/wp-content\/uploads\/2022\/03\/DSC0733-600x600.jpg 600w, https:\/\/www.companhiaatlantica.pt\/wp-content\/uploads\/2022\/03\/DSC0733.jpg 1000w\" sizes=\"auto, (max-width: 700px) 100vw, 700px\" title=\"\">\t\t\t\t<\/a>\n\t\t\t<\/div>\n\t\t\t<div class=\"image-tools is-small top right show-on-hover\">\n\t\t\t\t\t\t<div class=\"wishlist-icon\">\n\t\t\t<button class=\"wishlist-button button is-outline circle icon\" aria-label=\"Wunschliste\">\n\t\t\t\t<i class=\"icon-heart\" aria-hidden=\"true\"><\/i>\t\t\t<\/button>\n\t\t\t<div class=\"wishlist-popup dark\">\n\t\t\t\t\n<div\n\tclass=\"yith-wcwl-add-to-wishlist add-to-wishlist-41230 yith-wcwl-add-to-wishlist--button_default-style wishlist-fragment on-first-load\"\n\tdata-fragment-ref=\"41230\"\n\tdata-fragment-options=\"{&quot;base_url&quot;:&quot;&quot;,&quot;product_id&quot;:41230,&quot;parent_product_id&quot;:0,&quot;product_type&quot;:&quot;simple&quot;,&quot;is_single&quot;:false,&quot;in_default_wishlist&quot;:false,&quot;show_view&quot;:false,&quot;browse_wishlist_text&quot;:&quot;Siehe Ihre Wunschliste!&quot;,&quot;already_in_wishslist_text&quot;:&quot;Dieses Produkt steht bereits auf Ihrem Wunschzettel!&quot;,&quot;product_added_text&quot;:&quot;Produto adicionado!&quot;,&quot;available_multi_wishlist&quot;:false,&quot;disable_wishlist&quot;:false,&quot;show_count&quot;:false,&quot;ajax_loading&quot;:false,&quot;loop_position&quot;:&quot;after_add_to_cart&quot;,&quot;item&quot;:&quot;add_to_wishlist&quot;}\"\n>\n\t\t\t\n\t\t\t<!-- ADD TO WISHLIST -->\n\t\t\t\n<div class=\"yith-wcwl-add-button\">\n\t\t<a\n\t\thref=\"?add_to_wishlist=41230&#038;_wpnonce=4ccc3dd5cd\"\n\t\tclass=\"add_to_wishlist single_add_to_wishlist alt button theme-button-style \"\n\t\tdata-product-id=\"41230\"\n\t\tdata-product-type=\"simple\"\n\t\tdata-original-product-id=\"0\"\n\t\tdata-title=\"Zu meiner Wunschliste hinzuf\u00fcgen\"\n\t\trel=\"nofollow\"\n\t>\n\t\t<svg id=\"yith-wcwl-icon-heart-outline\" class=\"yith-wcwl-icon-svg\" fill=\"none\" stroke-width=\"1.5\" stroke=\"currentColor\" viewBox=\"0 0 24 24\" xmlns=\"http:\/\/www.w3.org\/2000\/svg\">\n  <path stroke-linecap=\"round\" stroke-linejoin=\"round\" d=\"M21 8.25c0-2.485-2.099-4.5-4.688-4.5-1.935 0-3.597 1.126-4.312 2.733-.715-1.607-2.377-2.733-4.313-2.733C5.1 3.75 3 5.765 3 8.25c0 7.22 9 12 9 12s9-4.78 9-12Z\"><\/path>\n<\/svg>\t\t<span>Zu meiner Wunschliste hinzuf\u00fcgen<\/span>\n\t<\/a>\n<\/div>\n\n\t\t\t<!-- COUNT TEXT -->\n\t\t\t\n\t\t\t<\/div>\n\t\t\t<\/div>\n\t\t<\/div>\n\t\t\t\t\t<\/div>\n\t\t\t<div class=\"image-tools is-small hide-for-small bottom left show-on-hover\">\n\t\t\t\t\t\t\t<\/div>\n\t\t\t<div class=\"image-tools grid-tools text-center hide-for-small bottom hover-slide-in show-on-hover\">\n\t\t\t\t\t\t\t<\/div>\n\t\t\t\t\t<\/div>\n\n\t\t<div class=\"box-text box-text-products\">\n\t\t\t<div class=\"title-wrapper\">\t\t<p class=\"category uppercase is-smaller no-text-overflow product-cat op-8\">\n\t\t\tKeramik Teller\t\t<\/p>\n\t<p class=\"name product-title woocommerce-loop-product__title\"><a href=\"https:\/\/www.companhiaatlantica.pt\/de\/produto\/portugiesische-keramik\/keramik-teller\/melides-teller-20cm\" class=\"woocommerce-LoopProduct-link woocommerce-loop-product__link\">Dessertteller MELIDES<\/a><\/p><\/div><div class=\"price-wrapper\">\n\t<span class=\"price\"><span class=\"woocommerce-Price-amount amount\"><bdi>15.00<span class=\"woocommerce-Price-currencySymbol\">&euro;<\/span><\/bdi><\/span><\/span>\n<\/div><div class=\"add-to-cart-button\"><a href=\"\/de\/wp-json\/wp\/v2\/posts\/48557?add-to-cart=41230\" aria-describedby=\"woocommerce_loop_add_to_cart_link_describedby_41230\" data-quantity=\"1\" class=\"primary is-small mb-0 button product_type_simple add_to_cart_button ajax_add_to_cart is-outline\" data-product_id=\"41230\" data-product_sku=\"130-920\" aria-label=\"In den Warenkorb legen: \u201eDessertteller MELIDES\u201c\" rel=\"nofollow\" data-success_message=\"\u201eDessertteller MELIDES\u201c wurde deinem Warenkorb hinzugef\u00fcgt\" data-product_name=\"Dessertteller MELIDES\" data-product_image=\"https:\/\/www.companhiaatlantica.pt\/wp-content\/uploads\/2022\/03\/130-920_3-150x150.jpg\" role=\"button\">In den Warenkorb<\/a><\/div>\t<span id=\"woocommerce_loop_add_to_cart_link_describedby_41230\" class=\"screen-reader-text\">\n\t\t\t<\/span>\n\t\t<\/div>\n\t<\/div>\n\t<span class=\"gtm4wp_productdata\" style=\"display:none; visibility:hidden;\" data-gtm4wp_product_data=\"{&quot;internal_id&quot;:41230,&quot;item_id&quot;:&quot;130-920&quot;,&quot;item_name&quot;:&quot;Dessertteller MELIDES&quot;,&quot;sku&quot;:&quot;130-920&quot;,&quot;price&quot;:15,&quot;stocklevel&quot;:44,&quot;stockstatus&quot;:&quot;instock&quot;,&quot;google_business_vertical&quot;:&quot;retail&quot;,&quot;item_category&quot;:&quot;Portugiesische Keramik \\u2013 Handgefertigt in Portugal&quot;,&quot;item_category2&quot;:&quot;Keramik Teller&quot;,&quot;id&quot;:&quot;130-920&quot;,&quot;productlink&quot;:&quot;https:\\\/\\\/www.companhiaatlantica.pt\\\/de\\\/produto\\\/portugiesische-keramik\\\/keramik-teller\\\/melides-teller-20cm&quot;,&quot;item_list_name&quot;:&quot;General Product List&quot;,&quot;index&quot;:3,&quot;product_type&quot;:&quot;simple&quot;,&quot;item_brand&quot;:&quot;&quot;}\"><\/span>\t<\/div>\n<\/div><\/div><!-- row -->\n<\/div>\n<div class=\"woocommerce columns-4 \"><div class=\"products row row-small large-columns-4 medium-columns-3 small-columns-1 has-equal-box-heights equalize-box\">\n<div class=\"product-small col has-hover product type-product post-41235 status-publish first instock product_cat-keramik-teller product_cat-portugiesische-keramik product_cat-sonderangebot has-post-thumbnail sale taxable shipping-taxable purchasable product-type-simple\">\n\t<div class=\"col-inner\">\n\t\n<div class=\"badge-container absolute left top z-1\">\n<div class=\"badge callout badge-circle\">\r\n  \t\t\t<div class=\"badge-inner secondary on-sale\">\r\n  \t\t\t\t<span class=\"onsale\">-18%<\/span>\r\n\t\t\t<\/div>\r\n\t\t<\/div>\r\n\t\t<div class=\"badge callout badge-circle\">\r\n\t\t\t<div class=\"badge-inner callout-new-bg is-small new-bubble\">6 pcs<\/div>\r\n\t\t<\/div>\n<div class=\"badge callout badge-circle\"><div class=\"badge-inner callout-new-bg is-small new-bubble\">6 pcs<\/div><\/div><\/div>\n\t<div class=\"product-small box \">\n\t\t<div class=\"box-image\">\n\t\t\t<div class=\"image-fade_in_back\">\n\t\t\t\t<a href=\"https:\/\/www.companhiaatlantica.pt\/de\/produto\/portugiesische-keramik\/keramik-teller\/melides-pasta-teller-22cm-6-teilig\">\n\t\t\t\t\t<img loading=\"lazy\" decoding=\"async\" width=\"700\" height=\"700\" src=\"https:\/\/www.companhiaatlantica.pt\/wp-content\/uploads\/2022\/04\/DSC0819-700x700.jpg\" class=\"attachment-woocommerce_thumbnail size-woocommerce_thumbnail\" alt=\"MELIDES Nudelteller - 6er-Satz\" srcset=\"https:\/\/www.companhiaatlantica.pt\/wp-content\/uploads\/2022\/04\/DSC0819-700x700.jpg 700w, https:\/\/www.companhiaatlantica.pt\/wp-content\/uploads\/2022\/04\/DSC0819-100x100.jpg 100w, https:\/\/www.companhiaatlantica.pt\/wp-content\/uploads\/2022\/04\/DSC0819-900x900.jpg 900w, https:\/\/www.companhiaatlantica.pt\/wp-content\/uploads\/2022\/04\/DSC0819-300x300.jpg 300w, https:\/\/www.companhiaatlantica.pt\/wp-content\/uploads\/2022\/04\/DSC0819-150x150.jpg 150w, https:\/\/www.companhiaatlantica.pt\/wp-content\/uploads\/2022\/04\/DSC0819-768x768.jpg 768w, https:\/\/www.companhiaatlantica.pt\/wp-content\/uploads\/2022\/04\/DSC0819-600x600.jpg 600w, https:\/\/www.companhiaatlantica.pt\/wp-content\/uploads\/2022\/04\/DSC0819.jpg 1000w\" sizes=\"auto, (max-width: 700px) 100vw, 700px\" title=\"\"><img loading=\"lazy\" decoding=\"async\" width=\"700\" height=\"700\" src=\"https:\/\/www.companhiaatlantica.pt\/wp-content\/uploads\/2022\/03\/melides_pasta_1-700x700.jpg\" class=\"show-on-hover absolute fill hide-for-small back-image\" alt=\"Alternative view of MELIDES Nudelteller - 6er-Satz\" aria-hidden=\"true\" srcset=\"https:\/\/www.companhiaatlantica.pt\/wp-content\/uploads\/2022\/03\/melides_pasta_1-700x700.jpg 700w, https:\/\/www.companhiaatlantica.pt\/wp-content\/uploads\/2022\/03\/melides_pasta_1-100x100.jpg 100w, https:\/\/www.companhiaatlantica.pt\/wp-content\/uploads\/2022\/03\/melides_pasta_1-900x900.jpg 900w, https:\/\/www.companhiaatlantica.pt\/wp-content\/uploads\/2022\/03\/melides_pasta_1-300x300.jpg 300w, https:\/\/www.companhiaatlantica.pt\/wp-content\/uploads\/2022\/03\/melides_pasta_1-150x150.jpg 150w, https:\/\/www.companhiaatlantica.pt\/wp-content\/uploads\/2022\/03\/melides_pasta_1-768x768.jpg 768w, https:\/\/www.companhiaatlantica.pt\/wp-content\/uploads\/2022\/03\/melides_pasta_1-600x600.jpg 600w, https:\/\/www.companhiaatlantica.pt\/wp-content\/uploads\/2022\/03\/melides_pasta_1.jpg 1000w\" sizes=\"auto, (max-width: 700px) 100vw, 700px\" title=\"\">\t\t\t\t<\/a>\n\t\t\t<\/div>\n\t\t\t<div class=\"image-tools is-small top right show-on-hover\">\n\t\t\t\t\t\t<div class=\"wishlist-icon\">\n\t\t\t<button class=\"wishlist-button button is-outline circle icon\" aria-label=\"Wunschliste\">\n\t\t\t\t<i class=\"icon-heart\" aria-hidden=\"true\"><\/i>\t\t\t<\/button>\n\t\t\t<div class=\"wishlist-popup dark\">\n\t\t\t\t\n<div\n\tclass=\"yith-wcwl-add-to-wishlist add-to-wishlist-41235 yith-wcwl-add-to-wishlist--button_default-style wishlist-fragment on-first-load\"\n\tdata-fragment-ref=\"41235\"\n\tdata-fragment-options=\"{&quot;base_url&quot;:&quot;&quot;,&quot;product_id&quot;:41235,&quot;parent_product_id&quot;:0,&quot;product_type&quot;:&quot;simple&quot;,&quot;is_single&quot;:false,&quot;in_default_wishlist&quot;:false,&quot;show_view&quot;:false,&quot;browse_wishlist_text&quot;:&quot;Siehe Ihre Wunschliste!&quot;,&quot;already_in_wishslist_text&quot;:&quot;Dieses Produkt steht bereits auf Ihrem Wunschzettel!&quot;,&quot;product_added_text&quot;:&quot;Produto adicionado!&quot;,&quot;available_multi_wishlist&quot;:false,&quot;disable_wishlist&quot;:false,&quot;show_count&quot;:false,&quot;ajax_loading&quot;:false,&quot;loop_position&quot;:&quot;after_add_to_cart&quot;,&quot;item&quot;:&quot;add_to_wishlist&quot;}\"\n>\n\t\t\t\n\t\t\t<!-- ADD TO WISHLIST -->\n\t\t\t\n<div class=\"yith-wcwl-add-button\">\n\t\t<a\n\t\thref=\"?add_to_wishlist=41235&#038;_wpnonce=4ccc3dd5cd\"\n\t\tclass=\"add_to_wishlist single_add_to_wishlist alt button theme-button-style \"\n\t\tdata-product-id=\"41235\"\n\t\tdata-product-type=\"simple\"\n\t\tdata-original-product-id=\"0\"\n\t\tdata-title=\"Zu meiner Wunschliste hinzuf\u00fcgen\"\n\t\trel=\"nofollow\"\n\t>\n\t\t<svg id=\"yith-wcwl-icon-heart-outline\" class=\"yith-wcwl-icon-svg\" fill=\"none\" stroke-width=\"1.5\" stroke=\"currentColor\" viewBox=\"0 0 24 24\" xmlns=\"http:\/\/www.w3.org\/2000\/svg\">\n  <path stroke-linecap=\"round\" stroke-linejoin=\"round\" d=\"M21 8.25c0-2.485-2.099-4.5-4.688-4.5-1.935 0-3.597 1.126-4.312 2.733-.715-1.607-2.377-2.733-4.313-2.733C5.1 3.75 3 5.765 3 8.25c0 7.22 9 12 9 12s9-4.78 9-12Z\"><\/path>\n<\/svg>\t\t<span>Zu meiner Wunschliste hinzuf\u00fcgen<\/span>\n\t<\/a>\n<\/div>\n\n\t\t\t<!-- COUNT TEXT -->\n\t\t\t\n\t\t\t<\/div>\n\t\t\t<\/div>\n\t\t<\/div>\n\t\t\t\t\t<\/div>\n\t\t\t<div class=\"image-tools is-small hide-for-small bottom left show-on-hover\">\n\t\t\t\t\t\t\t<\/div>\n\t\t\t<div class=\"image-tools grid-tools text-center hide-for-small bottom hover-slide-in show-on-hover\">\n\t\t\t\t\t\t\t<\/div>\n\t\t\t\t\t<\/div>\n\n\t\t<div class=\"box-text box-text-products\">\n\t\t\t<div class=\"title-wrapper\">\t\t<p class=\"category uppercase is-smaller no-text-overflow product-cat op-8\">\n\t\t\tKeramik Teller\t\t<\/p>\n\t<p class=\"name product-title woocommerce-loop-product__title\"><a href=\"https:\/\/www.companhiaatlantica.pt\/de\/produto\/portugiesische-keramik\/keramik-teller\/melides-pasta-teller-22cm-6-teilig\" class=\"woocommerce-LoopProduct-link woocommerce-loop-product__link\">MELIDES Nudelteller &#8211; 6er-Satz<\/a><\/p><\/div><div class=\"price-wrapper\">\n\t<span class=\"price\"><del aria-hidden=\"true\"><span class=\"woocommerce-Price-amount amount\"><bdi>108.00<span class=\"woocommerce-Price-currencySymbol\">&euro;<\/span><\/bdi><\/span><\/del> <span class=\"screen-reader-text\">Urspr\u00fcnglicher Preis war: 108.00&euro;<\/span><ins aria-hidden=\"true\"><span class=\"woocommerce-Price-amount amount\"><bdi>89.00<span class=\"woocommerce-Price-currencySymbol\">&euro;<\/span><\/bdi><\/span><\/ins><span class=\"screen-reader-text\">Aktueller Preis ist: 89.00&euro;.<\/span><\/span>\n<\/div><div class=\"add-to-cart-button\"><a href=\"\/de\/wp-json\/wp\/v2\/posts\/48557?add-to-cart=41235\" aria-describedby=\"woocommerce_loop_add_to_cart_link_describedby_41235\" data-quantity=\"1\" class=\"primary is-small mb-0 button product_type_simple add_to_cart_button ajax_add_to_cart is-outline\" data-product_id=\"41235\" data-product_sku=\"130-923.S6\" aria-label=\"In den Warenkorb legen: \u201eMELIDES Nudelteller - 6er-Satz\u201c\" rel=\"nofollow\" data-success_message=\"\u201eMELIDES Nudelteller - 6er-Satz\u201c wurde deinem Warenkorb hinzugef\u00fcgt\" data-product_name=\"MELIDES Nudelteller - 6er-Satz\" data-product_image=\"https:\/\/www.companhiaatlantica.pt\/wp-content\/uploads\/2022\/04\/DSC0819-150x150.jpg\" role=\"button\">In den Warenkorb<\/a><\/div>\t<span id=\"woocommerce_loop_add_to_cart_link_describedby_41235\" class=\"screen-reader-text\">\n\t\t\t<\/span>\n\t\t<\/div>\n\t<\/div>\n\t<span class=\"gtm4wp_productdata\" style=\"display:none; visibility:hidden;\" data-gtm4wp_product_data=\"{&quot;internal_id&quot;:41235,&quot;item_id&quot;:&quot;130-923.S6&quot;,&quot;item_name&quot;:&quot;MELIDES Nudelteller - 6er-Satz&quot;,&quot;sku&quot;:&quot;130-923.S6&quot;,&quot;price&quot;:89,&quot;stocklevel&quot;:null,&quot;stockstatus&quot;:&quot;instock&quot;,&quot;google_business_vertical&quot;:&quot;retail&quot;,&quot;item_category&quot;:&quot;Portugiesische Keramik \\u2013 Handgefertigt in Portugal&quot;,&quot;item_category2&quot;:&quot;Keramik Teller&quot;,&quot;id&quot;:&quot;130-923.S6&quot;,&quot;productlink&quot;:&quot;https:\\\/\\\/www.companhiaatlantica.pt\\\/de\\\/produto\\\/portugiesische-keramik\\\/keramik-teller\\\/melides-pasta-teller-22cm-6-teilig&quot;,&quot;item_list_name&quot;:&quot;General Product List&quot;,&quot;index&quot;:1,&quot;product_type&quot;:&quot;simple&quot;,&quot;item_brand&quot;:&quot;&quot;}\"><\/span>\t<\/div>\n<\/div><\/div><!-- row -->\n<\/div>\n\n\t<section class=\"section\" id=\"section_1267833910\">\n\t\t<div class=\"section-bg fill\" >\n\t\t\t\t\t\t\t\t\t\n\t\t\t\n\n\t\t<\/div>\n\n\t\t\n\n\t\t<div class=\"section-content relative\">\n\t\t\t\n<div class=\"row\"  id=\"row-1862654125\">\n\n\t<div id=\"col-1854586437\" class=\"col small-12 large-12\"  >\n\t\t\t\t<div class=\"col-inner\"  >\n\t\t\t\n\t\t\t\n<h3 style=\"text-align: center;\">BELEUCHTUNG<\/h3>\n\t\t<\/div>\n\t\t\t\t\t<\/div>\n\n\t\n<\/div>\n<div class=\"row row-collapse\"  id=\"row-1332195176\">\n\n\t<div id=\"col-309302977\" class=\"col medium-4 small-12 large-4\"  >\n\t\t\t\t<div class=\"col-inner\"  >\n\t\t\t\n\t\t\t\n\t<div class=\"img has-hover x md-x lg-x y md-y lg-y\" id=\"image_1364148455\">\n\t\t\t\t\t\t\t\t<div class=\"img-inner dark\" >\n\t\t\t<img loading=\"lazy\" decoding=\"async\" width=\"600\" height=\"600\" src=\"https:\/\/www.companhiaatlantica.pt\/wp-content\/uploads\/2022\/07\/MELIDES12.jpg\" class=\"attachment-large size-large\" alt=\"\" srcset=\"https:\/\/www.companhiaatlantica.pt\/wp-content\/uploads\/2022\/07\/MELIDES12.jpg 600w, https:\/\/www.companhiaatlantica.pt\/wp-content\/uploads\/2022\/07\/MELIDES12-100x100.jpg 100w\" sizes=\"auto, (max-width: 600px) 100vw, 600px\" title=\"\">\t\t\t\t\t\t\n\t\t\t\t\t<\/div>\n\t\t\t\t\t\t\t\t\n<style>\n#image_1364148455 {\n  width: 100%;\n}\n<\/style>\n\t<\/div>\n\t\n\t\t<\/div>\n\t\t\t\t\t<\/div>\n\n\t\n\n\t<div id=\"col-1975047962\" class=\"col medium-4 small-12 large-4\"  >\n\t\t\t\t<div class=\"col-inner\"  >\n\t\t\t\n\t\t\t\n\t<div class=\"img has-hover x md-x lg-x y md-y lg-y\" id=\"image_2056838871\">\n\t\t\t\t\t\t\t\t<div class=\"img-inner dark\" >\n\t\t\t<img loading=\"lazy\" decoding=\"async\" width=\"600\" height=\"600\" src=\"https:\/\/www.companhiaatlantica.pt\/wp-content\/uploads\/2022\/12\/MELIDES50.jpg\" class=\"attachment-large size-large\" alt=\"T-Light &amp; Casti\u00e7al Vidro ROSSIO\" srcset=\"https:\/\/www.companhiaatlantica.pt\/wp-content\/uploads\/2022\/12\/MELIDES50.jpg 600w, https:\/\/www.companhiaatlantica.pt\/wp-content\/uploads\/2022\/12\/MELIDES50-100x100.jpg 100w, https:\/\/www.companhiaatlantica.pt\/wp-content\/uploads\/2022\/12\/MELIDES50-300x300.jpg 300w, https:\/\/www.companhiaatlantica.pt\/wp-content\/uploads\/2022\/12\/MELIDES50-150x150.jpg 150w\" sizes=\"auto, (max-width: 600px) 100vw, 600px\" title=\"\">\t\t\t\t\t\t\n\t\t\t\t\t<\/div>\n\t\t\t\t\t\t\t\t\n<style>\n#image_2056838871 {\n  width: 100%;\n}\n<\/style>\n\t<\/div>\n\t\n\t\t<\/div>\n\t\t\t\t\t<\/div>\n\n\t\n\n\t<div id=\"col-1806241268\" class=\"col medium-4 small-12 large-4\"  >\n\t\t\t\t<div class=\"col-inner\"  >\n\t\t\t\n\t\t\t\n\t<div class=\"img has-hover x md-x lg-x y md-y lg-y\" id=\"image_1458318198\">\n\t\t\t\t\t\t\t\t<div class=\"img-inner dark\" >\n\t\t\t<img loading=\"lazy\" decoding=\"async\" width=\"600\" height=\"600\" src=\"https:\/\/www.companhiaatlantica.pt\/wp-content\/uploads\/2022\/10\/DSC2224.jpg\" class=\"attachment-large size-large\" alt=\"\" srcset=\"https:\/\/www.companhiaatlantica.pt\/wp-content\/uploads\/2022\/10\/DSC2224.jpg 600w, https:\/\/www.companhiaatlantica.pt\/wp-content\/uploads\/2022\/10\/DSC2224-100x100.jpg 100w\" sizes=\"auto, (max-width: 600px) 100vw, 600px\" title=\"\">\t\t\t\t\t\t\n\t\t\t\t\t<\/div>\n\t\t\t\t\t\t\t\t\n<style>\n#image_1458318198 {\n  width: 100%;\n}\n<\/style>\n\t<\/div>\n\t\n\t\t<\/div>\n\t\t\t\t\t<\/div>\n\n\t\n<\/div>\n\t<div id=\"gap-120927214\" class=\"gap-element clearfix\" style=\"display:block; height:auto;\">\n\t\t\n<style>\n#gap-120927214 {\n  padding-top: 30px;\n}\n<\/style>\n\t<\/div>\n\t\n<div class=\"row\"  id=\"row-1322097029\">\n\n\t<div id=\"col-1224133636\" class=\"col small-12 large-12\"  >\n\t\t\t\t<div class=\"col-inner\"  >\n\t\t\t\n\t\t\t\n\t<div id=\"text-1703833909\" class=\"text\">\n\t\t\n<p>Die <strong>Beleuchtung<\/strong> ist ein wichtiger Aspekt. Verwenden Sie Kerzen, die nicht nur eine angenehme und beruhigende Atmosph\u00e4re schaffen, sondern auch sensorische D\u00fcfte beitragen. Die <a href=\"https:\/\/www.companhiaatlantica.pt\/de\/duftkerzen-diffusoren-fur-zuhause\/dekorative-kerzen?filter_colecao=rossio-de\"><strong>ROSSIO<\/strong><\/a>-Kollektion ist ideal daf\u00fcr!<br \/>\n\t\t\n<style>\n#text-1703833909 {\n  text-align: left;\n}\n<\/style>\n\t<\/div>\n\t\n\t\t<\/div>\n\t\t\t\t\t<\/div>\n\n\t\n<\/div>\n<div class=\"woocommerce columns-4 \"><div class=\"products row row-small large-columns-4 medium-columns-3 small-columns-1 has-equal-box-heights equalize-box\">\n<div class=\"product-small col has-hover product type-product post-41008 status-publish first instock product_cat-dekorative-kerzen product_cat-duftkerzen-diffusoren-fur-zuhause has-post-thumbnail taxable shipping-taxable purchasable product-type-variable has-default-attributes\">\n\t<div class=\"col-inner\">\n\t\n<div class=\"badge-container absolute left top z-1\">\n\n<div class=\"badge callout badge-circle\"><div class=\"badge-inner callout-new-bg is-small new-bubble\">BEGRENZT<\/div><\/div><\/div>\n\t<div class=\"product-small box \">\n\t\t<div class=\"box-image\">\n\t\t\t<div class=\"image-fade_in_back\">\n\t\t\t\t<a href=\"https:\/\/www.companhiaatlantica.pt\/de\/produto\/duftkerzen-diffusoren-fur-zuhause\/dekorative-kerzen\/t-licht-undamp-kerzenleuchter-glas-rossio\">\n\t\t\t\t\t<img loading=\"lazy\" decoding=\"async\" width=\"700\" height=\"700\" src=\"https:\/\/www.companhiaatlantica.pt\/wp-content\/uploads\/2022\/10\/rossio_candleholders_ROSSIO_colors-700x700.jpg\" class=\"attachment-woocommerce_thumbnail size-woocommerce_thumbnail\" alt=\"T-Licht &amp; Kerzenleuchter Glas ROSSIO\" srcset=\"https:\/\/www.companhiaatlantica.pt\/wp-content\/uploads\/2022\/10\/rossio_candleholders_ROSSIO_colors-700x700.jpg 700w, https:\/\/www.companhiaatlantica.pt\/wp-content\/uploads\/2022\/10\/rossio_candleholders_ROSSIO_colors-100x100.jpg 100w, https:\/\/www.companhiaatlantica.pt\/wp-content\/uploads\/2022\/10\/rossio_candleholders_ROSSIO_colors-900x900.jpg 900w, https:\/\/www.companhiaatlantica.pt\/wp-content\/uploads\/2022\/10\/rossio_candleholders_ROSSIO_colors-300x300.jpg 300w, https:\/\/www.companhiaatlantica.pt\/wp-content\/uploads\/2022\/10\/rossio_candleholders_ROSSIO_colors-150x150.jpg 150w, https:\/\/www.companhiaatlantica.pt\/wp-content\/uploads\/2022\/10\/rossio_candleholders_ROSSIO_colors-768x768.jpg 768w, https:\/\/www.companhiaatlantica.pt\/wp-content\/uploads\/2022\/10\/rossio_candleholders_ROSSIO_colors-600x600.jpg 600w, https:\/\/www.companhiaatlantica.pt\/wp-content\/uploads\/2022\/10\/rossio_candleholders_ROSSIO_colors.jpg 1000w\" sizes=\"auto, (max-width: 700px) 100vw, 700px\" title=\"\"><img loading=\"lazy\" decoding=\"async\" width=\"600\" height=\"600\" src=\"https:\/\/www.companhiaatlantica.pt\/wp-content\/uploads\/2022\/10\/DSC2239.jpg\" class=\"show-on-hover absolute fill hide-for-small back-image\" alt=\"Alternative view of T-Licht &amp; Kerzenleuchter Glas ROSSIO\" aria-hidden=\"true\" srcset=\"https:\/\/www.companhiaatlantica.pt\/wp-content\/uploads\/2022\/10\/DSC2239.jpg 600w, https:\/\/www.companhiaatlantica.pt\/wp-content\/uploads\/2022\/10\/DSC2239-100x100.jpg 100w\" sizes=\"auto, (max-width: 600px) 100vw, 600px\" title=\"\">\t\t\t\t<\/a>\n\t\t\t<\/div>\n\t\t\t<div class=\"image-tools is-small top right show-on-hover\">\n\t\t\t\t\t\t<div class=\"wishlist-icon\">\n\t\t\t<button class=\"wishlist-button button is-outline circle icon\" aria-label=\"Wunschliste\">\n\t\t\t\t<i class=\"icon-heart\" aria-hidden=\"true\"><\/i>\t\t\t<\/button>\n\t\t\t<div class=\"wishlist-popup dark\">\n\t\t\t\t\n<div\n\tclass=\"yith-wcwl-add-to-wishlist add-to-wishlist-41008 yith-wcwl-add-to-wishlist--button_default-style wishlist-fragment on-first-load\"\n\tdata-fragment-ref=\"41008\"\n\tdata-fragment-options=\"{&quot;base_url&quot;:&quot;&quot;,&quot;product_id&quot;:41008,&quot;parent_product_id&quot;:0,&quot;product_type&quot;:&quot;variable&quot;,&quot;is_single&quot;:false,&quot;in_default_wishlist&quot;:false,&quot;show_view&quot;:false,&quot;browse_wishlist_text&quot;:&quot;Siehe Ihre Wunschliste!&quot;,&quot;already_in_wishslist_text&quot;:&quot;Dieses Produkt steht bereits auf Ihrem Wunschzettel!&quot;,&quot;product_added_text&quot;:&quot;Produto adicionado!&quot;,&quot;available_multi_wishlist&quot;:false,&quot;disable_wishlist&quot;:false,&quot;show_count&quot;:false,&quot;ajax_loading&quot;:false,&quot;loop_position&quot;:&quot;after_add_to_cart&quot;,&quot;item&quot;:&quot;add_to_wishlist&quot;}\"\n>\n\t\t\t\n\t\t\t<!-- ADD TO WISHLIST -->\n\t\t\t\n<div class=\"yith-wcwl-add-button\">\n\t\t<a\n\t\thref=\"?add_to_wishlist=41008&#038;_wpnonce=4ccc3dd5cd\"\n\t\tclass=\"add_to_wishlist single_add_to_wishlist alt button theme-button-style \"\n\t\tdata-product-id=\"41008\"\n\t\tdata-product-type=\"variable\"\n\t\tdata-original-product-id=\"0\"\n\t\tdata-title=\"Zu meiner Wunschliste hinzuf\u00fcgen\"\n\t\trel=\"nofollow\"\n\t>\n\t\t<svg id=\"yith-wcwl-icon-heart-outline\" class=\"yith-wcwl-icon-svg\" fill=\"none\" stroke-width=\"1.5\" stroke=\"currentColor\" viewBox=\"0 0 24 24\" xmlns=\"http:\/\/www.w3.org\/2000\/svg\">\n  <path stroke-linecap=\"round\" stroke-linejoin=\"round\" d=\"M21 8.25c0-2.485-2.099-4.5-4.688-4.5-1.935 0-3.597 1.126-4.312 2.733-.715-1.607-2.377-2.733-4.313-2.733C5.1 3.75 3 5.765 3 8.25c0 7.22 9 12 9 12s9-4.78 9-12Z\"><\/path>\n<\/svg>\t\t<span>Zu meiner Wunschliste hinzuf\u00fcgen<\/span>\n\t<\/a>\n<\/div>\n\n\t\t\t<!-- COUNT TEXT -->\n\t\t\t\n\t\t\t<\/div>\n\t\t\t<\/div>\n\t\t<\/div>\n\t\t\t\t\t<\/div>\n\t\t\t<div class=\"image-tools is-small hide-for-small bottom left show-on-hover\">\n\t\t\t\t\t\t\t<\/div>\n\t\t\t<div class=\"image-tools grid-tools text-center hide-for-small bottom hover-slide-in show-on-hover\">\n\t\t\t\t\t\t\t<\/div>\n\t\t\t\t\t<\/div>\n\n\t\t<div class=\"box-text box-text-products\">\n\t\t\t<div class=\"title-wrapper\">\t\t<p class=\"category uppercase is-smaller no-text-overflow product-cat op-8\">\n\t\t\tDekorative Kerzen\t\t<\/p>\n\t<p class=\"name product-title woocommerce-loop-product__title\"><a href=\"https:\/\/www.companhiaatlantica.pt\/de\/produto\/duftkerzen-diffusoren-fur-zuhause\/dekorative-kerzen\/t-licht-undamp-kerzenleuchter-glas-rossio\" class=\"woocommerce-LoopProduct-link woocommerce-loop-product__link\">T-Licht &amp; Kerzenleuchter Glas ROSSIO<\/a><\/p><\/div><div class=\"price-wrapper\">\n\t<span class=\"price\"><span class=\"woocommerce-Price-amount amount\"><bdi>7.95<span class=\"woocommerce-Price-currencySymbol\">&euro;<\/span><\/bdi><\/span><\/span>\n<\/div><div class=\"add-to-cart-button\"><a href=\"https:\/\/www.companhiaatlantica.pt\/de\/produto\/duftkerzen-diffusoren-fur-zuhause\/dekorative-kerzen\/t-licht-undamp-kerzenleuchter-glas-rossio\" aria-describedby=\"woocommerce_loop_add_to_cart_link_describedby_41008\" data-quantity=\"1\" class=\"primary is-small mb-0 button product_type_variable add_to_cart_button is-outline\" data-product_id=\"41008\" data-product_sku=\"\" aria-label=\"W\u00e4hle Optionen f\u00fcr \u201eT-Licht &amp; Kerzenleuchter Glas ROSSIO\u201c\" rel=\"nofollow\" data-product_name=\"T-Licht &amp; Kerzenleuchter Glas ROSSIO\" data-product_image=\"https:\/\/www.companhiaatlantica.pt\/wp-content\/uploads\/2022\/10\/rossio_candleholders_ROSSIO_colors-150x150.jpg\">Ausf\u00fchrung w\u00e4hlen<\/a><\/div>\t<span id=\"woocommerce_loop_add_to_cart_link_describedby_41008\" class=\"screen-reader-text\">\n\t\tDieses Produkt weist mehrere Varianten auf. Die Optionen k\u00f6nnen auf der Produktseite gew\u00e4hlt werden\t<\/span>\n\t\t<\/div>\n\t<\/div>\n\t<span class=\"gtm4wp_productdata\" style=\"display:none; visibility:hidden;\" data-gtm4wp_product_data=\"{&quot;internal_id&quot;:41008,&quot;item_id&quot;:41008,&quot;item_name&quot;:&quot;T-Licht &amp; Kerzenleuchter Glas ROSSIO&quot;,&quot;sku&quot;:41008,&quot;price&quot;:7.95000000000000017763568394002504646778106689453125,&quot;stocklevel&quot;:null,&quot;stockstatus&quot;:&quot;instock&quot;,&quot;google_business_vertical&quot;:&quot;retail&quot;,&quot;item_category&quot;:&quot;Velas e Difusores de aromas&quot;,&quot;item_category2&quot;:&quot;Velas Decorativas&quot;,&quot;id&quot;:41008,&quot;productlink&quot;:&quot;https:\\\/\\\/www.companhiaatlantica.pt\\\/de\\\/produto\\\/duftkerzen-diffusoren-fur-zuhause\\\/dekorative-kerzen\\\/t-licht-undamp-kerzenleuchter-glas-rossio&quot;,&quot;item_list_name&quot;:&quot;General Product List&quot;,&quot;index&quot;:1,&quot;product_type&quot;:&quot;variable&quot;,&quot;item_brand&quot;:&quot;&quot;}\"><\/span>\t<\/div>\n<\/div><div class=\"product-small col has-hover product type-product post-41063 status-publish instock product_cat-dekorative-kerzen product_cat-duftkerzen-diffusoren-fur-zuhause has-post-thumbnail taxable shipping-taxable purchasable product-type-variable\">\n\t<div class=\"col-inner\">\n\t\n<div class=\"badge-container absolute left top z-1\">\n\n<div class=\"badge callout badge-circle\"><div class=\"badge-inner callout-new-bg is-small new-bubble\">BEGRENZT<\/div><\/div><\/div>\n\t<div class=\"product-small box \">\n\t\t<div class=\"box-image\">\n\t\t\t<div class=\"image-fade_in_back\">\n\t\t\t\t<a href=\"https:\/\/www.companhiaatlantica.pt\/de\/produto\/duftkerzen-diffusoren-fur-zuhause\/dekorative-kerzen\/kerzenstander-glas-t-licht-atlas\">\n\t\t\t\t\t<img loading=\"lazy\" decoding=\"async\" width=\"700\" height=\"700\" src=\"https:\/\/www.companhiaatlantica.pt\/wp-content\/uploads\/2022\/09\/copos_atlas_T_Light_ALL-700x700.jpg\" class=\"attachment-woocommerce_thumbnail size-woocommerce_thumbnail\" alt=\"Kerzenst\u00e4nder Glas T-Licht ATLAS\" srcset=\"https:\/\/www.companhiaatlantica.pt\/wp-content\/uploads\/2022\/09\/copos_atlas_T_Light_ALL-700x700.jpg 700w, https:\/\/www.companhiaatlantica.pt\/wp-content\/uploads\/2022\/09\/copos_atlas_T_Light_ALL-100x100.jpg 100w, https:\/\/www.companhiaatlantica.pt\/wp-content\/uploads\/2022\/09\/copos_atlas_T_Light_ALL-900x900.jpg 900w, https:\/\/www.companhiaatlantica.pt\/wp-content\/uploads\/2022\/09\/copos_atlas_T_Light_ALL-300x300.jpg 300w, https:\/\/www.companhiaatlantica.pt\/wp-content\/uploads\/2022\/09\/copos_atlas_T_Light_ALL-150x150.jpg 150w, https:\/\/www.companhiaatlantica.pt\/wp-content\/uploads\/2022\/09\/copos_atlas_T_Light_ALL-768x768.jpg 768w, https:\/\/www.companhiaatlantica.pt\/wp-content\/uploads\/2022\/09\/copos_atlas_T_Light_ALL-600x600.jpg 600w, https:\/\/www.companhiaatlantica.pt\/wp-content\/uploads\/2022\/09\/copos_atlas_T_Light_ALL.jpg 1000w\" sizes=\"auto, (max-width: 700px) 100vw, 700px\" title=\"\"><img loading=\"lazy\" decoding=\"async\" width=\"700\" height=\"700\" src=\"https:\/\/www.companhiaatlantica.pt\/wp-content\/uploads\/2022\/09\/200-014-700x700.jpg\" class=\"show-on-hover absolute fill hide-for-small back-image\" alt=\"Alternative view of Kerzenst\u00e4nder Glas T-Licht ATLAS\" aria-hidden=\"true\" srcset=\"https:\/\/www.companhiaatlantica.pt\/wp-content\/uploads\/2022\/09\/200-014-700x700.jpg 700w, https:\/\/www.companhiaatlantica.pt\/wp-content\/uploads\/2022\/09\/200-014-100x100.jpg 100w, https:\/\/www.companhiaatlantica.pt\/wp-content\/uploads\/2022\/09\/200-014-900x900.jpg 900w, https:\/\/www.companhiaatlantica.pt\/wp-content\/uploads\/2022\/09\/200-014-300x300.jpg 300w, https:\/\/www.companhiaatlantica.pt\/wp-content\/uploads\/2022\/09\/200-014-150x150.jpg 150w, https:\/\/www.companhiaatlantica.pt\/wp-content\/uploads\/2022\/09\/200-014-768x768.jpg 768w, https:\/\/www.companhiaatlantica.pt\/wp-content\/uploads\/2022\/09\/200-014-600x600.jpg 600w, https:\/\/www.companhiaatlantica.pt\/wp-content\/uploads\/2022\/09\/200-014.jpg 1000w\" sizes=\"auto, (max-width: 700px) 100vw, 700px\" title=\"\">\t\t\t\t<\/a>\n\t\t\t<\/div>\n\t\t\t<div class=\"image-tools is-small top right show-on-hover\">\n\t\t\t\t\t\t<div class=\"wishlist-icon\">\n\t\t\t<button class=\"wishlist-button button is-outline circle icon\" aria-label=\"Wunschliste\">\n\t\t\t\t<i class=\"icon-heart\" aria-hidden=\"true\"><\/i>\t\t\t<\/button>\n\t\t\t<div class=\"wishlist-popup dark\">\n\t\t\t\t\n<div\n\tclass=\"yith-wcwl-add-to-wishlist add-to-wishlist-41063 yith-wcwl-add-to-wishlist--button_default-style wishlist-fragment on-first-load\"\n\tdata-fragment-ref=\"41063\"\n\tdata-fragment-options=\"{&quot;base_url&quot;:&quot;&quot;,&quot;product_id&quot;:41063,&quot;parent_product_id&quot;:0,&quot;product_type&quot;:&quot;variable&quot;,&quot;is_single&quot;:false,&quot;in_default_wishlist&quot;:false,&quot;show_view&quot;:false,&quot;browse_wishlist_text&quot;:&quot;Siehe Ihre Wunschliste!&quot;,&quot;already_in_wishslist_text&quot;:&quot;Dieses Produkt steht bereits auf Ihrem Wunschzettel!&quot;,&quot;product_added_text&quot;:&quot;Produto adicionado!&quot;,&quot;available_multi_wishlist&quot;:false,&quot;disable_wishlist&quot;:false,&quot;show_count&quot;:false,&quot;ajax_loading&quot;:false,&quot;loop_position&quot;:&quot;after_add_to_cart&quot;,&quot;item&quot;:&quot;add_to_wishlist&quot;}\"\n>\n\t\t\t\n\t\t\t<!-- ADD TO WISHLIST -->\n\t\t\t\n<div class=\"yith-wcwl-add-button\">\n\t\t<a\n\t\thref=\"?add_to_wishlist=41063&#038;_wpnonce=4ccc3dd5cd\"\n\t\tclass=\"add_to_wishlist single_add_to_wishlist alt button theme-button-style \"\n\t\tdata-product-id=\"41063\"\n\t\tdata-product-type=\"variable\"\n\t\tdata-original-product-id=\"0\"\n\t\tdata-title=\"Zu meiner Wunschliste hinzuf\u00fcgen\"\n\t\trel=\"nofollow\"\n\t>\n\t\t<svg id=\"yith-wcwl-icon-heart-outline\" class=\"yith-wcwl-icon-svg\" fill=\"none\" stroke-width=\"1.5\" stroke=\"currentColor\" viewBox=\"0 0 24 24\" xmlns=\"http:\/\/www.w3.org\/2000\/svg\">\n  <path stroke-linecap=\"round\" stroke-linejoin=\"round\" d=\"M21 8.25c0-2.485-2.099-4.5-4.688-4.5-1.935 0-3.597 1.126-4.312 2.733-.715-1.607-2.377-2.733-4.313-2.733C5.1 3.75 3 5.765 3 8.25c0 7.22 9 12 9 12s9-4.78 9-12Z\"><\/path>\n<\/svg>\t\t<span>Zu meiner Wunschliste hinzuf\u00fcgen<\/span>\n\t<\/a>\n<\/div>\n\n\t\t\t<!-- COUNT TEXT -->\n\t\t\t\n\t\t\t<\/div>\n\t\t\t<\/div>\n\t\t<\/div>\n\t\t\t\t\t<\/div>\n\t\t\t<div class=\"image-tools is-small hide-for-small bottom left show-on-hover\">\n\t\t\t\t\t\t\t<\/div>\n\t\t\t<div class=\"image-tools grid-tools text-center hide-for-small bottom hover-slide-in show-on-hover\">\n\t\t\t\t\t\t\t<\/div>\n\t\t\t\t\t<\/div>\n\n\t\t<div class=\"box-text box-text-products\">\n\t\t\t<div class=\"title-wrapper\">\t\t<p class=\"category uppercase is-smaller no-text-overflow product-cat op-8\">\n\t\t\tDekorative Kerzen\t\t<\/p>\n\t<p class=\"name product-title woocommerce-loop-product__title\"><a href=\"https:\/\/www.companhiaatlantica.pt\/de\/produto\/duftkerzen-diffusoren-fur-zuhause\/dekorative-kerzen\/kerzenstander-glas-t-licht-atlas\" class=\"woocommerce-LoopProduct-link woocommerce-loop-product__link\">Kerzenst\u00e4nder Glas T-Licht ATLAS<\/a><\/p><\/div><div class=\"price-wrapper\">\n\t<span class=\"price\"><span class=\"woocommerce-Price-amount amount\"><bdi>4.95<span class=\"woocommerce-Price-currencySymbol\">&euro;<\/span><\/bdi><\/span><\/span>\n<\/div><div class=\"add-to-cart-button\"><a href=\"https:\/\/www.companhiaatlantica.pt\/de\/produto\/duftkerzen-diffusoren-fur-zuhause\/dekorative-kerzen\/kerzenstander-glas-t-licht-atlas\" aria-describedby=\"woocommerce_loop_add_to_cart_link_describedby_41063\" data-quantity=\"1\" class=\"primary is-small mb-0 button product_type_variable add_to_cart_button is-outline\" data-product_id=\"41063\" data-product_sku=\"\" aria-label=\"W\u00e4hle Optionen f\u00fcr \u201eKerzenst\u00e4nder Glas T-Licht ATLAS\u201c\" rel=\"nofollow\" data-product_name=\"Kerzenst\u00e4nder Glas T-Licht ATLAS\" data-product_image=\"https:\/\/www.companhiaatlantica.pt\/wp-content\/uploads\/2022\/09\/copos_atlas_T_Light_ALL-150x150.jpg\">Ausf\u00fchrung w\u00e4hlen<\/a><\/div>\t<span id=\"woocommerce_loop_add_to_cart_link_describedby_41063\" class=\"screen-reader-text\">\n\t\tDieses Produkt weist mehrere Varianten auf. Die Optionen k\u00f6nnen auf der Produktseite gew\u00e4hlt werden\t<\/span>\n\t\t<\/div>\n\t<\/div>\n\t<span class=\"gtm4wp_productdata\" style=\"display:none; visibility:hidden;\" data-gtm4wp_product_data=\"{&quot;internal_id&quot;:41063,&quot;item_id&quot;:41063,&quot;item_name&quot;:&quot;Kerzenst\\u00e4nder Glas T-Licht ATLAS&quot;,&quot;sku&quot;:41063,&quot;price&quot;:4.95000000000000017763568394002504646778106689453125,&quot;stocklevel&quot;:null,&quot;stockstatus&quot;:&quot;instock&quot;,&quot;google_business_vertical&quot;:&quot;retail&quot;,&quot;item_category&quot;:&quot;Velas e Difusores de aromas&quot;,&quot;item_category2&quot;:&quot;Velas Decorativas&quot;,&quot;id&quot;:41063,&quot;productlink&quot;:&quot;https:\\\/\\\/www.companhiaatlantica.pt\\\/de\\\/produto\\\/duftkerzen-diffusoren-fur-zuhause\\\/dekorative-kerzen\\\/kerzenstander-glas-t-licht-atlas&quot;,&quot;item_list_name&quot;:&quot;General Product List&quot;,&quot;index&quot;:2,&quot;product_type&quot;:&quot;variable&quot;,&quot;item_brand&quot;:&quot;&quot;}\"><\/span>\t<\/div>\n<\/div><div class=\"product-small col has-hover product type-product post-41006 status-publish instock product_cat-dekorative-kerzen product_cat-duftkerzen-diffusoren-fur-zuhause has-post-thumbnail taxable shipping-taxable purchasable product-type-simple\">\n\t<div class=\"col-inner\">\n\t\n<div class=\"badge-container absolute left top z-1\">\n\n<div class=\"badge callout badge-circle\"><div class=\"badge-inner callout-new-bg is-small new-bubble\">BEGRENZT<\/div><\/div><\/div>\n\t<div class=\"product-small box \">\n\t\t<div class=\"box-image\">\n\t\t\t<div class=\"image-fade_in_back\">\n\t\t\t\t<a href=\"https:\/\/www.companhiaatlantica.pt\/de\/produto\/duftkerzen-diffusoren-fur-zuhause\/dekorative-kerzen\/castical-t-light-glass-light-glass\">\n\t\t\t\t\t<img loading=\"lazy\" decoding=\"async\" width=\"700\" height=\"700\" src=\"https:\/\/www.companhiaatlantica.pt\/wp-content\/uploads\/2022\/08\/120-013-700x700.jpg\" class=\"attachment-woocommerce_thumbnail size-woocommerce_thumbnail\" alt=\"T-light Kerzenleuchter Flieder Glas LEVE\" srcset=\"https:\/\/www.companhiaatlantica.pt\/wp-content\/uploads\/2022\/08\/120-013-700x700.jpg 700w, https:\/\/www.companhiaatlantica.pt\/wp-content\/uploads\/2022\/08\/120-013-100x100.jpg 100w, https:\/\/www.companhiaatlantica.pt\/wp-content\/uploads\/2022\/08\/120-013-600x600.jpg 600w, https:\/\/www.companhiaatlantica.pt\/wp-content\/uploads\/2022\/08\/120-013-300x300.jpg 300w, https:\/\/www.companhiaatlantica.pt\/wp-content\/uploads\/2022\/08\/120-013-150x150.jpg 150w, https:\/\/www.companhiaatlantica.pt\/wp-content\/uploads\/2022\/08\/120-013-768x768.jpg 768w, https:\/\/www.companhiaatlantica.pt\/wp-content\/uploads\/2022\/08\/120-013.jpg 830w\" sizes=\"auto, (max-width: 700px) 100vw, 700px\" title=\"\">\t\t\t\t<\/a>\n\t\t\t<\/div>\n\t\t\t<div class=\"image-tools is-small top right show-on-hover\">\n\t\t\t\t\t\t<div class=\"wishlist-icon\">\n\t\t\t<button class=\"wishlist-button button is-outline circle icon\" aria-label=\"Wunschliste\">\n\t\t\t\t<i class=\"icon-heart\" aria-hidden=\"true\"><\/i>\t\t\t<\/button>\n\t\t\t<div class=\"wishlist-popup dark\">\n\t\t\t\t\n<div\n\tclass=\"yith-wcwl-add-to-wishlist add-to-wishlist-41006 yith-wcwl-add-to-wishlist--button_default-style wishlist-fragment on-first-load\"\n\tdata-fragment-ref=\"41006\"\n\tdata-fragment-options=\"{&quot;base_url&quot;:&quot;&quot;,&quot;product_id&quot;:41006,&quot;parent_product_id&quot;:0,&quot;product_type&quot;:&quot;simple&quot;,&quot;is_single&quot;:false,&quot;in_default_wishlist&quot;:false,&quot;show_view&quot;:false,&quot;browse_wishlist_text&quot;:&quot;Siehe Ihre Wunschliste!&quot;,&quot;already_in_wishslist_text&quot;:&quot;Dieses Produkt steht bereits auf Ihrem Wunschzettel!&quot;,&quot;product_added_text&quot;:&quot;Produto adicionado!&quot;,&quot;available_multi_wishlist&quot;:false,&quot;disable_wishlist&quot;:false,&quot;show_count&quot;:false,&quot;ajax_loading&quot;:false,&quot;loop_position&quot;:&quot;after_add_to_cart&quot;,&quot;item&quot;:&quot;add_to_wishlist&quot;}\"\n>\n\t\t\t\n\t\t\t<!-- ADD TO WISHLIST -->\n\t\t\t\n<div class=\"yith-wcwl-add-button\">\n\t\t<a\n\t\thref=\"?add_to_wishlist=41006&#038;_wpnonce=4ccc3dd5cd\"\n\t\tclass=\"add_to_wishlist single_add_to_wishlist alt button theme-button-style \"\n\t\tdata-product-id=\"41006\"\n\t\tdata-product-type=\"simple\"\n\t\tdata-original-product-id=\"0\"\n\t\tdata-title=\"Zu meiner Wunschliste hinzuf\u00fcgen\"\n\t\trel=\"nofollow\"\n\t>\n\t\t<svg id=\"yith-wcwl-icon-heart-outline\" class=\"yith-wcwl-icon-svg\" fill=\"none\" stroke-width=\"1.5\" stroke=\"currentColor\" viewBox=\"0 0 24 24\" xmlns=\"http:\/\/www.w3.org\/2000\/svg\">\n  <path stroke-linecap=\"round\" stroke-linejoin=\"round\" d=\"M21 8.25c0-2.485-2.099-4.5-4.688-4.5-1.935 0-3.597 1.126-4.312 2.733-.715-1.607-2.377-2.733-4.313-2.733C5.1 3.75 3 5.765 3 8.25c0 7.22 9 12 9 12s9-4.78 9-12Z\"><\/path>\n<\/svg>\t\t<span>Zu meiner Wunschliste hinzuf\u00fcgen<\/span>\n\t<\/a>\n<\/div>\n\n\t\t\t<!-- COUNT TEXT -->\n\t\t\t\n\t\t\t<\/div>\n\t\t\t<\/div>\n\t\t<\/div>\n\t\t\t\t\t<\/div>\n\t\t\t<div class=\"image-tools is-small hide-for-small bottom left show-on-hover\">\n\t\t\t\t\t\t\t<\/div>\n\t\t\t<div class=\"image-tools grid-tools text-center hide-for-small bottom hover-slide-in show-on-hover\">\n\t\t\t\t\t\t\t<\/div>\n\t\t\t\t\t<\/div>\n\n\t\t<div class=\"box-text box-text-products\">\n\t\t\t<div class=\"title-wrapper\">\t\t<p class=\"category uppercase is-smaller no-text-overflow product-cat op-8\">\n\t\t\tDekorative Kerzen\t\t<\/p>\n\t<p class=\"name product-title woocommerce-loop-product__title\"><a href=\"https:\/\/www.companhiaatlantica.pt\/de\/produto\/duftkerzen-diffusoren-fur-zuhause\/dekorative-kerzen\/castical-t-light-glass-light-glass\" class=\"woocommerce-LoopProduct-link woocommerce-loop-product__link\">T-light Kerzenleuchter Flieder Glas LEVE<\/a><\/p><\/div><div class=\"price-wrapper\">\n\t<span class=\"price\"><span class=\"woocommerce-Price-amount amount\"><bdi>12.95<span class=\"woocommerce-Price-currencySymbol\">&euro;<\/span><\/bdi><\/span><\/span>\n<\/div><div class=\"add-to-cart-button\"><a href=\"\/de\/wp-json\/wp\/v2\/posts\/48557?add-to-cart=41006\" aria-describedby=\"woocommerce_loop_add_to_cart_link_describedby_41006\" data-quantity=\"1\" class=\"primary is-small mb-0 button product_type_simple add_to_cart_button ajax_add_to_cart is-outline\" data-product_id=\"41006\" data-product_sku=\"120-013\" aria-label=\"In den Warenkorb legen: \u201eT-light Kerzenleuchter Flieder Glas LEVE\u201c\" rel=\"nofollow\" data-success_message=\"\u201eT-light Kerzenleuchter Flieder Glas LEVE\u201c wurde deinem Warenkorb hinzugef\u00fcgt\" data-product_name=\"T-light Kerzenleuchter Flieder Glas LEVE\" data-product_image=\"https:\/\/www.companhiaatlantica.pt\/wp-content\/uploads\/2022\/08\/120-013-150x150.jpg\" role=\"button\">In den Warenkorb<\/a><\/div>\t<span id=\"woocommerce_loop_add_to_cart_link_describedby_41006\" class=\"screen-reader-text\">\n\t\t\t<\/span>\n\t\t<\/div>\n\t<\/div>\n\t<span class=\"gtm4wp_productdata\" style=\"display:none; visibility:hidden;\" data-gtm4wp_product_data=\"{&quot;internal_id&quot;:41006,&quot;item_id&quot;:&quot;120-013&quot;,&quot;item_name&quot;:&quot;T-light Kerzenleuchter Flieder Glas LEVE&quot;,&quot;sku&quot;:&quot;120-013&quot;,&quot;price&quot;:12.949999999999999289457264239899814128875732421875,&quot;stocklevel&quot;:108,&quot;stockstatus&quot;:&quot;instock&quot;,&quot;google_business_vertical&quot;:&quot;retail&quot;,&quot;item_category&quot;:&quot;Velas e Difusores de aromas&quot;,&quot;id&quot;:&quot;120-013&quot;,&quot;productlink&quot;:&quot;https:\\\/\\\/www.companhiaatlantica.pt\\\/de\\\/produto\\\/duftkerzen-diffusoren-fur-zuhause\\\/dekorative-kerzen\\\/castical-t-light-glass-light-glass&quot;,&quot;item_list_name&quot;:&quot;General Product List&quot;,&quot;index&quot;:3,&quot;product_type&quot;:&quot;simple&quot;,&quot;item_brand&quot;:&quot;&quot;}\"><\/span>\t<\/div>\n<\/div><\/div><!-- row -->\n<\/div>\n\t\t<\/div>\n\n\t\t\n<style>\n#section_1267833910 {\n  padding-top: 30px;\n  padding-bottom: 30px;\n}\n<\/style>\n\t<\/section>\n\t\n<p>Die C\u00aa Atl\u00e2ntica w\u00fcnscht Ihnen ein nachhaltiges frohes Weihnachtsfest!<\/p>\n","protected":false},"excerpt":{"rendered":"<p>Die C\u00aa Atl\u00e2ntica w\u00fcnscht Ihnen ein nachhaltiges frohes Weihnachtsfest!<\/p>\n","protected":false},"author":636,"featured_media":45176,"comment_status":"closed","ping_status":"open","sticky":false,"template":"","format":"standard","meta":{"footnotes":""},"categories":[3132],"tags":[],"class_list":["post-48557","post","type-post","status-publish","format-standard","has-post-thumbnail","hentry","category-artikel"],"_links":{"self":[{"href":"https:\/\/www.companhiaatlantica.pt\/de\/wp-json\/wp\/v2\/posts\/48557","targetHints":{"allow":["GET"]}}],"collection":[{"href":"https:\/\/www.companhiaatlantica.pt\/de\/wp-json\/wp\/v2\/posts"}],"about":[{"href":"https:\/\/www.companhiaatlantica.pt\/de\/wp-json\/wp\/v2\/types\/post"}],"author":[{"embeddable":true,"href":"https:\/\/www.companhiaatlantica.pt\/de\/wp-json\/wp\/v2\/users\/636"}],"replies":[{"embeddable":true,"href":"https:\/\/www.companhiaatlantica.pt\/de\/wp-json\/wp\/v2\/comments?post=48557"}],"version-history":[{"count":5,"href":"https:\/\/www.companhiaatlantica.pt\/de\/wp-json\/wp\/v2\/posts\/48557\/revisions"}],"predecessor-version":[{"id":82489,"href":"https:\/\/www.companhiaatlantica.pt\/de\/wp-json\/wp\/v2\/posts\/48557\/revisions\/82489"}],"wp:featuredmedia":[{"embeddable":true,"href":"https:\/\/www.companhiaatlantica.pt\/de\/wp-json\/wp\/v2\/media\/45176"}],"wp:attachment":[{"href":"https:\/\/www.companhiaatlantica.pt\/de\/wp-json\/wp\/v2\/media?parent=48557"}],"wp:term":[{"taxonomy":"category","embeddable":true,"href":"https:\/\/www.companhiaatlantica.pt\/de\/wp-json\/wp\/v2\/categories?post=48557"},{"taxonomy":"post_tag","embeddable":true,"href":"https:\/\/www.companhiaatlantica.pt\/de\/wp-json\/wp\/v2\/tags?post=48557"}],"curies":[{"name":"wp","href":"https:\/\/api.w.org\/{rel}","templated":true}]}}