{"id":59415,"date":"2024-05-27T17:01:10","date_gmt":"2024-05-27T16:01:10","guid":{"rendered":"https:\/\/www.companhiaatlantica.pt\/?p=59415"},"modified":"2024-08-19T10:53:04","modified_gmt":"2024-08-19T09:53:04","slug":"portugiesisches-olivenoel-geschmack-und-tradition","status":"publish","type":"post","link":"https:\/\/www.companhiaatlantica.pt\/de\/artikel\/portugiesisches-olivenoel-geschmack-und-tradition","title":{"rendered":"Portugiesisches Oliven\u00f6l: Geschmack und Tradition"},"content":{"rendered":"\n  <div class=\"banner has-hover\" id=\"banner-651568977\">\n          <div class=\"banner-inner fill\">\n        <div class=\"banner-bg fill\" >\n            <img loading=\"lazy\" decoding=\"async\" width=\"1020\" height=\"1020\" src=\"https:\/\/www.companhiaatlantica.pt\/wp-content\/uploads\/2021\/03\/miniatura-azeite-1024x1024.webp\" class=\"bg attachment-large size-large\" alt=\"galheteiro de azeite\" title=\"\">                                    \n                    <\/div>\n\t\t\n        <div class=\"banner-layers container\">\n            <div class=\"fill banner-link\"><\/div>            \n   <div id=\"text-box-1656697240\" class=\"text-box banner-layer x50 md-x50 lg-x50 y65 md-y65 lg-y65 res-text\">\n                                <div class=\"text-box-content text dark\">\n              \n              <div class=\"text-inner text-center\">\n                  \n<h3 class=\"uppercase\"><strong>Portugiesisches Oliven\u00f6l: Geschmack und Tradition<\/strong><\/h3>\n<p><strong>Sie erforscht portugiesisches Oliven\u00f6l, ein Produkt, das f\u00fcr seine hervorragende Qualit\u00e4t und seine jahrhundertealte Tradition bekannt ist. <\/strong><\/p>\n              <\/div>\n           <\/div>\n                            \n<style>\n#text-box-1656697240 {\n  width: 60%;\n}\n#text-box-1656697240 .text-box-content {\n  font-size: 100%;\n}\n<\/style>\n    <\/div>\n \n        <\/div>\n      <\/div>\n\n            \n<style>\n#banner-651568977 {\n  padding-top: 500px;\n}\n<\/style>\n  <\/div>\n\n\n<p>&nbsp;<\/p>\n<p>Portugiesisches Oliven\u00f6l ist international f\u00fcr seine hervorragende Qualit\u00e4t und seinen unvergleichlichen Geschmack bekannt. Portugal, das mit einem idealen Klima f\u00fcr den Anbau von Olivenb\u00e4umen gesegnet ist, zeichnet sich als einer der weltweit f\u00fchrenden Produzenten dieses kostbaren Nektars aus. Die Regionen Alentejo und Tr\u00e1s-os-Montes zeichnen sich durch ihre preisgekr\u00f6nten Oliven\u00f6le aus, die die anspruchsvollsten Gaumen auf der ganzen Welt \u00fcberzeugen.<\/p>\n<p><strong>Die hervorragende Qualit\u00e4t des portugiesischen Oliven\u00f6ls l\u00e4sst sich durch mehrere Faktoren erkl\u00e4ren<\/strong>. Beginnend mit der Tradition der Vorfahren. Der Olivenanbau in Portugal reicht Tausende von Jahren zur\u00fcck, so dass die Techniken und das Wissen von Generation zu Generation weitergegeben werden. Dieses Erbe garantiert uns authentische, gef\u00fchlvolle Oliven\u00f6le.<\/p>\n<p>Von der Ernte der Olivenb\u00e4ume bis zur Gewinnung des Oliven\u00f6ls wird jeder Schritt mit \u00e4u\u00dferster Sorgfalt und Aufmerksamkeit durchgef\u00fchrt, um die Erhaltung der sensorischen und ern\u00e4hrungsphysiologischen Eigenschaften des Endprodukts zu gew\u00e4hrleisten.<\/p>\n<p>Das milde, sonnige Klima Portugals bietet ideale Bedingungen f\u00fcr das Wachstum von Olivenb\u00e4umen und sorgt f\u00fcr gesunde, geschmacksintensive Fr\u00fcchte. Au\u00dferdem gibt es in Portugal eine gro\u00dfe Vielfalt an Olivensorten, jede mit einzigartigen Eigenschaften, die zur Reichhaltigkeit und Komplexit\u00e4t der Oliven\u00f6le beitragen.<\/p>\n<h2>Natives Oliven\u00f6l extra: ein gastronomischer Schatz Portugals<\/h2>\n<p><strong>Natives Oliven\u00f6l extra, die edelste Kategorie von Oliven\u00f6len, wird ausschlie\u00dflich auf mechanischem Wege aus frischen Oliven gewonnen, ohne Zusatz von chemischen Produkten. <\/strong> Um diesen Titel tragen zu d\u00fcrfen, muss der freie S\u00e4uregehalt des \u00d6ls weniger als 0,8 Prozent betragen, ein Index, der seine Reinheit und au\u00dfergew\u00f6hnliche Qualit\u00e4t beweist.<\/p>\n<p>Die Welt der Oliven\u00f6le bietet jedoch verschiedene Optionen f\u00fcr unterschiedliche Bed\u00fcrfnisse und Gaumen.<\/p>\n<h3>Arten von Oliven\u00f6l<\/h3>\n<p>Natives Oliven\u00f6l extra: die reinste und h\u00f6chste Qualit\u00e4t, mit einem maximalen S\u00e4uregehalt von 0,8 Prozent. Ideal f\u00fcr den Rohverzehr, um den Geschmack von Salaten, kalten Gerichten und Bruschettas zu verbessern.<\/p>\n<p>Natives Oliven\u00f6l: Es wird ebenfalls durch mechanische Pressung gewonnen und hat einen etwas h\u00f6heren S\u00e4uregehalt von bis zu 2 Prozent. Er eignet sich zum Anrichten von Salaten, Gem\u00fcse und gegrilltem Fisch.<\/p>\n<p>Oliven\u00f6l: eine Kombination aus raffiniertem Oliven\u00f6l und nativem Oliven\u00f6l, mit einem maximalen S\u00e4uregehalt von 1,5 Prozent. Vielseitig einsetzbar in der K\u00fcche, vom Braten bis zum Sautieren.<\/p>\n<p>Oliventrester\u00f6l: wird aus dem Trester der Oliven gewonnen, nachdem das \u00d6l gepresst wurde. Es hat einen weniger intensiven Geschmack und wird haupts\u00e4chlich zum Braten und Kochen im Allgemeinen verwendet.<\/p>\n<h3>Ist oliven\u00f6l gesund?<\/h3>\n<p>Neben seinem unvergleichlichen Geschmack bietet natives Oliven\u00f6l extra eine Reihe von gesundheitlichen Vorteilen:<\/p>\n<ul>\n<li>Herz-Kreislauf-Gesundheit: Oliven\u00f6l ist reich an einfach unges\u00e4ttigten Fetts\u00e4uren und tr\u00e4gt dazu bei, das LDL-Cholesterin (&#8220;schlechtes&#8221; Cholesterin) zu senken und das HDL-Cholesterin (&#8220;gutes&#8221; Cholesterin) zu erh\u00f6hen, was die Herzgesundheit f\u00f6rdert.<\/li>\n<li>Antioxidative Wirkung: Die enthaltenen Polyphenole bek\u00e4mpfen freie Radikale, verlangsamen die Zellalterung und sch\u00fctzen den K\u00f6rper vor Krankheiten.<\/li>\n<li>Entz\u00fcndungshemmende Eigenschaften: Oliven\u00f6l hat entz\u00fcndungshemmende Eigenschaften, die helfen k\u00f6nnen, chronischen Krankheiten vorzubeugen.<\/li>\n<li>Erleichterte Verdauung: Oliven\u00f6l f\u00f6rdert die Verdauung und kann helfen, Magengeschw\u00fcre zu verhindern.<\/li>\n<\/ul>\n<h3>Reines Oliven\u00f6l: wie man es erkennt<\/h3>\n<p>Obwohl es schwierig sein kann, die Reinheit eines Oliven\u00f6ls zu beurteilen, k\u00f6nnen ein paar einfache Schritte Ihnen bei der Auswahl helfen:<\/p>\n<ul>\n<li>Achten Sie auf die Etikettierung: Achten Sie auf Begriffe wie &#8220;100% rein&#8221; oder &#8220;extra vergine&#8221;, die auf h\u00f6chste Qualit\u00e4t hinweisen.<\/li>\n<li>Aroma und Geschmack: Reines Oliven\u00f6l hat ein fruchtiges Aroma und einen leicht bitteren und w\u00fcrzigen Geschmack, die Markenzeichen eines authentischen Produkts.<\/li>\n<li>K\u00e4ltetest: Legen Sie das \u00d6l f\u00fcr ein paar Stunden in den K\u00fchlschrank. Reines Oliven\u00f6l neigt dazu, sich beim Abk\u00fchlen teilweise zu verfestigen, was auf das Vorhandensein nat\u00fcrlicher fester Fette hinweist.<\/li>\n<\/ul>\n<p>Qualit\u00e4tszertifizierungen: Oliven\u00f6le mit Zertifizierungssiegeln, wie z.B. DOP (gesch\u00fctzte Ursprungsbezeichnung), garantieren die Herkunft und die authentischen Eigenschaften des Produkts.<\/p>\n<h3>Tipps f\u00fcr die beste Erfahrung mit einem seri\u00f6sen portugiesischen Oliven\u00f6l<\/h3>\n<ul>\n<li>Lagerung: Bewahren Sie das \u00d6l an einem k\u00fchlen, dunklen und trockenen Ort in einem Glas- oder Edelstahlbeh\u00e4lter auf.<\/li>\n<li>Verbrauch: Verwenden Sie das \u00d6l innerhalb von 18 Monaten nach dem \u00d6ffnen, um maximalen Geschmack und Nutzen zu gew\u00e4hrleisten.<\/li>\n<li>Passt zu: Entdecken Sie die Vielseitigkeit des portugiesischen Oliven\u00f6ls in einer Vielzahl von Gerichten, von Salaten und gegrilltem Fleisch bis hin zu Pasta und Desserts.<\/li>\n<\/ul>\n<div class=\"woocommerce columns-3 \"><div class=\"products row row-small large-columns-3 medium-columns-3 small-columns-1 has-equal-box-heights equalize-box\">\n<div class=\"product-small col has-hover product type-product post-56366 status-publish first instock product_cat-keramik-oel-und-essigspender-aus-portugal product_cat-portugiesische-keramik has-post-thumbnail featured taxable shipping-taxable purchasable product-type-variable\">\n\t<div class=\"col-inner\">\n\t\n<div class=\"badge-container absolute left top z-1\">\n\n<div class=\"badge callout badge-circle\"><div class=\"badge-inner callout-new-bg is-small new-bubble\">NEW<\/div><\/div><\/div>\n\t<div class=\"product-small box \">\n\t\t<div class=\"box-image\">\n\t\t\t<div class=\"image-fade_in_back\">\n\t\t\t\t<a href=\"https:\/\/www.companhiaatlantica.pt\/de\/produto\/portugiesische-keramik\/keramik-oel-und-essigspender-aus-portugal\/olivenoelflasche-alicatos\">\n\t\t\t\t\t<img loading=\"lazy\" decoding=\"async\" width=\"700\" height=\"700\" src=\"https:\/\/www.companhiaatlantica.pt\/wp-content\/uploads\/2024\/04\/alicatos-1-700x700.jpg\" class=\"attachment-woocommerce_thumbnail size-woocommerce_thumbnail\" alt=\"Oliven\u00f6lflasche ALICATOS\" srcset=\"https:\/\/www.companhiaatlantica.pt\/wp-content\/uploads\/2024\/04\/alicatos-1-700x700.jpg 700w, https:\/\/www.companhiaatlantica.pt\/wp-content\/uploads\/2024\/04\/alicatos-1-350x350.jpg 350w, https:\/\/www.companhiaatlantica.pt\/wp-content\/uploads\/2024\/04\/alicatos-1-100x100.jpg 100w\" sizes=\"auto, (max-width: 700px) 100vw, 700px\" title=\"\"><img loading=\"lazy\" decoding=\"async\" width=\"700\" height=\"700\" src=\"https:\/\/www.companhiaatlantica.pt\/wp-content\/uploads\/2024\/04\/131-145_1-700x700.jpg\" class=\"show-on-hover absolute fill hide-for-small back-image\" alt=\"Alternative view of Oliven\u00f6lflasche ALICATOS\" aria-hidden=\"true\" srcset=\"https:\/\/www.companhiaatlantica.pt\/wp-content\/uploads\/2024\/04\/131-145_1-700x700.jpg 700w, https:\/\/www.companhiaatlantica.pt\/wp-content\/uploads\/2024\/04\/131-145_1-100x100.jpg 100w, https:\/\/www.companhiaatlantica.pt\/wp-content\/uploads\/2024\/04\/131-145_1-900x900.jpg 900w, https:\/\/www.companhiaatlantica.pt\/wp-content\/uploads\/2024\/04\/131-145_1-400x400.jpg 400w, https:\/\/www.companhiaatlantica.pt\/wp-content\/uploads\/2024\/04\/131-145_1-350x350.jpg 350w, https:\/\/www.companhiaatlantica.pt\/wp-content\/uploads\/2024\/04\/131-145_1-768x768.jpg 768w, https:\/\/www.companhiaatlantica.pt\/wp-content\/uploads\/2024\/04\/131-145_1.jpg 1000w\" sizes=\"auto, (max-width: 700px) 100vw, 700px\" title=\"\">\t\t\t\t<\/a>\n\t\t\t<\/div>\n\t\t\t<div class=\"image-tools is-small top right show-on-hover\">\n\t\t\t\t\t\t<div class=\"wishlist-icon\">\n\t\t\t<button class=\"wishlist-button button is-outline circle icon\" aria-label=\"Wunschliste\">\n\t\t\t\t<i class=\"icon-heart\" aria-hidden=\"true\"><\/i>\t\t\t<\/button>\n\t\t\t<div class=\"wishlist-popup dark\">\n\t\t\t\t\n<div\n\tclass=\"yith-wcwl-add-to-wishlist add-to-wishlist-56366 yith-wcwl-add-to-wishlist--button_default-style wishlist-fragment on-first-load\"\n\tdata-fragment-ref=\"56366\"\n\tdata-fragment-options=\"{&quot;base_url&quot;:&quot;&quot;,&quot;product_id&quot;:56366,&quot;parent_product_id&quot;:0,&quot;product_type&quot;:&quot;variable&quot;,&quot;is_single&quot;:false,&quot;in_default_wishlist&quot;:false,&quot;show_view&quot;:false,&quot;browse_wishlist_text&quot;:&quot;Siehe Ihre Wunschliste!&quot;,&quot;already_in_wishslist_text&quot;:&quot;Dieses Produkt steht bereits auf Ihrem Wunschzettel!&quot;,&quot;product_added_text&quot;:&quot;Produto adicionado!&quot;,&quot;available_multi_wishlist&quot;:false,&quot;disable_wishlist&quot;:false,&quot;show_count&quot;:false,&quot;ajax_loading&quot;:false,&quot;loop_position&quot;:&quot;after_add_to_cart&quot;,&quot;item&quot;:&quot;add_to_wishlist&quot;}\"\n>\n\t\t\t\n\t\t\t<!-- ADD TO WISHLIST -->\n\t\t\t\n<div class=\"yith-wcwl-add-button\">\n\t\t<a\n\t\thref=\"?add_to_wishlist=56366&#038;_wpnonce=4ccc3dd5cd\"\n\t\tclass=\"add_to_wishlist single_add_to_wishlist alt button theme-button-style \"\n\t\tdata-product-id=\"56366\"\n\t\tdata-product-type=\"variable\"\n\t\tdata-original-product-id=\"0\"\n\t\tdata-title=\"Zu meiner Wunschliste hinzuf\u00fcgen\"\n\t\trel=\"nofollow\"\n\t>\n\t\t<svg id=\"yith-wcwl-icon-heart-outline\" class=\"yith-wcwl-icon-svg\" fill=\"none\" stroke-width=\"1.5\" stroke=\"currentColor\" viewBox=\"0 0 24 24\" xmlns=\"http:\/\/www.w3.org\/2000\/svg\">\n  <path stroke-linecap=\"round\" stroke-linejoin=\"round\" d=\"M21 8.25c0-2.485-2.099-4.5-4.688-4.5-1.935 0-3.597 1.126-4.312 2.733-.715-1.607-2.377-2.733-4.313-2.733C5.1 3.75 3 5.765 3 8.25c0 7.22 9 12 9 12s9-4.78 9-12Z\"><\/path>\n<\/svg>\t\t<span>Zu meiner Wunschliste hinzuf\u00fcgen<\/span>\n\t<\/a>\n<\/div>\n\n\t\t\t<!-- COUNT TEXT -->\n\t\t\t\n\t\t\t<\/div>\n\t\t\t<\/div>\n\t\t<\/div>\n\t\t\t\t\t<\/div>\n\t\t\t<div class=\"image-tools is-small hide-for-small bottom left show-on-hover\">\n\t\t\t\t\t\t\t<\/div>\n\t\t\t<div class=\"image-tools grid-tools text-center hide-for-small bottom hover-slide-in show-on-hover\">\n\t\t\t\t\t\t\t<\/div>\n\t\t\t\t\t<\/div>\n\n\t\t<div class=\"box-text box-text-products\">\n\t\t\t<span class=\"featured-badge\"><img decoding=\"async\" src=\"https:\/\/cdn.companhiaatlantica.pt\/wp-content\/themes\/flatsome-child\/src\/img\/ar-icon-2.jpg\" alt=\"AR Icon\" class=\"ar-icon\" title=\"\"><\/span><div class=\"title-wrapper\">\t\t<p class=\"category uppercase is-smaller no-text-overflow product-cat op-8\">\n\t\t\tKeramik-\u00d6l- und Essigspender aus Portugal\t\t<\/p>\n\t<p class=\"name product-title woocommerce-loop-product__title\"><a href=\"https:\/\/www.companhiaatlantica.pt\/de\/produto\/portugiesische-keramik\/keramik-oel-und-essigspender-aus-portugal\/olivenoelflasche-alicatos\" class=\"woocommerce-LoopProduct-link woocommerce-loop-product__link\">Oliven\u00f6lflasche ALICATOS<\/a><\/p><\/div><div class=\"price-wrapper\">\n\t<span class=\"price\"><span class=\"woocommerce-Price-amount amount\"><bdi>29.90<span class=\"woocommerce-Price-currencySymbol\">&euro;<\/span><\/bdi><\/span><\/span>\n<\/div><div class=\"add-to-cart-button\"><a href=\"https:\/\/www.companhiaatlantica.pt\/de\/produto\/portugiesische-keramik\/keramik-oel-und-essigspender-aus-portugal\/olivenoelflasche-alicatos\" aria-describedby=\"woocommerce_loop_add_to_cart_link_describedby_56366\" data-quantity=\"1\" class=\"primary is-small mb-0 button product_type_variable add_to_cart_button is-outline\" data-product_id=\"56366\" data-product_sku=\"\" aria-label=\"W\u00e4hle Optionen f\u00fcr \u201eOliven\u00f6lflasche ALICATOS\u201c\" rel=\"nofollow\" data-product_name=\"Oliven\u00f6lflasche ALICATOS\" data-product_image=\"https:\/\/www.companhiaatlantica.pt\/wp-content\/uploads\/2024\/04\/alicatos-1-350x350.jpg\">Ausf\u00fchrung w\u00e4hlen<\/a><\/div>\t<span id=\"woocommerce_loop_add_to_cart_link_describedby_56366\" class=\"screen-reader-text\">\n\t\tDieses Produkt weist mehrere Varianten auf. Die Optionen k\u00f6nnen auf der Produktseite gew\u00e4hlt werden\t<\/span>\n\t\t<\/div>\n\t<\/div>\n\t<span class=\"gtm4wp_productdata\" style=\"display:none; visibility:hidden;\" data-gtm4wp_product_data=\"{&quot;internal_id&quot;:56366,&quot;item_id&quot;:56366,&quot;item_name&quot;:&quot;Oliven\\u00f6lflasche ALICATOS&quot;,&quot;sku&quot;:56366,&quot;price&quot;:29.89999999999999857891452847979962825775146484375,&quot;stocklevel&quot;:null,&quot;stockstatus&quot;:&quot;instock&quot;,&quot;google_business_vertical&quot;:&quot;retail&quot;,&quot;item_category&quot;:&quot;Cer\\u00e2mica Portuguesa Artesanal&quot;,&quot;item_category2&quot;:&quot;Galheteiros&quot;,&quot;id&quot;:56366,&quot;productlink&quot;:&quot;https:\\\/\\\/www.companhiaatlantica.pt\\\/de\\\/produto\\\/portugiesische-keramik\\\/keramik-oel-und-essigspender-aus-portugal\\\/olivenoelflasche-alicatos&quot;,&quot;item_list_name&quot;:&quot;General Product List&quot;,&quot;index&quot;:1,&quot;product_type&quot;:&quot;variable&quot;,&quot;item_brand&quot;:&quot;&quot;}\"><\/span>\t<\/div>\n<\/div><div class=\"product-small col has-hover product type-product post-46665 status-publish instock product_cat-keramik-oel-und-essigspender-aus-portugal product_cat-portugiesische-keramik has-post-thumbnail featured taxable shipping-taxable purchasable product-type-variable has-default-attributes\">\n\t<div class=\"col-inner\">\n\t\n<div class=\"badge-container absolute left top z-1\">\n\n<\/div>\n\t<div class=\"product-small box \">\n\t\t<div class=\"box-image\">\n\t\t\t<div class=\"image-fade_in_back\">\n\t\t\t\t<a href=\"https:\/\/www.companhiaatlantica.pt\/de\/produto\/portugiesische-keramik\/keramik-oel-und-essigspender-aus-portugal\/olive-oil-bottle-comporta\">\n\t\t\t\t\t<img loading=\"lazy\" decoding=\"async\" width=\"700\" height=\"700\" src=\"https:\/\/www.companhiaatlantica.pt\/wp-content\/uploads\/2023\/09\/130-870_871-2-700x700.jpg\" class=\"attachment-woocommerce_thumbnail size-woocommerce_thumbnail\" alt=\"Oliven\u00f6lspender COMPORTA\" srcset=\"https:\/\/www.companhiaatlantica.pt\/wp-content\/uploads\/2023\/09\/130-870_871-2-700x700.jpg 700w, https:\/\/www.companhiaatlantica.pt\/wp-content\/uploads\/2023\/09\/130-870_871-2-100x100.jpg 100w, https:\/\/www.companhiaatlantica.pt\/wp-content\/uploads\/2023\/09\/130-870_871-2-900x900.jpg 900w, https:\/\/www.companhiaatlantica.pt\/wp-content\/uploads\/2023\/09\/130-870_871-2-400x400.jpg 400w, https:\/\/www.companhiaatlantica.pt\/wp-content\/uploads\/2023\/09\/130-870_871-2-350x350.jpg 350w, https:\/\/www.companhiaatlantica.pt\/wp-content\/uploads\/2023\/09\/130-870_871-2-768x768.jpg 768w, https:\/\/www.companhiaatlantica.pt\/wp-content\/uploads\/2023\/09\/130-870_871-2.jpg 1000w\" sizes=\"auto, (max-width: 700px) 100vw, 700px\" title=\"\"><img loading=\"lazy\" decoding=\"async\" width=\"700\" height=\"700\" src=\"https:\/\/www.companhiaatlantica.pt\/wp-content\/uploads\/2023\/09\/130-871-700x700.jpg\" class=\"show-on-hover absolute fill hide-for-small back-image\" alt=\"Alternative view of Oliven\u00f6lspender COMPORTA\" aria-hidden=\"true\" srcset=\"https:\/\/www.companhiaatlantica.pt\/wp-content\/uploads\/2023\/09\/130-871-700x700.jpg 700w, https:\/\/www.companhiaatlantica.pt\/wp-content\/uploads\/2023\/09\/130-871-100x100.jpg 100w, https:\/\/www.companhiaatlantica.pt\/wp-content\/uploads\/2023\/09\/130-871-900x900.jpg 900w, https:\/\/www.companhiaatlantica.pt\/wp-content\/uploads\/2023\/09\/130-871-400x400.jpg 400w, https:\/\/www.companhiaatlantica.pt\/wp-content\/uploads\/2023\/09\/130-871-350x350.jpg 350w, https:\/\/www.companhiaatlantica.pt\/wp-content\/uploads\/2023\/09\/130-871-768x768.jpg 768w, https:\/\/www.companhiaatlantica.pt\/wp-content\/uploads\/2023\/09\/130-871.jpg 1000w\" sizes=\"auto, (max-width: 700px) 100vw, 700px\" title=\"\">\t\t\t\t<\/a>\n\t\t\t<\/div>\n\t\t\t<div class=\"image-tools is-small top right show-on-hover\">\n\t\t\t\t\t\t<div class=\"wishlist-icon\">\n\t\t\t<button class=\"wishlist-button button is-outline circle icon\" aria-label=\"Wunschliste\">\n\t\t\t\t<i class=\"icon-heart\" aria-hidden=\"true\"><\/i>\t\t\t<\/button>\n\t\t\t<div class=\"wishlist-popup dark\">\n\t\t\t\t\n<div\n\tclass=\"yith-wcwl-add-to-wishlist add-to-wishlist-46665 yith-wcwl-add-to-wishlist--button_default-style wishlist-fragment on-first-load\"\n\tdata-fragment-ref=\"46665\"\n\tdata-fragment-options=\"{&quot;base_url&quot;:&quot;&quot;,&quot;product_id&quot;:46665,&quot;parent_product_id&quot;:0,&quot;product_type&quot;:&quot;variable&quot;,&quot;is_single&quot;:false,&quot;in_default_wishlist&quot;:false,&quot;show_view&quot;:false,&quot;browse_wishlist_text&quot;:&quot;Siehe Ihre Wunschliste!&quot;,&quot;already_in_wishslist_text&quot;:&quot;Dieses Produkt steht bereits auf Ihrem Wunschzettel!&quot;,&quot;product_added_text&quot;:&quot;Produto adicionado!&quot;,&quot;available_multi_wishlist&quot;:false,&quot;disable_wishlist&quot;:false,&quot;show_count&quot;:false,&quot;ajax_loading&quot;:false,&quot;loop_position&quot;:&quot;after_add_to_cart&quot;,&quot;item&quot;:&quot;add_to_wishlist&quot;}\"\n>\n\t\t\t\n\t\t\t<!-- ADD TO WISHLIST -->\n\t\t\t\n<div class=\"yith-wcwl-add-button\">\n\t\t<a\n\t\thref=\"?add_to_wishlist=46665&#038;_wpnonce=4ccc3dd5cd\"\n\t\tclass=\"add_to_wishlist single_add_to_wishlist alt button theme-button-style \"\n\t\tdata-product-id=\"46665\"\n\t\tdata-product-type=\"variable\"\n\t\tdata-original-product-id=\"0\"\n\t\tdata-title=\"Zu meiner Wunschliste hinzuf\u00fcgen\"\n\t\trel=\"nofollow\"\n\t>\n\t\t<svg id=\"yith-wcwl-icon-heart-outline\" class=\"yith-wcwl-icon-svg\" fill=\"none\" stroke-width=\"1.5\" stroke=\"currentColor\" viewBox=\"0 0 24 24\" xmlns=\"http:\/\/www.w3.org\/2000\/svg\">\n  <path stroke-linecap=\"round\" stroke-linejoin=\"round\" d=\"M21 8.25c0-2.485-2.099-4.5-4.688-4.5-1.935 0-3.597 1.126-4.312 2.733-.715-1.607-2.377-2.733-4.313-2.733C5.1 3.75 3 5.765 3 8.25c0 7.22 9 12 9 12s9-4.78 9-12Z\"><\/path>\n<\/svg>\t\t<span>Zu meiner Wunschliste hinzuf\u00fcgen<\/span>\n\t<\/a>\n<\/div>\n\n\t\t\t<!-- COUNT TEXT -->\n\t\t\t\n\t\t\t<\/div>\n\t\t\t<\/div>\n\t\t<\/div>\n\t\t\t\t\t<\/div>\n\t\t\t<div class=\"image-tools is-small hide-for-small bottom left show-on-hover\">\n\t\t\t\t\t\t\t<\/div>\n\t\t\t<div class=\"image-tools grid-tools text-center hide-for-small bottom hover-slide-in show-on-hover\">\n\t\t\t\t\t\t\t<\/div>\n\t\t\t\t\t<\/div>\n\n\t\t<div class=\"box-text box-text-products\">\n\t\t\t<span class=\"featured-badge\"><img decoding=\"async\" src=\"https:\/\/cdn.companhiaatlantica.pt\/wp-content\/themes\/flatsome-child\/src\/img\/ar-icon-2.jpg\" alt=\"AR Icon\" class=\"ar-icon\" title=\"\"><\/span><div class=\"title-wrapper\">\t\t<p class=\"category uppercase is-smaller no-text-overflow product-cat op-8\">\n\t\t\tKeramik-\u00d6l- und Essigspender aus Portugal\t\t<\/p>\n\t<p class=\"name product-title woocommerce-loop-product__title\"><a href=\"https:\/\/www.companhiaatlantica.pt\/de\/produto\/portugiesische-keramik\/keramik-oel-und-essigspender-aus-portugal\/olive-oil-bottle-comporta\" class=\"woocommerce-LoopProduct-link woocommerce-loop-product__link\">Oliven\u00f6lspender COMPORTA<\/a><\/p><\/div><div class=\"price-wrapper\">\n\t<span class=\"price\"><span class=\"woocommerce-Price-amount amount\"><bdi>34.90<span class=\"woocommerce-Price-currencySymbol\">&euro;<\/span><\/bdi><\/span><\/span>\n<\/div><div class=\"add-to-cart-button\"><a href=\"https:\/\/www.companhiaatlantica.pt\/de\/produto\/portugiesische-keramik\/keramik-oel-und-essigspender-aus-portugal\/olive-oil-bottle-comporta\" aria-describedby=\"woocommerce_loop_add_to_cart_link_describedby_46665\" data-quantity=\"1\" class=\"primary is-small mb-0 button product_type_variable add_to_cart_button is-outline\" data-product_id=\"46665\" data-product_sku=\"\" aria-label=\"W\u00e4hle Optionen f\u00fcr \u201eOliven\u00f6lspender COMPORTA\u201c\" rel=\"nofollow\" data-product_name=\"Oliven\u00f6lspender COMPORTA\" data-product_image=\"https:\/\/www.companhiaatlantica.pt\/wp-content\/uploads\/2023\/09\/130-870_871-2-350x350.jpg\">Ausf\u00fchrung w\u00e4hlen<\/a><\/div>\t<span id=\"woocommerce_loop_add_to_cart_link_describedby_46665\" class=\"screen-reader-text\">\n\t\tDieses Produkt weist mehrere Varianten auf. Die Optionen k\u00f6nnen auf der Produktseite gew\u00e4hlt werden\t<\/span>\n\t\t<\/div>\n\t<\/div>\n\t<span class=\"gtm4wp_productdata\" style=\"display:none; visibility:hidden;\" data-gtm4wp_product_data=\"{&quot;internal_id&quot;:46665,&quot;item_id&quot;:46665,&quot;item_name&quot;:&quot;Oliven\\u00f6lspender COMPORTA&quot;,&quot;sku&quot;:46665,&quot;price&quot;:34.89999999999999857891452847979962825775146484375,&quot;stocklevel&quot;:null,&quot;stockstatus&quot;:&quot;instock&quot;,&quot;google_business_vertical&quot;:&quot;retail&quot;,&quot;item_category&quot;:&quot;Cer\\u00e2mica Portuguesa Artesanal&quot;,&quot;item_category2&quot;:&quot;Galheteiros&quot;,&quot;id&quot;:46665,&quot;productlink&quot;:&quot;https:\\\/\\\/www.companhiaatlantica.pt\\\/de\\\/produto\\\/portugiesische-keramik\\\/keramik-oel-und-essigspender-aus-portugal\\\/olive-oil-bottle-comporta&quot;,&quot;item_list_name&quot;:&quot;General Product List&quot;,&quot;index&quot;:2,&quot;product_type&quot;:&quot;variable&quot;,&quot;item_brand&quot;:&quot;&quot;}\"><\/span>\t<\/div>\n<\/div><div class=\"product-small col has-hover product type-product post-41709 status-publish last instock product_cat-keramik-oel-und-essigspender-aus-portugal product_cat-portugiesische-keramik has-post-thumbnail sale taxable shipping-taxable purchasable product-type-variable\">\n\t<div class=\"col-inner\">\n\t\n<div class=\"badge-container absolute left top z-1\">\n<div class=\"badge callout badge-circle\">\r\n  \t\t\t<div class=\"badge-inner secondary on-sale\">\r\n  \t\t\t\t<span class=\"onsale\">-19%<\/span>\r\n\t\t\t<\/div>\r\n\t\t<\/div>\r\n\t\t<div class=\"badge callout badge-circle\">\r\n\t\t\t<div class=\"badge-inner callout-new-bg is-small new-bubble\"><\/div>\r\n\t\t<\/div>\n<\/div>\n\t<div class=\"product-small box \">\n\t\t<div class=\"box-image\">\n\t\t\t<div class=\"image-fade_in_back\">\n\t\t\t\t<a href=\"https:\/\/www.companhiaatlantica.pt\/de\/produto\/portugiesische-keramik\/keramik-oel-und-essigspender-aus-portugal\/breezy-cruet-400ml\">\n\t\t\t\t\t<img loading=\"lazy\" decoding=\"async\" width=\"600\" height=\"600\" src=\"https:\/\/www.companhiaatlantica.pt\/wp-content\/uploads\/2021\/03\/Breezy-olive-set-4.jpg\" class=\"attachment-woocommerce_thumbnail size-woocommerce_thumbnail\" alt=\"BREEZY Oliven\u00f6lflasche\" srcset=\"https:\/\/www.companhiaatlantica.pt\/wp-content\/uploads\/2021\/03\/Breezy-olive-set-4.jpg 600w, https:\/\/www.companhiaatlantica.pt\/wp-content\/uploads\/2021\/03\/Breezy-olive-set-4-100x100.jpg 100w\" sizes=\"auto, (max-width: 600px) 100vw, 600px\" title=\"\"><img loading=\"lazy\" decoding=\"async\" width=\"600\" height=\"600\" src=\"https:\/\/www.companhiaatlantica.pt\/wp-content\/uploads\/2021\/03\/Breezy-olive-oil-bottle-generic.gif\" class=\"show-on-hover absolute fill hide-for-small back-image\" alt=\"Alternative view of BREEZY Oliven\u00f6lflasche\" aria-hidden=\"true\" srcset=\"https:\/\/www.companhiaatlantica.pt\/wp-content\/uploads\/2021\/03\/Breezy-olive-oil-bottle-generic.gif 600w, https:\/\/www.companhiaatlantica.pt\/wp-content\/uploads\/2021\/03\/Breezy-olive-oil-bottle-generic-100x100.gif 100w\" sizes=\"auto, (max-width: 600px) 100vw, 600px\" title=\"\">\t\t\t\t<\/a>\n\t\t\t<\/div>\n\t\t\t<div class=\"image-tools is-small top right show-on-hover\">\n\t\t\t\t\t\t<div class=\"wishlist-icon\">\n\t\t\t<button class=\"wishlist-button button is-outline circle icon\" aria-label=\"Wunschliste\">\n\t\t\t\t<i class=\"icon-heart\" aria-hidden=\"true\"><\/i>\t\t\t<\/button>\n\t\t\t<div class=\"wishlist-popup dark\">\n\t\t\t\t\n<div\n\tclass=\"yith-wcwl-add-to-wishlist add-to-wishlist-41709 yith-wcwl-add-to-wishlist--button_default-style wishlist-fragment on-first-load\"\n\tdata-fragment-ref=\"41709\"\n\tdata-fragment-options=\"{&quot;base_url&quot;:&quot;&quot;,&quot;product_id&quot;:41709,&quot;parent_product_id&quot;:0,&quot;product_type&quot;:&quot;variable&quot;,&quot;is_single&quot;:false,&quot;in_default_wishlist&quot;:false,&quot;show_view&quot;:false,&quot;browse_wishlist_text&quot;:&quot;Siehe Ihre Wunschliste!&quot;,&quot;already_in_wishslist_text&quot;:&quot;Dieses Produkt steht bereits auf Ihrem Wunschzettel!&quot;,&quot;product_added_text&quot;:&quot;Produto adicionado!&quot;,&quot;available_multi_wishlist&quot;:false,&quot;disable_wishlist&quot;:false,&quot;show_count&quot;:false,&quot;ajax_loading&quot;:false,&quot;loop_position&quot;:&quot;after_add_to_cart&quot;,&quot;item&quot;:&quot;add_to_wishlist&quot;}\"\n>\n\t\t\t\n\t\t\t<!-- ADD TO WISHLIST -->\n\t\t\t\n<div class=\"yith-wcwl-add-button\">\n\t\t<a\n\t\thref=\"?add_to_wishlist=41709&#038;_wpnonce=4ccc3dd5cd\"\n\t\tclass=\"add_to_wishlist single_add_to_wishlist alt button theme-button-style \"\n\t\tdata-product-id=\"41709\"\n\t\tdata-product-type=\"variable\"\n\t\tdata-original-product-id=\"0\"\n\t\tdata-title=\"Zu meiner Wunschliste hinzuf\u00fcgen\"\n\t\trel=\"nofollow\"\n\t>\n\t\t<svg id=\"yith-wcwl-icon-heart-outline\" class=\"yith-wcwl-icon-svg\" fill=\"none\" stroke-width=\"1.5\" stroke=\"currentColor\" viewBox=\"0 0 24 24\" xmlns=\"http:\/\/www.w3.org\/2000\/svg\">\n  <path stroke-linecap=\"round\" stroke-linejoin=\"round\" d=\"M21 8.25c0-2.485-2.099-4.5-4.688-4.5-1.935 0-3.597 1.126-4.312 2.733-.715-1.607-2.377-2.733-4.313-2.733C5.1 3.75 3 5.765 3 8.25c0 7.22 9 12 9 12s9-4.78 9-12Z\"><\/path>\n<\/svg>\t\t<span>Zu meiner Wunschliste hinzuf\u00fcgen<\/span>\n\t<\/a>\n<\/div>\n\n\t\t\t<!-- COUNT TEXT -->\n\t\t\t\n\t\t\t<\/div>\n\t\t\t<\/div>\n\t\t<\/div>\n\t\t\t\t\t<\/div>\n\t\t\t<div class=\"image-tools is-small hide-for-small bottom left show-on-hover\">\n\t\t\t\t\t\t\t<\/div>\n\t\t\t<div class=\"image-tools grid-tools text-center hide-for-small bottom hover-slide-in show-on-hover\">\n\t\t\t\t\t\t\t<\/div>\n\t\t\t\t\t<\/div>\n\n\t\t<div class=\"box-text box-text-products\">\n\t\t\t<div class=\"title-wrapper\">\t\t<p class=\"category uppercase is-smaller no-text-overflow product-cat op-8\">\n\t\t\tKeramik-\u00d6l- und Essigspender aus Portugal\t\t<\/p>\n\t<p class=\"name product-title woocommerce-loop-product__title\"><a href=\"https:\/\/www.companhiaatlantica.pt\/de\/produto\/portugiesische-keramik\/keramik-oel-und-essigspender-aus-portugal\/breezy-cruet-400ml\" class=\"woocommerce-LoopProduct-link woocommerce-loop-product__link\">BREEZY Oliven\u00f6lflasche<\/a><\/p><\/div><div class=\"price-wrapper\">\n\t<span class=\"price\"><span class=\"woocommerce-Price-amount amount\" aria-hidden=\"true\"><bdi>23.50<span class=\"woocommerce-Price-currencySymbol\">&euro;<\/span><\/bdi><\/span> <span aria-hidden=\"true\"> \u2013 <\/span> <span class=\"woocommerce-Price-amount amount\" aria-hidden=\"true\"><bdi>31.90<span class=\"woocommerce-Price-currencySymbol\">&euro;<\/span><\/bdi><\/span><span class=\"screen-reader-text\">Preisspanne: 23.50&euro; bis 31.90&euro;<\/span><\/span>\n<\/div><div class=\"add-to-cart-button\"><a href=\"https:\/\/www.companhiaatlantica.pt\/de\/produto\/portugiesische-keramik\/keramik-oel-und-essigspender-aus-portugal\/breezy-cruet-400ml\" aria-describedby=\"woocommerce_loop_add_to_cart_link_describedby_41709\" data-quantity=\"1\" class=\"primary is-small mb-0 button product_type_variable add_to_cart_button is-outline\" data-product_id=\"41709\" data-product_sku=\"\" aria-label=\"W\u00e4hle Optionen f\u00fcr \u201eBREEZY Oliven\u00f6lflasche\u201c\" rel=\"nofollow\" data-product_name=\"BREEZY Oliven\u00f6lflasche\" data-product_image=\"https:\/\/www.companhiaatlantica.pt\/wp-content\/uploads\/2021\/03\/Breezy-olive-set-4.jpg\">Ausf\u00fchrung w\u00e4hlen<\/a><\/div>\t<span id=\"woocommerce_loop_add_to_cart_link_describedby_41709\" class=\"screen-reader-text\">\n\t\tDieses Produkt weist mehrere Varianten auf. Die Optionen k\u00f6nnen auf der Produktseite gew\u00e4hlt werden\t<\/span>\n\t\t<\/div>\n\t<\/div>\n\t<span class=\"gtm4wp_productdata\" style=\"display:none; visibility:hidden;\" data-gtm4wp_product_data=\"{&quot;internal_id&quot;:41709,&quot;item_id&quot;:41709,&quot;item_name&quot;:&quot;BREEZY Oliven\\u00f6lflasche&quot;,&quot;sku&quot;:41709,&quot;price&quot;:23.5,&quot;stocklevel&quot;:null,&quot;stockstatus&quot;:&quot;instock&quot;,&quot;google_business_vertical&quot;:&quot;retail&quot;,&quot;item_category&quot;:&quot;Cer\\u00e2mica Portuguesa Artesanal&quot;,&quot;item_category2&quot;:&quot;Galheteiros&quot;,&quot;id&quot;:41709,&quot;productlink&quot;:&quot;https:\\\/\\\/www.companhiaatlantica.pt\\\/de\\\/produto\\\/portugiesische-keramik\\\/keramik-oel-und-essigspender-aus-portugal\\\/breezy-cruet-400ml&quot;,&quot;item_list_name&quot;:&quot;General Product List&quot;,&quot;index&quot;:3,&quot;product_type&quot;:&quot;variable&quot;,&quot;item_brand&quot;:&quot;&quot;}\"><\/span>\t<\/div>\n<\/div><\/div><!-- row -->\n<\/div>\n<p><strong>Bei Companhia Atl\u00e2ntica ist das Oliven\u00f6l, das im Mittelpunkt unserer Tische steht, ein w\u00fcrdiger <a href=\"https:\/\/www.companhiaatlantica.pt\/de\/portugiesische-keramik\/tischaccessoires\">Rahmen f\u00fcr<\/a> seine Bedeutung!<\/strong><\/p>\n<p>Dieses Zubeh\u00f6r bewahrt nicht nur die Qualit\u00e4t des \u00d6ls, sondern verleiht Ihrem Tisch auch einen Hauch von Raffinesse.<\/p>\n<p>Der <strong>Breezy Keramikk\u00fcbel<\/strong> ist mit seiner Eleganz und Funktionalit\u00e4t die perfekte Erg\u00e4nzung f\u00fcr jede Art von Oliven\u00f6l.<\/p>\n<p>Eine weitere sch\u00f6ne Option ist der <strong>Alicatos-Kruzifix<\/strong>, der nicht nur Sch\u00f6nheit, sondern auch eine tiefgr\u00fcndige kulturelle Geschichte vermittelt.<\/p>\n<p>F\u00fcr diejenigen, die das Meer lieben, haben wir die <strong>Comporta Cruet<\/strong>. Inspiriert von dieser idyllischen Umgebung, f\u00e4ngt das St\u00fcck die Farben und die Geografie dieses Strandes ein, die in den Streifen und der Bewegung der Farben zum Ausdruck kommen.<\/p>\n<p>Entdecken Sie unsere gesamte <a href=\"https:\/\/www.companhiaatlantica.pt\/de\/portugiesische-keramik\">Keramikkollektion<\/a> und bringen Sie einen Hauch von Sch\u00f6nheit und Tradition auf Ihren Tisch.<\/p>\n","protected":false},"excerpt":{"rendered":"<p>&nbsp; Portugiesisches Oliven\u00f6l ist international f\u00fcr seine hervorragende Qualit\u00e4t und seinen unvergleichlichen Geschmack bekannt. Portugal, das mit einem idealen Klima f\u00fcr den Anbau von Olivenb\u00e4umen gesegnet ist, zeichnet sich als einer der weltweit f\u00fchrenden Produzenten dieses kostbaren Nektars aus. Die Regionen Alentejo und Tr\u00e1s-os-Montes zeichnen sich durch ihre preisgekr\u00f6nten Oliven\u00f6le aus, die die anspruchsvollsten Gaumen [&#8230;]\n","protected":false},"author":636,"featured_media":44707,"comment_status":"closed","ping_status":"open","sticky":false,"template":"","format":"standard","meta":{"footnotes":""},"categories":[3132],"tags":[],"class_list":["post-59415","post","type-post","status-publish","format-standard","has-post-thumbnail","hentry","category-artikel"],"_links":{"self":[{"href":"https:\/\/www.companhiaatlantica.pt\/de\/wp-json\/wp\/v2\/posts\/59415","targetHints":{"allow":["GET"]}}],"collection":[{"href":"https:\/\/www.companhiaatlantica.pt\/de\/wp-json\/wp\/v2\/posts"}],"about":[{"href":"https:\/\/www.companhiaatlantica.pt\/de\/wp-json\/wp\/v2\/types\/post"}],"author":[{"embeddable":true,"href":"https:\/\/www.companhiaatlantica.pt\/de\/wp-json\/wp\/v2\/users\/636"}],"replies":[{"embeddable":true,"href":"https:\/\/www.companhiaatlantica.pt\/de\/wp-json\/wp\/v2\/comments?post=59415"}],"version-history":[{"count":5,"href":"https:\/\/www.companhiaatlantica.pt\/de\/wp-json\/wp\/v2\/posts\/59415\/revisions"}],"predecessor-version":[{"id":59432,"href":"https:\/\/www.companhiaatlantica.pt\/de\/wp-json\/wp\/v2\/posts\/59415\/revisions\/59432"}],"wp:featuredmedia":[{"embeddable":true,"href":"https:\/\/www.companhiaatlantica.pt\/de\/wp-json\/wp\/v2\/media\/44707"}],"wp:attachment":[{"href":"https:\/\/www.companhiaatlantica.pt\/de\/wp-json\/wp\/v2\/media?parent=59415"}],"wp:term":[{"taxonomy":"category","embeddable":true,"href":"https:\/\/www.companhiaatlantica.pt\/de\/wp-json\/wp\/v2\/categories?post=59415"},{"taxonomy":"post_tag","embeddable":true,"href":"https:\/\/www.companhiaatlantica.pt\/de\/wp-json\/wp\/v2\/tags?post=59415"}],"curies":[{"name":"wp","href":"https:\/\/api.w.org\/{rel}","templated":true}]}}