{"id":60182,"date":"2024-06-17T10:04:51","date_gmt":"2024-06-17T09:04:51","guid":{"rendered":"https:\/\/www.companhiaatlantica.pt\/unkategorisiert\/sommerferien-tipps-fuer-unvergessliche-tage"},"modified":"2024-08-19T10:53:04","modified_gmt":"2024-08-19T09:53:04","slug":"sommerferien-tipps-fuer-unvergessliche-tage","status":"publish","type":"post","link":"https:\/\/www.companhiaatlantica.pt\/de\/artikel\/sommerferien-tipps-fuer-unvergessliche-tage","title":{"rendered":"Sommerferien: Tipps f\u00fcr unvergessliche Tage"},"content":{"rendered":"\n  <div class=\"banner has-hover\" id=\"banner-759579995\">\n          <div class=\"banner-inner fill\">\n        <div class=\"banner-bg fill\" >\n            <img loading=\"lazy\" decoding=\"async\" width=\"1020\" height=\"680\" src=\"https:\/\/www.companhiaatlantica.pt\/wp-content\/uploads\/2024\/06\/shutterstock_2367831241-1024x683.jpg\" class=\"bg attachment-large size-large\" alt=\"\" title=\"\">                                    \n                    <\/div>\n\t\t\n        <div class=\"banner-layers container\">\n            <div class=\"fill banner-link\"><\/div>            \n   <div id=\"text-box-1013937667\" class=\"text-box banner-layer x85 md-x85 lg-x85 y35 md-y35 lg-y35 res-text\">\n                                <div class=\"text-box-content text dark\">\n              \n              <div class=\"text-inner text-center\">\n                  \n<h3 class=\"uppercase\"><strong>SOMMERFERIEN: TIPPS F\u00dcR UNVERGESSLICHE TAGE<\/strong><\/h3>\n              <\/div>\n           <\/div>\n                            \n<style>\n#text-box-1013937667 {\n  width: 60%;\n}\n#text-box-1013937667 .text-box-content {\n  font-size: 100%;\n}\n<\/style>\n    <\/div>\n \n        <\/div>\n      <\/div>\n\n            \n<style>\n#banner-759579995 {\n  padding-top: 500px;\n}\n<\/style>\n  <\/div>\n\n\n\t<div id=\"gap-1975577079\" class=\"gap-element clearfix\" style=\"display:block; height:auto;\">\n\t\t\n<style>\n#gap-1975577079 {\n  padding-top: 30px;\n}\n<\/style>\n\t<\/div>\n\t\n<p><span style=\"font-weight: 400;\">Der Sommer naht und mit ihm die lang ersehnte Gelegenheit, lange, hei\u00dfe Tage voller Aktivit\u00e4ten im Freien zu genie\u00dfen.  <\/span><\/p>\n<p><span style=\"font-weight: 400;\">Die Sommerferien sind die ideale Zeit, um<\/span><b> zu entspannen, aufzutanken und unvergessliche Erinnerungen zu schaffen<\/b><span style=\"font-weight: 400;\">  mit Familie und Freunden. Aber um das Beste daraus zu machen, ist es wichtig, im Voraus zu planen.<\/span><\/p>\n<p><span style=\"font-weight: 400;\">Wenn Sie noch nicht dar\u00fcber nachgedacht haben, kein Problem! Lesen Sie unseren Artikel und wir garantieren Ihnen, dass Sie am Ende wissen werden, was Sie f\u00fcr Ihren Sommerurlaub planen m\u00fcssen.  <\/span><b>Von Entspannung bis Spa\u00df, wir haben einige unglaubliche Vorschl\u00e4ge f\u00fcr Sie! Sollen wir von dort aus weitermachen?<\/b><\/p>\n\t<div id=\"gap-882230397\" class=\"gap-element clearfix\" style=\"display:block; height:auto;\">\n\t\t\n<style>\n#gap-882230397 {\n  padding-top: 30px;\n}\n<\/style>\n\t<\/div>\n\t\n<h2><span style=\"font-weight: 400;\">F\u00fcr Liebhaber der freien Natur<\/span><\/h2>\n<p><span style=\"font-weight: 400;\">Der Sommer ist die perfekte Zeit, um die Natur zu genie\u00dfen und sich an der Sch\u00f6nheit der Natur zu erfreuen. Unser wundersch\u00f6nes Land bietet eine Vielfalt an atemberaubenden Landschaften, von den paradiesischen Str\u00e4nden der Algarve bis zu den gr\u00fcnen Bergen im Norden.<\/span><\/p>\n<h3><span style=\"font-weight: 400;\">Fahrradtouren<\/span><\/h3>\n<p><span style=\"font-weight: 400;\">Portugal verf\u00fcgt \u00fcber unz\u00e4hlige Wander- und Radwege, auf denen Sie die Natur auf gesunde und \u00f6kologische Weise erkunden k\u00f6nnen. Von Radwegen an der K\u00fcste bis hin zu Bergpfaden gibt es Optionen f\u00fcr alle Schwierigkeitsgrade.<\/span><\/p>\n<p><b>Stellen Sie sich vor, wie Ihr Haar im Wind weht und Sie die Hitze auf Ihrem Gesicht sp\u00fcren, w\u00e4hrend Sie jeden m\u00f6glichen Winkel erkunden.  <\/b><span style=\"font-weight: 400;\">Und wenn Sie kein Fahrrad haben, kein Problem. Gl\u00fccklicherweise wurde im ganzen Land viel in die st\u00e4dtische Mobilit\u00e4t investiert, so dass es immer die M\u00f6glichkeit gibt, zu mieten. Dann nehmen Sie Ihre  <\/span><a href=\"https:\/\/www.companhiaatlantica.pt\/produto\/lembrancas-portugal\/acessorios-moda\/lencos-pescoco\/sunflower-lenco-modal\"><br \/>\n  <span style=\"font-weight: 400;\">Halstuch<\/span><br \/>\n<\/a><span style=\"font-weight: 400;\"> mit einem leichten und weichen Griff, in Ihrer <\/span><a href=\"https:\/\/www.companhiaatlantica.pt\/de\/produto\/portugiesisches-leben\/modeartikel\/einkaufstaschen-aus-baumwolle\/fliese-saco-kaufen-blaue-gans\"><br \/>\n  <span style=\"font-weight: 400;\">\u00d6kotasche<\/span><br \/>\n<\/a><span style=\"font-weight: 400;\"> mit allem, was Sie brauchen, und auf geht&#8217;s zum Radfahren!<\/span><\/p>\n<h3><span style=\"font-weight: 400;\">Picknicks in Parks<\/span><\/h3>\n<p><span style=\"font-weight: 400;\">Genie\u00dfen Sie einen erholsamen Tag in einem der vielen Parks und G\u00e4rten, die unser Land zu bieten hat, ideal f\u00fcr ein Picknick mit der Familie oder Freunden. Parks wie der Stadtpark von Porto oder der Jardim da Estrela in Lissabon sind eine ausgezeichnete Wahl. Und damit Sie f\u00fcr den Tag bestens ger\u00fcstet sind, vergessen Sie nicht Ihre  <\/span><a href=\"https:\/\/www.companhiaatlantica.pt\/de\/produto\/portugiesisches-leben\/modeartikel\/einkaufstaschen-aus-baumwolle\/fliese-saco-kaufen-blaue-gans\"><br \/>\n  <span style=\"font-weight: 400;\">ecobag<\/span><br \/>\n<\/a><span style=\"font-weight: 400;\">mit allem, was Sie brauchen.<\/span><\/p>\n<h3><span style=\"font-weight: 400;\">Wassersport<\/span><\/h3>\n<p><span style=\"font-weight: 400;\">Surfen, Windsurfen, Stand-Up-Paddle, Tauchen&#8230; Die M\u00f6glichkeiten sind endlos f\u00fcr diejenigen, die Adrenalin und Abenteuer auf See lieben. Vergessen Sie nur nicht die Sonnencreme und den  <\/span><a href=\"https:\/\/www.companhiaatlantica.pt\/de\/korperbehandlungen\/lippenbalsam\"><br \/>\n  <span style=\"font-weight: 400;\">Lippenbalsam<\/span><br \/>\n<\/a><span style=\"font-weight: 400;\">um die Lippen unter der strahlenden Sonne mit Feuchtigkeit zu versorgen.<\/span><\/p>\n<h3><span style=\"font-weight: 400;\">Sommerfestivals und Veranstaltungen<\/span><\/h3>\n<p><span style=\"font-weight: 400;\">Im Sommer veranstalten viele St\u00e4dte Musikfestivals, Open-Air-Kinos und andere kulturelle Veranstaltungen<\/span><b> perfekt, um die warmen Abende zu genie\u00dfen. <\/b> <span style=\"font-weight: 400;\">Werfen Sie einen Blick auf die Festivalplakate und schauen Sie, ob Ihnen eine der angebotenen Bands zusagt. Gibt es etwas Sch\u00f6neres, als Musik mit W\u00e4rme und Urlaub zu verbinden?<\/span><\/p>\n<div class=\"woocommerce columns-3 \"><div class=\"products row row-small large-columns-3 medium-columns-3 small-columns-1 has-equal-box-heights equalize-box\">\n<div class=\"product-small col has-hover product type-product post-56153 status-publish first instock product_cat-einkaufstaschen-aus-baumwolle product_cat-modeartikel product_cat-textilien has-post-thumbnail taxable shipping-taxable purchasable product-type-simple\">\n\t<div class=\"col-inner\">\n\t\n<div class=\"badge-container absolute left top z-1\">\n\n<div class=\"badge callout badge-circle\"><div class=\"badge-inner callout-new-bg is-small new-bubble\">NEW<\/div><\/div><\/div>\n\t<div class=\"product-small box \">\n\t\t<div class=\"box-image\">\n\t\t\t<div class=\"image-fade_in_back\">\n\t\t\t\t<a href=\"https:\/\/www.companhiaatlantica.pt\/de\/produto\/portugiesisches-leben\/modeartikel\/einkaufstaschen-aus-baumwolle\/einkaufstasche-alicatos\">\n\t\t\t\t\t<img loading=\"lazy\" decoding=\"async\" width=\"700\" height=\"700\" src=\"https:\/\/www.companhiaatlantica.pt\/wp-content\/uploads\/2024\/04\/170-295-700x700.jpg\" class=\"attachment-woocommerce_thumbnail size-woocommerce_thumbnail\" alt=\"Einkaufstasche ALICATOS\" srcset=\"https:\/\/www.companhiaatlantica.pt\/wp-content\/uploads\/2024\/04\/170-295-700x700.jpg 700w, https:\/\/www.companhiaatlantica.pt\/wp-content\/uploads\/2024\/04\/170-295-100x100.jpg 100w, https:\/\/www.companhiaatlantica.pt\/wp-content\/uploads\/2024\/04\/170-295-900x900.jpg 900w, https:\/\/www.companhiaatlantica.pt\/wp-content\/uploads\/2024\/04\/170-295-400x400.jpg 400w, https:\/\/www.companhiaatlantica.pt\/wp-content\/uploads\/2024\/04\/170-295-350x350.jpg 350w, https:\/\/www.companhiaatlantica.pt\/wp-content\/uploads\/2024\/04\/170-295-768x768.jpg 768w, https:\/\/www.companhiaatlantica.pt\/wp-content\/uploads\/2024\/04\/170-295.jpg 1000w\" sizes=\"auto, (max-width: 700px) 100vw, 700px\" title=\"\"><img loading=\"lazy\" decoding=\"async\" width=\"700\" height=\"700\" src=\"https:\/\/www.companhiaatlantica.pt\/wp-content\/uploads\/2024\/04\/170-295_a-700x700.jpg\" class=\"show-on-hover absolute fill hide-for-small back-image\" alt=\"Alternative view of Einkaufstasche ALICATOS\" aria-hidden=\"true\" srcset=\"https:\/\/www.companhiaatlantica.pt\/wp-content\/uploads\/2024\/04\/170-295_a-700x700.jpg 700w, https:\/\/www.companhiaatlantica.pt\/wp-content\/uploads\/2024\/04\/170-295_a-100x100.jpg 100w, https:\/\/www.companhiaatlantica.pt\/wp-content\/uploads\/2024\/04\/170-295_a-900x900.jpg 900w, https:\/\/www.companhiaatlantica.pt\/wp-content\/uploads\/2024\/04\/170-295_a-400x400.jpg 400w, https:\/\/www.companhiaatlantica.pt\/wp-content\/uploads\/2024\/04\/170-295_a-350x350.jpg 350w, https:\/\/www.companhiaatlantica.pt\/wp-content\/uploads\/2024\/04\/170-295_a-768x768.jpg 768w, https:\/\/www.companhiaatlantica.pt\/wp-content\/uploads\/2024\/04\/170-295_a.jpg 1000w\" sizes=\"auto, (max-width: 700px) 100vw, 700px\" title=\"\">\t\t\t\t<\/a>\n\t\t\t<\/div>\n\t\t\t<div class=\"image-tools is-small top right show-on-hover\">\n\t\t\t\t\t\t<div class=\"wishlist-icon\">\n\t\t\t<button class=\"wishlist-button button is-outline circle icon\" aria-label=\"Wunschliste\">\n\t\t\t\t<i class=\"icon-heart\" aria-hidden=\"true\"><\/i>\t\t\t<\/button>\n\t\t\t<div class=\"wishlist-popup dark\">\n\t\t\t\t\n<div\n\tclass=\"yith-wcwl-add-to-wishlist add-to-wishlist-56153 yith-wcwl-add-to-wishlist--button_default-style wishlist-fragment on-first-load\"\n\tdata-fragment-ref=\"56153\"\n\tdata-fragment-options=\"{&quot;base_url&quot;:&quot;&quot;,&quot;product_id&quot;:56153,&quot;parent_product_id&quot;:0,&quot;product_type&quot;:&quot;simple&quot;,&quot;is_single&quot;:false,&quot;in_default_wishlist&quot;:false,&quot;show_view&quot;:false,&quot;browse_wishlist_text&quot;:&quot;Siehe Ihre Wunschliste!&quot;,&quot;already_in_wishslist_text&quot;:&quot;Dieses Produkt steht bereits auf Ihrem Wunschzettel!&quot;,&quot;product_added_text&quot;:&quot;Produto adicionado!&quot;,&quot;available_multi_wishlist&quot;:false,&quot;disable_wishlist&quot;:false,&quot;show_count&quot;:false,&quot;ajax_loading&quot;:false,&quot;loop_position&quot;:&quot;after_add_to_cart&quot;,&quot;item&quot;:&quot;add_to_wishlist&quot;}\"\n>\n\t\t\t\n\t\t\t<!-- ADD TO WISHLIST -->\n\t\t\t\n<div class=\"yith-wcwl-add-button\">\n\t\t<a\n\t\thref=\"?add_to_wishlist=56153&#038;_wpnonce=e26925c47a\"\n\t\tclass=\"add_to_wishlist single_add_to_wishlist alt button theme-button-style \"\n\t\tdata-product-id=\"56153\"\n\t\tdata-product-type=\"simple\"\n\t\tdata-original-product-id=\"0\"\n\t\tdata-title=\"Zu meiner Wunschliste hinzuf\u00fcgen\"\n\t\trel=\"nofollow\"\n\t>\n\t\t<svg id=\"yith-wcwl-icon-heart-outline\" class=\"yith-wcwl-icon-svg\" fill=\"none\" stroke-width=\"1.5\" stroke=\"currentColor\" viewBox=\"0 0 24 24\" xmlns=\"http:\/\/www.w3.org\/2000\/svg\">\n  <path stroke-linecap=\"round\" stroke-linejoin=\"round\" d=\"M21 8.25c0-2.485-2.099-4.5-4.688-4.5-1.935 0-3.597 1.126-4.312 2.733-.715-1.607-2.377-2.733-4.313-2.733C5.1 3.75 3 5.765 3 8.25c0 7.22 9 12 9 12s9-4.78 9-12Z\"><\/path>\n<\/svg>\t\t<span>Zu meiner Wunschliste hinzuf\u00fcgen<\/span>\n\t<\/a>\n<\/div>\n\n\t\t\t<!-- COUNT TEXT -->\n\t\t\t\n\t\t\t<\/div>\n\t\t\t<\/div>\n\t\t<\/div>\n\t\t\t\t\t<\/div>\n\t\t\t<div class=\"image-tools is-small hide-for-small bottom left show-on-hover\">\n\t\t\t\t\t\t\t<\/div>\n\t\t\t<div class=\"image-tools grid-tools text-center hide-for-small bottom hover-slide-in show-on-hover\">\n\t\t\t\t\t\t\t<\/div>\n\t\t\t\t\t<\/div>\n\n\t\t<div class=\"box-text box-text-products\">\n\t\t\t<div class=\"title-wrapper\">\t\t<p class=\"category uppercase is-smaller no-text-overflow product-cat op-8\">\n\t\t\teinkaufstaschen aus baumwolle\t\t<\/p>\n\t<p class=\"name product-title woocommerce-loop-product__title\"><a href=\"https:\/\/www.companhiaatlantica.pt\/de\/produto\/portugiesisches-leben\/modeartikel\/einkaufstaschen-aus-baumwolle\/einkaufstasche-alicatos\" class=\"woocommerce-LoopProduct-link woocommerce-loop-product__link\">Einkaufstasche ALICATOS<\/a><\/p><\/div><div class=\"price-wrapper\">\n\t<span class=\"price\"><span class=\"woocommerce-Price-amount amount\"><bdi>26.50<span class=\"woocommerce-Price-currencySymbol\">&euro;<\/span><\/bdi><\/span><\/span>\n<\/div><div class=\"add-to-cart-button\"><a href=\"\/de\/wp-json\/wp\/v2\/posts\/60182?add-to-cart=56153\" aria-describedby=\"woocommerce_loop_add_to_cart_link_describedby_56153\" data-quantity=\"1\" class=\"primary is-small mb-0 button product_type_simple add_to_cart_button ajax_add_to_cart is-outline\" data-product_id=\"56153\" data-product_sku=\"170-295\" aria-label=\"In den Warenkorb legen: \u201eEinkaufstasche ALICATOS\u201c\" rel=\"nofollow\" data-success_message=\"\u201eEinkaufstasche ALICATOS\u201c wurde deinem Warenkorb hinzugef\u00fcgt\" data-product_name=\"Einkaufstasche ALICATOS\" data-product_image=\"https:\/\/www.companhiaatlantica.pt\/wp-content\/uploads\/2024\/04\/170-295-350x350.jpg\" role=\"button\">In den Warenkorb<\/a><\/div>\t<span id=\"woocommerce_loop_add_to_cart_link_describedby_56153\" class=\"screen-reader-text\">\n\t\t\t<\/span>\n\t\t<\/div>\n\t<\/div>\n\t<span class=\"gtm4wp_productdata\" style=\"display:none; visibility:hidden;\" data-gtm4wp_product_data=\"{&quot;internal_id&quot;:56153,&quot;item_id&quot;:&quot;170-295&quot;,&quot;item_name&quot;:&quot;Einkaufstasche ALICATOS&quot;,&quot;sku&quot;:&quot;170-295&quot;,&quot;price&quot;:26.5,&quot;stocklevel&quot;:58,&quot;stockstatus&quot;:&quot;instock&quot;,&quot;google_business_vertical&quot;:&quot;retail&quot;,&quot;item_category&quot;:&quot;Vida Portuguesa&quot;,&quot;item_category2&quot;:&quot;Acess\\u00f3rios Moda&quot;,&quot;item_category3&quot;:&quot;Saco Compras Algod\\u00e3o&quot;,&quot;id&quot;:&quot;170-295&quot;,&quot;productlink&quot;:&quot;https:\\\/\\\/www.companhiaatlantica.pt\\\/de\\\/produto\\\/portugiesisches-leben\\\/modeartikel\\\/einkaufstaschen-aus-baumwolle\\\/einkaufstasche-alicatos&quot;,&quot;item_list_name&quot;:&quot;General Product List&quot;,&quot;index&quot;:1,&quot;product_type&quot;:&quot;simple&quot;,&quot;item_brand&quot;:&quot;&quot;}\"><\/span>\t<\/div>\n<\/div><div class=\"product-small col has-hover product type-product post-54264 status-publish instock product_cat-modeartikel product_cat-tucher has-post-thumbnail sale taxable shipping-taxable purchasable product-type-simple\">\n\t<div class=\"col-inner\">\n\t\n<div class=\"badge-container absolute left top z-1\">\n<div class=\"badge callout badge-circle\">\r\n  \t\t\t<div class=\"badge-inner secondary on-sale\">\r\n  \t\t\t\t<span class=\"onsale\">-50%<\/span>\r\n\t\t\t<\/div>\r\n\t\t<\/div>\r\n\t\t<div class=\"badge callout badge-circle\">\r\n\t\t\t<div class=\"badge-inner callout-new-bg is-small new-bubble\">1 pc<\/div>\r\n\t\t<\/div>\n<div class=\"badge callout badge-circle\"><div class=\"badge-inner callout-new-bg is-small new-bubble\">1 pc<\/div><\/div><\/div>\n\t<div class=\"product-small box \">\n\t\t<div class=\"box-image\">\n\t\t\t<div class=\"image-fade_in_back\">\n\t\t\t\t<a href=\"https:\/\/www.companhiaatlantica.pt\/de\/produto\/portugiesisches-leben\/modeartikel\/tucher\/schal-baumwolle-70x180\">\n\t\t\t\t\t<img loading=\"lazy\" decoding=\"async\" width=\"700\" height=\"700\" src=\"https:\/\/www.companhiaatlantica.pt\/wp-content\/uploads\/2024\/02\/170-090-1--700x700.jpg\" class=\"attachment-woocommerce_thumbnail size-woocommerce_thumbnail\" alt=\"Schal Baumwolle 70x180 FORTUNY Knossos\" srcset=\"https:\/\/www.companhiaatlantica.pt\/wp-content\/uploads\/2024\/02\/170-090-1--700x700.jpg 700w, https:\/\/www.companhiaatlantica.pt\/wp-content\/uploads\/2024\/02\/170-090-1--100x100.jpg 100w, https:\/\/www.companhiaatlantica.pt\/wp-content\/uploads\/2024\/02\/170-090-1--900x900.jpg 900w, https:\/\/www.companhiaatlantica.pt\/wp-content\/uploads\/2024\/02\/170-090-1--400x400.jpg 400w, https:\/\/www.companhiaatlantica.pt\/wp-content\/uploads\/2024\/02\/170-090-1--350x350.jpg 350w, https:\/\/www.companhiaatlantica.pt\/wp-content\/uploads\/2024\/02\/170-090-1--768x768.jpg 768w, https:\/\/www.companhiaatlantica.pt\/wp-content\/uploads\/2024\/02\/170-090-1-.jpg 1000w\" sizes=\"auto, (max-width: 700px) 100vw, 700px\" title=\"\"><img loading=\"lazy\" decoding=\"async\" width=\"700\" height=\"700\" src=\"https:\/\/www.companhiaatlantica.pt\/wp-content\/uploads\/2024\/02\/170-090-1-700x700.jpg\" class=\"show-on-hover absolute fill hide-for-small back-image\" alt=\"Alternative view of Schal Baumwolle 70x180 FORTUNY Knossos\" aria-hidden=\"true\" srcset=\"https:\/\/www.companhiaatlantica.pt\/wp-content\/uploads\/2024\/02\/170-090-1-700x700.jpg 700w, https:\/\/www.companhiaatlantica.pt\/wp-content\/uploads\/2024\/02\/170-090-1-100x100.jpg 100w, https:\/\/www.companhiaatlantica.pt\/wp-content\/uploads\/2024\/02\/170-090-1-900x900.jpg 900w, https:\/\/www.companhiaatlantica.pt\/wp-content\/uploads\/2024\/02\/170-090-1-400x400.jpg 400w, https:\/\/www.companhiaatlantica.pt\/wp-content\/uploads\/2024\/02\/170-090-1-350x350.jpg 350w, https:\/\/www.companhiaatlantica.pt\/wp-content\/uploads\/2024\/02\/170-090-1-768x768.jpg 768w, https:\/\/www.companhiaatlantica.pt\/wp-content\/uploads\/2024\/02\/170-090-1.jpg 1000w\" sizes=\"auto, (max-width: 700px) 100vw, 700px\" title=\"\">\t\t\t\t<\/a>\n\t\t\t<\/div>\n\t\t\t<div class=\"image-tools is-small top right show-on-hover\">\n\t\t\t\t\t\t<div class=\"wishlist-icon\">\n\t\t\t<button class=\"wishlist-button button is-outline circle icon\" aria-label=\"Wunschliste\">\n\t\t\t\t<i class=\"icon-heart\" aria-hidden=\"true\"><\/i>\t\t\t<\/button>\n\t\t\t<div class=\"wishlist-popup dark\">\n\t\t\t\t\n<div\n\tclass=\"yith-wcwl-add-to-wishlist add-to-wishlist-54264 yith-wcwl-add-to-wishlist--button_default-style wishlist-fragment on-first-load\"\n\tdata-fragment-ref=\"54264\"\n\tdata-fragment-options=\"{&quot;base_url&quot;:&quot;&quot;,&quot;product_id&quot;:54264,&quot;parent_product_id&quot;:0,&quot;product_type&quot;:&quot;simple&quot;,&quot;is_single&quot;:false,&quot;in_default_wishlist&quot;:false,&quot;show_view&quot;:false,&quot;browse_wishlist_text&quot;:&quot;Siehe Ihre Wunschliste!&quot;,&quot;already_in_wishslist_text&quot;:&quot;Dieses Produkt steht bereits auf Ihrem Wunschzettel!&quot;,&quot;product_added_text&quot;:&quot;Produto adicionado!&quot;,&quot;available_multi_wishlist&quot;:false,&quot;disable_wishlist&quot;:false,&quot;show_count&quot;:false,&quot;ajax_loading&quot;:false,&quot;loop_position&quot;:&quot;after_add_to_cart&quot;,&quot;item&quot;:&quot;add_to_wishlist&quot;}\"\n>\n\t\t\t\n\t\t\t<!-- ADD TO WISHLIST -->\n\t\t\t\n<div class=\"yith-wcwl-add-button\">\n\t\t<a\n\t\thref=\"?add_to_wishlist=54264&#038;_wpnonce=e26925c47a\"\n\t\tclass=\"add_to_wishlist single_add_to_wishlist alt button theme-button-style \"\n\t\tdata-product-id=\"54264\"\n\t\tdata-product-type=\"simple\"\n\t\tdata-original-product-id=\"0\"\n\t\tdata-title=\"Zu meiner Wunschliste hinzuf\u00fcgen\"\n\t\trel=\"nofollow\"\n\t>\n\t\t<svg id=\"yith-wcwl-icon-heart-outline\" class=\"yith-wcwl-icon-svg\" fill=\"none\" stroke-width=\"1.5\" stroke=\"currentColor\" viewBox=\"0 0 24 24\" xmlns=\"http:\/\/www.w3.org\/2000\/svg\">\n  <path stroke-linecap=\"round\" stroke-linejoin=\"round\" d=\"M21 8.25c0-2.485-2.099-4.5-4.688-4.5-1.935 0-3.597 1.126-4.312 2.733-.715-1.607-2.377-2.733-4.313-2.733C5.1 3.75 3 5.765 3 8.25c0 7.22 9 12 9 12s9-4.78 9-12Z\"><\/path>\n<\/svg>\t\t<span>Zu meiner Wunschliste hinzuf\u00fcgen<\/span>\n\t<\/a>\n<\/div>\n\n\t\t\t<!-- COUNT TEXT -->\n\t\t\t\n\t\t\t<\/div>\n\t\t\t<\/div>\n\t\t<\/div>\n\t\t\t\t\t<\/div>\n\t\t\t<div class=\"image-tools is-small hide-for-small bottom left show-on-hover\">\n\t\t\t\t\t\t\t<\/div>\n\t\t\t<div class=\"image-tools grid-tools text-center hide-for-small bottom hover-slide-in show-on-hover\">\n\t\t\t\t\t\t\t<\/div>\n\t\t\t\t\t<\/div>\n\n\t\t<div class=\"box-text box-text-products\">\n\t\t\t<div class=\"title-wrapper\">\t\t<p class=\"category uppercase is-smaller no-text-overflow product-cat op-8\">\n\t\t\tModeartikel\t\t<\/p>\n\t<p class=\"name product-title woocommerce-loop-product__title\"><a href=\"https:\/\/www.companhiaatlantica.pt\/de\/produto\/portugiesisches-leben\/modeartikel\/tucher\/schal-baumwolle-70x180\" class=\"woocommerce-LoopProduct-link woocommerce-loop-product__link\">Schal Baumwolle 70&#215;180 FORTUNY Knossos<\/a><\/p><\/div><div class=\"price-wrapper\">\n\t<span class=\"price\"><del aria-hidden=\"true\"><span class=\"woocommerce-Price-amount amount\"><bdi>35.00<span class=\"woocommerce-Price-currencySymbol\">&euro;<\/span><\/bdi><\/span><\/del> <span class=\"screen-reader-text\">Urspr\u00fcnglicher Preis war: 35.00&euro;<\/span><ins aria-hidden=\"true\"><span class=\"woocommerce-Price-amount amount\"><bdi>17.50<span class=\"woocommerce-Price-currencySymbol\">&euro;<\/span><\/bdi><\/span><\/ins><span class=\"screen-reader-text\">Aktueller Preis ist: 17.50&euro;.<\/span><\/span>\n<\/div><div class=\"add-to-cart-button\"><a href=\"\/de\/wp-json\/wp\/v2\/posts\/60182?add-to-cart=54264\" aria-describedby=\"woocommerce_loop_add_to_cart_link_describedby_54264\" data-quantity=\"1\" class=\"primary is-small mb-0 button product_type_simple add_to_cart_button ajax_add_to_cart is-outline\" data-product_id=\"54264\" data-product_sku=\"170-090\" aria-label=\"In den Warenkorb legen: \u201eSchal Baumwolle 70x180 FORTUNY Knossos\u201c\" rel=\"nofollow\" data-success_message=\"\u201eSchal Baumwolle 70x180 FORTUNY Knossos\u201c wurde deinem Warenkorb hinzugef\u00fcgt\" data-product_name=\"Schal Baumwolle 70x180 FORTUNY Knossos\" data-product_image=\"https:\/\/www.companhiaatlantica.pt\/wp-content\/uploads\/2024\/02\/170-090-1--350x350.jpg\" role=\"button\">In den Warenkorb<\/a><\/div>\t<span id=\"woocommerce_loop_add_to_cart_link_describedby_54264\" class=\"screen-reader-text\">\n\t\t\t<\/span>\n\t\t<\/div>\n\t<\/div>\n\t<span class=\"gtm4wp_productdata\" style=\"display:none; visibility:hidden;\" data-gtm4wp_product_data=\"{&quot;internal_id&quot;:54264,&quot;item_id&quot;:&quot;170-090&quot;,&quot;item_name&quot;:&quot;Schal Baumwolle 70x180 FORTUNY Knossos&quot;,&quot;sku&quot;:&quot;170-090&quot;,&quot;price&quot;:17.5,&quot;stocklevel&quot;:89,&quot;stockstatus&quot;:&quot;instock&quot;,&quot;google_business_vertical&quot;:&quot;retail&quot;,&quot;item_category&quot;:&quot;Vida Portuguesa&quot;,&quot;item_category2&quot;:&quot;Acess\\u00f3rios Moda&quot;,&quot;item_category3&quot;:&quot;Lencos Pesco\\u00e7o&quot;,&quot;id&quot;:&quot;170-090&quot;,&quot;productlink&quot;:&quot;https:\\\/\\\/www.companhiaatlantica.pt\\\/de\\\/produto\\\/portugiesisches-leben\\\/modeartikel\\\/tucher\\\/schal-baumwolle-70x180&quot;,&quot;item_list_name&quot;:&quot;General Product List&quot;,&quot;index&quot;:2,&quot;product_type&quot;:&quot;simple&quot;,&quot;item_brand&quot;:&quot;&quot;}\"><\/span>\t<\/div>\n<\/div><div class=\"product-small col has-hover product type-product post-41143 status-publish last instock product_cat-korperbehandlungen product_cat-lippenbalsam has-post-thumbnail taxable shipping-taxable purchasable product-type-simple\">\n\t<div class=\"col-inner\">\n\t\n<div class=\"badge-container absolute left top z-1\">\n\n<\/div>\n\t<div class=\"product-small box \">\n\t\t<div class=\"box-image\">\n\t\t\t<div class=\"image-fade_in_back\">\n\t\t\t\t<a href=\"https:\/\/www.companhiaatlantica.pt\/de\/produto\/korperbehandlungen\/lippenbalsam\/blauer-vanille-lippenbalsam-azulejo\">\n\t\t\t\t\t<img loading=\"lazy\" decoding=\"async\" width=\"700\" height=\"700\" src=\"https:\/\/www.companhiaatlantica.pt\/wp-content\/uploads\/2020\/06\/100-175_1_novo-700x700.jpg\" class=\"attachment-woocommerce_thumbnail size-woocommerce_thumbnail\" alt=\"Blauer Vanille-Lippenbalsam AZULEJO\" srcset=\"https:\/\/www.companhiaatlantica.pt\/wp-content\/uploads\/2020\/06\/100-175_1_novo-700x700.jpg 700w, https:\/\/www.companhiaatlantica.pt\/wp-content\/uploads\/2020\/06\/100-175_1_novo-100x100.jpg 100w, https:\/\/www.companhiaatlantica.pt\/wp-content\/uploads\/2020\/06\/100-175_1_novo-600x600.jpg 600w, https:\/\/www.companhiaatlantica.pt\/wp-content\/uploads\/2020\/06\/100-175_1_novo-300x300.jpg 300w, https:\/\/www.companhiaatlantica.pt\/wp-content\/uploads\/2020\/06\/100-175_1_novo-150x150.jpg 150w, https:\/\/www.companhiaatlantica.pt\/wp-content\/uploads\/2020\/06\/100-175_1_novo-768x768.jpg 768w, https:\/\/www.companhiaatlantica.pt\/wp-content\/uploads\/2020\/06\/100-175_1_novo.jpg 863w\" sizes=\"auto, (max-width: 700px) 100vw, 700px\" title=\"\"><img loading=\"lazy\" decoding=\"async\" width=\"700\" height=\"700\" src=\"https:\/\/www.companhiaatlantica.pt\/wp-content\/uploads\/2020\/06\/100-175_2_novo-700x700.jpg\" class=\"show-on-hover absolute fill hide-for-small back-image\" alt=\"Alternative view of Blauer Vanille-Lippenbalsam AZULEJO\" aria-hidden=\"true\" srcset=\"https:\/\/www.companhiaatlantica.pt\/wp-content\/uploads\/2020\/06\/100-175_2_novo-700x700.jpg 700w, https:\/\/www.companhiaatlantica.pt\/wp-content\/uploads\/2020\/06\/100-175_2_novo-100x100.jpg 100w, https:\/\/www.companhiaatlantica.pt\/wp-content\/uploads\/2020\/06\/100-175_2_novo-600x600.jpg 600w, https:\/\/www.companhiaatlantica.pt\/wp-content\/uploads\/2020\/06\/100-175_2_novo-300x300.jpg 300w, https:\/\/www.companhiaatlantica.pt\/wp-content\/uploads\/2020\/06\/100-175_2_novo-150x150.jpg 150w, https:\/\/www.companhiaatlantica.pt\/wp-content\/uploads\/2020\/06\/100-175_2_novo-768x768.jpg 768w, https:\/\/www.companhiaatlantica.pt\/wp-content\/uploads\/2020\/06\/100-175_2_novo.jpg 863w\" sizes=\"auto, (max-width: 700px) 100vw, 700px\" title=\"\">\t\t\t\t<\/a>\n\t\t\t<\/div>\n\t\t\t<div class=\"image-tools is-small top right show-on-hover\">\n\t\t\t\t\t\t<div class=\"wishlist-icon\">\n\t\t\t<button class=\"wishlist-button button is-outline circle icon\" aria-label=\"Wunschliste\">\n\t\t\t\t<i class=\"icon-heart\" aria-hidden=\"true\"><\/i>\t\t\t<\/button>\n\t\t\t<div class=\"wishlist-popup dark\">\n\t\t\t\t\n<div\n\tclass=\"yith-wcwl-add-to-wishlist add-to-wishlist-41143 yith-wcwl-add-to-wishlist--button_default-style wishlist-fragment on-first-load\"\n\tdata-fragment-ref=\"41143\"\n\tdata-fragment-options=\"{&quot;base_url&quot;:&quot;&quot;,&quot;product_id&quot;:41143,&quot;parent_product_id&quot;:0,&quot;product_type&quot;:&quot;simple&quot;,&quot;is_single&quot;:false,&quot;in_default_wishlist&quot;:false,&quot;show_view&quot;:false,&quot;browse_wishlist_text&quot;:&quot;Siehe Ihre Wunschliste!&quot;,&quot;already_in_wishslist_text&quot;:&quot;Dieses Produkt steht bereits auf Ihrem Wunschzettel!&quot;,&quot;product_added_text&quot;:&quot;Produto adicionado!&quot;,&quot;available_multi_wishlist&quot;:false,&quot;disable_wishlist&quot;:false,&quot;show_count&quot;:false,&quot;ajax_loading&quot;:false,&quot;loop_position&quot;:&quot;after_add_to_cart&quot;,&quot;item&quot;:&quot;add_to_wishlist&quot;}\"\n>\n\t\t\t\n\t\t\t<!-- ADD TO WISHLIST -->\n\t\t\t\n<div class=\"yith-wcwl-add-button\">\n\t\t<a\n\t\thref=\"?add_to_wishlist=41143&#038;_wpnonce=e26925c47a\"\n\t\tclass=\"add_to_wishlist single_add_to_wishlist alt button theme-button-style \"\n\t\tdata-product-id=\"41143\"\n\t\tdata-product-type=\"simple\"\n\t\tdata-original-product-id=\"0\"\n\t\tdata-title=\"Zu meiner Wunschliste hinzuf\u00fcgen\"\n\t\trel=\"nofollow\"\n\t>\n\t\t<svg id=\"yith-wcwl-icon-heart-outline\" class=\"yith-wcwl-icon-svg\" fill=\"none\" stroke-width=\"1.5\" stroke=\"currentColor\" viewBox=\"0 0 24 24\" xmlns=\"http:\/\/www.w3.org\/2000\/svg\">\n  <path stroke-linecap=\"round\" stroke-linejoin=\"round\" d=\"M21 8.25c0-2.485-2.099-4.5-4.688-4.5-1.935 0-3.597 1.126-4.312 2.733-.715-1.607-2.377-2.733-4.313-2.733C5.1 3.75 3 5.765 3 8.25c0 7.22 9 12 9 12s9-4.78 9-12Z\"><\/path>\n<\/svg>\t\t<span>Zu meiner Wunschliste hinzuf\u00fcgen<\/span>\n\t<\/a>\n<\/div>\n\n\t\t\t<!-- COUNT TEXT -->\n\t\t\t\n\t\t\t<\/div>\n\t\t\t<\/div>\n\t\t<\/div>\n\t\t\t\t\t<\/div>\n\t\t\t<div class=\"image-tools is-small hide-for-small bottom left show-on-hover\">\n\t\t\t\t\t\t\t<\/div>\n\t\t\t<div class=\"image-tools grid-tools text-center hide-for-small bottom hover-slide-in show-on-hover\">\n\t\t\t\t\t\t\t<\/div>\n\t\t\t\t\t<\/div>\n\n\t\t<div class=\"box-text box-text-products\">\n\t\t\t<div class=\"title-wrapper\">\t\t<p class=\"category uppercase is-smaller no-text-overflow product-cat op-8\">\n\t\t\tK\u00f6rperbehandlungen\t\t<\/p>\n\t<p class=\"name product-title woocommerce-loop-product__title\"><a href=\"https:\/\/www.companhiaatlantica.pt\/de\/produto\/korperbehandlungen\/lippenbalsam\/blauer-vanille-lippenbalsam-azulejo\" class=\"woocommerce-LoopProduct-link woocommerce-loop-product__link\">Blauer Vanille-Lippenbalsam AZULEJO<\/a><\/p><\/div><div class=\"price-wrapper\">\n\t<span class=\"price\"><span class=\"woocommerce-Price-amount amount\"><bdi>7.80<span class=\"woocommerce-Price-currencySymbol\">&euro;<\/span><\/bdi><\/span><\/span>\n<\/div><div class=\"add-to-cart-button\"><a href=\"\/de\/wp-json\/wp\/v2\/posts\/60182?add-to-cart=41143\" aria-describedby=\"woocommerce_loop_add_to_cart_link_describedby_41143\" data-quantity=\"1\" class=\"primary is-small mb-0 button product_type_simple add_to_cart_button ajax_add_to_cart is-outline\" data-product_id=\"41143\" data-product_sku=\"100-175\" aria-label=\"In den Warenkorb legen: \u201eBlauer Vanille-Lippenbalsam AZULEJO\u201c\" rel=\"nofollow\" data-success_message=\"\u201eBlauer Vanille-Lippenbalsam AZULEJO\u201c wurde deinem Warenkorb hinzugef\u00fcgt\" data-product_name=\"Blauer Vanille-Lippenbalsam AZULEJO\" data-product_image=\"https:\/\/www.companhiaatlantica.pt\/wp-content\/uploads\/2020\/06\/100-175_1_novo-150x150.jpg\" role=\"button\">In den Warenkorb<\/a><\/div>\t<span id=\"woocommerce_loop_add_to_cart_link_describedby_41143\" class=\"screen-reader-text\">\n\t\t\t<\/span>\n\t\t<\/div>\n\t<\/div>\n\t<span class=\"gtm4wp_productdata\" style=\"display:none; visibility:hidden;\" data-gtm4wp_product_data=\"{&quot;internal_id&quot;:41143,&quot;item_id&quot;:&quot;100-175&quot;,&quot;item_name&quot;:&quot;Blauer Vanille-Lippenbalsam AZULEJO&quot;,&quot;sku&quot;:&quot;100-175&quot;,&quot;price&quot;:7.79999999999999982236431605997495353221893310546875,&quot;stocklevel&quot;:483,&quot;stockstatus&quot;:&quot;instock&quot;,&quot;google_business_vertical&quot;:&quot;retail&quot;,&quot;item_category&quot;:&quot;Cuidado Corporal&quot;,&quot;item_category2&quot;:&quot;B\\u00e1lsamo Labial Hidratante&quot;,&quot;id&quot;:&quot;100-175&quot;,&quot;productlink&quot;:&quot;https:\\\/\\\/www.companhiaatlantica.pt\\\/de\\\/produto\\\/korperbehandlungen\\\/lippenbalsam\\\/blauer-vanille-lippenbalsam-azulejo&quot;,&quot;item_list_name&quot;:&quot;General Product List&quot;,&quot;index&quot;:3,&quot;product_type&quot;:&quot;simple&quot;,&quot;item_brand&quot;:&quot;&quot;}\"><\/span>\t<\/div>\n<\/div><\/div><!-- row -->\n<\/div>\n\t<div id=\"gap-937597081\" class=\"gap-element clearfix\" style=\"display:block; height:auto;\">\n\t\t\n<style>\n#gap-937597081 {\n  padding-top: 30px;\n}\n<\/style>\n\t<\/div>\n\t\n<h2><span style=\"font-weight: 400;\">Ruhe und Kultur, warum nicht?<\/span><\/h2>\n<p><span style=\"font-weight: 400;\">F\u00fcr Kulturliebhaber bietet Portugal auch eine F\u00fclle von Museen, Kunstausstellungen, Kulturmessen, Theaterauff\u00fchrungen und Musikkonzerten.<\/span><\/p>\n<h3><span style=\"font-weight: 400;\">Besuche von Museen und Kunstausstellungen<\/span><\/h3>\n<p><span style=\"font-weight: 400;\">Entdecken Sie Museen f\u00fcr Wissenschaft, Technik, Geschichte und Kunst wie das <\/span><a href=\"http:\/\/www.museudoazulejo.pt\/\" target=\"_blank\" rel=\"noopener\"><br \/>\n  <span style=\"font-weight: 400;\">Kachelmuseum<\/span><br \/>\n<\/a><span style=\"font-weight: 400;\">, o <\/span><a href=\"https:\/\/www.serralves.pt\/\" target=\"_blank\" rel=\"noopener\"><br \/>\n  <span style=\"font-weight: 400;\">Serralves Museum f\u00fcr zeitgen\u00f6ssische Kunst<\/span><br \/>\n<\/a><span style=\"font-weight: 400;\"> oder das <\/span><a href=\"https:\/\/www.museudofado.pt\/\" target=\"_blank\" rel=\"noopener\"><br \/>\n  <span style=\"font-weight: 400;\">Fado-Museum<\/span><br \/>\n<\/a><span style=\"font-weight: 400;\">um mehr \u00fcber die Vergangenheit, Gegenwart und Zukunft unserer Kultur zu erfahren. Bewundern Sie Kunstwerke von renommierten und aufstrebenden K\u00fcnstlern in Galerien und Kulturzentren, wie dem  <\/span><a href=\"https:\/\/www.ccb.pt\/\" target=\"_blank\" rel=\"noopener\"><br \/>\n  <span style=\"font-weight: 400;\">Kulturzentrum Bel\u00e9m<\/span><br \/>\n<\/a><span style=\"font-weight: 400;\">.<\/span><\/p>\n<h3><span style=\"font-weight: 400;\">Kulturelle Messen und Theaterauff\u00fchrungen<\/span><\/h3>\n<p><span style=\"font-weight: 400;\">Engagieren Sie sich in der Gemeinde, indem Sie die lokale K\u00fcche probieren, traditionelles Kunsthandwerk kaufen oder an Workshops und musikalischen Darbietungen auf Kulturmessen teilnehmen. Wenn Sie sich f\u00fcr Theater interessieren, k\u00f6nnen Sie auch im lokalen Programm nachsehen, ob ein St\u00fcck aufgef\u00fchrt wird.<\/span><\/p>\n<div class=\"woocommerce columns-3 \"><div class=\"products row row-small large-columns-3 medium-columns-3 small-columns-1 has-equal-box-heights equalize-box\">\n<div class=\"product-small col has-hover product type-product post-59682 status-publish first instock product_cat-brillenbox product_cat-modeartikel has-post-thumbnail taxable shipping-taxable purchasable product-type-simple\">\n\t<div class=\"col-inner\">\n\t\n<div class=\"badge-container absolute left top z-1\">\n\n<div class=\"badge callout badge-circle\"><div class=\"badge-inner callout-new-bg is-small new-bubble\">NEW<\/div><\/div><\/div>\n\t<div class=\"product-small box \">\n\t\t<div class=\"box-image\">\n\t\t\t<div class=\"image-fade_in_back\">\n\t\t\t\t<a href=\"https:\/\/www.companhiaatlantica.pt\/de\/produto\/portugiesisches-leben\/modeartikel\/brillenbox\/mikrofasertuch-pop-azulejo\">\n\t\t\t\t\t<img loading=\"lazy\" decoding=\"async\" width=\"700\" height=\"700\" src=\"https:\/\/www.companhiaatlantica.pt\/wp-content\/uploads\/2024\/06\/160-144_a-1-700x700.jpg\" class=\"attachment-woocommerce_thumbnail size-woocommerce_thumbnail\" alt=\"Mikrofasertuch Pop AZULEJO\" srcset=\"https:\/\/www.companhiaatlantica.pt\/wp-content\/uploads\/2024\/06\/160-144_a-1-700x700.jpg 700w, https:\/\/www.companhiaatlantica.pt\/wp-content\/uploads\/2024\/06\/160-144_a-1-100x100.jpg 100w, https:\/\/www.companhiaatlantica.pt\/wp-content\/uploads\/2024\/06\/160-144_a-1-900x900.jpg 900w, https:\/\/www.companhiaatlantica.pt\/wp-content\/uploads\/2024\/06\/160-144_a-1-400x400.jpg 400w, https:\/\/www.companhiaatlantica.pt\/wp-content\/uploads\/2024\/06\/160-144_a-1-350x350.jpg 350w, https:\/\/www.companhiaatlantica.pt\/wp-content\/uploads\/2024\/06\/160-144_a-1-768x768.jpg 768w, https:\/\/www.companhiaatlantica.pt\/wp-content\/uploads\/2024\/06\/160-144_a-1.jpg 1000w\" sizes=\"auto, (max-width: 700px) 100vw, 700px\" title=\"\"><img loading=\"lazy\" decoding=\"async\" width=\"700\" height=\"700\" src=\"https:\/\/www.companhiaatlantica.pt\/wp-content\/uploads\/2024\/06\/160-144-700x700.jpg\" class=\"show-on-hover absolute fill hide-for-small back-image\" alt=\"Alternative view of Mikrofasertuch Pop AZULEJO\" aria-hidden=\"true\" srcset=\"https:\/\/www.companhiaatlantica.pt\/wp-content\/uploads\/2024\/06\/160-144-700x700.jpg 700w, https:\/\/www.companhiaatlantica.pt\/wp-content\/uploads\/2024\/06\/160-144-100x100.jpg 100w, https:\/\/www.companhiaatlantica.pt\/wp-content\/uploads\/2024\/06\/160-144-400x400.jpg 400w, https:\/\/www.companhiaatlantica.pt\/wp-content\/uploads\/2024\/06\/160-144-350x350.jpg 350w, https:\/\/www.companhiaatlantica.pt\/wp-content\/uploads\/2024\/06\/160-144-768x768.jpg 768w, https:\/\/www.companhiaatlantica.pt\/wp-content\/uploads\/2024\/06\/160-144-600x600.jpg 600w, https:\/\/www.companhiaatlantica.pt\/wp-content\/uploads\/2024\/06\/160-144.jpg 900w\" sizes=\"auto, (max-width: 700px) 100vw, 700px\" title=\"\">\t\t\t\t<\/a>\n\t\t\t<\/div>\n\t\t\t<div class=\"image-tools is-small top right show-on-hover\">\n\t\t\t\t\t\t<div class=\"wishlist-icon\">\n\t\t\t<button class=\"wishlist-button button is-outline circle icon\" aria-label=\"Wunschliste\">\n\t\t\t\t<i class=\"icon-heart\" aria-hidden=\"true\"><\/i>\t\t\t<\/button>\n\t\t\t<div class=\"wishlist-popup dark\">\n\t\t\t\t\n<div\n\tclass=\"yith-wcwl-add-to-wishlist add-to-wishlist-59682 yith-wcwl-add-to-wishlist--button_default-style wishlist-fragment on-first-load\"\n\tdata-fragment-ref=\"59682\"\n\tdata-fragment-options=\"{&quot;base_url&quot;:&quot;&quot;,&quot;product_id&quot;:59682,&quot;parent_product_id&quot;:0,&quot;product_type&quot;:&quot;simple&quot;,&quot;is_single&quot;:false,&quot;in_default_wishlist&quot;:false,&quot;show_view&quot;:false,&quot;browse_wishlist_text&quot;:&quot;Siehe Ihre Wunschliste!&quot;,&quot;already_in_wishslist_text&quot;:&quot;Dieses Produkt steht bereits auf Ihrem Wunschzettel!&quot;,&quot;product_added_text&quot;:&quot;Produto adicionado!&quot;,&quot;available_multi_wishlist&quot;:false,&quot;disable_wishlist&quot;:false,&quot;show_count&quot;:false,&quot;ajax_loading&quot;:false,&quot;loop_position&quot;:&quot;after_add_to_cart&quot;,&quot;item&quot;:&quot;add_to_wishlist&quot;}\"\n>\n\t\t\t\n\t\t\t<!-- ADD TO WISHLIST -->\n\t\t\t\n<div class=\"yith-wcwl-add-button\">\n\t\t<a\n\t\thref=\"?add_to_wishlist=59682&#038;_wpnonce=e26925c47a\"\n\t\tclass=\"add_to_wishlist single_add_to_wishlist alt button theme-button-style \"\n\t\tdata-product-id=\"59682\"\n\t\tdata-product-type=\"simple\"\n\t\tdata-original-product-id=\"0\"\n\t\tdata-title=\"Zu meiner Wunschliste hinzuf\u00fcgen\"\n\t\trel=\"nofollow\"\n\t>\n\t\t<svg id=\"yith-wcwl-icon-heart-outline\" class=\"yith-wcwl-icon-svg\" fill=\"none\" stroke-width=\"1.5\" stroke=\"currentColor\" viewBox=\"0 0 24 24\" xmlns=\"http:\/\/www.w3.org\/2000\/svg\">\n  <path stroke-linecap=\"round\" stroke-linejoin=\"round\" d=\"M21 8.25c0-2.485-2.099-4.5-4.688-4.5-1.935 0-3.597 1.126-4.312 2.733-.715-1.607-2.377-2.733-4.313-2.733C5.1 3.75 3 5.765 3 8.25c0 7.22 9 12 9 12s9-4.78 9-12Z\"><\/path>\n<\/svg>\t\t<span>Zu meiner Wunschliste hinzuf\u00fcgen<\/span>\n\t<\/a>\n<\/div>\n\n\t\t\t<!-- COUNT TEXT -->\n\t\t\t\n\t\t\t<\/div>\n\t\t\t<\/div>\n\t\t<\/div>\n\t\t\t\t\t<\/div>\n\t\t\t<div class=\"image-tools is-small hide-for-small bottom left show-on-hover\">\n\t\t\t\t\t\t\t<\/div>\n\t\t\t<div class=\"image-tools grid-tools text-center hide-for-small bottom hover-slide-in show-on-hover\">\n\t\t\t\t\t\t\t<\/div>\n\t\t\t\t\t<\/div>\n\n\t\t<div class=\"box-text box-text-products\">\n\t\t\t<div class=\"title-wrapper\">\t\t<p class=\"category uppercase is-smaller no-text-overflow product-cat op-8\">\n\t\t\tBrillenbox\t\t<\/p>\n\t<p class=\"name product-title woocommerce-loop-product__title\"><a href=\"https:\/\/www.companhiaatlantica.pt\/de\/produto\/portugiesisches-leben\/modeartikel\/brillenbox\/mikrofasertuch-pop-azulejo\" class=\"woocommerce-LoopProduct-link woocommerce-loop-product__link\">Mikrofasertuch Pop AZULEJO<\/a><\/p><\/div><div class=\"price-wrapper\">\n\t<span class=\"price\"><span class=\"woocommerce-Price-amount amount\"><bdi>3.50<span class=\"woocommerce-Price-currencySymbol\">&euro;<\/span><\/bdi><\/span><\/span>\n<\/div><div class=\"add-to-cart-button\"><a href=\"\/de\/wp-json\/wp\/v2\/posts\/60182?add-to-cart=59682\" aria-describedby=\"woocommerce_loop_add_to_cart_link_describedby_59682\" data-quantity=\"1\" class=\"primary is-small mb-0 button product_type_simple add_to_cart_button ajax_add_to_cart is-outline\" data-product_id=\"59682\" data-product_sku=\"160-144\" aria-label=\"In den Warenkorb legen: \u201eMikrofasertuch Pop AZULEJO\u201c\" rel=\"nofollow\" data-success_message=\"\u201eMikrofasertuch Pop AZULEJO\u201c wurde deinem Warenkorb hinzugef\u00fcgt\" data-product_name=\"Mikrofasertuch Pop AZULEJO\" data-product_image=\"https:\/\/www.companhiaatlantica.pt\/wp-content\/uploads\/2024\/06\/160-144_a-1-350x350.jpg\" role=\"button\">In den Warenkorb<\/a><\/div>\t<span id=\"woocommerce_loop_add_to_cart_link_describedby_59682\" class=\"screen-reader-text\">\n\t\t\t<\/span>\n\t\t<\/div>\n\t<\/div>\n\t<span class=\"gtm4wp_productdata\" style=\"display:none; visibility:hidden;\" data-gtm4wp_product_data=\"{&quot;internal_id&quot;:59682,&quot;item_id&quot;:&quot;160-144&quot;,&quot;item_name&quot;:&quot;Mikrofasertuch Pop AZULEJO&quot;,&quot;sku&quot;:&quot;160-144&quot;,&quot;price&quot;:3.5,&quot;stocklevel&quot;:310,&quot;stockstatus&quot;:&quot;instock&quot;,&quot;google_business_vertical&quot;:&quot;retail&quot;,&quot;item_category&quot;:&quot;Vida Portuguesa&quot;,&quot;item_category2&quot;:&quot;Acess\\u00f3rios Moda&quot;,&quot;item_category3&quot;:&quot;Caixas \\u00d3culos&quot;,&quot;id&quot;:&quot;160-144&quot;,&quot;productlink&quot;:&quot;https:\\\/\\\/www.companhiaatlantica.pt\\\/de\\\/produto\\\/portugiesisches-leben\\\/modeartikel\\\/brillenbox\\\/mikrofasertuch-pop-azulejo&quot;,&quot;item_list_name&quot;:&quot;General Product List&quot;,&quot;index&quot;:1,&quot;product_type&quot;:&quot;simple&quot;,&quot;item_brand&quot;:&quot;&quot;}\"><\/span>\t<\/div>\n<\/div><div class=\"product-small col has-hover product type-product post-58227 status-publish instock product_cat-brillenbox product_cat-modeartikel product_cat-portugiesisches-leben product_cat-portugal-zubehor has-post-thumbnail sale taxable shipping-taxable purchasable product-type-simple\">\n\t<div class=\"col-inner\">\n\t\n<div class=\"badge-container absolute left top z-1\">\n<div class=\"badge callout badge-circle\">\r\n  \t\t\t<div class=\"badge-inner secondary on-sale\">\r\n  \t\t\t\t<span class=\"onsale\">-28%<\/span>\r\n\t\t\t<\/div>\r\n\t\t<\/div>\r\n\t\t<div class=\"badge callout badge-circle\">\r\n\t\t\t<div class=\"badge-inner callout-new-bg is-small new-bubble\">1 pc<\/div>\r\n\t\t<\/div>\n<\/div>\n\t<div class=\"product-small box \">\n\t\t<div class=\"box-image\">\n\t\t\t<div class=\"image-fade_in_back\">\n\t\t\t\t<a href=\"https:\/\/www.companhiaatlantica.pt\/de\/produto\/portugiesisches-leben\/modeartikel\/brillenbox\/pilatos-brillenetui\">\n\t\t\t\t\t<img loading=\"lazy\" decoding=\"async\" width=\"700\" height=\"700\" src=\"https:\/\/www.companhiaatlantica.pt\/wp-content\/uploads\/2021\/05\/160-051-700x700.jpg\" class=\"attachment-woocommerce_thumbnail size-woocommerce_thumbnail\" alt=\"Black Tile PILATOS Brillenetui\" srcset=\"https:\/\/www.companhiaatlantica.pt\/wp-content\/uploads\/2021\/05\/160-051-700x700.jpg 700w, https:\/\/www.companhiaatlantica.pt\/wp-content\/uploads\/2021\/05\/160-051-100x100.jpg 100w, https:\/\/www.companhiaatlantica.pt\/wp-content\/uploads\/2021\/05\/160-051-900x900.jpg 900w, https:\/\/www.companhiaatlantica.pt\/wp-content\/uploads\/2021\/05\/160-051-300x300.jpg 300w, https:\/\/www.companhiaatlantica.pt\/wp-content\/uploads\/2021\/05\/160-051-150x150.jpg 150w, https:\/\/www.companhiaatlantica.pt\/wp-content\/uploads\/2021\/05\/160-051-768x768.jpg 768w, https:\/\/www.companhiaatlantica.pt\/wp-content\/uploads\/2021\/05\/160-051-600x600.jpg 600w, https:\/\/www.companhiaatlantica.pt\/wp-content\/uploads\/2021\/05\/160-051.jpg 1000w\" sizes=\"auto, (max-width: 700px) 100vw, 700px\" title=\"\"><img loading=\"lazy\" decoding=\"async\" width=\"601\" height=\"601\" src=\"https:\/\/www.companhiaatlantica.pt\/wp-content\/uploads\/2020\/06\/Foldable-Glass-Case.jpg\" class=\"show-on-hover absolute fill hide-for-small back-image\" alt=\"Alternative view of Black Tile PILATOS Brillenetui\" aria-hidden=\"true\" srcset=\"https:\/\/www.companhiaatlantica.pt\/wp-content\/uploads\/2020\/06\/Foldable-Glass-Case.jpg 601w, https:\/\/www.companhiaatlantica.pt\/wp-content\/uploads\/2020\/06\/Foldable-Glass-Case-100x100.jpg 100w\" sizes=\"auto, (max-width: 601px) 100vw, 601px\" title=\"\">\t\t\t\t<\/a>\n\t\t\t<\/div>\n\t\t\t<div class=\"image-tools is-small top right show-on-hover\">\n\t\t\t\t\t\t<div class=\"wishlist-icon\">\n\t\t\t<button class=\"wishlist-button button is-outline circle icon\" aria-label=\"Wunschliste\">\n\t\t\t\t<i class=\"icon-heart\" aria-hidden=\"true\"><\/i>\t\t\t<\/button>\n\t\t\t<div class=\"wishlist-popup dark\">\n\t\t\t\t\n<div\n\tclass=\"yith-wcwl-add-to-wishlist add-to-wishlist-58227 yith-wcwl-add-to-wishlist--button_default-style wishlist-fragment on-first-load\"\n\tdata-fragment-ref=\"58227\"\n\tdata-fragment-options=\"{&quot;base_url&quot;:&quot;&quot;,&quot;product_id&quot;:58227,&quot;parent_product_id&quot;:0,&quot;product_type&quot;:&quot;simple&quot;,&quot;is_single&quot;:false,&quot;in_default_wishlist&quot;:false,&quot;show_view&quot;:false,&quot;browse_wishlist_text&quot;:&quot;Siehe Ihre Wunschliste!&quot;,&quot;already_in_wishslist_text&quot;:&quot;Dieses Produkt steht bereits auf Ihrem Wunschzettel!&quot;,&quot;product_added_text&quot;:&quot;Produto adicionado!&quot;,&quot;available_multi_wishlist&quot;:false,&quot;disable_wishlist&quot;:false,&quot;show_count&quot;:false,&quot;ajax_loading&quot;:false,&quot;loop_position&quot;:&quot;after_add_to_cart&quot;,&quot;item&quot;:&quot;add_to_wishlist&quot;}\"\n>\n\t\t\t\n\t\t\t<!-- ADD TO WISHLIST -->\n\t\t\t\n<div class=\"yith-wcwl-add-button\">\n\t\t<a\n\t\thref=\"?add_to_wishlist=58227&#038;_wpnonce=e26925c47a\"\n\t\tclass=\"add_to_wishlist single_add_to_wishlist alt button theme-button-style \"\n\t\tdata-product-id=\"58227\"\n\t\tdata-product-type=\"simple\"\n\t\tdata-original-product-id=\"0\"\n\t\tdata-title=\"Zu meiner Wunschliste hinzuf\u00fcgen\"\n\t\trel=\"nofollow\"\n\t>\n\t\t<svg id=\"yith-wcwl-icon-heart-outline\" class=\"yith-wcwl-icon-svg\" fill=\"none\" stroke-width=\"1.5\" stroke=\"currentColor\" viewBox=\"0 0 24 24\" xmlns=\"http:\/\/www.w3.org\/2000\/svg\">\n  <path stroke-linecap=\"round\" stroke-linejoin=\"round\" d=\"M21 8.25c0-2.485-2.099-4.5-4.688-4.5-1.935 0-3.597 1.126-4.312 2.733-.715-1.607-2.377-2.733-4.313-2.733C5.1 3.75 3 5.765 3 8.25c0 7.22 9 12 9 12s9-4.78 9-12Z\"><\/path>\n<\/svg>\t\t<span>Zu meiner Wunschliste hinzuf\u00fcgen<\/span>\n\t<\/a>\n<\/div>\n\n\t\t\t<!-- COUNT TEXT -->\n\t\t\t\n\t\t\t<\/div>\n\t\t\t<\/div>\n\t\t<\/div>\n\t\t\t\t\t<\/div>\n\t\t\t<div class=\"image-tools is-small hide-for-small bottom left show-on-hover\">\n\t\t\t\t\t\t\t<\/div>\n\t\t\t<div class=\"image-tools grid-tools text-center hide-for-small bottom hover-slide-in show-on-hover\">\n\t\t\t\t\t\t\t<\/div>\n\t\t\t\t\t<\/div>\n\n\t\t<div class=\"box-text box-text-products\">\n\t\t\t<div class=\"title-wrapper\">\t\t<p class=\"category uppercase is-smaller no-text-overflow product-cat op-8\">\n\t\t\tBrillenbox\t\t<\/p>\n\t<p class=\"name product-title woocommerce-loop-product__title\"><a href=\"https:\/\/www.companhiaatlantica.pt\/de\/produto\/portugiesisches-leben\/modeartikel\/brillenbox\/pilatos-brillenetui\" class=\"woocommerce-LoopProduct-link woocommerce-loop-product__link\">Black Tile PILATOS Brillenetui<\/a><\/p><\/div><div class=\"price-wrapper\">\n\t<span class=\"price\"><del aria-hidden=\"true\"><span class=\"woocommerce-Price-amount amount\"><bdi>11.00<span class=\"woocommerce-Price-currencySymbol\">&euro;<\/span><\/bdi><\/span><\/del> <span class=\"screen-reader-text\">Urspr\u00fcnglicher Preis war: 11.00&euro;<\/span><ins aria-hidden=\"true\"><span class=\"woocommerce-Price-amount amount\"><bdi>7.90<span class=\"woocommerce-Price-currencySymbol\">&euro;<\/span><\/bdi><\/span><\/ins><span class=\"screen-reader-text\">Aktueller Preis ist: 7.90&euro;.<\/span><\/span>\n<\/div><div class=\"add-to-cart-button\"><a href=\"\/de\/wp-json\/wp\/v2\/posts\/60182?add-to-cart=58227\" aria-describedby=\"woocommerce_loop_add_to_cart_link_describedby_58227\" data-quantity=\"1\" class=\"primary is-small mb-0 button product_type_simple add_to_cart_button ajax_add_to_cart is-outline\" data-product_id=\"58227\" data-product_sku=\"160-051\" aria-label=\"In den Warenkorb legen: \u201eBlack Tile PILATOS Brillenetui\u201c\" rel=\"nofollow\" data-success_message=\"\u201eBlack Tile PILATOS Brillenetui\u201c wurde deinem Warenkorb hinzugef\u00fcgt\" data-product_name=\"Black Tile PILATOS Brillenetui\" data-product_image=\"https:\/\/www.companhiaatlantica.pt\/wp-content\/uploads\/2021\/05\/160-051-150x150.jpg\" role=\"button\">In den Warenkorb<\/a><\/div>\t<span id=\"woocommerce_loop_add_to_cart_link_describedby_58227\" class=\"screen-reader-text\">\n\t\t\t<\/span>\n\t\t<\/div>\n\t<\/div>\n\t<span class=\"gtm4wp_productdata\" style=\"display:none; visibility:hidden;\" data-gtm4wp_product_data=\"{&quot;internal_id&quot;:58227,&quot;item_id&quot;:&quot;160-051&quot;,&quot;item_name&quot;:&quot;Black Tile PILATOS Brillenetui&quot;,&quot;sku&quot;:&quot;160-051&quot;,&quot;price&quot;:7.9000000000000003552713678800500929355621337890625,&quot;stocklevel&quot;:288,&quot;stockstatus&quot;:&quot;instock&quot;,&quot;google_business_vertical&quot;:&quot;retail&quot;,&quot;item_category&quot;:&quot;Vida Portuguesa&quot;,&quot;item_category2&quot;:&quot;Acess\\u00f3rios Moda&quot;,&quot;item_category3&quot;:&quot;Caixas \\u00d3culos&quot;,&quot;id&quot;:&quot;160-051&quot;,&quot;productlink&quot;:&quot;https:\\\/\\\/www.companhiaatlantica.pt\\\/de\\\/produto\\\/portugiesisches-leben\\\/modeartikel\\\/brillenbox\\\/pilatos-brillenetui&quot;,&quot;item_list_name&quot;:&quot;General Product List&quot;,&quot;index&quot;:2,&quot;product_type&quot;:&quot;simple&quot;,&quot;item_brand&quot;:&quot;&quot;}\"><\/span>\t<\/div>\n<\/div><div class=\"product-small col has-hover product type-product post-42151 status-publish last instock product_cat-einkaufstaschen-aus-baumwolle product_cat-modeartikel product_cat-portugiesisches-leben has-post-thumbnail taxable shipping-taxable purchasable product-type-simple\">\n\t<div class=\"col-inner\">\n\t\n<div class=\"badge-container absolute left top z-1\">\n\n<div class=\"badge callout badge-circle\"><div class=\"badge-inner callout-new-bg is-small new-bubble\">NEW<\/div><\/div><\/div>\n\t<div class=\"product-small box \">\n\t\t<div class=\"box-image\">\n\t\t\t<div class=\"image-fade_in_back\">\n\t\t\t\t<a href=\"https:\/\/www.companhiaatlantica.pt\/de\/produto\/portugiesisches-leben\/modeartikel\/einkaufstaschen-aus-baumwolle\/einkaufstasche-baumwolle-algarve\">\n\t\t\t\t\t<img loading=\"lazy\" decoding=\"async\" width=\"700\" height=\"700\" src=\"https:\/\/www.companhiaatlantica.pt\/wp-content\/uploads\/2020\/06\/170-042-700x700.jpg\" class=\"attachment-woocommerce_thumbnail size-woocommerce_thumbnail\" alt=\"Einkaufstasche Baumwolle Algarve - Portugal\" srcset=\"https:\/\/www.companhiaatlantica.pt\/wp-content\/uploads\/2020\/06\/170-042-700x700.jpg 700w, https:\/\/www.companhiaatlantica.pt\/wp-content\/uploads\/2020\/06\/170-042-100x100.jpg 100w, https:\/\/www.companhiaatlantica.pt\/wp-content\/uploads\/2020\/06\/170-042-400x400.jpg 400w, https:\/\/www.companhiaatlantica.pt\/wp-content\/uploads\/2020\/06\/170-042-350x350.jpg 350w, https:\/\/www.companhiaatlantica.pt\/wp-content\/uploads\/2020\/06\/170-042-768x768.jpg 768w, https:\/\/www.companhiaatlantica.pt\/wp-content\/uploads\/2020\/06\/170-042-600x600.jpg 600w, https:\/\/www.companhiaatlantica.pt\/wp-content\/uploads\/2020\/06\/170-042.jpg 900w\" sizes=\"auto, (max-width: 700px) 100vw, 700px\" title=\"\"><img loading=\"lazy\" decoding=\"async\" width=\"700\" height=\"700\" src=\"https:\/\/www.companhiaatlantica.pt\/wp-content\/uploads\/2020\/06\/170-042-back-700x700.jpg\" class=\"show-on-hover absolute fill hide-for-small back-image\" alt=\"Alternative view of Einkaufstasche Baumwolle Algarve - Portugal\" aria-hidden=\"true\" srcset=\"https:\/\/www.companhiaatlantica.pt\/wp-content\/uploads\/2020\/06\/170-042-back-700x700.jpg 700w, https:\/\/www.companhiaatlantica.pt\/wp-content\/uploads\/2020\/06\/170-042-back-100x100.jpg 100w, https:\/\/www.companhiaatlantica.pt\/wp-content\/uploads\/2020\/06\/170-042-back-400x400.jpg 400w, https:\/\/www.companhiaatlantica.pt\/wp-content\/uploads\/2020\/06\/170-042-back-350x350.jpg 350w, https:\/\/www.companhiaatlantica.pt\/wp-content\/uploads\/2020\/06\/170-042-back-768x768.jpg 768w, https:\/\/www.companhiaatlantica.pt\/wp-content\/uploads\/2020\/06\/170-042-back-600x600.jpg 600w, https:\/\/www.companhiaatlantica.pt\/wp-content\/uploads\/2020\/06\/170-042-back.jpg 900w\" sizes=\"auto, (max-width: 700px) 100vw, 700px\" title=\"\">\t\t\t\t<\/a>\n\t\t\t<\/div>\n\t\t\t<div class=\"image-tools is-small top right show-on-hover\">\n\t\t\t\t\t\t<div class=\"wishlist-icon\">\n\t\t\t<button class=\"wishlist-button button is-outline circle icon\" aria-label=\"Wunschliste\">\n\t\t\t\t<i class=\"icon-heart\" aria-hidden=\"true\"><\/i>\t\t\t<\/button>\n\t\t\t<div class=\"wishlist-popup dark\">\n\t\t\t\t\n<div\n\tclass=\"yith-wcwl-add-to-wishlist add-to-wishlist-42151 yith-wcwl-add-to-wishlist--button_default-style wishlist-fragment on-first-load\"\n\tdata-fragment-ref=\"42151\"\n\tdata-fragment-options=\"{&quot;base_url&quot;:&quot;&quot;,&quot;product_id&quot;:42151,&quot;parent_product_id&quot;:0,&quot;product_type&quot;:&quot;simple&quot;,&quot;is_single&quot;:false,&quot;in_default_wishlist&quot;:false,&quot;show_view&quot;:false,&quot;browse_wishlist_text&quot;:&quot;Siehe Ihre Wunschliste!&quot;,&quot;already_in_wishslist_text&quot;:&quot;Dieses Produkt steht bereits auf Ihrem Wunschzettel!&quot;,&quot;product_added_text&quot;:&quot;Produto adicionado!&quot;,&quot;available_multi_wishlist&quot;:false,&quot;disable_wishlist&quot;:false,&quot;show_count&quot;:false,&quot;ajax_loading&quot;:false,&quot;loop_position&quot;:&quot;after_add_to_cart&quot;,&quot;item&quot;:&quot;add_to_wishlist&quot;}\"\n>\n\t\t\t\n\t\t\t<!-- ADD TO WISHLIST -->\n\t\t\t\n<div class=\"yith-wcwl-add-button\">\n\t\t<a\n\t\thref=\"?add_to_wishlist=42151&#038;_wpnonce=e26925c47a\"\n\t\tclass=\"add_to_wishlist single_add_to_wishlist alt button theme-button-style \"\n\t\tdata-product-id=\"42151\"\n\t\tdata-product-type=\"simple\"\n\t\tdata-original-product-id=\"0\"\n\t\tdata-title=\"Zu meiner Wunschliste hinzuf\u00fcgen\"\n\t\trel=\"nofollow\"\n\t>\n\t\t<svg id=\"yith-wcwl-icon-heart-outline\" class=\"yith-wcwl-icon-svg\" fill=\"none\" stroke-width=\"1.5\" stroke=\"currentColor\" viewBox=\"0 0 24 24\" xmlns=\"http:\/\/www.w3.org\/2000\/svg\">\n  <path stroke-linecap=\"round\" stroke-linejoin=\"round\" d=\"M21 8.25c0-2.485-2.099-4.5-4.688-4.5-1.935 0-3.597 1.126-4.312 2.733-.715-1.607-2.377-2.733-4.313-2.733C5.1 3.75 3 5.765 3 8.25c0 7.22 9 12 9 12s9-4.78 9-12Z\"><\/path>\n<\/svg>\t\t<span>Zu meiner Wunschliste hinzuf\u00fcgen<\/span>\n\t<\/a>\n<\/div>\n\n\t\t\t<!-- COUNT TEXT -->\n\t\t\t\n\t\t\t<\/div>\n\t\t\t<\/div>\n\t\t<\/div>\n\t\t\t\t\t<\/div>\n\t\t\t<div class=\"image-tools is-small hide-for-small bottom left show-on-hover\">\n\t\t\t\t\t\t\t<\/div>\n\t\t\t<div class=\"image-tools grid-tools text-center hide-for-small bottom hover-slide-in show-on-hover\">\n\t\t\t\t\t\t\t<\/div>\n\t\t\t\t\t<\/div>\n\n\t\t<div class=\"box-text box-text-products\">\n\t\t\t<div class=\"title-wrapper\">\t\t<p class=\"category uppercase is-smaller no-text-overflow product-cat op-8\">\n\t\t\teinkaufstaschen aus baumwolle\t\t<\/p>\n\t<p class=\"name product-title woocommerce-loop-product__title\"><a href=\"https:\/\/www.companhiaatlantica.pt\/de\/produto\/portugiesisches-leben\/modeartikel\/einkaufstaschen-aus-baumwolle\/einkaufstasche-baumwolle-algarve\" class=\"woocommerce-LoopProduct-link woocommerce-loop-product__link\">Einkaufstasche Baumwolle Algarve &#8211; Portugal<\/a><\/p><\/div><div class=\"price-wrapper\">\n\t<span class=\"price\"><span class=\"woocommerce-Price-amount amount\"><bdi>22.00<span class=\"woocommerce-Price-currencySymbol\">&euro;<\/span><\/bdi><\/span><\/span>\n<\/div><div class=\"add-to-cart-button\"><a href=\"\/de\/wp-json\/wp\/v2\/posts\/60182?add-to-cart=42151\" aria-describedby=\"woocommerce_loop_add_to_cart_link_describedby_42151\" data-quantity=\"1\" class=\"primary is-small mb-0 button product_type_simple add_to_cart_button ajax_add_to_cart is-outline\" data-product_id=\"42151\" data-product_sku=\"170-042\" aria-label=\"In den Warenkorb legen: \u201eEinkaufstasche Baumwolle Algarve - Portugal\u201c\" rel=\"nofollow\" data-success_message=\"\u201eEinkaufstasche Baumwolle Algarve - Portugal\u201c wurde deinem Warenkorb hinzugef\u00fcgt\" data-product_name=\"Einkaufstasche Baumwolle Algarve - Portugal\" data-product_image=\"https:\/\/www.companhiaatlantica.pt\/wp-content\/uploads\/2020\/06\/170-042-350x350.jpg\" role=\"button\">In den Warenkorb<\/a><\/div>\t<span id=\"woocommerce_loop_add_to_cart_link_describedby_42151\" class=\"screen-reader-text\">\n\t\t\t<\/span>\n\t\t<\/div>\n\t<\/div>\n\t<span class=\"gtm4wp_productdata\" style=\"display:none; visibility:hidden;\" data-gtm4wp_product_data=\"{&quot;internal_id&quot;:42151,&quot;item_id&quot;:&quot;170-042&quot;,&quot;item_name&quot;:&quot;Einkaufstasche Baumwolle Algarve - Portugal&quot;,&quot;sku&quot;:&quot;170-042&quot;,&quot;price&quot;:22,&quot;stocklevel&quot;:158,&quot;stockstatus&quot;:&quot;instock&quot;,&quot;google_business_vertical&quot;:&quot;retail&quot;,&quot;item_category&quot;:&quot;Vida Portuguesa&quot;,&quot;item_category2&quot;:&quot;Acess\\u00f3rios Moda&quot;,&quot;item_category3&quot;:&quot;Saco Compras Algod\\u00e3o&quot;,&quot;id&quot;:&quot;170-042&quot;,&quot;productlink&quot;:&quot;https:\\\/\\\/www.companhiaatlantica.pt\\\/de\\\/produto\\\/portugiesisches-leben\\\/modeartikel\\\/einkaufstaschen-aus-baumwolle\\\/einkaufstasche-baumwolle-algarve&quot;,&quot;item_list_name&quot;:&quot;General Product List&quot;,&quot;index&quot;:3,&quot;product_type&quot;:&quot;simple&quot;,&quot;item_brand&quot;:&quot;&quot;}\"><\/span>\t<\/div>\n<\/div><\/div><!-- row -->\n<\/div>\n<h2><span style=\"font-weight: 400;\">Entspannungsaktivit\u00e4ten sind ebenfalls eine ausgezeichnete Option<\/span><\/h2>\n<p><span style=\"font-weight: 400;\">Der Sommer ist auch die ideale Zeit, um zu entschleunigen, sich um sich selbst zu k\u00fcmmern und die w\u00e4hrend des Jahres verbrauchte Energie wieder aufzutanken. Sie k\u00f6nnen Ihren Urlaub nutzen, um sich bei einem Wellness-Tag oder einer Meditation zu entspannen und neue Energie zu tanken.<\/span><\/p>\n<p><span style=\"font-weight: 400;\">Hier ist ein Szenario f\u00fcr Sie: Denken Sie an die Weichheit einer <\/span><a href=\"https:\/\/www.companhiaatlantica.pt\/de\/korperbehandlungen\"><br \/>\n  <span style=\"font-weight: 400;\">Feuchtigkeitscreme f\u00fcr den K\u00f6rper<\/span><br \/>\n<\/a><span style=\"font-weight: 400;\">  Feuchtigkeitspflege f\u00fcr Ihre Haut nach einem Tag voller Entspannung. Dann g\u00f6nnen Sie sich ein wahrhaft luxuri\u00f6ses Badeerlebnis mit unserem  <\/span><a href=\"https:\/\/www.companhiaatlantica.pt\/de\/korperbehandlungen\/seifen\"><span style=\"font-weight: 400;\">handgemachte Seifen<\/span><\/a><span style=\"font-weight: 400;\">Dies ist eine gro\u00dfartige M\u00f6glichkeit, den einfachen Akt des Badens zu einem Fest f\u00fcr die Sinne zu machen. Um die entspannende und ruhige Atmosph\u00e4re zu erg\u00e4nzen, z\u00fcnden Sie eines unserer  <\/span><a href=\"https:\/\/www.companhiaatlantica.pt\/de\/produto\/duftkerzen-diffusoren-fur-zuhause\/dekorative-kerzen\/parfumiertes-segel-rosiges-leder\"><br \/>\n  <span style=\"font-weight: 400;\">Duftkerzen<\/span><br \/>\n<\/a><span style=\"font-weight: 400;\">.<\/span><\/p>\n<div class=\"woocommerce columns-3 \"><div class=\"products row row-small large-columns-3 medium-columns-3 small-columns-1 has-equal-box-heights equalize-box\">\n<div class=\"product-small col has-hover product type-product post-40788 status-publish first instock product_cat-duftkerzen-diffusoren-fur-zuhause product_cat-korperbehandlungen product_cat-seifen has-post-thumbnail taxable shipping-taxable purchasable product-type-simple\">\n\t<div class=\"col-inner\">\n\t\n<div class=\"badge-container absolute left top z-1\">\n\n<\/div>\n\t<div class=\"product-small box \">\n\t\t<div class=\"box-image\">\n\t\t\t<div class=\"image-fade_in_back\">\n\t\t\t\t<a href=\"https:\/\/www.companhiaatlantica.pt\/de\/produto\/korperbehandlungen\/seifen\/sandelholz-und-gewurze-seife-rossio\">\n\t\t\t\t\t<img loading=\"lazy\" decoding=\"async\" width=\"700\" height=\"700\" src=\"https:\/\/www.companhiaatlantica.pt\/wp-content\/uploads\/2023\/03\/100-335-700x700.jpg\" class=\"attachment-woocommerce_thumbnail size-woocommerce_thumbnail\" alt=\"Sandelholz &amp; Gew\u00fcrze Seife ROSSIO\" srcset=\"https:\/\/www.companhiaatlantica.pt\/wp-content\/uploads\/2023\/03\/100-335-700x700.jpg 700w, https:\/\/www.companhiaatlantica.pt\/wp-content\/uploads\/2023\/03\/100-335-100x100.jpg 100w, https:\/\/www.companhiaatlantica.pt\/wp-content\/uploads\/2023\/03\/100-335-600x600.jpg 600w, https:\/\/www.companhiaatlantica.pt\/wp-content\/uploads\/2023\/03\/100-335-300x300.jpg 300w, https:\/\/www.companhiaatlantica.pt\/wp-content\/uploads\/2023\/03\/100-335-150x150.jpg 150w, https:\/\/www.companhiaatlantica.pt\/wp-content\/uploads\/2023\/03\/100-335-768x768.jpg 768w, https:\/\/www.companhiaatlantica.pt\/wp-content\/uploads\/2023\/03\/100-335.jpg 796w\" sizes=\"auto, (max-width: 700px) 100vw, 700px\" title=\"\"><img loading=\"lazy\" decoding=\"async\" width=\"700\" height=\"700\" src=\"https:\/\/www.companhiaatlantica.pt\/wp-content\/uploads\/2023\/03\/100-335_b-700x700.jpg\" class=\"show-on-hover absolute fill hide-for-small back-image\" alt=\"Alternative view of Sandelholz &amp; Gew\u00fcrze Seife ROSSIO\" aria-hidden=\"true\" srcset=\"https:\/\/www.companhiaatlantica.pt\/wp-content\/uploads\/2023\/03\/100-335_b-700x700.jpg 700w, https:\/\/www.companhiaatlantica.pt\/wp-content\/uploads\/2023\/03\/100-335_b-100x100.jpg 100w, https:\/\/www.companhiaatlantica.pt\/wp-content\/uploads\/2023\/03\/100-335_b-600x600.jpg 600w, https:\/\/www.companhiaatlantica.pt\/wp-content\/uploads\/2023\/03\/100-335_b-300x300.jpg 300w, https:\/\/www.companhiaatlantica.pt\/wp-content\/uploads\/2023\/03\/100-335_b-150x150.jpg 150w, https:\/\/www.companhiaatlantica.pt\/wp-content\/uploads\/2023\/03\/100-335_b-768x768.jpg 768w, https:\/\/www.companhiaatlantica.pt\/wp-content\/uploads\/2023\/03\/100-335_b.jpg 796w\" sizes=\"auto, (max-width: 700px) 100vw, 700px\" title=\"\">\t\t\t\t<\/a>\n\t\t\t<\/div>\n\t\t\t<div class=\"image-tools is-small top right show-on-hover\">\n\t\t\t\t\t\t<div class=\"wishlist-icon\">\n\t\t\t<button class=\"wishlist-button button is-outline circle icon\" aria-label=\"Wunschliste\">\n\t\t\t\t<i class=\"icon-heart\" aria-hidden=\"true\"><\/i>\t\t\t<\/button>\n\t\t\t<div class=\"wishlist-popup dark\">\n\t\t\t\t\n<div\n\tclass=\"yith-wcwl-add-to-wishlist add-to-wishlist-40788 yith-wcwl-add-to-wishlist--button_default-style wishlist-fragment on-first-load\"\n\tdata-fragment-ref=\"40788\"\n\tdata-fragment-options=\"{&quot;base_url&quot;:&quot;&quot;,&quot;product_id&quot;:40788,&quot;parent_product_id&quot;:0,&quot;product_type&quot;:&quot;simple&quot;,&quot;is_single&quot;:false,&quot;in_default_wishlist&quot;:false,&quot;show_view&quot;:false,&quot;browse_wishlist_text&quot;:&quot;Siehe Ihre Wunschliste!&quot;,&quot;already_in_wishslist_text&quot;:&quot;Dieses Produkt steht bereits auf Ihrem Wunschzettel!&quot;,&quot;product_added_text&quot;:&quot;Produto adicionado!&quot;,&quot;available_multi_wishlist&quot;:false,&quot;disable_wishlist&quot;:false,&quot;show_count&quot;:false,&quot;ajax_loading&quot;:false,&quot;loop_position&quot;:&quot;after_add_to_cart&quot;,&quot;item&quot;:&quot;add_to_wishlist&quot;}\"\n>\n\t\t\t\n\t\t\t<!-- ADD TO WISHLIST -->\n\t\t\t\n<div class=\"yith-wcwl-add-button\">\n\t\t<a\n\t\thref=\"?add_to_wishlist=40788&#038;_wpnonce=e26925c47a\"\n\t\tclass=\"add_to_wishlist single_add_to_wishlist alt button theme-button-style \"\n\t\tdata-product-id=\"40788\"\n\t\tdata-product-type=\"simple\"\n\t\tdata-original-product-id=\"0\"\n\t\tdata-title=\"Zu meiner Wunschliste hinzuf\u00fcgen\"\n\t\trel=\"nofollow\"\n\t>\n\t\t<svg id=\"yith-wcwl-icon-heart-outline\" class=\"yith-wcwl-icon-svg\" fill=\"none\" stroke-width=\"1.5\" stroke=\"currentColor\" viewBox=\"0 0 24 24\" xmlns=\"http:\/\/www.w3.org\/2000\/svg\">\n  <path stroke-linecap=\"round\" stroke-linejoin=\"round\" d=\"M21 8.25c0-2.485-2.099-4.5-4.688-4.5-1.935 0-3.597 1.126-4.312 2.733-.715-1.607-2.377-2.733-4.313-2.733C5.1 3.75 3 5.765 3 8.25c0 7.22 9 12 9 12s9-4.78 9-12Z\"><\/path>\n<\/svg>\t\t<span>Zu meiner Wunschliste hinzuf\u00fcgen<\/span>\n\t<\/a>\n<\/div>\n\n\t\t\t<!-- COUNT TEXT -->\n\t\t\t\n\t\t\t<\/div>\n\t\t\t<\/div>\n\t\t<\/div>\n\t\t\t\t\t<\/div>\n\t\t\t<div class=\"image-tools is-small hide-for-small bottom left show-on-hover\">\n\t\t\t\t\t\t\t<\/div>\n\t\t\t<div class=\"image-tools grid-tools text-center hide-for-small bottom hover-slide-in show-on-hover\">\n\t\t\t\t\t\t\t<\/div>\n\t\t\t\t\t<\/div>\n\n\t\t<div class=\"box-text box-text-products\">\n\t\t\t<div class=\"title-wrapper\">\t\t<p class=\"category uppercase is-smaller no-text-overflow product-cat op-8\">\n\t\t\tDuftkerzen und Diffusoren f\u00fcr Zuhause\t\t<\/p>\n\t<p class=\"name product-title woocommerce-loop-product__title\"><a href=\"https:\/\/www.companhiaatlantica.pt\/de\/produto\/korperbehandlungen\/seifen\/sandelholz-und-gewurze-seife-rossio\" class=\"woocommerce-LoopProduct-link woocommerce-loop-product__link\">Sandelholz &amp; Gew\u00fcrze Seife ROSSIO<\/a><\/p><\/div><div class=\"price-wrapper\">\n\t<span class=\"price\"><span class=\"woocommerce-Price-amount amount\"><bdi>7.00<span class=\"woocommerce-Price-currencySymbol\">&euro;<\/span><\/bdi><\/span><\/span>\n<\/div><div class=\"add-to-cart-button\"><a href=\"\/de\/wp-json\/wp\/v2\/posts\/60182?add-to-cart=40788\" aria-describedby=\"woocommerce_loop_add_to_cart_link_describedby_40788\" data-quantity=\"1\" class=\"primary is-small mb-0 button product_type_simple add_to_cart_button ajax_add_to_cart is-outline\" data-product_id=\"40788\" data-product_sku=\"100-335\" aria-label=\"In den Warenkorb legen: \u201eSandelholz &amp; Gew\u00fcrze Seife ROSSIO\u201c\" rel=\"nofollow\" data-success_message=\"\u201eSandelholz &amp; Gew\u00fcrze Seife ROSSIO\u201c wurde deinem Warenkorb hinzugef\u00fcgt\" data-product_name=\"Sandelholz &amp; Gew\u00fcrze Seife ROSSIO\" data-product_image=\"https:\/\/www.companhiaatlantica.pt\/wp-content\/uploads\/2023\/03\/100-335-150x150.jpg\" role=\"button\">In den Warenkorb<\/a><\/div>\t<span id=\"woocommerce_loop_add_to_cart_link_describedby_40788\" class=\"screen-reader-text\">\n\t\t\t<\/span>\n\t\t<\/div>\n\t<\/div>\n\t<span class=\"gtm4wp_productdata\" style=\"display:none; visibility:hidden;\" data-gtm4wp_product_data=\"{&quot;internal_id&quot;:40788,&quot;item_id&quot;:&quot;100-335&quot;,&quot;item_name&quot;:&quot;Sandelholz &amp; Gew\\u00fcrze Seife ROSSIO&quot;,&quot;sku&quot;:&quot;100-335&quot;,&quot;price&quot;:7,&quot;stocklevel&quot;:160,&quot;stockstatus&quot;:&quot;instock&quot;,&quot;google_business_vertical&quot;:&quot;retail&quot;,&quot;item_category&quot;:&quot;K\\u00f6rperbehandlungen&quot;,&quot;item_category2&quot;:&quot;Seifen&quot;,&quot;id&quot;:&quot;100-335&quot;,&quot;productlink&quot;:&quot;https:\\\/\\\/www.companhiaatlantica.pt\\\/de\\\/produto\\\/korperbehandlungen\\\/seifen\\\/sandelholz-und-gewurze-seife-rossio&quot;,&quot;item_list_name&quot;:&quot;General Product List&quot;,&quot;index&quot;:1,&quot;product_type&quot;:&quot;simple&quot;,&quot;item_brand&quot;:&quot;&quot;}\"><\/span>\t<\/div>\n<\/div><div class=\"product-small col has-hover product type-product post-40944 status-publish instock product_cat-duftkerzen-diffusoren-fur-zuhause product_cat-korper product_cat-korperbehandlungen has-post-thumbnail taxable shipping-taxable purchasable product-type-simple\">\n\t<div class=\"col-inner\">\n\t\n<div class=\"badge-container absolute left top z-1\">\n\n<\/div>\n\t<div class=\"product-small box \">\n\t\t<div class=\"box-image\">\n\t\t\t<div class=\"image-fade_in_back\">\n\t\t\t\t<a href=\"https:\/\/www.companhiaatlantica.pt\/de\/produto\/korperbehandlungen\/korper\/gel-korper-sandalen-arten-rossio\">\n\t\t\t\t\t<img loading=\"lazy\" decoding=\"async\" width=\"700\" height=\"700\" src=\"https:\/\/www.companhiaatlantica.pt\/wp-content\/uploads\/2022\/11\/100-340-700x700.jpg\" class=\"attachment-woocommerce_thumbnail size-woocommerce_thumbnail\" alt=\"Hand &amp; Body Gel Sandelholz &amp; Gew\u00fcrze ROSSIO\" srcset=\"https:\/\/www.companhiaatlantica.pt\/wp-content\/uploads\/2022\/11\/100-340-700x700.jpg 700w, https:\/\/www.companhiaatlantica.pt\/wp-content\/uploads\/2022\/11\/100-340-100x100.jpg 100w, https:\/\/www.companhiaatlantica.pt\/wp-content\/uploads\/2022\/11\/100-340-900x900.jpg 900w, https:\/\/www.companhiaatlantica.pt\/wp-content\/uploads\/2022\/11\/100-340-300x300.jpg 300w, https:\/\/www.companhiaatlantica.pt\/wp-content\/uploads\/2022\/11\/100-340-150x150.jpg 150w, https:\/\/www.companhiaatlantica.pt\/wp-content\/uploads\/2022\/11\/100-340-768x768.jpg 768w, https:\/\/www.companhiaatlantica.pt\/wp-content\/uploads\/2022\/11\/100-340-600x600.jpg 600w, https:\/\/www.companhiaatlantica.pt\/wp-content\/uploads\/2022\/11\/100-340.jpg 1000w\" sizes=\"auto, (max-width: 700px) 100vw, 700px\" title=\"\"><img loading=\"lazy\" decoding=\"async\" width=\"700\" height=\"700\" src=\"https:\/\/www.companhiaatlantica.pt\/wp-content\/uploads\/2022\/11\/100-340_a-700x700.jpg\" class=\"show-on-hover absolute fill hide-for-small back-image\" alt=\"Alternative view of Hand &amp; Body Gel Sandelholz &amp; Gew\u00fcrze ROSSIO\" aria-hidden=\"true\" srcset=\"https:\/\/www.companhiaatlantica.pt\/wp-content\/uploads\/2022\/11\/100-340_a-700x700.jpg 700w, https:\/\/www.companhiaatlantica.pt\/wp-content\/uploads\/2022\/11\/100-340_a-100x100.jpg 100w, https:\/\/www.companhiaatlantica.pt\/wp-content\/uploads\/2022\/11\/100-340_a-900x900.jpg 900w, https:\/\/www.companhiaatlantica.pt\/wp-content\/uploads\/2022\/11\/100-340_a-300x300.jpg 300w, https:\/\/www.companhiaatlantica.pt\/wp-content\/uploads\/2022\/11\/100-340_a-150x150.jpg 150w, https:\/\/www.companhiaatlantica.pt\/wp-content\/uploads\/2022\/11\/100-340_a-768x768.jpg 768w, https:\/\/www.companhiaatlantica.pt\/wp-content\/uploads\/2022\/11\/100-340_a-600x600.jpg 600w, https:\/\/www.companhiaatlantica.pt\/wp-content\/uploads\/2022\/11\/100-340_a.jpg 1000w\" sizes=\"auto, (max-width: 700px) 100vw, 700px\" title=\"\">\t\t\t\t<\/a>\n\t\t\t<\/div>\n\t\t\t<div class=\"image-tools is-small top right show-on-hover\">\n\t\t\t\t\t\t<div class=\"wishlist-icon\">\n\t\t\t<button class=\"wishlist-button button is-outline circle icon\" aria-label=\"Wunschliste\">\n\t\t\t\t<i class=\"icon-heart\" aria-hidden=\"true\"><\/i>\t\t\t<\/button>\n\t\t\t<div class=\"wishlist-popup dark\">\n\t\t\t\t\n<div\n\tclass=\"yith-wcwl-add-to-wishlist add-to-wishlist-40944 yith-wcwl-add-to-wishlist--button_default-style wishlist-fragment on-first-load\"\n\tdata-fragment-ref=\"40944\"\n\tdata-fragment-options=\"{&quot;base_url&quot;:&quot;&quot;,&quot;product_id&quot;:40944,&quot;parent_product_id&quot;:0,&quot;product_type&quot;:&quot;simple&quot;,&quot;is_single&quot;:false,&quot;in_default_wishlist&quot;:false,&quot;show_view&quot;:false,&quot;browse_wishlist_text&quot;:&quot;Siehe Ihre Wunschliste!&quot;,&quot;already_in_wishslist_text&quot;:&quot;Dieses Produkt steht bereits auf Ihrem Wunschzettel!&quot;,&quot;product_added_text&quot;:&quot;Produto adicionado!&quot;,&quot;available_multi_wishlist&quot;:false,&quot;disable_wishlist&quot;:false,&quot;show_count&quot;:false,&quot;ajax_loading&quot;:false,&quot;loop_position&quot;:&quot;after_add_to_cart&quot;,&quot;item&quot;:&quot;add_to_wishlist&quot;}\"\n>\n\t\t\t\n\t\t\t<!-- ADD TO WISHLIST -->\n\t\t\t\n<div class=\"yith-wcwl-add-button\">\n\t\t<a\n\t\thref=\"?add_to_wishlist=40944&#038;_wpnonce=e26925c47a\"\n\t\tclass=\"add_to_wishlist single_add_to_wishlist alt button theme-button-style \"\n\t\tdata-product-id=\"40944\"\n\t\tdata-product-type=\"simple\"\n\t\tdata-original-product-id=\"0\"\n\t\tdata-title=\"Zu meiner Wunschliste hinzuf\u00fcgen\"\n\t\trel=\"nofollow\"\n\t>\n\t\t<svg id=\"yith-wcwl-icon-heart-outline\" class=\"yith-wcwl-icon-svg\" fill=\"none\" stroke-width=\"1.5\" stroke=\"currentColor\" viewBox=\"0 0 24 24\" xmlns=\"http:\/\/www.w3.org\/2000\/svg\">\n  <path stroke-linecap=\"round\" stroke-linejoin=\"round\" d=\"M21 8.25c0-2.485-2.099-4.5-4.688-4.5-1.935 0-3.597 1.126-4.312 2.733-.715-1.607-2.377-2.733-4.313-2.733C5.1 3.75 3 5.765 3 8.25c0 7.22 9 12 9 12s9-4.78 9-12Z\"><\/path>\n<\/svg>\t\t<span>Zu meiner Wunschliste hinzuf\u00fcgen<\/span>\n\t<\/a>\n<\/div>\n\n\t\t\t<!-- COUNT TEXT -->\n\t\t\t\n\t\t\t<\/div>\n\t\t\t<\/div>\n\t\t<\/div>\n\t\t\t\t\t<\/div>\n\t\t\t<div class=\"image-tools is-small hide-for-small bottom left show-on-hover\">\n\t\t\t\t\t\t\t<\/div>\n\t\t\t<div class=\"image-tools grid-tools text-center hide-for-small bottom hover-slide-in show-on-hover\">\n\t\t\t\t\t\t\t<\/div>\n\t\t\t\t\t<\/div>\n\n\t\t<div class=\"box-text box-text-products\">\n\t\t\t<div class=\"title-wrapper\">\t\t<p class=\"category uppercase is-smaller no-text-overflow product-cat op-8\">\n\t\t\tDuftkerzen und Diffusoren f\u00fcr Zuhause\t\t<\/p>\n\t<p class=\"name product-title woocommerce-loop-product__title\"><a href=\"https:\/\/www.companhiaatlantica.pt\/de\/produto\/korperbehandlungen\/korper\/gel-korper-sandalen-arten-rossio\" class=\"woocommerce-LoopProduct-link woocommerce-loop-product__link\">Hand &amp; Body Gel Sandelholz &amp; Gew\u00fcrze ROSSIO<\/a><\/p><\/div><div class=\"price-wrapper\">\n\t<span class=\"price\"><span class=\"woocommerce-Price-amount amount\"><bdi>15.00<span class=\"woocommerce-Price-currencySymbol\">&euro;<\/span><\/bdi><\/span><\/span>\n<\/div><div class=\"add-to-cart-button\"><a href=\"\/de\/wp-json\/wp\/v2\/posts\/60182?add-to-cart=40944\" aria-describedby=\"woocommerce_loop_add_to_cart_link_describedby_40944\" data-quantity=\"1\" class=\"primary is-small mb-0 button product_type_simple add_to_cart_button ajax_add_to_cart is-outline\" data-product_id=\"40944\" data-product_sku=\"100-340\" aria-label=\"In den Warenkorb legen: \u201eHand &amp; Body Gel Sandelholz &amp; Gew\u00fcrze ROSSIO\u201c\" rel=\"nofollow\" data-success_message=\"\u201eHand &amp; Body Gel Sandelholz &amp; Gew\u00fcrze ROSSIO\u201c wurde deinem Warenkorb hinzugef\u00fcgt\" data-product_name=\"Hand &amp; Body Gel Sandelholz &amp; Gew\u00fcrze ROSSIO\" data-product_image=\"https:\/\/www.companhiaatlantica.pt\/wp-content\/uploads\/2022\/11\/100-340-150x150.jpg\" role=\"button\">In den Warenkorb<\/a><\/div>\t<span id=\"woocommerce_loop_add_to_cart_link_describedby_40944\" class=\"screen-reader-text\">\n\t\t\t<\/span>\n\t\t<\/div>\n\t<\/div>\n\t<span class=\"gtm4wp_productdata\" style=\"display:none; visibility:hidden;\" data-gtm4wp_product_data=\"{&quot;internal_id&quot;:40944,&quot;item_id&quot;:&quot;100-340&quot;,&quot;item_name&quot;:&quot;Hand &amp; Body Gel Sandelholz &amp; Gew\\u00fcrze ROSSIO&quot;,&quot;sku&quot;:&quot;100-340&quot;,&quot;price&quot;:15,&quot;stocklevel&quot;:166,&quot;stockstatus&quot;:&quot;instock&quot;,&quot;google_business_vertical&quot;:&quot;retail&quot;,&quot;item_category&quot;:&quot;Cuidado Corporal&quot;,&quot;item_category2&quot;:&quot;Corpo&quot;,&quot;id&quot;:&quot;100-340&quot;,&quot;productlink&quot;:&quot;https:\\\/\\\/www.companhiaatlantica.pt\\\/de\\\/produto\\\/korperbehandlungen\\\/korper\\\/gel-korper-sandalen-arten-rossio&quot;,&quot;item_list_name&quot;:&quot;General Product List&quot;,&quot;index&quot;:2,&quot;product_type&quot;:&quot;simple&quot;,&quot;item_brand&quot;:&quot;&quot;}\"><\/span>\t<\/div>\n<\/div><\/div><!-- row -->\n<\/div>\n<h2><span style=\"font-weight: 400;\">W\u00e4hlen Sie das ideale Reiseziel f\u00fcr Ihren Sommerurlaub<\/span><\/h2>\n\t<div class=\"img has-hover x md-x lg-x y md-y lg-y\" id=\"image_425265763\">\n\t\t\t\t\t\t\t\t<div class=\"img-inner dark\" >\n\t\t\t<img loading=\"lazy\" decoding=\"async\" width=\"1020\" height=\"680\" src=\"https:\/\/www.companhiaatlantica.pt\/wp-content\/uploads\/2024\/06\/shutterstock_648798847-1024x683.jpg\" class=\"attachment-large size-large\" alt=\"\" srcset=\"https:\/\/www.companhiaatlantica.pt\/wp-content\/uploads\/2024\/06\/shutterstock_648798847-1024x683.jpg 1024w, https:\/\/www.companhiaatlantica.pt\/wp-content\/uploads\/2024\/06\/shutterstock_648798847-scaled-900x600.jpg 900w, https:\/\/www.companhiaatlantica.pt\/wp-content\/uploads\/2024\/06\/shutterstock_648798847-400x267.jpg 400w, https:\/\/www.companhiaatlantica.pt\/wp-content\/uploads\/2024\/06\/shutterstock_648798847-768x512.jpg 768w, https:\/\/www.companhiaatlantica.pt\/wp-content\/uploads\/2024\/06\/shutterstock_648798847-1536x1024.jpg 1536w, https:\/\/www.companhiaatlantica.pt\/wp-content\/uploads\/2024\/06\/shutterstock_648798847-2048x1365.jpg 2048w, https:\/\/www.companhiaatlantica.pt\/wp-content\/uploads\/2024\/06\/shutterstock_648798847-1320x880.jpg 1320w\" sizes=\"auto, (max-width: 1020px) 100vw, 1020px\" title=\"\">\t\t\t\t\t\t\n\t\t\t\t\t<\/div>\n\t\t\t\t\t\t\t\t\n<style>\n#image_425265763 {\n  width: 100%;\n}\n<\/style>\n\t<\/div>\n\t\n\t<div id=\"gap-2048356360\" class=\"gap-element clearfix\" style=\"display:block; height:auto;\">\n\t\t\n<style>\n#gap-2048356360 {\n  padding-top: 20px;\n}\n<\/style>\n\t<\/div>\n\t\n<h3><span style=\"font-weight: 400;\">Sonne, Strand, Meer und Abenteuerziele<\/span><\/h3>\n<p><span style=\"font-weight: 400;\">Reiseziele wie die Algarve, die Costa Vicentina und die Str\u00e4nde der Costa da Caparica sind ideal f\u00fcr alle, die Sonne, Meer und Sand suchen. Wenn Sie also Ihren Urlaub und die sonnigen Tage am Strand verbringen m\u00f6chten, sind Sie in Portugal bestens aufgehoben. Wenn Sie es jedoch vorziehen, Ihren Urlaub im Ausland zu verbringen, sind Reiseziele wie Griechenland, S\u00fcditalien, Barcelona, die Kapverden und viele andere mehr eine gute Wahl.<\/span><\/p>\n<p><span style=\"font-weight: 400;\">Ob Sie sich f\u00fcr portugiesische Str\u00e4nde oder internationale Reiseziele entscheiden, unsere <\/span><a href=\"https:\/\/www.companhiaatlantica.pt\/de\/produto\/portugiesisches-leben\/modeartikel\/brillenbox\/pop-brillenetui\"><br \/>\n  <span style=\"font-weight: 400;\">Brillenetuis<\/span><br \/>\n<\/a><span style=\"font-weight: 400;\"> werden Ihre treuen Begleiter sein, die Ihnen bei Ihren Abenteuern in der Sonne praktisch und stilvoll zur Seite stehen.<\/span><\/p>\n<h3><span style=\"font-weight: 400;\">Reiseziele in den Bergen: H\u00fctten und Stille<\/span><\/h3>\n<p><span style=\"font-weight: 400;\">Wenn Sie es vorziehen, der gro\u00dfen Hitze zu entfliehen, entscheiden Sie sich f\u00fcr Reiseziele in den Bergen, wo die Temperaturen milder sind und die Landschaften wirklich idyllisch sind. In Portugal sind die Berge von Ger\u00eas oder Serra da Estrela eine gute Wahl. Internationale Ziele wie Peru oder die Schweiz sind ebenfalls eine gute Wahl, die Sie sicher begeistern wird.<\/span><\/p>\n<p><span style=\"font-weight: 400;\">Besondere Aufmerksamkeit, die,  <\/span><b>in trockeneren Klimazonen ist es wichtig, Ihre Haut zu pflegen<\/b><span style=\"font-weight: 400;\">Vergessen Sie also nicht, einen unserer  <\/span><a href=\"https:\/\/www.companhiaatlantica.pt\/de\/korperbehandlungen\"><span style=\"font-weight: 400;\">Feuchtigkeitsspender f\u00fcr den K\u00f6rper<\/span><\/a><span style=\"font-weight: 400;\">  um trockene Haut zu bek\u00e4mpfen und sie w\u00e4hrend Ihres Aufenthalts gesund zu erhalten.  <\/span><b>Egal, ob Sie in Portugal oder im Ausland sind, Sie werden immer bereit sein, die Ruhe und Sch\u00f6nheit der Berge zu genie\u00dfen.<\/b><\/p>\n<h3><span style=\"font-weight: 400;\">Touristische St\u00e4dte: st\u00e4dtische Kultur und Freizeit<\/span><\/h3>\n<p><span style=\"font-weight: 400;\">Portugals Gro\u00dfst\u00e4dte bieten eine Mischung aus Kultur, Geschichte, Gastronomie und Nachtleben. Lissabon, Porto und Sintra sind unumg\u00e4ngliche Ziele f\u00fcr alle, die Portugals Kultur, Geschichte und Gastronomie erkunden m\u00f6chten.  <\/span><\/p>\n<h3><\/h3>\n<div class=\"woocommerce columns-3 \"><div class=\"products row row-small large-columns-3 medium-columns-3 small-columns-1 has-equal-box-heights equalize-box\">\n<div class=\"product-small col has-hover product type-product post-58168 status-publish first instock product_cat-brillenbox product_cat-modeartikel has-post-thumbnail taxable shipping-taxable purchasable product-type-simple\">\n\t<div class=\"col-inner\">\n\t\n<div class=\"badge-container absolute left top z-1\">\n\n<div class=\"badge callout badge-circle\"><div class=\"badge-inner callout-new-bg is-small new-bubble\">NEW<\/div><\/div><\/div>\n\t<div class=\"product-small box \">\n\t\t<div class=\"box-image\">\n\t\t\t<div class=\"image-fade_in_back\">\n\t\t\t\t<a href=\"https:\/\/www.companhiaatlantica.pt\/de\/produto\/portugiesisches-leben\/modeartikel\/brillenbox\/pop-brillenetui\">\n\t\t\t\t\t<img loading=\"lazy\" decoding=\"async\" width=\"700\" height=\"700\" src=\"https:\/\/www.companhiaatlantica.pt\/wp-content\/uploads\/2024\/04\/160-043-700x700.jpg\" class=\"attachment-woocommerce_thumbnail size-woocommerce_thumbnail\" alt=\"Pop Brillenetui AZULEJO\" srcset=\"https:\/\/www.companhiaatlantica.pt\/wp-content\/uploads\/2024\/04\/160-043-700x700.jpg 700w, https:\/\/www.companhiaatlantica.pt\/wp-content\/uploads\/2024\/04\/160-043-100x100.jpg 100w, https:\/\/www.companhiaatlantica.pt\/wp-content\/uploads\/2024\/04\/160-043-400x400.jpg 400w, https:\/\/www.companhiaatlantica.pt\/wp-content\/uploads\/2024\/04\/160-043-350x350.jpg 350w, https:\/\/www.companhiaatlantica.pt\/wp-content\/uploads\/2024\/04\/160-043-768x768.jpg 768w, https:\/\/www.companhiaatlantica.pt\/wp-content\/uploads\/2024\/04\/160-043-600x600.jpg 600w, https:\/\/www.companhiaatlantica.pt\/wp-content\/uploads\/2024\/04\/160-043.jpg 900w\" sizes=\"auto, (max-width: 700px) 100vw, 700px\" title=\"\"><img loading=\"lazy\" decoding=\"async\" width=\"700\" height=\"700\" src=\"https:\/\/www.companhiaatlantica.pt\/wp-content\/uploads\/2024\/08\/160-043--700x700.jpg\" class=\"show-on-hover absolute fill hide-for-small back-image\" alt=\"Alternative view of Pop Brillenetui AZULEJO\" aria-hidden=\"true\" srcset=\"https:\/\/www.companhiaatlantica.pt\/wp-content\/uploads\/2024\/08\/160-043--700x700.jpg 700w, https:\/\/www.companhiaatlantica.pt\/wp-content\/uploads\/2024\/08\/160-043--100x100.jpg 100w, https:\/\/www.companhiaatlantica.pt\/wp-content\/uploads\/2024\/08\/160-043--900x900.jpg 900w, https:\/\/www.companhiaatlantica.pt\/wp-content\/uploads\/2024\/08\/160-043--400x400.jpg 400w, https:\/\/www.companhiaatlantica.pt\/wp-content\/uploads\/2024\/08\/160-043--350x350.jpg 350w, https:\/\/www.companhiaatlantica.pt\/wp-content\/uploads\/2024\/08\/160-043--768x768.jpg 768w, https:\/\/www.companhiaatlantica.pt\/wp-content\/uploads\/2024\/08\/160-043-.jpg 1000w\" sizes=\"auto, (max-width: 700px) 100vw, 700px\" title=\"\">\t\t\t\t<\/a>\n\t\t\t<\/div>\n\t\t\t<div class=\"image-tools is-small top right show-on-hover\">\n\t\t\t\t\t\t<div class=\"wishlist-icon\">\n\t\t\t<button class=\"wishlist-button button is-outline circle icon\" aria-label=\"Wunschliste\">\n\t\t\t\t<i class=\"icon-heart\" aria-hidden=\"true\"><\/i>\t\t\t<\/button>\n\t\t\t<div class=\"wishlist-popup dark\">\n\t\t\t\t\n<div\n\tclass=\"yith-wcwl-add-to-wishlist add-to-wishlist-58168 yith-wcwl-add-to-wishlist--button_default-style wishlist-fragment on-first-load\"\n\tdata-fragment-ref=\"58168\"\n\tdata-fragment-options=\"{&quot;base_url&quot;:&quot;&quot;,&quot;product_id&quot;:58168,&quot;parent_product_id&quot;:0,&quot;product_type&quot;:&quot;simple&quot;,&quot;is_single&quot;:false,&quot;in_default_wishlist&quot;:false,&quot;show_view&quot;:false,&quot;browse_wishlist_text&quot;:&quot;Siehe Ihre Wunschliste!&quot;,&quot;already_in_wishslist_text&quot;:&quot;Dieses Produkt steht bereits auf Ihrem Wunschzettel!&quot;,&quot;product_added_text&quot;:&quot;Produto adicionado!&quot;,&quot;available_multi_wishlist&quot;:false,&quot;disable_wishlist&quot;:false,&quot;show_count&quot;:false,&quot;ajax_loading&quot;:false,&quot;loop_position&quot;:&quot;after_add_to_cart&quot;,&quot;item&quot;:&quot;add_to_wishlist&quot;}\"\n>\n\t\t\t\n\t\t\t<!-- ADD TO WISHLIST -->\n\t\t\t\n<div class=\"yith-wcwl-add-button\">\n\t\t<a\n\t\thref=\"?add_to_wishlist=58168&#038;_wpnonce=e26925c47a\"\n\t\tclass=\"add_to_wishlist single_add_to_wishlist alt button theme-button-style \"\n\t\tdata-product-id=\"58168\"\n\t\tdata-product-type=\"simple\"\n\t\tdata-original-product-id=\"0\"\n\t\tdata-title=\"Zu meiner Wunschliste hinzuf\u00fcgen\"\n\t\trel=\"nofollow\"\n\t>\n\t\t<svg id=\"yith-wcwl-icon-heart-outline\" class=\"yith-wcwl-icon-svg\" fill=\"none\" stroke-width=\"1.5\" stroke=\"currentColor\" viewBox=\"0 0 24 24\" xmlns=\"http:\/\/www.w3.org\/2000\/svg\">\n  <path stroke-linecap=\"round\" stroke-linejoin=\"round\" d=\"M21 8.25c0-2.485-2.099-4.5-4.688-4.5-1.935 0-3.597 1.126-4.312 2.733-.715-1.607-2.377-2.733-4.313-2.733C5.1 3.75 3 5.765 3 8.25c0 7.22 9 12 9 12s9-4.78 9-12Z\"><\/path>\n<\/svg>\t\t<span>Zu meiner Wunschliste hinzuf\u00fcgen<\/span>\n\t<\/a>\n<\/div>\n\n\t\t\t<!-- COUNT TEXT -->\n\t\t\t\n\t\t\t<\/div>\n\t\t\t<\/div>\n\t\t<\/div>\n\t\t\t\t\t<\/div>\n\t\t\t<div class=\"image-tools is-small hide-for-small bottom left show-on-hover\">\n\t\t\t\t\t\t\t<\/div>\n\t\t\t<div class=\"image-tools grid-tools text-center hide-for-small bottom hover-slide-in show-on-hover\">\n\t\t\t\t\t\t\t<\/div>\n\t\t\t\t\t<\/div>\n\n\t\t<div class=\"box-text box-text-products\">\n\t\t\t<div class=\"title-wrapper\">\t\t<p class=\"category uppercase is-smaller no-text-overflow product-cat op-8\">\n\t\t\tBrillenbox\t\t<\/p>\n\t<p class=\"name product-title woocommerce-loop-product__title\"><a href=\"https:\/\/www.companhiaatlantica.pt\/de\/produto\/portugiesisches-leben\/modeartikel\/brillenbox\/pop-brillenetui\" class=\"woocommerce-LoopProduct-link woocommerce-loop-product__link\">Pop Brillenetui AZULEJO<\/a><\/p><\/div><div class=\"price-wrapper\">\n\t<span class=\"price\"><span class=\"woocommerce-Price-amount amount\"><bdi>11.00<span class=\"woocommerce-Price-currencySymbol\">&euro;<\/span><\/bdi><\/span><\/span>\n<\/div><div class=\"add-to-cart-button\"><a href=\"\/de\/wp-json\/wp\/v2\/posts\/60182?add-to-cart=58168\" aria-describedby=\"woocommerce_loop_add_to_cart_link_describedby_58168\" data-quantity=\"1\" class=\"primary is-small mb-0 button product_type_simple add_to_cart_button ajax_add_to_cart is-outline\" data-product_id=\"58168\" data-product_sku=\"160-043\" aria-label=\"In den Warenkorb legen: \u201ePop Brillenetui AZULEJO\u201c\" rel=\"nofollow\" data-success_message=\"\u201ePop Brillenetui AZULEJO\u201c wurde deinem Warenkorb hinzugef\u00fcgt\" data-product_name=\"Pop Brillenetui AZULEJO\" data-product_image=\"https:\/\/www.companhiaatlantica.pt\/wp-content\/uploads\/2024\/04\/160-043-350x350.jpg\" role=\"button\">In den Warenkorb<\/a><\/div>\t<span id=\"woocommerce_loop_add_to_cart_link_describedby_58168\" class=\"screen-reader-text\">\n\t\t\t<\/span>\n\t\t<\/div>\n\t<\/div>\n\t<span class=\"gtm4wp_productdata\" style=\"display:none; visibility:hidden;\" data-gtm4wp_product_data=\"{&quot;internal_id&quot;:58168,&quot;item_id&quot;:&quot;160-043&quot;,&quot;item_name&quot;:&quot;Pop Brillenetui AZULEJO&quot;,&quot;sku&quot;:&quot;160-043&quot;,&quot;price&quot;:11,&quot;stocklevel&quot;:257,&quot;stockstatus&quot;:&quot;instock&quot;,&quot;google_business_vertical&quot;:&quot;retail&quot;,&quot;item_category&quot;:&quot;Vida Portuguesa&quot;,&quot;item_category2&quot;:&quot;Acess\\u00f3rios Moda&quot;,&quot;item_category3&quot;:&quot;Caixas \\u00d3culos&quot;,&quot;id&quot;:&quot;160-043&quot;,&quot;productlink&quot;:&quot;https:\\\/\\\/www.companhiaatlantica.pt\\\/de\\\/produto\\\/portugiesisches-leben\\\/modeartikel\\\/brillenbox\\\/pop-brillenetui&quot;,&quot;item_list_name&quot;:&quot;General Product List&quot;,&quot;index&quot;:1,&quot;product_type&quot;:&quot;simple&quot;,&quot;item_brand&quot;:&quot;&quot;}\"><\/span>\t<\/div>\n<\/div><div class=\"product-small col has-hover product type-product post-40923 status-publish instock product_cat-duftkerzen-diffusoren-fur-zuhause product_cat-korper product_cat-korperbehandlungen has-post-thumbnail taxable shipping-taxable purchasable product-type-simple\">\n\t<div class=\"col-inner\">\n\t\n<div class=\"badge-container absolute left top z-1\">\n\n<\/div>\n\t<div class=\"product-small box \">\n\t\t<div class=\"box-image\">\n\t\t\t<div class=\"image-fade_in_back\">\n\t\t\t\t<a href=\"https:\/\/www.companhiaatlantica.pt\/de\/produto\/korperbehandlungen\/korper\/gel-haut-und-korper-leder-rossio\">\n\t\t\t\t\t<img loading=\"lazy\" decoding=\"async\" width=\"700\" height=\"700\" src=\"https:\/\/www.companhiaatlantica.pt\/wp-content\/uploads\/2022\/11\/100-339-700x700.jpg\" class=\"attachment-woocommerce_thumbnail size-woocommerce_thumbnail\" alt=\"ROSSIO Leder Hand &amp; K\u00f6rper Gel\" srcset=\"https:\/\/www.companhiaatlantica.pt\/wp-content\/uploads\/2022\/11\/100-339-700x700.jpg 700w, https:\/\/www.companhiaatlantica.pt\/wp-content\/uploads\/2022\/11\/100-339-100x100.jpg 100w, https:\/\/www.companhiaatlantica.pt\/wp-content\/uploads\/2022\/11\/100-339-900x900.jpg 900w, https:\/\/www.companhiaatlantica.pt\/wp-content\/uploads\/2022\/11\/100-339-300x300.jpg 300w, https:\/\/www.companhiaatlantica.pt\/wp-content\/uploads\/2022\/11\/100-339-150x150.jpg 150w, https:\/\/www.companhiaatlantica.pt\/wp-content\/uploads\/2022\/11\/100-339-768x768.jpg 768w, https:\/\/www.companhiaatlantica.pt\/wp-content\/uploads\/2022\/11\/100-339-600x600.jpg 600w, https:\/\/www.companhiaatlantica.pt\/wp-content\/uploads\/2022\/11\/100-339.jpg 1000w\" sizes=\"auto, (max-width: 700px) 100vw, 700px\" title=\"\"><img loading=\"lazy\" decoding=\"async\" width=\"700\" height=\"700\" src=\"https:\/\/www.companhiaatlantica.pt\/wp-content\/uploads\/2022\/11\/130-339_a-700x700.jpg\" class=\"show-on-hover absolute fill hide-for-small back-image\" alt=\"Alternative view of ROSSIO Leder Hand &amp; K\u00f6rper Gel\" aria-hidden=\"true\" srcset=\"https:\/\/www.companhiaatlantica.pt\/wp-content\/uploads\/2022\/11\/130-339_a-700x700.jpg 700w, https:\/\/www.companhiaatlantica.pt\/wp-content\/uploads\/2022\/11\/130-339_a-100x100.jpg 100w, https:\/\/www.companhiaatlantica.pt\/wp-content\/uploads\/2022\/11\/130-339_a-900x900.jpg 900w, https:\/\/www.companhiaatlantica.pt\/wp-content\/uploads\/2022\/11\/130-339_a-300x300.jpg 300w, https:\/\/www.companhiaatlantica.pt\/wp-content\/uploads\/2022\/11\/130-339_a-150x150.jpg 150w, https:\/\/www.companhiaatlantica.pt\/wp-content\/uploads\/2022\/11\/130-339_a-768x768.jpg 768w, https:\/\/www.companhiaatlantica.pt\/wp-content\/uploads\/2022\/11\/130-339_a-600x600.jpg 600w, https:\/\/www.companhiaatlantica.pt\/wp-content\/uploads\/2022\/11\/130-339_a.jpg 1000w\" sizes=\"auto, (max-width: 700px) 100vw, 700px\" title=\"\">\t\t\t\t<\/a>\n\t\t\t<\/div>\n\t\t\t<div class=\"image-tools is-small top right show-on-hover\">\n\t\t\t\t\t\t<div class=\"wishlist-icon\">\n\t\t\t<button class=\"wishlist-button button is-outline circle icon\" aria-label=\"Wunschliste\">\n\t\t\t\t<i class=\"icon-heart\" aria-hidden=\"true\"><\/i>\t\t\t<\/button>\n\t\t\t<div class=\"wishlist-popup dark\">\n\t\t\t\t\n<div\n\tclass=\"yith-wcwl-add-to-wishlist add-to-wishlist-40923 yith-wcwl-add-to-wishlist--button_default-style wishlist-fragment on-first-load\"\n\tdata-fragment-ref=\"40923\"\n\tdata-fragment-options=\"{&quot;base_url&quot;:&quot;&quot;,&quot;product_id&quot;:40923,&quot;parent_product_id&quot;:0,&quot;product_type&quot;:&quot;simple&quot;,&quot;is_single&quot;:false,&quot;in_default_wishlist&quot;:false,&quot;show_view&quot;:false,&quot;browse_wishlist_text&quot;:&quot;Siehe Ihre Wunschliste!&quot;,&quot;already_in_wishslist_text&quot;:&quot;Dieses Produkt steht bereits auf Ihrem Wunschzettel!&quot;,&quot;product_added_text&quot;:&quot;Produto adicionado!&quot;,&quot;available_multi_wishlist&quot;:false,&quot;disable_wishlist&quot;:false,&quot;show_count&quot;:false,&quot;ajax_loading&quot;:false,&quot;loop_position&quot;:&quot;after_add_to_cart&quot;,&quot;item&quot;:&quot;add_to_wishlist&quot;}\"\n>\n\t\t\t\n\t\t\t<!-- ADD TO WISHLIST -->\n\t\t\t\n<div class=\"yith-wcwl-add-button\">\n\t\t<a\n\t\thref=\"?add_to_wishlist=40923&#038;_wpnonce=e26925c47a\"\n\t\tclass=\"add_to_wishlist single_add_to_wishlist alt button theme-button-style \"\n\t\tdata-product-id=\"40923\"\n\t\tdata-product-type=\"simple\"\n\t\tdata-original-product-id=\"0\"\n\t\tdata-title=\"Zu meiner Wunschliste hinzuf\u00fcgen\"\n\t\trel=\"nofollow\"\n\t>\n\t\t<svg id=\"yith-wcwl-icon-heart-outline\" class=\"yith-wcwl-icon-svg\" fill=\"none\" stroke-width=\"1.5\" stroke=\"currentColor\" viewBox=\"0 0 24 24\" xmlns=\"http:\/\/www.w3.org\/2000\/svg\">\n  <path stroke-linecap=\"round\" stroke-linejoin=\"round\" d=\"M21 8.25c0-2.485-2.099-4.5-4.688-4.5-1.935 0-3.597 1.126-4.312 2.733-.715-1.607-2.377-2.733-4.313-2.733C5.1 3.75 3 5.765 3 8.25c0 7.22 9 12 9 12s9-4.78 9-12Z\"><\/path>\n<\/svg>\t\t<span>Zu meiner Wunschliste hinzuf\u00fcgen<\/span>\n\t<\/a>\n<\/div>\n\n\t\t\t<!-- COUNT TEXT -->\n\t\t\t\n\t\t\t<\/div>\n\t\t\t<\/div>\n\t\t<\/div>\n\t\t\t\t\t<\/div>\n\t\t\t<div class=\"image-tools is-small hide-for-small bottom left show-on-hover\">\n\t\t\t\t\t\t\t<\/div>\n\t\t\t<div class=\"image-tools grid-tools text-center hide-for-small bottom hover-slide-in show-on-hover\">\n\t\t\t\t\t\t\t<\/div>\n\t\t\t\t\t<\/div>\n\n\t\t<div class=\"box-text box-text-products\">\n\t\t\t<div class=\"title-wrapper\">\t\t<p class=\"category uppercase is-smaller no-text-overflow product-cat op-8\">\n\t\t\tDuftkerzen und Diffusoren f\u00fcr Zuhause\t\t<\/p>\n\t<p class=\"name product-title woocommerce-loop-product__title\"><a href=\"https:\/\/www.companhiaatlantica.pt\/de\/produto\/korperbehandlungen\/korper\/gel-haut-und-korper-leder-rossio\" class=\"woocommerce-LoopProduct-link woocommerce-loop-product__link\">ROSSIO Leder Hand &amp; K\u00f6rper Gel<\/a><\/p><\/div><div class=\"price-wrapper\">\n\t<span class=\"price\"><span class=\"woocommerce-Price-amount amount\"><bdi>15.00<span class=\"woocommerce-Price-currencySymbol\">&euro;<\/span><\/bdi><\/span><\/span>\n<\/div><div class=\"add-to-cart-button\"><a href=\"\/de\/wp-json\/wp\/v2\/posts\/60182?add-to-cart=40923\" aria-describedby=\"woocommerce_loop_add_to_cart_link_describedby_40923\" data-quantity=\"1\" class=\"primary is-small mb-0 button product_type_simple add_to_cart_button ajax_add_to_cart is-outline\" data-product_id=\"40923\" data-product_sku=\"100-339\" aria-label=\"In den Warenkorb legen: \u201eROSSIO Leder Hand &amp; K\u00f6rper Gel\u201c\" rel=\"nofollow\" data-success_message=\"\u201eROSSIO Leder Hand &amp; K\u00f6rper Gel\u201c wurde deinem Warenkorb hinzugef\u00fcgt\" data-product_name=\"ROSSIO Leder Hand &amp; K\u00f6rper Gel\" data-product_image=\"https:\/\/www.companhiaatlantica.pt\/wp-content\/uploads\/2022\/11\/100-339-150x150.jpg\" role=\"button\">In den Warenkorb<\/a><\/div>\t<span id=\"woocommerce_loop_add_to_cart_link_describedby_40923\" class=\"screen-reader-text\">\n\t\t\t<\/span>\n\t\t<\/div>\n\t<\/div>\n\t<span class=\"gtm4wp_productdata\" style=\"display:none; visibility:hidden;\" data-gtm4wp_product_data=\"{&quot;internal_id&quot;:40923,&quot;item_id&quot;:&quot;100-339&quot;,&quot;item_name&quot;:&quot;ROSSIO Leder Hand &amp; K\\u00f6rper Gel&quot;,&quot;sku&quot;:&quot;100-339&quot;,&quot;price&quot;:15,&quot;stocklevel&quot;:326,&quot;stockstatus&quot;:&quot;instock&quot;,&quot;google_business_vertical&quot;:&quot;retail&quot;,&quot;item_category&quot;:&quot;Cuidado Corporal&quot;,&quot;item_category2&quot;:&quot;Corpo&quot;,&quot;id&quot;:&quot;100-339&quot;,&quot;productlink&quot;:&quot;https:\\\/\\\/www.companhiaatlantica.pt\\\/de\\\/produto\\\/korperbehandlungen\\\/korper\\\/gel-haut-und-korper-leder-rossio&quot;,&quot;item_list_name&quot;:&quot;General Product List&quot;,&quot;index&quot;:2,&quot;product_type&quot;:&quot;simple&quot;,&quot;item_brand&quot;:&quot;&quot;}\"><\/span>\t<\/div>\n<\/div><div class=\"product-small col has-hover product type-product post-42126 status-publish last instock product_cat-duftkerzen-diffusoren-fur-zuhause product_cat-korperbehandlungen product_cat-lippenbalsam has-post-thumbnail taxable shipping-taxable purchasable product-type-simple\">\n\t<div class=\"col-inner\">\n\t\n<div class=\"badge-container absolute left top z-1\">\n\n<\/div>\n\t<div class=\"product-small box \">\n\t\t<div class=\"box-image\">\n\t\t\t<div class=\"image-fade_in_back\">\n\t\t\t\t<a href=\"https:\/\/www.companhiaatlantica.pt\/de\/produto\/korperbehandlungen\/lippenbalsam\/taschentucher\">\n\t\t\t\t\t<img loading=\"lazy\" decoding=\"async\" width=\"700\" height=\"700\" src=\"https:\/\/www.companhiaatlantica.pt\/wp-content\/uploads\/2020\/06\/100-316_1-700x700.jpg\" class=\"attachment-woocommerce_thumbnail size-woocommerce_thumbnail\" alt=\"NAMORADOS Lippenbalsam Vanille\" srcset=\"https:\/\/www.companhiaatlantica.pt\/wp-content\/uploads\/2020\/06\/100-316_1-700x700.jpg 700w, https:\/\/www.companhiaatlantica.pt\/wp-content\/uploads\/2020\/06\/100-316_1-100x100.jpg 100w, https:\/\/www.companhiaatlantica.pt\/wp-content\/uploads\/2020\/06\/100-316_1-600x600.jpg 600w, https:\/\/www.companhiaatlantica.pt\/wp-content\/uploads\/2020\/06\/100-316_1-300x300.jpg 300w, https:\/\/www.companhiaatlantica.pt\/wp-content\/uploads\/2020\/06\/100-316_1-150x150.jpg 150w, https:\/\/www.companhiaatlantica.pt\/wp-content\/uploads\/2020\/06\/100-316_1-768x768.jpg 768w, https:\/\/www.companhiaatlantica.pt\/wp-content\/uploads\/2020\/06\/100-316_1.jpg 863w\" sizes=\"auto, (max-width: 700px) 100vw, 700px\" title=\"\"><img loading=\"lazy\" decoding=\"async\" width=\"700\" height=\"700\" src=\"https:\/\/www.companhiaatlantica.pt\/wp-content\/uploads\/2020\/06\/100-316_2-700x700.jpg\" class=\"show-on-hover absolute fill hide-for-small back-image\" alt=\"Alternative view of NAMORADOS Lippenbalsam Vanille\" aria-hidden=\"true\" srcset=\"https:\/\/www.companhiaatlantica.pt\/wp-content\/uploads\/2020\/06\/100-316_2-700x700.jpg 700w, https:\/\/www.companhiaatlantica.pt\/wp-content\/uploads\/2020\/06\/100-316_2-100x100.jpg 100w, https:\/\/www.companhiaatlantica.pt\/wp-content\/uploads\/2020\/06\/100-316_2-600x600.jpg 600w, https:\/\/www.companhiaatlantica.pt\/wp-content\/uploads\/2020\/06\/100-316_2-300x300.jpg 300w, https:\/\/www.companhiaatlantica.pt\/wp-content\/uploads\/2020\/06\/100-316_2-150x150.jpg 150w, https:\/\/www.companhiaatlantica.pt\/wp-content\/uploads\/2020\/06\/100-316_2-768x768.jpg 768w, https:\/\/www.companhiaatlantica.pt\/wp-content\/uploads\/2020\/06\/100-316_2.jpg 863w\" sizes=\"auto, (max-width: 700px) 100vw, 700px\" title=\"\">\t\t\t\t<\/a>\n\t\t\t<\/div>\n\t\t\t<div class=\"image-tools is-small top right show-on-hover\">\n\t\t\t\t\t\t<div class=\"wishlist-icon\">\n\t\t\t<button class=\"wishlist-button button is-outline circle icon\" aria-label=\"Wunschliste\">\n\t\t\t\t<i class=\"icon-heart\" aria-hidden=\"true\"><\/i>\t\t\t<\/button>\n\t\t\t<div class=\"wishlist-popup dark\">\n\t\t\t\t\n<div\n\tclass=\"yith-wcwl-add-to-wishlist add-to-wishlist-42126 yith-wcwl-add-to-wishlist--button_default-style wishlist-fragment on-first-load\"\n\tdata-fragment-ref=\"42126\"\n\tdata-fragment-options=\"{&quot;base_url&quot;:&quot;&quot;,&quot;product_id&quot;:42126,&quot;parent_product_id&quot;:0,&quot;product_type&quot;:&quot;simple&quot;,&quot;is_single&quot;:false,&quot;in_default_wishlist&quot;:false,&quot;show_view&quot;:false,&quot;browse_wishlist_text&quot;:&quot;Siehe Ihre Wunschliste!&quot;,&quot;already_in_wishslist_text&quot;:&quot;Dieses Produkt steht bereits auf Ihrem Wunschzettel!&quot;,&quot;product_added_text&quot;:&quot;Produto adicionado!&quot;,&quot;available_multi_wishlist&quot;:false,&quot;disable_wishlist&quot;:false,&quot;show_count&quot;:false,&quot;ajax_loading&quot;:false,&quot;loop_position&quot;:&quot;after_add_to_cart&quot;,&quot;item&quot;:&quot;add_to_wishlist&quot;}\"\n>\n\t\t\t\n\t\t\t<!-- ADD TO WISHLIST -->\n\t\t\t\n<div class=\"yith-wcwl-add-button\">\n\t\t<a\n\t\thref=\"?add_to_wishlist=42126&#038;_wpnonce=e26925c47a\"\n\t\tclass=\"add_to_wishlist single_add_to_wishlist alt button theme-button-style \"\n\t\tdata-product-id=\"42126\"\n\t\tdata-product-type=\"simple\"\n\t\tdata-original-product-id=\"0\"\n\t\tdata-title=\"Zu meiner Wunschliste hinzuf\u00fcgen\"\n\t\trel=\"nofollow\"\n\t>\n\t\t<svg id=\"yith-wcwl-icon-heart-outline\" class=\"yith-wcwl-icon-svg\" fill=\"none\" stroke-width=\"1.5\" stroke=\"currentColor\" viewBox=\"0 0 24 24\" xmlns=\"http:\/\/www.w3.org\/2000\/svg\">\n  <path stroke-linecap=\"round\" stroke-linejoin=\"round\" d=\"M21 8.25c0-2.485-2.099-4.5-4.688-4.5-1.935 0-3.597 1.126-4.312 2.733-.715-1.607-2.377-2.733-4.313-2.733C5.1 3.75 3 5.765 3 8.25c0 7.22 9 12 9 12s9-4.78 9-12Z\"><\/path>\n<\/svg>\t\t<span>Zu meiner Wunschliste hinzuf\u00fcgen<\/span>\n\t<\/a>\n<\/div>\n\n\t\t\t<!-- COUNT TEXT -->\n\t\t\t\n\t\t\t<\/div>\n\t\t\t<\/div>\n\t\t<\/div>\n\t\t\t\t\t<\/div>\n\t\t\t<div class=\"image-tools is-small hide-for-small bottom left show-on-hover\">\n\t\t\t\t\t\t\t<\/div>\n\t\t\t<div class=\"image-tools grid-tools text-center hide-for-small bottom hover-slide-in show-on-hover\">\n\t\t\t\t\t\t\t<\/div>\n\t\t\t\t\t<\/div>\n\n\t\t<div class=\"box-text box-text-products\">\n\t\t\t<div class=\"title-wrapper\">\t\t<p class=\"category uppercase is-smaller no-text-overflow product-cat op-8\">\n\t\t\tDuftkerzen und Diffusoren f\u00fcr Zuhause\t\t<\/p>\n\t<p class=\"name product-title woocommerce-loop-product__title\"><a href=\"https:\/\/www.companhiaatlantica.pt\/de\/produto\/korperbehandlungen\/lippenbalsam\/taschentucher\" class=\"woocommerce-LoopProduct-link woocommerce-loop-product__link\">NAMORADOS Lippenbalsam Vanille<\/a><\/p><\/div><div class=\"price-wrapper\">\n\t<span class=\"price\"><span class=\"woocommerce-Price-amount amount\"><bdi>7.80<span class=\"woocommerce-Price-currencySymbol\">&euro;<\/span><\/bdi><\/span><\/span>\n<\/div><div class=\"add-to-cart-button\"><a href=\"\/de\/wp-json\/wp\/v2\/posts\/60182?add-to-cart=42126\" aria-describedby=\"woocommerce_loop_add_to_cart_link_describedby_42126\" data-quantity=\"1\" class=\"primary is-small mb-0 button product_type_simple add_to_cart_button ajax_add_to_cart is-outline\" data-product_id=\"42126\" data-product_sku=\"100-316\" aria-label=\"In den Warenkorb legen: \u201eNAMORADOS Lippenbalsam Vanille\u201c\" rel=\"nofollow\" data-success_message=\"\u201eNAMORADOS Lippenbalsam Vanille\u201c wurde deinem Warenkorb hinzugef\u00fcgt\" data-product_name=\"NAMORADOS Lippenbalsam Vanille\" data-product_image=\"https:\/\/www.companhiaatlantica.pt\/wp-content\/uploads\/2020\/06\/100-316_1-150x150.jpg\" role=\"button\">In den Warenkorb<\/a><\/div>\t<span id=\"woocommerce_loop_add_to_cart_link_describedby_42126\" class=\"screen-reader-text\">\n\t\t\t<\/span>\n\t\t<\/div>\n\t<\/div>\n\t<span class=\"gtm4wp_productdata\" style=\"display:none; visibility:hidden;\" data-gtm4wp_product_data=\"{&quot;internal_id&quot;:42126,&quot;item_id&quot;:&quot;100-316&quot;,&quot;item_name&quot;:&quot;NAMORADOS Lippenbalsam Vanille&quot;,&quot;sku&quot;:&quot;100-316&quot;,&quot;price&quot;:7.79999999999999982236431605997495353221893310546875,&quot;stocklevel&quot;:563,&quot;stockstatus&quot;:&quot;instock&quot;,&quot;google_business_vertical&quot;:&quot;retail&quot;,&quot;item_category&quot;:&quot;Cuidado Corporal&quot;,&quot;item_category2&quot;:&quot;B\\u00e1lsamo Labial Hidratante&quot;,&quot;id&quot;:&quot;100-316&quot;,&quot;productlink&quot;:&quot;https:\\\/\\\/www.companhiaatlantica.pt\\\/de\\\/produto\\\/korperbehandlungen\\\/lippenbalsam\\\/taschentucher&quot;,&quot;item_list_name&quot;:&quot;General Product List&quot;,&quot;index&quot;:3,&quot;product_type&quot;:&quot;simple&quot;,&quot;item_brand&quot;:&quot;&quot;}\"><\/span>\t<\/div>\n<\/div><\/div><!-- row -->\n<\/div>\n<h2><span style=\"font-weight: 400;\">Wo man mit Kindern Urlaub macht: Spa\u00df f\u00fcr die ganze Familie<\/span><\/h2>\n\t<div class=\"img has-hover x md-x lg-x y md-y lg-y\" id=\"image_234391088\">\n\t\t\t\t\t\t\t\t<div class=\"img-inner dark\" >\n\t\t\t<img loading=\"lazy\" decoding=\"async\" width=\"1020\" height=\"679\" src=\"https:\/\/www.companhiaatlantica.pt\/wp-content\/uploads\/2024\/06\/shutterstock_436930171-1024x682.jpg\" class=\"attachment-large size-large\" alt=\"\" srcset=\"https:\/\/www.companhiaatlantica.pt\/wp-content\/uploads\/2024\/06\/shutterstock_436930171-1024x682.jpg 1024w, https:\/\/www.companhiaatlantica.pt\/wp-content\/uploads\/2024\/06\/shutterstock_436930171-scaled-900x599.jpg 900w, https:\/\/www.companhiaatlantica.pt\/wp-content\/uploads\/2024\/06\/shutterstock_436930171-400x266.jpg 400w, https:\/\/www.companhiaatlantica.pt\/wp-content\/uploads\/2024\/06\/shutterstock_436930171-768x511.jpg 768w, https:\/\/www.companhiaatlantica.pt\/wp-content\/uploads\/2024\/06\/shutterstock_436930171-1536x1022.jpg 1536w, https:\/\/www.companhiaatlantica.pt\/wp-content\/uploads\/2024\/06\/shutterstock_436930171-2048x1363.jpg 2048w, https:\/\/www.companhiaatlantica.pt\/wp-content\/uploads\/2024\/06\/shutterstock_436930171-1320x879.jpg 1320w\" sizes=\"auto, (max-width: 1020px) 100vw, 1020px\" title=\"\">\t\t\t\t\t\t\n\t\t\t\t\t<\/div>\n\t\t\t\t\t\t\t\t\n<style>\n#image_234391088 {\n  width: 100%;\n}\n<\/style>\n\t<\/div>\n\t\n\t<div id=\"gap-443840186\" class=\"gap-element clearfix\" style=\"display:block; height:auto;\">\n\t\t\n<style>\n#gap-443840186 {\n  padding-top: 20px;\n}\n<\/style>\n\t<\/div>\n\t\n<h3><span style=\"font-weight: 400;\">Themen- und Wasserparks<\/span><\/h3>\n<p><span style=\"font-weight: 400;\">Themen- und Wasserparks sind eine hervorragende Option f\u00fcr einen unterhaltsamen Tag mit den Kindern. Parks wie zum Beispiel  <\/span><a href=\"https:\/\/www.zoomarine.pt\/pt\/\" target=\"_blank\" rel=\"noopener\"><br \/>\n  <span style=\"font-weight: 400;\">Zoomarine an der Algarve<\/span><br \/>\n<\/a><span style=\"font-weight: 400;\">der Wasserpark <\/span><a href=\"https:\/\/www.praiadasrocas.com\/\" target=\"_blank\" rel=\"noopener\"><br \/>\n  <span style=\"font-weight: 400;\">Praia das Rocas<\/span><br \/>\n<\/a><span style=\"font-weight: 400;\">oder der <\/span><a href=\"https:\/\/parqueaquaticoamarante.com\/\" target=\"_blank\" rel=\"noopener\"><br \/>\n  <span style=\"font-weight: 400;\">Wasserpark Amarante<\/span><br \/>\n<\/a><span style=\"font-weight: 400;\"> sind perfekt f\u00fcr einen Tag voller Familienspa\u00df.<\/span><\/p>\n<p><span style=\"font-weight: 400;\">Nach einem Tag voller Sonne und Wasser brauchen die Haut und die Lippen der Kleinen besondere Pflege. <\/span><b>Tragen Sie eine <\/b><a href=\"https:\/\/www.companhiaatlantica.pt\/de\/korperbehandlungen\"><br \/>\n  <b>Feuchtigkeitscreme f\u00fcr den K\u00f6rper<\/b><br \/>\n<\/a><b> hilft, die Haut von Kindern gesund und feucht zu halten<\/b><span style=\"font-weight: 400;\">w\u00e4hrend <\/span><a href=\"https:\/\/www.companhiaatlantica.pt\/de\/korperbehandlungen\/lippenbalsam\"><br \/>\n  <span style=\"font-weight: 400;\">Lippenbalsam<\/span><br \/>\n<\/a><span style=\"font-weight: 400;\">  sch\u00fctzt und repariert die Lippen, nachdem sie stundenlang der Sonne und dem Wasser ausgesetzt waren. Mit diesen Vorsichtsma\u00dfnahmen werden Ihre Tage in den Themen- und Wasserparks noch angenehmer und friedlicher.<\/span><\/p>\n<h3><span style=\"font-weight: 400;\">Familienbetriebe und Resorts<\/span><\/h3>\n<p><span style=\"font-weight: 400;\">Bildungsfarmen und Ferienanlagen mit Aktivit\u00e4ten f\u00fcr Kinder bieten ein lehrreiches und unterhaltsames Erlebnis f\u00fcr die ganze Familie.<\/span><\/p>\n<h3><span style=\"font-weight: 400;\">Lehrreiche und lustige Fahrgesch\u00e4fte<\/span><\/h3>\n<p><span style=\"font-weight: 400;\">Nutzen Sie den Sommer, um die Neugier Ihrer Kinder mit lehrreichen und lustigen Ausfl\u00fcgen zu wecken. Besuche in Zoos, Aquarien und interaktiven Museen sind hervorragend geeignet, um Spa\u00df mit Lernen zu verbinden.  <\/span><b>Nach einem Tag voller Aktivit\u00e4ten und Entdeckungen ist es wichtig, die Haut zu pflegen und den Kleinen einen Moment der Entspannung zu g\u00f6nnen<\/b><span style=\"font-weight: 400;\">. Unser  <\/span><a href=\"https:\/\/www.companhiaatlantica.pt\/de\/korperbehandlungen\/seifen\"><br \/>\n  <span style=\"font-weight: 400;\">Sanfte Seifen<\/span><br \/>\n<\/a><span style=\"font-weight: 400;\"> sind perfekt f\u00fcr die Duschroutine und garantieren eine sanfte Reinigung.<\/span><\/p>\n<div class=\"woocommerce columns-3 \"><div class=\"products row row-small large-columns-3 medium-columns-3 small-columns-1 has-equal-box-heights equalize-box\">\n<div class=\"product-small col has-hover product type-product post-40793 status-publish first instock product_cat-duftkerzen-diffusoren-fur-zuhause product_cat-korperbehandlungen product_cat-seifen has-post-thumbnail taxable shipping-taxable purchasable product-type-simple\">\n\t<div class=\"col-inner\">\n\t\n<div class=\"badge-container absolute left top z-1\">\n\n<\/div>\n\t<div class=\"product-small box \">\n\t\t<div class=\"box-image\">\n\t\t\t<div class=\"image-fade_in_back\">\n\t\t\t\t<a href=\"https:\/\/www.companhiaatlantica.pt\/de\/produto\/korperbehandlungen\/seifen\/weise-seife\">\n\t\t\t\t\t<img loading=\"lazy\" decoding=\"async\" width=\"700\" height=\"700\" src=\"https:\/\/www.companhiaatlantica.pt\/wp-content\/uploads\/2023\/03\/100-332-700x700.jpg\" class=\"attachment-woocommerce_thumbnail size-woocommerce_thumbnail\" alt=\"ROSSIO Wei\u00dfe Tee-Seife\" srcset=\"https:\/\/www.companhiaatlantica.pt\/wp-content\/uploads\/2023\/03\/100-332-700x700.jpg 700w, https:\/\/www.companhiaatlantica.pt\/wp-content\/uploads\/2023\/03\/100-332-100x100.jpg 100w, https:\/\/www.companhiaatlantica.pt\/wp-content\/uploads\/2023\/03\/100-332-600x600.jpg 600w, https:\/\/www.companhiaatlantica.pt\/wp-content\/uploads\/2023\/03\/100-332-300x300.jpg 300w, https:\/\/www.companhiaatlantica.pt\/wp-content\/uploads\/2023\/03\/100-332-150x150.jpg 150w, https:\/\/www.companhiaatlantica.pt\/wp-content\/uploads\/2023\/03\/100-332-768x768.jpg 768w, https:\/\/www.companhiaatlantica.pt\/wp-content\/uploads\/2023\/03\/100-332.jpg 796w\" sizes=\"auto, (max-width: 700px) 100vw, 700px\" title=\"\"><img loading=\"lazy\" decoding=\"async\" width=\"700\" height=\"700\" src=\"https:\/\/www.companhiaatlantica.pt\/wp-content\/uploads\/2023\/03\/100-332_b-700x700.jpg\" class=\"show-on-hover absolute fill hide-for-small back-image\" alt=\"Alternative view of ROSSIO Wei\u00dfe Tee-Seife\" aria-hidden=\"true\" srcset=\"https:\/\/www.companhiaatlantica.pt\/wp-content\/uploads\/2023\/03\/100-332_b-700x700.jpg 700w, https:\/\/www.companhiaatlantica.pt\/wp-content\/uploads\/2023\/03\/100-332_b-100x100.jpg 100w, https:\/\/www.companhiaatlantica.pt\/wp-content\/uploads\/2023\/03\/100-332_b-600x600.jpg 600w, https:\/\/www.companhiaatlantica.pt\/wp-content\/uploads\/2023\/03\/100-332_b-300x300.jpg 300w, https:\/\/www.companhiaatlantica.pt\/wp-content\/uploads\/2023\/03\/100-332_b-150x150.jpg 150w, https:\/\/www.companhiaatlantica.pt\/wp-content\/uploads\/2023\/03\/100-332_b-768x768.jpg 768w, https:\/\/www.companhiaatlantica.pt\/wp-content\/uploads\/2023\/03\/100-332_b.jpg 796w\" sizes=\"auto, (max-width: 700px) 100vw, 700px\" title=\"\">\t\t\t\t<\/a>\n\t\t\t<\/div>\n\t\t\t<div class=\"image-tools is-small top right show-on-hover\">\n\t\t\t\t\t\t<div class=\"wishlist-icon\">\n\t\t\t<button class=\"wishlist-button button is-outline circle icon\" aria-label=\"Wunschliste\">\n\t\t\t\t<i class=\"icon-heart\" aria-hidden=\"true\"><\/i>\t\t\t<\/button>\n\t\t\t<div class=\"wishlist-popup dark\">\n\t\t\t\t\n<div\n\tclass=\"yith-wcwl-add-to-wishlist add-to-wishlist-40793 yith-wcwl-add-to-wishlist--button_default-style wishlist-fragment on-first-load\"\n\tdata-fragment-ref=\"40793\"\n\tdata-fragment-options=\"{&quot;base_url&quot;:&quot;&quot;,&quot;product_id&quot;:40793,&quot;parent_product_id&quot;:0,&quot;product_type&quot;:&quot;simple&quot;,&quot;is_single&quot;:false,&quot;in_default_wishlist&quot;:false,&quot;show_view&quot;:false,&quot;browse_wishlist_text&quot;:&quot;Siehe Ihre Wunschliste!&quot;,&quot;already_in_wishslist_text&quot;:&quot;Dieses Produkt steht bereits auf Ihrem Wunschzettel!&quot;,&quot;product_added_text&quot;:&quot;Produto adicionado!&quot;,&quot;available_multi_wishlist&quot;:false,&quot;disable_wishlist&quot;:false,&quot;show_count&quot;:false,&quot;ajax_loading&quot;:false,&quot;loop_position&quot;:&quot;after_add_to_cart&quot;,&quot;item&quot;:&quot;add_to_wishlist&quot;}\"\n>\n\t\t\t\n\t\t\t<!-- ADD TO WISHLIST -->\n\t\t\t\n<div class=\"yith-wcwl-add-button\">\n\t\t<a\n\t\thref=\"?add_to_wishlist=40793&#038;_wpnonce=e26925c47a\"\n\t\tclass=\"add_to_wishlist single_add_to_wishlist alt button theme-button-style \"\n\t\tdata-product-id=\"40793\"\n\t\tdata-product-type=\"simple\"\n\t\tdata-original-product-id=\"0\"\n\t\tdata-title=\"Zu meiner Wunschliste hinzuf\u00fcgen\"\n\t\trel=\"nofollow\"\n\t>\n\t\t<svg id=\"yith-wcwl-icon-heart-outline\" class=\"yith-wcwl-icon-svg\" fill=\"none\" stroke-width=\"1.5\" stroke=\"currentColor\" viewBox=\"0 0 24 24\" xmlns=\"http:\/\/www.w3.org\/2000\/svg\">\n  <path stroke-linecap=\"round\" stroke-linejoin=\"round\" d=\"M21 8.25c0-2.485-2.099-4.5-4.688-4.5-1.935 0-3.597 1.126-4.312 2.733-.715-1.607-2.377-2.733-4.313-2.733C5.1 3.75 3 5.765 3 8.25c0 7.22 9 12 9 12s9-4.78 9-12Z\"><\/path>\n<\/svg>\t\t<span>Zu meiner Wunschliste hinzuf\u00fcgen<\/span>\n\t<\/a>\n<\/div>\n\n\t\t\t<!-- COUNT TEXT -->\n\t\t\t\n\t\t\t<\/div>\n\t\t\t<\/div>\n\t\t<\/div>\n\t\t\t\t\t<\/div>\n\t\t\t<div class=\"image-tools is-small hide-for-small bottom left show-on-hover\">\n\t\t\t\t\t\t\t<\/div>\n\t\t\t<div class=\"image-tools grid-tools text-center hide-for-small bottom hover-slide-in show-on-hover\">\n\t\t\t\t\t\t\t<\/div>\n\t\t\t\t\t<\/div>\n\n\t\t<div class=\"box-text box-text-products\">\n\t\t\t<div class=\"title-wrapper\">\t\t<p class=\"category uppercase is-smaller no-text-overflow product-cat op-8\">\n\t\t\tDuftkerzen und Diffusoren f\u00fcr Zuhause\t\t<\/p>\n\t<p class=\"name product-title woocommerce-loop-product__title\"><a href=\"https:\/\/www.companhiaatlantica.pt\/de\/produto\/korperbehandlungen\/seifen\/weise-seife\" class=\"woocommerce-LoopProduct-link woocommerce-loop-product__link\">ROSSIO Wei\u00dfe Tee-Seife<\/a><\/p><\/div><div class=\"price-wrapper\">\n\t<span class=\"price\"><span class=\"woocommerce-Price-amount amount\"><bdi>7.00<span class=\"woocommerce-Price-currencySymbol\">&euro;<\/span><\/bdi><\/span><\/span>\n<\/div><div class=\"add-to-cart-button\"><a href=\"\/de\/wp-json\/wp\/v2\/posts\/60182?add-to-cart=40793\" aria-describedby=\"woocommerce_loop_add_to_cart_link_describedby_40793\" data-quantity=\"1\" class=\"primary is-small mb-0 button product_type_simple add_to_cart_button ajax_add_to_cart is-outline\" data-product_id=\"40793\" data-product_sku=\"100-332\" aria-label=\"In den Warenkorb legen: \u201eROSSIO Wei\u00dfe Tee-Seife\u201c\" rel=\"nofollow\" data-success_message=\"\u201eROSSIO Wei\u00dfe Tee-Seife\u201c wurde deinem Warenkorb hinzugef\u00fcgt\" data-product_name=\"ROSSIO Wei\u00dfe Tee-Seife\" data-product_image=\"https:\/\/www.companhiaatlantica.pt\/wp-content\/uploads\/2023\/03\/100-332-150x150.jpg\" role=\"button\">In den Warenkorb<\/a><\/div>\t<span id=\"woocommerce_loop_add_to_cart_link_describedby_40793\" class=\"screen-reader-text\">\n\t\t\t<\/span>\n\t\t<\/div>\n\t<\/div>\n\t<span class=\"gtm4wp_productdata\" style=\"display:none; visibility:hidden;\" data-gtm4wp_product_data=\"{&quot;internal_id&quot;:40793,&quot;item_id&quot;:&quot;100-332&quot;,&quot;item_name&quot;:&quot;ROSSIO Wei\\u00dfe Tee-Seife&quot;,&quot;sku&quot;:&quot;100-332&quot;,&quot;price&quot;:7,&quot;stocklevel&quot;:147,&quot;stockstatus&quot;:&quot;instock&quot;,&quot;google_business_vertical&quot;:&quot;retail&quot;,&quot;item_category&quot;:&quot;K\\u00f6rperbehandlungen&quot;,&quot;item_category2&quot;:&quot;Seifen&quot;,&quot;id&quot;:&quot;100-332&quot;,&quot;productlink&quot;:&quot;https:\\\/\\\/www.companhiaatlantica.pt\\\/de\\\/produto\\\/korperbehandlungen\\\/seifen\\\/weise-seife&quot;,&quot;item_list_name&quot;:&quot;General Product List&quot;,&quot;index&quot;:1,&quot;product_type&quot;:&quot;simple&quot;,&quot;item_brand&quot;:&quot;&quot;}\"><\/span>\t<\/div>\n<\/div><div class=\"product-small col has-hover product type-product post-41954 status-publish instock product_cat-handcremes product_cat-korperbehandlungen product_cat-portugiesisches-leben has-post-thumbnail taxable shipping-taxable purchasable product-type-simple\">\n\t<div class=\"col-inner\">\n\t\n<div class=\"badge-container absolute left top z-1\">\n\n<\/div>\n\t<div class=\"product-small box \">\n\t\t<div class=\"box-image\">\n\t\t\t<div class=\"image-fade_in_back\">\n\t\t\t\t<a href=\"https:\/\/www.companhiaatlantica.pt\/de\/produto\/korperbehandlungen\/handcremes\/versailles-rosa-handcreme\">\n\t\t\t\t\t<img loading=\"lazy\" decoding=\"async\" width=\"700\" height=\"700\" src=\"https:\/\/www.companhiaatlantica.pt\/wp-content\/uploads\/2020\/06\/100-169-1-700x700.jpg\" class=\"attachment-woocommerce_thumbnail size-woocommerce_thumbnail\" alt=\"VERSAILLES Rosa Handcreme\" srcset=\"https:\/\/www.companhiaatlantica.pt\/wp-content\/uploads\/2020\/06\/100-169-1-700x700.jpg 700w, https:\/\/www.companhiaatlantica.pt\/wp-content\/uploads\/2020\/06\/100-169-1-100x100.jpg 100w, https:\/\/www.companhiaatlantica.pt\/wp-content\/uploads\/2020\/06\/100-169-1-900x900.jpg 900w, https:\/\/www.companhiaatlantica.pt\/wp-content\/uploads\/2020\/06\/100-169-1-400x400.jpg 400w, https:\/\/www.companhiaatlantica.pt\/wp-content\/uploads\/2020\/06\/100-169-1-350x350.jpg 350w, https:\/\/www.companhiaatlantica.pt\/wp-content\/uploads\/2020\/06\/100-169-1-768x768.jpg 768w, https:\/\/www.companhiaatlantica.pt\/wp-content\/uploads\/2020\/06\/100-169-1.jpg 1000w\" sizes=\"auto, (max-width: 700px) 100vw, 700px\" title=\"\"><img loading=\"lazy\" decoding=\"async\" width=\"700\" height=\"700\" src=\"https:\/\/www.companhiaatlantica.pt\/wp-content\/uploads\/2020\/06\/100-169-700x700.jpg\" class=\"show-on-hover absolute fill hide-for-small back-image\" alt=\"Alternative view of VERSAILLES Rosa Handcreme\" aria-hidden=\"true\" srcset=\"https:\/\/www.companhiaatlantica.pt\/wp-content\/uploads\/2020\/06\/100-169-700x700.jpg 700w, https:\/\/www.companhiaatlantica.pt\/wp-content\/uploads\/2020\/06\/100-169-100x100.jpg 100w, https:\/\/www.companhiaatlantica.pt\/wp-content\/uploads\/2020\/06\/100-169-900x900.jpg 900w, https:\/\/www.companhiaatlantica.pt\/wp-content\/uploads\/2020\/06\/100-169-300x300.jpg 300w, https:\/\/www.companhiaatlantica.pt\/wp-content\/uploads\/2020\/06\/100-169-150x150.jpg 150w, https:\/\/www.companhiaatlantica.pt\/wp-content\/uploads\/2020\/06\/100-169-768x768.jpg 768w, https:\/\/www.companhiaatlantica.pt\/wp-content\/uploads\/2020\/06\/100-169-600x600.jpg 600w, https:\/\/www.companhiaatlantica.pt\/wp-content\/uploads\/2020\/06\/100-169.jpg 1000w\" sizes=\"auto, (max-width: 700px) 100vw, 700px\" title=\"\">\t\t\t\t<\/a>\n\t\t\t<\/div>\n\t\t\t<div class=\"image-tools is-small top right show-on-hover\">\n\t\t\t\t\t\t<div class=\"wishlist-icon\">\n\t\t\t<button class=\"wishlist-button button is-outline circle icon\" aria-label=\"Wunschliste\">\n\t\t\t\t<i class=\"icon-heart\" aria-hidden=\"true\"><\/i>\t\t\t<\/button>\n\t\t\t<div class=\"wishlist-popup dark\">\n\t\t\t\t\n<div\n\tclass=\"yith-wcwl-add-to-wishlist add-to-wishlist-41954 yith-wcwl-add-to-wishlist--button_default-style wishlist-fragment on-first-load\"\n\tdata-fragment-ref=\"41954\"\n\tdata-fragment-options=\"{&quot;base_url&quot;:&quot;&quot;,&quot;product_id&quot;:41954,&quot;parent_product_id&quot;:0,&quot;product_type&quot;:&quot;simple&quot;,&quot;is_single&quot;:false,&quot;in_default_wishlist&quot;:false,&quot;show_view&quot;:false,&quot;browse_wishlist_text&quot;:&quot;Siehe Ihre Wunschliste!&quot;,&quot;already_in_wishslist_text&quot;:&quot;Dieses Produkt steht bereits auf Ihrem Wunschzettel!&quot;,&quot;product_added_text&quot;:&quot;Produto adicionado!&quot;,&quot;available_multi_wishlist&quot;:false,&quot;disable_wishlist&quot;:false,&quot;show_count&quot;:false,&quot;ajax_loading&quot;:false,&quot;loop_position&quot;:&quot;after_add_to_cart&quot;,&quot;item&quot;:&quot;add_to_wishlist&quot;}\"\n>\n\t\t\t\n\t\t\t<!-- ADD TO WISHLIST -->\n\t\t\t\n<div class=\"yith-wcwl-add-button\">\n\t\t<a\n\t\thref=\"?add_to_wishlist=41954&#038;_wpnonce=e26925c47a\"\n\t\tclass=\"add_to_wishlist single_add_to_wishlist alt button theme-button-style \"\n\t\tdata-product-id=\"41954\"\n\t\tdata-product-type=\"simple\"\n\t\tdata-original-product-id=\"0\"\n\t\tdata-title=\"Zu meiner Wunschliste hinzuf\u00fcgen\"\n\t\trel=\"nofollow\"\n\t>\n\t\t<svg id=\"yith-wcwl-icon-heart-outline\" class=\"yith-wcwl-icon-svg\" fill=\"none\" stroke-width=\"1.5\" stroke=\"currentColor\" viewBox=\"0 0 24 24\" xmlns=\"http:\/\/www.w3.org\/2000\/svg\">\n  <path stroke-linecap=\"round\" stroke-linejoin=\"round\" d=\"M21 8.25c0-2.485-2.099-4.5-4.688-4.5-1.935 0-3.597 1.126-4.312 2.733-.715-1.607-2.377-2.733-4.313-2.733C5.1 3.75 3 5.765 3 8.25c0 7.22 9 12 9 12s9-4.78 9-12Z\"><\/path>\n<\/svg>\t\t<span>Zu meiner Wunschliste hinzuf\u00fcgen<\/span>\n\t<\/a>\n<\/div>\n\n\t\t\t<!-- COUNT TEXT -->\n\t\t\t\n\t\t\t<\/div>\n\t\t\t<\/div>\n\t\t<\/div>\n\t\t\t\t\t<\/div>\n\t\t\t<div class=\"image-tools is-small hide-for-small bottom left show-on-hover\">\n\t\t\t\t\t\t\t<\/div>\n\t\t\t<div class=\"image-tools grid-tools text-center hide-for-small bottom hover-slide-in show-on-hover\">\n\t\t\t\t\t\t\t<\/div>\n\t\t\t\t\t<\/div>\n\n\t\t<div class=\"box-text box-text-products\">\n\t\t\t<div class=\"title-wrapper\">\t\t<p class=\"category uppercase is-smaller no-text-overflow product-cat op-8\">\n\t\t\tHandcremes\t\t<\/p>\n\t<p class=\"name product-title woocommerce-loop-product__title\"><a href=\"https:\/\/www.companhiaatlantica.pt\/de\/produto\/korperbehandlungen\/handcremes\/versailles-rosa-handcreme\" class=\"woocommerce-LoopProduct-link woocommerce-loop-product__link\">VERSAILLES Rosa Handcreme<\/a><\/p><\/div><div class=\"price-wrapper\">\n\t<span class=\"price\"><span class=\"woocommerce-Price-amount amount\"><bdi>9.00<span class=\"woocommerce-Price-currencySymbol\">&euro;<\/span><\/bdi><\/span><\/span>\n<\/div><div class=\"add-to-cart-button\"><a href=\"\/de\/wp-json\/wp\/v2\/posts\/60182?add-to-cart=41954\" aria-describedby=\"woocommerce_loop_add_to_cart_link_describedby_41954\" data-quantity=\"1\" class=\"primary is-small mb-0 button product_type_simple add_to_cart_button ajax_add_to_cart is-outline\" data-product_id=\"41954\" data-product_sku=\"100-169\" aria-label=\"In den Warenkorb legen: \u201eVERSAILLES Rosa Handcreme\u201c\" rel=\"nofollow\" data-success_message=\"\u201eVERSAILLES Rosa Handcreme\u201c wurde deinem Warenkorb hinzugef\u00fcgt\" data-product_name=\"VERSAILLES Rosa Handcreme\" data-product_image=\"https:\/\/www.companhiaatlantica.pt\/wp-content\/uploads\/2020\/06\/100-169-1-350x350.jpg\" role=\"button\">In den Warenkorb<\/a><\/div>\t<span id=\"woocommerce_loop_add_to_cart_link_describedby_41954\" class=\"screen-reader-text\">\n\t\t\t<\/span>\n\t\t<\/div>\n\t<\/div>\n\t<span class=\"gtm4wp_productdata\" style=\"display:none; visibility:hidden;\" data-gtm4wp_product_data=\"{&quot;internal_id&quot;:41954,&quot;item_id&quot;:&quot;100-169&quot;,&quot;item_name&quot;:&quot;VERSAILLES Rosa Handcreme&quot;,&quot;sku&quot;:&quot;100-169&quot;,&quot;price&quot;:9,&quot;stocklevel&quot;:3036,&quot;stockstatus&quot;:&quot;instock&quot;,&quot;google_business_vertical&quot;:&quot;retail&quot;,&quot;item_category&quot;:&quot;K\\u00f6rperbehandlungen&quot;,&quot;item_category2&quot;:&quot;Handcremes&quot;,&quot;id&quot;:&quot;100-169&quot;,&quot;productlink&quot;:&quot;https:\\\/\\\/www.companhiaatlantica.pt\\\/de\\\/produto\\\/korperbehandlungen\\\/handcremes\\\/versailles-rosa-handcreme&quot;,&quot;item_list_name&quot;:&quot;General Product List&quot;,&quot;index&quot;:2,&quot;product_type&quot;:&quot;simple&quot;,&quot;item_brand&quot;:&quot;&quot;}\"><\/span>\t<\/div>\n<\/div><\/div><!-- row -->\n<\/div>\n\t<div id=\"gap-245326582\" class=\"gap-element clearfix\" style=\"display:block; height:auto;\">\n\t\t\n<style>\n#gap-245326582 {\n  padding-top: 50px;\n}\n<\/style>\n\t<\/div>\n\t\n<h4><strong>Sollen wir Ihre n\u00e4chsten originellen Geschenke ausw\u00e4hlen?<\/strong><\/h4>\n<p><span style=\"font-weight: 400;\">Wir von Companhia Atl\u00e2ntica glauben an die Bedeutung von Geschenken f\u00fcr diejenigen, die einen besonderen Platz in unserem Leben einnehmen, mit Gesten, die \u00fcber Worte hinausgehen. <\/span>Kommen Sie und entdecken Sie <a href=\"https:\/\/www.companhiaatlantica.pt\/de\/dekoration\">, wie unsere Produkte<\/a> jeden Moment noch unvergesslicher machen k\u00f6nnen.<\/p>\n<p><strong>Fr\u00f6hliches Feiern!<\/strong><\/p>\n<h3><\/h3>\n","protected":false},"excerpt":{"rendered":"<p>Der Sommer naht und mit ihm die lang ersehnte Gelegenheit, lange, hei\u00dfe Tage voller Aktivit\u00e4ten im Freien zu genie\u00dfen. Die Sommerferien sind die ideale Zeit, um zu entspannen, aufzutanken und unvergessliche Erinnerungen zu schaffen mit Familie und Freunden. Aber um das Beste daraus zu machen, ist es wichtig, im Voraus zu planen. Wenn Sie noch [&#8230;]\n","protected":false},"author":636,"featured_media":60097,"comment_status":"closed","ping_status":"open","sticky":false,"template":"","format":"standard","meta":{"footnotes":""},"categories":[3132],"tags":[],"class_list":["post-60182","post","type-post","status-publish","format-standard","has-post-thumbnail","hentry","category-artikel"],"_links":{"self":[{"href":"https:\/\/www.companhiaatlantica.pt\/de\/wp-json\/wp\/v2\/posts\/60182","targetHints":{"allow":["GET"]}}],"collection":[{"href":"https:\/\/www.companhiaatlantica.pt\/de\/wp-json\/wp\/v2\/posts"}],"about":[{"href":"https:\/\/www.companhiaatlantica.pt\/de\/wp-json\/wp\/v2\/types\/post"}],"author":[{"embeddable":true,"href":"https:\/\/www.companhiaatlantica.pt\/de\/wp-json\/wp\/v2\/users\/636"}],"replies":[{"embeddable":true,"href":"https:\/\/www.companhiaatlantica.pt\/de\/wp-json\/wp\/v2\/comments?post=60182"}],"version-history":[{"count":5,"href":"https:\/\/www.companhiaatlantica.pt\/de\/wp-json\/wp\/v2\/posts\/60182\/revisions"}],"predecessor-version":[{"id":60189,"href":"https:\/\/www.companhiaatlantica.pt\/de\/wp-json\/wp\/v2\/posts\/60182\/revisions\/60189"}],"wp:featuredmedia":[{"embeddable":true,"href":"https:\/\/www.companhiaatlantica.pt\/de\/wp-json\/wp\/v2\/media\/60097"}],"wp:attachment":[{"href":"https:\/\/www.companhiaatlantica.pt\/de\/wp-json\/wp\/v2\/media?parent=60182"}],"wp:term":[{"taxonomy":"category","embeddable":true,"href":"https:\/\/www.companhiaatlantica.pt\/de\/wp-json\/wp\/v2\/categories?post=60182"},{"taxonomy":"post_tag","embeddable":true,"href":"https:\/\/www.companhiaatlantica.pt\/de\/wp-json\/wp\/v2\/tags?post=60182"}],"curies":[{"name":"wp","href":"https:\/\/api.w.org\/{rel}","templated":true}]}}