{"id":61719,"date":"2024-07-18T15:54:40","date_gmt":"2024-07-18T14:54:40","guid":{"rendered":"https:\/\/www.companhiaatlantica.pt\/unkategorisiert\/kalte-salate-koestliche-rezepte-zur-abkuehlung-im-sommer"},"modified":"2026-01-05T12:03:08","modified_gmt":"2026-01-05T12:03:08","slug":"kalte-salate-koestliche-rezepte-zur-abkuehlung-im-sommer","status":"publish","type":"post","link":"https:\/\/www.companhiaatlantica.pt\/de\/artikel\/kalte-salate-koestliche-rezepte-zur-abkuehlung-im-sommer","title":{"rendered":"Kalte Salate: K\u00f6stliche Rezepte zur Abk\u00fchlung im Sommer"},"content":{"rendered":"\n  <div class=\"banner has-hover\" id=\"banner-368953164\">\n          <div class=\"banner-inner fill\">\n        <div class=\"banner-bg fill\" >\n            <img loading=\"lazy\" decoding=\"async\" width=\"1020\" height=\"680\" src=\"https:\/\/www.companhiaatlantica.pt\/wp-content\/uploads\/2024\/07\/033-1024x683.jpg\" class=\"bg attachment-large size-large\" alt=\"\" title=\"\">                                    \n                    <\/div>\n\t\t\n        <div class=\"banner-layers container\">\n            <div class=\"fill banner-link\"><\/div>            \n   <div id=\"text-box-138959923\" class=\"text-box banner-layer x85 md-x85 lg-x85 y35 md-y35 lg-y35 res-text\">\n                                <div class=\"text-box-content text dark\">\n              \n              <div class=\"text-inner text-center\">\n                  \n<h3 class=\"uppercase\"><strong>ERFRISCHENDE KALTE SALATREZEPTE<\/strong><\/h3>\n              <\/div>\n           <\/div>\n                            \n<style>\n#text-box-138959923 {\n  width: 60%;\n}\n#text-box-138959923 .text-box-content {\n  font-size: 100%;\n}\n<\/style>\n    <\/div>\n \n        <\/div>\n      <\/div>\n\n            \n<style>\n#banner-368953164 {\n  padding-top: 500px;\n}\n<\/style>\n  <\/div>\n\n\n\t<div id=\"gap-1064897199\" class=\"gap-element clearfix\" style=\"display:block; height:auto;\">\n\t\t\n<style>\n#gap-1064897199 {\n  padding-top: 30px;\n}\n<\/style>\n\t<\/div>\n\t\n<p><span style=\"font-weight: 400;\">Der Sommer ist da und mit ihm hei\u00dfe, sonnige Tage, die nach leichten, frischen und leckeren Gerichten verlangen. Und wenn der Hunger kommt, gibt es nichts Besseres als einen kalten Salat, der den K\u00f6rper erfrischt und den Gaumen erfreut.<\/span><\/p>\n<p><span style=\"font-weight: 400;\">Ob f\u00fcr ein schnelles Mittagessen, ein leichtes Abendessen oder ein Picknick im Freien, kalte Salate sind die perfekte Wahl f\u00fcr die Kombination von gesunden Zutaten und einfacher Zubereitung. Und um das Erlebnis noch appetitlicher zu machen, empfehlen wir, diese K\u00f6stlichkeiten auf elegantem Geschirr zu servieren, denn eine sch\u00f6ne Pr\u00e4sentation macht den Unterschied.<\/span><\/p>\n<p><span style=\"font-weight: 400;\">Entdecken Sie, wie diese einfach zuzubereitenden Rezepte einen Hauch von Frische und Geschmack in Ihre hei\u00dfen Tage bringen k\u00f6nnen. Kommen wir zu den Rezepten!<\/span><\/p>\n\t<div id=\"gap-700344174\" class=\"gap-element clearfix\" style=\"display:block; height:auto;\">\n\t\t\n<style>\n#gap-700344174 {\n  padding-top: 30px;\n}\n<\/style>\n\t<\/div>\n\t\n<h2><span style=\"font-weight: 400;\">Einfache Salate<\/span><\/h2>\n<p><span style=\"font-weight: 400;\">An w\u00e4rmeren Tagen kann Einfachheit der Schl\u00fcssel zu einer erfrischenden und k\u00f6stlichen Mahlzeit sein. Dieser einfache Salat ist schnell zubereitet und perfekt f\u00fcr alle, die nach einer leichten und schmackhaften Alternative suchen. Die Kombination frischer Zutaten garantiert eine Geschmacksexplosion bei jedem Bissen und macht ihn zum idealen Begleiter zu jedem Gericht oder sogar zum Hauptdarsteller einer Mahlzeit.<\/span><\/p>\n<h3><span style=\"font-weight: 400;\">Zutaten<\/span><\/h3>\n<ul>\n<li style=\"font-weight: 400;\" aria-level=\"1\"><span style=\"font-weight: 400;\">1 Kopfsalat;<\/span><\/li>\n<li style=\"font-weight: 400;\" aria-level=\"1\"><span style=\"font-weight: 400;\">1 Tomate;<\/span><\/li>\n<li style=\"font-weight: 400;\" aria-level=\"1\"><span style=\"font-weight: 400;\">1 Salatgurke;<\/span><\/li>\n<li style=\"font-weight: 400;\" aria-level=\"1\"><span style=\"font-weight: 400;\">1 geriebene Karotte;<\/span><\/li>\n<li style=\"font-weight: 400;\" aria-level=\"1\"><span style=\"font-weight: 400;\">Oliven nach Geschmack;<\/span><\/li>\n<li style=\"font-weight: 400;\" aria-level=\"1\"><span style=\"font-weight: 400;\">Salz, \u00d6l und Essig nach Geschmack.<\/span><\/li>\n<\/ul>\n<h3><span style=\"font-weight: 400;\">Wie Sie sich vorbereiten<\/span><\/h3>\n<ol>\n<li style=\"font-weight: 400;\" aria-level=\"1\"><span style=\"font-weight: 400;\">Waschen Sie den Kopfsalat, die Tomaten und die Gurke gut;<\/span><\/li>\n<li style=\"font-weight: 400;\" aria-level=\"1\"><span style=\"font-weight: 400;\">Schneiden Sie den Kopfsalat in Streifen und geben Sie ihn in eine Salatsch\u00fcssel;<\/span><\/li>\n<li style=\"font-weight: 400;\" aria-level=\"1\"><span style=\"font-weight: 400;\">Schneiden Sie die Tomate in Scheiben und die Gurke in W\u00fcrfel und geben Sie sie zu dem Salat;<\/span><\/li>\n<li style=\"font-weight: 400;\" aria-level=\"1\"><span style=\"font-weight: 400;\">F\u00fcgen Sie die geriebene Karotte und die Oliven hinzu;<\/span><\/li>\n<li style=\"font-weight: 400;\" aria-level=\"1\"><span style=\"font-weight: 400;\">Mit Salz, Oliven\u00f6l und Essig abschmecken;<\/span><\/li>\n<li style=\"font-weight: 400;\" aria-level=\"1\"><span style=\"font-weight: 400;\">Mischen Sie alles zusammen und servieren Sie es.<\/span><\/li>\n<\/ol>\n<div class=\"woocommerce columns-3 \"><div class=\"products row row-small large-columns-3 medium-columns-3 small-columns-1 has-equal-box-heights equalize-box\">\n<div class=\"product-small col has-hover product type-product post-43241 status-publish first instock product_cat-keramik-schussel product_cat-portugiesische-keramik has-post-thumbnail sold-individually taxable shipping-taxable purchasable product-type-simple\">\n\t<div class=\"col-inner\">\n\t\n<div class=\"badge-container absolute left top z-1\">\n\n<div class=\"badge callout badge-circle\"><div class=\"badge-inner callout-new-bg is-small new-bubble\">NEW IN<\/div><\/div><\/div>\n\t<div class=\"product-small box \">\n\t\t<div class=\"box-image\">\n\t\t\t<div class=\"image-fade_in_back\">\n\t\t\t\t<a href=\"https:\/\/www.companhiaatlantica.pt\/de\/produto\/portugiesische-keramik\/keramik-schussel\/lapa-schussel-14cm\">\n\t\t\t\t\t<img loading=\"lazy\" decoding=\"async\" width=\"700\" height=\"700\" src=\"https:\/\/www.companhiaatlantica.pt\/wp-content\/uploads\/2023\/08\/131-105-700x700.jpg\" class=\"attachment-woocommerce_thumbnail size-woocommerce_thumbnail\" alt=\"LAPA Sch\u00fcssel 14cm Black Midnight\" srcset=\"https:\/\/www.companhiaatlantica.pt\/wp-content\/uploads\/2023\/08\/131-105-700x700.jpg 700w, https:\/\/www.companhiaatlantica.pt\/wp-content\/uploads\/2023\/08\/131-105-400x400.jpg 400w, https:\/\/www.companhiaatlantica.pt\/wp-content\/uploads\/2023\/08\/131-105-350x350.jpg 350w, https:\/\/www.companhiaatlantica.pt\/wp-content\/uploads\/2023\/08\/131-105-768x768.jpg 768w, https:\/\/www.companhiaatlantica.pt\/wp-content\/uploads\/2023\/08\/131-105-900x900.jpg 900w, https:\/\/www.companhiaatlantica.pt\/wp-content\/uploads\/2023\/08\/131-105-100x100.jpg 100w, https:\/\/www.companhiaatlantica.pt\/wp-content\/uploads\/2023\/08\/131-105.jpg 1000w\" sizes=\"auto, (max-width: 700px) 100vw, 700px\" title=\"\"><img loading=\"lazy\" decoding=\"async\" width=\"600\" height=\"600\" src=\"https:\/\/www.companhiaatlantica.pt\/wp-content\/uploads\/2023\/08\/bowl-lapa.jpg\" class=\"show-on-hover absolute fill hide-for-small back-image\" alt=\"Alternative view of LAPA Sch\u00fcssel 14cm Black Midnight\" aria-hidden=\"true\" srcset=\"https:\/\/www.companhiaatlantica.pt\/wp-content\/uploads\/2023\/08\/bowl-lapa.jpg 600w, https:\/\/www.companhiaatlantica.pt\/wp-content\/uploads\/2023\/08\/bowl-lapa-100x100.jpg 100w, https:\/\/www.companhiaatlantica.pt\/wp-content\/uploads\/2023\/08\/bowl-lapa-400x400.jpg 400w, https:\/\/www.companhiaatlantica.pt\/wp-content\/uploads\/2023\/08\/bowl-lapa-350x350.jpg 350w\" sizes=\"auto, (max-width: 600px) 100vw, 600px\" title=\"\">\t\t\t\t<\/a>\n\t\t\t<\/div>\n\t\t\t<div class=\"image-tools is-small top right show-on-hover\">\n\t\t\t\t\t\t<div class=\"wishlist-icon\">\n\t\t\t<button class=\"wishlist-button button is-outline circle icon\" aria-label=\"Wunschliste\">\n\t\t\t\t<i class=\"icon-heart\" aria-hidden=\"true\"><\/i>\t\t\t<\/button>\n\t\t\t<div class=\"wishlist-popup dark\">\n\t\t\t\t\n<div\n\tclass=\"yith-wcwl-add-to-wishlist add-to-wishlist-43241 yith-wcwl-add-to-wishlist--button_default-style wishlist-fragment on-first-load\"\n\tdata-fragment-ref=\"43241\"\n\tdata-fragment-options=\"{&quot;base_url&quot;:&quot;&quot;,&quot;product_id&quot;:43241,&quot;parent_product_id&quot;:0,&quot;product_type&quot;:&quot;simple&quot;,&quot;is_single&quot;:false,&quot;in_default_wishlist&quot;:false,&quot;show_view&quot;:false,&quot;browse_wishlist_text&quot;:&quot;Siehe Ihre Wunschliste!&quot;,&quot;already_in_wishslist_text&quot;:&quot;Dieses Produkt steht bereits auf Ihrem Wunschzettel!&quot;,&quot;product_added_text&quot;:&quot;Produto adicionado!&quot;,&quot;available_multi_wishlist&quot;:false,&quot;disable_wishlist&quot;:false,&quot;show_count&quot;:false,&quot;ajax_loading&quot;:false,&quot;loop_position&quot;:&quot;after_add_to_cart&quot;,&quot;item&quot;:&quot;add_to_wishlist&quot;}\"\n>\n\t\t\t\n\t\t\t<!-- ADD TO WISHLIST -->\n\t\t\t\n<div class=\"yith-wcwl-add-button\">\n\t\t<a\n\t\thref=\"?add_to_wishlist=43241&#038;_wpnonce=bd4645bbbe\"\n\t\tclass=\"add_to_wishlist single_add_to_wishlist alt button theme-button-style \"\n\t\tdata-product-id=\"43241\"\n\t\tdata-product-type=\"simple\"\n\t\tdata-original-product-id=\"0\"\n\t\tdata-title=\"Zu meiner Wunschliste hinzuf\u00fcgen\"\n\t\trel=\"nofollow\"\n\t>\n\t\t<svg id=\"yith-wcwl-icon-heart-outline\" class=\"yith-wcwl-icon-svg\" fill=\"none\" stroke-width=\"1.5\" stroke=\"currentColor\" viewBox=\"0 0 24 24\" xmlns=\"http:\/\/www.w3.org\/2000\/svg\">\n  <path stroke-linecap=\"round\" stroke-linejoin=\"round\" d=\"M21 8.25c0-2.485-2.099-4.5-4.688-4.5-1.935 0-3.597 1.126-4.312 2.733-.715-1.607-2.377-2.733-4.313-2.733C5.1 3.75 3 5.765 3 8.25c0 7.22 9 12 9 12s9-4.78 9-12Z\"><\/path>\n<\/svg>\t\t<span>Zu meiner Wunschliste hinzuf\u00fcgen<\/span>\n\t<\/a>\n<\/div>\n\n\t\t\t<!-- COUNT TEXT -->\n\t\t\t\n\t\t\t<\/div>\n\t\t\t<\/div>\n\t\t<\/div>\n\t\t\t\t\t<\/div>\n\t\t\t<div class=\"image-tools is-small hide-for-small bottom left show-on-hover\">\n\t\t\t\t\t\t\t<\/div>\n\t\t\t<div class=\"image-tools grid-tools text-center hide-for-small bottom hover-slide-in show-on-hover\">\n\t\t\t\t\t\t\t<\/div>\n\t\t\t\t\t<\/div>\n\n\t\t<div class=\"box-text box-text-products\">\n\t\t\t<div class=\"title-wrapper\">\t\t<p class=\"category uppercase is-smaller no-text-overflow product-cat op-8\">\n\t\t\tkeramik sch\u00fcssel\t\t<\/p>\n\t<p class=\"name product-title woocommerce-loop-product__title\"><a href=\"https:\/\/www.companhiaatlantica.pt\/de\/produto\/portugiesische-keramik\/keramik-schussel\/lapa-schussel-14cm\" class=\"woocommerce-LoopProduct-link woocommerce-loop-product__link\">LAPA Sch\u00fcssel 14cm Black Midnight<\/a><\/p><\/div><div class=\"price-wrapper\">\n\t<span class=\"price\"><span class=\"woocommerce-Price-amount amount\"><bdi>18.00<span class=\"woocommerce-Price-currencySymbol\">&euro;<\/span><\/bdi><\/span><\/span>\n<\/div><div class=\"add-to-cart-button\"><a href=\"\/de\/wp-json\/wp\/v2\/posts\/61719?add-to-cart=43241\" aria-describedby=\"woocommerce_loop_add_to_cart_link_describedby_43241\" data-quantity=\"1\" class=\"primary is-small mb-0 button product_type_simple add_to_cart_button ajax_add_to_cart is-outline\" data-product_id=\"43241\" data-product_sku=\"131-105\" aria-label=\"In den Warenkorb legen: \u201eLAPA Sch\u00fcssel 14cm Black Midnight\u201c\" rel=\"nofollow\" data-success_message=\"\u201eLAPA Sch\u00fcssel 14cm Black Midnight\u201c wurde deinem Warenkorb hinzugef\u00fcgt\" data-product_name=\"LAPA Sch\u00fcssel 14cm Black Midnight\" data-product_image=\"https:\/\/www.companhiaatlantica.pt\/wp-content\/uploads\/2023\/08\/131-105-350x350.jpg\" role=\"button\">In den Warenkorb<\/a><\/div>\t<span id=\"woocommerce_loop_add_to_cart_link_describedby_43241\" class=\"screen-reader-text\">\n\t\t\t<\/span>\n\t\t<\/div>\n\t<\/div>\n\t<span class=\"gtm4wp_productdata\" style=\"display:none; visibility:hidden;\" data-gtm4wp_product_data=\"{&quot;internal_id&quot;:43241,&quot;item_id&quot;:&quot;131-105&quot;,&quot;item_name&quot;:&quot;LAPA Sch\\u00fcssel 14cm Black Midnight&quot;,&quot;sku&quot;:&quot;131-105&quot;,&quot;price&quot;:18,&quot;stocklevel&quot;:397,&quot;stockstatus&quot;:&quot;instock&quot;,&quot;google_business_vertical&quot;:&quot;retail&quot;,&quot;item_category&quot;:&quot;Cer\\u00e2mica Portuguesa Artesanal&quot;,&quot;id&quot;:&quot;131-105&quot;,&quot;productlink&quot;:&quot;https:\\\/\\\/www.companhiaatlantica.pt\\\/de\\\/produto\\\/portugiesische-keramik\\\/keramik-schussel\\\/lapa-schussel-14cm&quot;,&quot;item_list_name&quot;:&quot;General Product List&quot;,&quot;index&quot;:1,&quot;product_type&quot;:&quot;simple&quot;,&quot;item_brand&quot;:&quot;&quot;}\"><\/span>\t<\/div>\n<\/div><div class=\"product-small col has-hover product type-product post-41751 status-publish instock product_cat-keramik-servierschalen-salatschussel product_cat-portugiesische-keramik has-post-thumbnail sale taxable shipping-taxable purchasable product-type-variable has-default-attributes\">\n\t<div class=\"col-inner\">\n\t\n<div class=\"badge-container absolute left top z-1\">\n<div class=\"badge callout badge-circle\">\r\n  \t\t\t<div class=\"badge-inner secondary on-sale\">\r\n  \t\t\t\t<span class=\"onsale\">-23%<\/span>\r\n\t\t\t<\/div>\r\n\t\t<\/div>\r\n\t\t<div class=\"badge callout badge-circle\">\r\n\t\t\t<div class=\"badge-inner callout-new-bg is-small new-bubble\"><\/div>\r\n\t\t<\/div>\n<\/div>\n\t<div class=\"product-small box \">\n\t\t<div class=\"box-image\">\n\t\t\t<div class=\"image-fade_in_back\">\n\t\t\t\t<a href=\"https:\/\/www.companhiaatlantica.pt\/de\/produto\/portugiesische-keramik\/keramik-servierschalen-salatschussel\/breezy-salatschussel\">\n\t\t\t\t\t<img loading=\"lazy\" decoding=\"async\" width=\"700\" height=\"700\" src=\"https:\/\/www.companhiaatlantica.pt\/wp-content\/uploads\/2021\/01\/130-313-700x700.jpg\" class=\"attachment-woocommerce_thumbnail size-woocommerce_thumbnail\" alt=\"BREEZY Salatsch\u00fcssel\" srcset=\"https:\/\/www.companhiaatlantica.pt\/wp-content\/uploads\/2021\/01\/130-313-700x700.jpg 700w, https:\/\/www.companhiaatlantica.pt\/wp-content\/uploads\/2021\/01\/130-313-100x100.jpg 100w, https:\/\/www.companhiaatlantica.pt\/wp-content\/uploads\/2021\/01\/130-313-900x900.jpg 900w, https:\/\/www.companhiaatlantica.pt\/wp-content\/uploads\/2021\/01\/130-313-300x300.jpg 300w, https:\/\/www.companhiaatlantica.pt\/wp-content\/uploads\/2021\/01\/130-313-150x150.jpg 150w, https:\/\/www.companhiaatlantica.pt\/wp-content\/uploads\/2021\/01\/130-313-768x768.jpg 768w, https:\/\/www.companhiaatlantica.pt\/wp-content\/uploads\/2021\/01\/130-313-600x600.jpg 600w, https:\/\/www.companhiaatlantica.pt\/wp-content\/uploads\/2021\/01\/130-313.jpg 1000w\" sizes=\"auto, (max-width: 700px) 100vw, 700px\" title=\"\"><img loading=\"lazy\" decoding=\"async\" width=\"700\" height=\"700\" src=\"https:\/\/www.companhiaatlantica.pt\/wp-content\/uploads\/2021\/02\/130-113_1-700x700.jpg\" class=\"show-on-hover absolute fill hide-for-small back-image\" alt=\"Alternative view of BREEZY Salatsch\u00fcssel\" aria-hidden=\"true\" srcset=\"https:\/\/www.companhiaatlantica.pt\/wp-content\/uploads\/2021\/02\/130-113_1-700x700.jpg 700w, https:\/\/www.companhiaatlantica.pt\/wp-content\/uploads\/2021\/02\/130-113_1-100x100.jpg 100w, https:\/\/www.companhiaatlantica.pt\/wp-content\/uploads\/2021\/02\/130-113_1-900x900.jpg 900w, https:\/\/www.companhiaatlantica.pt\/wp-content\/uploads\/2021\/02\/130-113_1-300x300.jpg 300w, https:\/\/www.companhiaatlantica.pt\/wp-content\/uploads\/2021\/02\/130-113_1-150x150.jpg 150w, https:\/\/www.companhiaatlantica.pt\/wp-content\/uploads\/2021\/02\/130-113_1-768x768.jpg 768w, https:\/\/www.companhiaatlantica.pt\/wp-content\/uploads\/2021\/02\/130-113_1-600x600.jpg 600w, https:\/\/www.companhiaatlantica.pt\/wp-content\/uploads\/2021\/02\/130-113_1.jpg 1000w\" sizes=\"auto, (max-width: 700px) 100vw, 700px\" title=\"\">\t\t\t\t<\/a>\n\t\t\t<\/div>\n\t\t\t<div class=\"image-tools is-small top right show-on-hover\">\n\t\t\t\t\t\t<div class=\"wishlist-icon\">\n\t\t\t<button class=\"wishlist-button button is-outline circle icon\" aria-label=\"Wunschliste\">\n\t\t\t\t<i class=\"icon-heart\" aria-hidden=\"true\"><\/i>\t\t\t<\/button>\n\t\t\t<div class=\"wishlist-popup dark\">\n\t\t\t\t\n<div\n\tclass=\"yith-wcwl-add-to-wishlist add-to-wishlist-41751 yith-wcwl-add-to-wishlist--button_default-style wishlist-fragment on-first-load\"\n\tdata-fragment-ref=\"41751\"\n\tdata-fragment-options=\"{&quot;base_url&quot;:&quot;&quot;,&quot;product_id&quot;:41751,&quot;parent_product_id&quot;:0,&quot;product_type&quot;:&quot;variable&quot;,&quot;is_single&quot;:false,&quot;in_default_wishlist&quot;:false,&quot;show_view&quot;:false,&quot;browse_wishlist_text&quot;:&quot;Siehe Ihre Wunschliste!&quot;,&quot;already_in_wishslist_text&quot;:&quot;Dieses Produkt steht bereits auf Ihrem Wunschzettel!&quot;,&quot;product_added_text&quot;:&quot;Produto adicionado!&quot;,&quot;available_multi_wishlist&quot;:false,&quot;disable_wishlist&quot;:false,&quot;show_count&quot;:false,&quot;ajax_loading&quot;:false,&quot;loop_position&quot;:&quot;after_add_to_cart&quot;,&quot;item&quot;:&quot;add_to_wishlist&quot;}\"\n>\n\t\t\t\n\t\t\t<!-- ADD TO WISHLIST -->\n\t\t\t\n<div class=\"yith-wcwl-add-button\">\n\t\t<a\n\t\thref=\"?add_to_wishlist=41751&#038;_wpnonce=bd4645bbbe\"\n\t\tclass=\"add_to_wishlist single_add_to_wishlist alt button theme-button-style \"\n\t\tdata-product-id=\"41751\"\n\t\tdata-product-type=\"variable\"\n\t\tdata-original-product-id=\"0\"\n\t\tdata-title=\"Zu meiner Wunschliste hinzuf\u00fcgen\"\n\t\trel=\"nofollow\"\n\t>\n\t\t<svg id=\"yith-wcwl-icon-heart-outline\" class=\"yith-wcwl-icon-svg\" fill=\"none\" stroke-width=\"1.5\" stroke=\"currentColor\" viewBox=\"0 0 24 24\" xmlns=\"http:\/\/www.w3.org\/2000\/svg\">\n  <path stroke-linecap=\"round\" stroke-linejoin=\"round\" d=\"M21 8.25c0-2.485-2.099-4.5-4.688-4.5-1.935 0-3.597 1.126-4.312 2.733-.715-1.607-2.377-2.733-4.313-2.733C5.1 3.75 3 5.765 3 8.25c0 7.22 9 12 9 12s9-4.78 9-12Z\"><\/path>\n<\/svg>\t\t<span>Zu meiner Wunschliste hinzuf\u00fcgen<\/span>\n\t<\/a>\n<\/div>\n\n\t\t\t<!-- COUNT TEXT -->\n\t\t\t\n\t\t\t<\/div>\n\t\t\t<\/div>\n\t\t<\/div>\n\t\t\t\t\t<\/div>\n\t\t\t<div class=\"image-tools is-small hide-for-small bottom left show-on-hover\">\n\t\t\t\t\t\t\t<\/div>\n\t\t\t<div class=\"image-tools grid-tools text-center hide-for-small bottom hover-slide-in show-on-hover\">\n\t\t\t\t\t\t\t<\/div>\n\t\t\t\t\t<\/div>\n\n\t\t<div class=\"box-text box-text-products\">\n\t\t\t<div class=\"title-wrapper\">\t\t<p class=\"category uppercase is-smaller no-text-overflow product-cat op-8\">\n\t\t\tKeramik Servierschalen Salatsch\u00fcssel\t\t<\/p>\n\t<p class=\"name product-title woocommerce-loop-product__title\"><a href=\"https:\/\/www.companhiaatlantica.pt\/de\/produto\/portugiesische-keramik\/keramik-servierschalen-salatschussel\/breezy-salatschussel\" class=\"woocommerce-LoopProduct-link woocommerce-loop-product__link\">BREEZY Salatsch\u00fcssel<\/a><\/p><\/div><div class=\"price-wrapper\">\n\t<span class=\"price\"><span class=\"woocommerce-Price-amount amount\" aria-hidden=\"true\"><bdi>36.00<span class=\"woocommerce-Price-currencySymbol\">&euro;<\/span><\/bdi><\/span> <span aria-hidden=\"true\"> \u2013 <\/span> <span class=\"woocommerce-Price-amount amount\" aria-hidden=\"true\"><bdi>49.50<span class=\"woocommerce-Price-currencySymbol\">&euro;<\/span><\/bdi><\/span><span class=\"screen-reader-text\">Preisspanne: 36.00&euro; bis 49.50&euro;<\/span><\/span>\n<\/div><div class=\"add-to-cart-button\"><a href=\"https:\/\/www.companhiaatlantica.pt\/de\/produto\/portugiesische-keramik\/keramik-servierschalen-salatschussel\/breezy-salatschussel\" aria-describedby=\"woocommerce_loop_add_to_cart_link_describedby_41751\" data-quantity=\"1\" class=\"primary is-small mb-0 button product_type_variable add_to_cart_button is-outline\" data-product_id=\"41751\" data-product_sku=\"\" aria-label=\"W\u00e4hle Optionen f\u00fcr \u201eBREEZY Salatsch\u00fcssel\u201c\" rel=\"nofollow\" data-product_name=\"BREEZY Salatsch\u00fcssel\" data-product_image=\"https:\/\/www.companhiaatlantica.pt\/wp-content\/uploads\/2021\/01\/130-313-150x150.jpg\">Ausf\u00fchrung w\u00e4hlen<\/a><\/div>\t<span id=\"woocommerce_loop_add_to_cart_link_describedby_41751\" class=\"screen-reader-text\">\n\t\tDieses Produkt weist mehrere Varianten auf. Die Optionen k\u00f6nnen auf der Produktseite gew\u00e4hlt werden\t<\/span>\n\t\t<\/div>\n\t<\/div>\n\t<span class=\"gtm4wp_productdata\" style=\"display:none; visibility:hidden;\" data-gtm4wp_product_data=\"{&quot;internal_id&quot;:41751,&quot;item_id&quot;:41751,&quot;item_name&quot;:&quot;BREEZY Salatsch\\u00fcssel&quot;,&quot;sku&quot;:41751,&quot;price&quot;:36,&quot;stocklevel&quot;:null,&quot;stockstatus&quot;:&quot;instock&quot;,&quot;google_business_vertical&quot;:&quot;retail&quot;,&quot;item_category&quot;:&quot;Cer\\u00e2mica Portuguesa Artesanal&quot;,&quot;item_category2&quot;:&quot;Travessas Saladeiras Cer\\u00e2mica&quot;,&quot;id&quot;:41751,&quot;productlink&quot;:&quot;https:\\\/\\\/www.companhiaatlantica.pt\\\/de\\\/produto\\\/portugiesische-keramik\\\/keramik-servierschalen-salatschussel\\\/breezy-salatschussel&quot;,&quot;item_list_name&quot;:&quot;General Product List&quot;,&quot;index&quot;:2,&quot;product_type&quot;:&quot;variable&quot;,&quot;item_brand&quot;:&quot;&quot;}\"><\/span>\t<\/div>\n<\/div><div class=\"product-small col has-hover product type-product post-41920 status-publish last instock product_cat-keramik-servierschalen-salatschussel product_cat-portugiesische-keramik has-post-thumbnail taxable shipping-taxable purchasable product-type-variable\">\n\t<div class=\"col-inner\">\n\t\n<div class=\"badge-container absolute left top z-1\">\n\n<\/div>\n\t<div class=\"product-small box \">\n\t\t<div class=\"box-image\">\n\t\t\t<div class=\"image-fade_in_back\">\n\t\t\t\t<a href=\"https:\/\/www.companhiaatlantica.pt\/de\/produto\/portugiesische-keramik\/keramik-servierschalen-salatschussel\/comporta-salatschussel\">\n\t\t\t\t\t<img loading=\"lazy\" decoding=\"async\" width=\"700\" height=\"700\" src=\"https:\/\/www.companhiaatlantica.pt\/wp-content\/uploads\/2020\/06\/130-686-700x700.jpg\" class=\"attachment-woocommerce_thumbnail size-woocommerce_thumbnail\" alt=\"COMPORTA Salatsch\u00fcssel\" srcset=\"https:\/\/www.companhiaatlantica.pt\/wp-content\/uploads\/2020\/06\/130-686-700x700.jpg 700w, https:\/\/www.companhiaatlantica.pt\/wp-content\/uploads\/2020\/06\/130-686-100x100.jpg 100w, https:\/\/www.companhiaatlantica.pt\/wp-content\/uploads\/2020\/06\/130-686-900x900.jpg 900w, https:\/\/www.companhiaatlantica.pt\/wp-content\/uploads\/2020\/06\/130-686-300x300.jpg 300w, https:\/\/www.companhiaatlantica.pt\/wp-content\/uploads\/2020\/06\/130-686-150x150.jpg 150w, https:\/\/www.companhiaatlantica.pt\/wp-content\/uploads\/2020\/06\/130-686-768x768.jpg 768w, https:\/\/www.companhiaatlantica.pt\/wp-content\/uploads\/2020\/06\/130-686-600x600.jpg 600w, https:\/\/www.companhiaatlantica.pt\/wp-content\/uploads\/2020\/06\/130-686.jpg 1000w\" sizes=\"auto, (max-width: 700px) 100vw, 700px\" title=\"\"><img loading=\"lazy\" decoding=\"async\" width=\"700\" height=\"700\" src=\"https:\/\/www.companhiaatlantica.pt\/wp-content\/uploads\/2020\/06\/130-647-2-700x700.jpg\" class=\"show-on-hover absolute fill hide-for-small back-image\" alt=\"Alternative view of COMPORTA Salatsch\u00fcssel\" aria-hidden=\"true\" srcset=\"https:\/\/www.companhiaatlantica.pt\/wp-content\/uploads\/2020\/06\/130-647-2-700x700.jpg 700w, https:\/\/www.companhiaatlantica.pt\/wp-content\/uploads\/2020\/06\/130-647-2-100x100.jpg 100w, https:\/\/www.companhiaatlantica.pt\/wp-content\/uploads\/2020\/06\/130-647-2-900x900.jpg 900w, https:\/\/www.companhiaatlantica.pt\/wp-content\/uploads\/2020\/06\/130-647-2-300x300.jpg 300w, https:\/\/www.companhiaatlantica.pt\/wp-content\/uploads\/2020\/06\/130-647-2-150x150.jpg 150w, https:\/\/www.companhiaatlantica.pt\/wp-content\/uploads\/2020\/06\/130-647-2-768x768.jpg 768w, https:\/\/www.companhiaatlantica.pt\/wp-content\/uploads\/2020\/06\/130-647-2-600x600.jpg 600w, https:\/\/www.companhiaatlantica.pt\/wp-content\/uploads\/2020\/06\/130-647-2.jpg 1000w\" sizes=\"auto, (max-width: 700px) 100vw, 700px\" title=\"\">\t\t\t\t<\/a>\n\t\t\t<\/div>\n\t\t\t<div class=\"image-tools is-small top right show-on-hover\">\n\t\t\t\t\t\t<div class=\"wishlist-icon\">\n\t\t\t<button class=\"wishlist-button button is-outline circle icon\" aria-label=\"Wunschliste\">\n\t\t\t\t<i class=\"icon-heart\" aria-hidden=\"true\"><\/i>\t\t\t<\/button>\n\t\t\t<div class=\"wishlist-popup dark\">\n\t\t\t\t\n<div\n\tclass=\"yith-wcwl-add-to-wishlist add-to-wishlist-41920 yith-wcwl-add-to-wishlist--button_default-style wishlist-fragment on-first-load\"\n\tdata-fragment-ref=\"41920\"\n\tdata-fragment-options=\"{&quot;base_url&quot;:&quot;&quot;,&quot;product_id&quot;:41920,&quot;parent_product_id&quot;:0,&quot;product_type&quot;:&quot;variable&quot;,&quot;is_single&quot;:false,&quot;in_default_wishlist&quot;:false,&quot;show_view&quot;:false,&quot;browse_wishlist_text&quot;:&quot;Siehe Ihre Wunschliste!&quot;,&quot;already_in_wishslist_text&quot;:&quot;Dieses Produkt steht bereits auf Ihrem Wunschzettel!&quot;,&quot;product_added_text&quot;:&quot;Produto adicionado!&quot;,&quot;available_multi_wishlist&quot;:false,&quot;disable_wishlist&quot;:false,&quot;show_count&quot;:false,&quot;ajax_loading&quot;:false,&quot;loop_position&quot;:&quot;after_add_to_cart&quot;,&quot;item&quot;:&quot;add_to_wishlist&quot;}\"\n>\n\t\t\t\n\t\t\t<!-- ADD TO WISHLIST -->\n\t\t\t\n<div class=\"yith-wcwl-add-button\">\n\t\t<a\n\t\thref=\"?add_to_wishlist=41920&#038;_wpnonce=bd4645bbbe\"\n\t\tclass=\"add_to_wishlist single_add_to_wishlist alt button theme-button-style \"\n\t\tdata-product-id=\"41920\"\n\t\tdata-product-type=\"variable\"\n\t\tdata-original-product-id=\"0\"\n\t\tdata-title=\"Zu meiner Wunschliste hinzuf\u00fcgen\"\n\t\trel=\"nofollow\"\n\t>\n\t\t<svg id=\"yith-wcwl-icon-heart-outline\" class=\"yith-wcwl-icon-svg\" fill=\"none\" stroke-width=\"1.5\" stroke=\"currentColor\" viewBox=\"0 0 24 24\" xmlns=\"http:\/\/www.w3.org\/2000\/svg\">\n  <path stroke-linecap=\"round\" stroke-linejoin=\"round\" d=\"M21 8.25c0-2.485-2.099-4.5-4.688-4.5-1.935 0-3.597 1.126-4.312 2.733-.715-1.607-2.377-2.733-4.313-2.733C5.1 3.75 3 5.765 3 8.25c0 7.22 9 12 9 12s9-4.78 9-12Z\"><\/path>\n<\/svg>\t\t<span>Zu meiner Wunschliste hinzuf\u00fcgen<\/span>\n\t<\/a>\n<\/div>\n\n\t\t\t<!-- COUNT TEXT -->\n\t\t\t\n\t\t\t<\/div>\n\t\t\t<\/div>\n\t\t<\/div>\n\t\t\t\t\t<\/div>\n\t\t\t<div class=\"image-tools is-small hide-for-small bottom left show-on-hover\">\n\t\t\t\t\t\t\t<\/div>\n\t\t\t<div class=\"image-tools grid-tools text-center hide-for-small bottom hover-slide-in show-on-hover\">\n\t\t\t\t\t\t\t<\/div>\n\t\t\t\t\t<\/div>\n\n\t\t<div class=\"box-text box-text-products\">\n\t\t\t<div class=\"title-wrapper\">\t\t<p class=\"category uppercase is-smaller no-text-overflow product-cat op-8\">\n\t\t\tKeramik Servierschalen Salatsch\u00fcssel\t\t<\/p>\n\t<p class=\"name product-title woocommerce-loop-product__title\"><a href=\"https:\/\/www.companhiaatlantica.pt\/de\/produto\/portugiesische-keramik\/keramik-servierschalen-salatschussel\/comporta-salatschussel\" class=\"woocommerce-LoopProduct-link woocommerce-loop-product__link\">COMPORTA Salatsch\u00fcssel<\/a><\/p><\/div><div class=\"price-wrapper\">\n\t<span class=\"price\"><span class=\"woocommerce-Price-amount amount\"><bdi>59.90<span class=\"woocommerce-Price-currencySymbol\">&euro;<\/span><\/bdi><\/span><\/span>\n<\/div><div class=\"add-to-cart-button\"><a href=\"https:\/\/www.companhiaatlantica.pt\/de\/produto\/portugiesische-keramik\/keramik-servierschalen-salatschussel\/comporta-salatschussel\" aria-describedby=\"woocommerce_loop_add_to_cart_link_describedby_41920\" data-quantity=\"1\" class=\"primary is-small mb-0 button product_type_variable add_to_cart_button is-outline\" data-product_id=\"41920\" data-product_sku=\"\" aria-label=\"W\u00e4hle Optionen f\u00fcr \u201eCOMPORTA Salatsch\u00fcssel\u201c\" rel=\"nofollow\" data-product_name=\"COMPORTA Salatsch\u00fcssel\" data-product_image=\"https:\/\/www.companhiaatlantica.pt\/wp-content\/uploads\/2020\/06\/130-686-150x150.jpg\">Ausf\u00fchrung w\u00e4hlen<\/a><\/div>\t<span id=\"woocommerce_loop_add_to_cart_link_describedby_41920\" class=\"screen-reader-text\">\n\t\tDieses Produkt weist mehrere Varianten auf. Die Optionen k\u00f6nnen auf der Produktseite gew\u00e4hlt werden\t<\/span>\n\t\t<\/div>\n\t<\/div>\n\t<span class=\"gtm4wp_productdata\" style=\"display:none; visibility:hidden;\" data-gtm4wp_product_data=\"{&quot;internal_id&quot;:41920,&quot;item_id&quot;:41920,&quot;item_name&quot;:&quot;COMPORTA Salatsch\\u00fcssel&quot;,&quot;sku&quot;:41920,&quot;price&quot;:59.89999999999999857891452847979962825775146484375,&quot;stocklevel&quot;:null,&quot;stockstatus&quot;:&quot;instock&quot;,&quot;google_business_vertical&quot;:&quot;retail&quot;,&quot;item_category&quot;:&quot;Portugiesische Keramik \\u2013 Handgefertigt in Portugal&quot;,&quot;item_category2&quot;:&quot;Keramik Servierschalen Salatsch\\u00fcssel&quot;,&quot;id&quot;:41920,&quot;productlink&quot;:&quot;https:\\\/\\\/www.companhiaatlantica.pt\\\/de\\\/produto\\\/portugiesische-keramik\\\/keramik-servierschalen-salatschussel\\\/comporta-salatschussel&quot;,&quot;item_list_name&quot;:&quot;General Product List&quot;,&quot;index&quot;:3,&quot;product_type&quot;:&quot;variable&quot;,&quot;item_brand&quot;:&quot;&quot;}\"><\/span>\t<\/div>\n<\/div><\/div><!-- row -->\n<\/div>\n\t<div id=\"gap-585823465\" class=\"gap-element clearfix\" style=\"display:block; height:auto;\">\n\t\t\n<style>\n#gap-585823465 {\n  padding-top: 30px;\n}\n<\/style>\n\t<\/div>\n\t\n<h3>Freundschaftsgeschenk<\/h3>\n<p><span style=\"font-weight: 400;\">Ist das die Stelle, an der jemand nach Geschenkvorschl\u00e4gen f\u00fcr seine beste Freundin fragt? Wir haben es auch! <\/span>Jeder der folgenden Artikel wurde sorgf\u00e4ltig ausgew\u00e4hlt, um die Sch\u00f6nheit derjenigen zu unterstreichen, die uns unvergessliche Momente des Lachens und tiefer Gespr\u00e4che bescheren. Die k\u00f6stlichen Aromen der Diffusoren und Duftkerzen von Companhia Atl\u00e2ntica verwandeln jeden Raum in eine entspannende und einladende Oase. Der <a href=\"https:\/\/www.companhiaatlantica.pt\/de\/produto\/duftkerzen-diffusoren-fur-zuhause\/mikado-lufterfrischer\/diffusor-alicatos-100ml?attribute_pa_perfume=flor-de-laranjeira\">ALICATOS-Diffusor<\/a>, dessen Form von den arabischen Kacheln S\u00fcdspaniens und Portugals inspiriert ist, wird nicht nur Ihr Zuhause parf\u00fcmieren, sondern auch Ihrer Einrichtung einen raffinierten Touch verleihen. Die vielseitigen und eleganten <a href=\"https:\/\/www.companhiaatlantica.pt\/de\/portugiesisches-leben\/modeartikel\/einkaufstaschen-aus-baumwolle\">Einkaufstaschen aus Baumwolle<\/a> k\u00f6nnen auch f\u00fcr den Strandbesuch, die Mitnahme von B\u00fcchern in die Schule oder andere allt\u00e4gliche Aktivit\u00e4ten verwendet werden.<\/p>\n<div class=\"row\"  id=\"row-1693831933\">\n\n\t<div id=\"col-870006848\" class=\"col medium-6 small-12 large-6\"  >\n\t\t\t\t<div class=\"col-inner\"  >\n\t\t\t\n\t\t\t\n\t<div class=\"img has-hover x md-x lg-x y md-y lg-y\" id=\"image_122357240\">\n\t\t\t\t\t\t\t\t<div class=\"img-inner dark\" >\n\t\t\t<img loading=\"lazy\" decoding=\"async\" width=\"1020\" height=\"680\" src=\"https:\/\/www.companhiaatlantica.pt\/wp-content\/uploads\/2024\/07\/034-1024x683.jpg\" class=\"attachment-large size-large\" alt=\"\" srcset=\"https:\/\/www.companhiaatlantica.pt\/wp-content\/uploads\/2024\/07\/034-1024x683.jpg 1024w, https:\/\/www.companhiaatlantica.pt\/wp-content\/uploads\/2024\/07\/034-scaled-900x600.jpg 900w, https:\/\/www.companhiaatlantica.pt\/wp-content\/uploads\/2024\/07\/034-400x267.jpg 400w, https:\/\/www.companhiaatlantica.pt\/wp-content\/uploads\/2024\/07\/034-768x512.jpg 768w, https:\/\/www.companhiaatlantica.pt\/wp-content\/uploads\/2024\/07\/034-1536x1024.jpg 1536w, https:\/\/www.companhiaatlantica.pt\/wp-content\/uploads\/2024\/07\/034-2048x1365.jpg 2048w, https:\/\/www.companhiaatlantica.pt\/wp-content\/uploads\/2024\/07\/034-1320x880.jpg 1320w\" sizes=\"auto, (max-width: 1020px) 100vw, 1020px\" title=\"\">\t\t\t\t\t\t\n\t\t\t\t\t<\/div>\n\t\t\t\t\t\t\t\t\n<style>\n#image_122357240 {\n  width: 100%;\n}\n<\/style>\n\t<\/div>\n\t\n\t\t<\/div>\n\t\t\t\t\t<\/div>\n\n\t\n\n\t<div id=\"col-1553483010\" class=\"col medium-6 small-12 large-6\"  >\n\t\t\t\t<div class=\"col-inner\"  >\n\t\t\t\n\t\t\t\n\t<div class=\"img has-hover x md-x lg-x y md-y lg-y\" id=\"image_210954974\">\n\t\t\t\t\t\t\t\t<div class=\"img-inner dark\" >\n\t\t\t<img loading=\"lazy\" decoding=\"async\" width=\"1020\" height=\"680\" src=\"https:\/\/www.companhiaatlantica.pt\/wp-content\/uploads\/2024\/07\/031-1-1024x683.jpg\" class=\"attachment-large size-large\" alt=\"\" srcset=\"https:\/\/www.companhiaatlantica.pt\/wp-content\/uploads\/2024\/07\/031-1-1024x683.jpg 1024w, https:\/\/www.companhiaatlantica.pt\/wp-content\/uploads\/2024\/07\/031-1-scaled-900x600.jpg 900w, https:\/\/www.companhiaatlantica.pt\/wp-content\/uploads\/2024\/07\/031-1-400x267.jpg 400w, https:\/\/www.companhiaatlantica.pt\/wp-content\/uploads\/2024\/07\/031-1-768x512.jpg 768w, https:\/\/www.companhiaatlantica.pt\/wp-content\/uploads\/2024\/07\/031-1-1536x1024.jpg 1536w, https:\/\/www.companhiaatlantica.pt\/wp-content\/uploads\/2024\/07\/031-1-2048x1365.jpg 2048w, https:\/\/www.companhiaatlantica.pt\/wp-content\/uploads\/2024\/07\/031-1-1320x880.jpg 1320w\" sizes=\"auto, (max-width: 1020px) 100vw, 1020px\" title=\"\">\t\t\t\t\t\t\n\t\t\t\t\t<\/div>\n\t\t\t\t\t\t\t\t\n<style>\n#image_210954974 {\n  width: 100%;\n}\n<\/style>\n\t<\/div>\n\t\n\t\t<\/div>\n\t\t\t\t\t<\/div>\n\n\t\n<\/div>\n<h2><span style=\"font-weight: 400;\">Thunfischsalat<\/span><\/h2>\n<p><span style=\"font-weight: 400;\">F\u00fcr eine schnelle und nahrhafte Option ist Thunfischsalat immer eine ausgezeichnete Wahl. Mit seinen einfachen Zutaten und der leichten Zubereitung ist dieser Salat perfekt f\u00fcr Tage, an denen Sie etwas Leichtes, aber voller Geschmack wollen. Thunfisch in Kombination mit frischem Gem\u00fcse ist eine erfrischende und s\u00e4ttigende Mahlzeit, ideal f\u00fcr jede Tageszeit.<\/span><\/p>\n<h3><span style=\"font-weight: 400;\">Zutaten<\/span><\/h3>\n<ul>\n<li style=\"font-weight: 400;\" aria-level=\"1\"><span style=\"font-weight: 400;\">2 Dosen Thunfisch;<\/span><\/li>\n<li style=\"font-weight: 400;\" aria-level=\"1\"><span style=\"font-weight: 400;\">1 Kopfsalat;<\/span><\/li>\n<li style=\"font-weight: 400;\" aria-level=\"1\"><span style=\"font-weight: 400;\">1 Tomate;<\/span><\/li>\n<li style=\"font-weight: 400;\" aria-level=\"1\"><span style=\"font-weight: 400;\">1 rote Zwiebel;<\/span><\/li>\n<li style=\"font-weight: 400;\" aria-level=\"1\"><span style=\"font-weight: 400;\">1 Dose Kidneybohnen;<\/span><\/li>\n<li style=\"font-weight: 400;\" aria-level=\"1\"><span style=\"font-weight: 400;\">Oliven\u00f6l, Essig und Salz nach Geschmack<\/span><\/li>\n<\/ul>\n<h3><span style=\"font-weight: 400;\">Wie Sie sich vorbereiten<\/span><\/h3>\n<ol>\n<li style=\"font-weight: 400;\" aria-level=\"1\"><span style=\"font-weight: 400;\">Waschen Sie den Salat und schneiden Sie ihn in Streifen;<\/span><\/li>\n<li style=\"font-weight: 400;\" aria-level=\"1\"><span style=\"font-weight: 400;\">Schneiden Sie die Tomate in W\u00fcrfel und die rote Zwiebel in d\u00fcnne Scheiben;<\/span><\/li>\n<li style=\"font-weight: 400;\" aria-level=\"1\"><span style=\"font-weight: 400;\">Mischen Sie in einer Salatsch\u00fcssel den Kopfsalat, die Tomate, die rote Zwiebel und die abgetropften Bohnen;<\/span><\/li>\n<li style=\"font-weight: 400;\" aria-level=\"1\"><span style=\"font-weight: 400;\">F\u00fcgen Sie den abgetropften und zerkleinerten Thunfisch hinzu;<\/span><\/li>\n<li style=\"font-weight: 400;\" aria-level=\"1\"><span style=\"font-weight: 400;\">Mit \u00d6l, Essig und Salz abschmecken;<\/span><\/li>\n<li style=\"font-weight: 400;\" aria-level=\"1\"><span style=\"font-weight: 400;\">Mischen Sie alle Zutaten gut und servieren Sie sie sofort.<\/span><\/li>\n<\/ol>\n<h3><\/h3>\n<div class=\"woocommerce columns-3 \"><div class=\"products row row-small large-columns-3 medium-columns-3 small-columns-1 has-equal-box-heights equalize-box\">\n<div class=\"product-small col has-hover product type-product post-41706 status-publish first instock product_cat-keramik-servierschalen-salatschussel product_cat-portugiesische-keramik has-post-thumbnail sale taxable shipping-taxable purchasable product-type-variable has-default-attributes\">\n\t<div class=\"col-inner\">\n\t\n<div class=\"badge-container absolute left top z-1\">\n<div class=\"badge callout badge-circle\">\r\n  \t\t\t<div class=\"badge-inner secondary on-sale\">\r\n  \t\t\t\t<span class=\"onsale\">-20%<\/span>\r\n\t\t\t<\/div>\r\n\t\t<\/div>\r\n\t\t<div class=\"badge callout badge-circle\">\r\n\t\t\t<div class=\"badge-inner callout-new-bg is-small new-bubble\"><\/div>\r\n\t\t<\/div>\n<\/div>\n\t<div class=\"product-small box \">\n\t\t<div class=\"box-image\">\n\t\t\t<div class=\"image-fade_in_back\">\n\t\t\t\t<a href=\"https:\/\/www.companhiaatlantica.pt\/de\/produto\/portugiesische-keramik\/keramik-servierschalen-salatschussel\/breezy-oval-kreuz-34cm\">\n\t\t\t\t\t<img loading=\"lazy\" decoding=\"async\" width=\"700\" height=\"700\" src=\"https:\/\/www.companhiaatlantica.pt\/wp-content\/uploads\/2021\/02\/130-310_a-700x700.jpg\" class=\"attachment-woocommerce_thumbnail size-woocommerce_thumbnail\" alt=\"Ovale Platte 34cm BREEZY\" srcset=\"https:\/\/www.companhiaatlantica.pt\/wp-content\/uploads\/2021\/02\/130-310_a-700x700.jpg 700w, https:\/\/www.companhiaatlantica.pt\/wp-content\/uploads\/2021\/02\/130-310_a-100x100.jpg 100w, https:\/\/www.companhiaatlantica.pt\/wp-content\/uploads\/2021\/02\/130-310_a-900x900.jpg 900w, https:\/\/www.companhiaatlantica.pt\/wp-content\/uploads\/2021\/02\/130-310_a-300x300.jpg 300w, https:\/\/www.companhiaatlantica.pt\/wp-content\/uploads\/2021\/02\/130-310_a-150x150.jpg 150w, https:\/\/www.companhiaatlantica.pt\/wp-content\/uploads\/2021\/02\/130-310_a-768x768.jpg 768w, https:\/\/www.companhiaatlantica.pt\/wp-content\/uploads\/2021\/02\/130-310_a-600x600.jpg 600w, https:\/\/www.companhiaatlantica.pt\/wp-content\/uploads\/2021\/02\/130-310_a.jpg 1000w\" sizes=\"auto, (max-width: 700px) 100vw, 700px\" title=\"\"><img loading=\"lazy\" decoding=\"async\" width=\"600\" height=\"600\" src=\"https:\/\/www.companhiaatlantica.pt\/wp-content\/uploads\/2021\/02\/IMG_0895.jpg\" class=\"show-on-hover absolute fill hide-for-small back-image\" alt=\"Alternative view of Ovale Platte 34cm BREEZY\" aria-hidden=\"true\" srcset=\"https:\/\/www.companhiaatlantica.pt\/wp-content\/uploads\/2021\/02\/IMG_0895.jpg 600w, https:\/\/www.companhiaatlantica.pt\/wp-content\/uploads\/2021\/02\/IMG_0895-100x100.jpg 100w\" sizes=\"auto, (max-width: 600px) 100vw, 600px\" title=\"\">\t\t\t\t<\/a>\n\t\t\t<\/div>\n\t\t\t<div class=\"image-tools is-small top right show-on-hover\">\n\t\t\t\t\t\t<div class=\"wishlist-icon\">\n\t\t\t<button class=\"wishlist-button button is-outline circle icon\" aria-label=\"Wunschliste\">\n\t\t\t\t<i class=\"icon-heart\" aria-hidden=\"true\"><\/i>\t\t\t<\/button>\n\t\t\t<div class=\"wishlist-popup dark\">\n\t\t\t\t\n<div\n\tclass=\"yith-wcwl-add-to-wishlist add-to-wishlist-41706 yith-wcwl-add-to-wishlist--button_default-style wishlist-fragment on-first-load\"\n\tdata-fragment-ref=\"41706\"\n\tdata-fragment-options=\"{&quot;base_url&quot;:&quot;&quot;,&quot;product_id&quot;:41706,&quot;parent_product_id&quot;:0,&quot;product_type&quot;:&quot;variable&quot;,&quot;is_single&quot;:false,&quot;in_default_wishlist&quot;:false,&quot;show_view&quot;:false,&quot;browse_wishlist_text&quot;:&quot;Siehe Ihre Wunschliste!&quot;,&quot;already_in_wishslist_text&quot;:&quot;Dieses Produkt steht bereits auf Ihrem Wunschzettel!&quot;,&quot;product_added_text&quot;:&quot;Produto adicionado!&quot;,&quot;available_multi_wishlist&quot;:false,&quot;disable_wishlist&quot;:false,&quot;show_count&quot;:false,&quot;ajax_loading&quot;:false,&quot;loop_position&quot;:&quot;after_add_to_cart&quot;,&quot;item&quot;:&quot;add_to_wishlist&quot;}\"\n>\n\t\t\t\n\t\t\t<!-- ADD TO WISHLIST -->\n\t\t\t\n<div class=\"yith-wcwl-add-button\">\n\t\t<a\n\t\thref=\"?add_to_wishlist=41706&#038;_wpnonce=bd4645bbbe\"\n\t\tclass=\"add_to_wishlist single_add_to_wishlist alt button theme-button-style \"\n\t\tdata-product-id=\"41706\"\n\t\tdata-product-type=\"variable\"\n\t\tdata-original-product-id=\"0\"\n\t\tdata-title=\"Zu meiner Wunschliste hinzuf\u00fcgen\"\n\t\trel=\"nofollow\"\n\t>\n\t\t<svg id=\"yith-wcwl-icon-heart-outline\" class=\"yith-wcwl-icon-svg\" fill=\"none\" stroke-width=\"1.5\" stroke=\"currentColor\" viewBox=\"0 0 24 24\" xmlns=\"http:\/\/www.w3.org\/2000\/svg\">\n  <path stroke-linecap=\"round\" stroke-linejoin=\"round\" d=\"M21 8.25c0-2.485-2.099-4.5-4.688-4.5-1.935 0-3.597 1.126-4.312 2.733-.715-1.607-2.377-2.733-4.313-2.733C5.1 3.75 3 5.765 3 8.25c0 7.22 9 12 9 12s9-4.78 9-12Z\"><\/path>\n<\/svg>\t\t<span>Zu meiner Wunschliste hinzuf\u00fcgen<\/span>\n\t<\/a>\n<\/div>\n\n\t\t\t<!-- COUNT TEXT -->\n\t\t\t\n\t\t\t<\/div>\n\t\t\t<\/div>\n\t\t<\/div>\n\t\t\t\t\t<\/div>\n\t\t\t<div class=\"image-tools is-small hide-for-small bottom left show-on-hover\">\n\t\t\t\t\t\t\t<\/div>\n\t\t\t<div class=\"image-tools grid-tools text-center hide-for-small bottom hover-slide-in show-on-hover\">\n\t\t\t\t\t\t\t<\/div>\n\t\t\t\t\t<\/div>\n\n\t\t<div class=\"box-text box-text-products\">\n\t\t\t<div class=\"title-wrapper\">\t\t<p class=\"category uppercase is-smaller no-text-overflow product-cat op-8\">\n\t\t\tKeramik Servierschalen Salatsch\u00fcssel\t\t<\/p>\n\t<p class=\"name product-title woocommerce-loop-product__title\"><a href=\"https:\/\/www.companhiaatlantica.pt\/de\/produto\/portugiesische-keramik\/keramik-servierschalen-salatschussel\/breezy-oval-kreuz-34cm\" class=\"woocommerce-LoopProduct-link woocommerce-loop-product__link\">Ovale Platte 34cm BREEZY<\/a><\/p><\/div><div class=\"price-wrapper\">\n\t<span class=\"price\"><span class=\"woocommerce-Price-amount amount\" aria-hidden=\"true\"><bdi>32.00<span class=\"woocommerce-Price-currencySymbol\">&euro;<\/span><\/bdi><\/span> <span aria-hidden=\"true\"> \u2013 <\/span> <span class=\"woocommerce-Price-amount amount\" aria-hidden=\"true\"><bdi>41.00<span class=\"woocommerce-Price-currencySymbol\">&euro;<\/span><\/bdi><\/span><span class=\"screen-reader-text\">Preisspanne: 32.00&euro; bis 41.00&euro;<\/span><\/span>\n<\/div><div class=\"add-to-cart-button\"><a href=\"https:\/\/www.companhiaatlantica.pt\/de\/produto\/portugiesische-keramik\/keramik-servierschalen-salatschussel\/breezy-oval-kreuz-34cm\" aria-describedby=\"woocommerce_loop_add_to_cart_link_describedby_41706\" data-quantity=\"1\" class=\"primary is-small mb-0 button product_type_variable add_to_cart_button is-outline\" data-product_id=\"41706\" data-product_sku=\"\" aria-label=\"W\u00e4hle Optionen f\u00fcr \u201eOvale Platte 34cm BREEZY\u201c\" rel=\"nofollow\" data-product_name=\"Ovale Platte 34cm BREEZY\" data-product_image=\"https:\/\/www.companhiaatlantica.pt\/wp-content\/uploads\/2021\/02\/130-310_a-150x150.jpg\">Ausf\u00fchrung w\u00e4hlen<\/a><\/div>\t<span id=\"woocommerce_loop_add_to_cart_link_describedby_41706\" class=\"screen-reader-text\">\n\t\tDieses Produkt weist mehrere Varianten auf. Die Optionen k\u00f6nnen auf der Produktseite gew\u00e4hlt werden\t<\/span>\n\t\t<\/div>\n\t<\/div>\n\t<span class=\"gtm4wp_productdata\" style=\"display:none; visibility:hidden;\" data-gtm4wp_product_data=\"{&quot;internal_id&quot;:41706,&quot;item_id&quot;:41706,&quot;item_name&quot;:&quot;Ovale Platte 34cm BREEZY&quot;,&quot;sku&quot;:41706,&quot;price&quot;:32,&quot;stocklevel&quot;:null,&quot;stockstatus&quot;:&quot;instock&quot;,&quot;google_business_vertical&quot;:&quot;retail&quot;,&quot;item_category&quot;:&quot;Cer\\u00e2mica Portuguesa Artesanal&quot;,&quot;item_category2&quot;:&quot;Travessas Saladeiras Cer\\u00e2mica&quot;,&quot;id&quot;:41706,&quot;productlink&quot;:&quot;https:\\\/\\\/www.companhiaatlantica.pt\\\/de\\\/produto\\\/portugiesische-keramik\\\/keramik-servierschalen-salatschussel\\\/breezy-oval-kreuz-34cm&quot;,&quot;item_list_name&quot;:&quot;General Product List&quot;,&quot;index&quot;:1,&quot;product_type&quot;:&quot;variable&quot;,&quot;item_brand&quot;:&quot;&quot;}\"><\/span>\t<\/div>\n<\/div><div class=\"product-small col has-hover out-of-stock product type-product post-42049 status-publish outofstock product_cat-keramik-servierschalen-salatschussel product_cat-portugiesische-keramik has-post-thumbnail taxable shipping-taxable purchasable product-type-variable\">\n\t<div class=\"col-inner\">\n\t\n<div class=\"badge-container absolute left top z-1\">\n\n<\/div>\n\t<div class=\"product-small box \">\n\t\t<div class=\"box-image\">\n\t\t\t<div class=\"image-fade_in_back\">\n\t\t\t\t<a href=\"https:\/\/www.companhiaatlantica.pt\/de\/produto\/portugiesische-keramik\/keramik-servierschalen-salatschussel\/comporta-servierplatten\">\n\t\t\t\t\t<img loading=\"lazy\" decoding=\"async\" width=\"700\" height=\"700\" src=\"https:\/\/www.companhiaatlantica.pt\/wp-content\/uploads\/2020\/09\/130-648-700x700.jpg\" class=\"attachment-woocommerce_thumbnail size-woocommerce_thumbnail\" alt=\"COMPORTA Servierplatten\" srcset=\"https:\/\/www.companhiaatlantica.pt\/wp-content\/uploads\/2020\/09\/130-648-700x700.jpg 700w, https:\/\/www.companhiaatlantica.pt\/wp-content\/uploads\/2020\/09\/130-648-100x100.jpg 100w, https:\/\/www.companhiaatlantica.pt\/wp-content\/uploads\/2020\/09\/130-648-900x900.jpg 900w, https:\/\/www.companhiaatlantica.pt\/wp-content\/uploads\/2020\/09\/130-648-300x300.jpg 300w, https:\/\/www.companhiaatlantica.pt\/wp-content\/uploads\/2020\/09\/130-648-150x150.jpg 150w, https:\/\/www.companhiaatlantica.pt\/wp-content\/uploads\/2020\/09\/130-648-768x768.jpg 768w, https:\/\/www.companhiaatlantica.pt\/wp-content\/uploads\/2020\/09\/130-648-600x600.jpg 600w, https:\/\/www.companhiaatlantica.pt\/wp-content\/uploads\/2020\/09\/130-648.jpg 1000w\" sizes=\"auto, (max-width: 700px) 100vw, 700px\" title=\"\"><img loading=\"lazy\" decoding=\"async\" width=\"700\" height=\"700\" src=\"https:\/\/www.companhiaatlantica.pt\/wp-content\/uploads\/2020\/09\/130-687-1-700x700.jpg\" class=\"show-on-hover absolute fill hide-for-small back-image\" alt=\"Alternative view of COMPORTA Servierplatten\" aria-hidden=\"true\" srcset=\"https:\/\/www.companhiaatlantica.pt\/wp-content\/uploads\/2020\/09\/130-687-1-700x700.jpg 700w, https:\/\/www.companhiaatlantica.pt\/wp-content\/uploads\/2020\/09\/130-687-1-100x100.jpg 100w, https:\/\/www.companhiaatlantica.pt\/wp-content\/uploads\/2020\/09\/130-687-1-900x900.jpg 900w, https:\/\/www.companhiaatlantica.pt\/wp-content\/uploads\/2020\/09\/130-687-1-300x300.jpg 300w, https:\/\/www.companhiaatlantica.pt\/wp-content\/uploads\/2020\/09\/130-687-1-150x150.jpg 150w, https:\/\/www.companhiaatlantica.pt\/wp-content\/uploads\/2020\/09\/130-687-1-768x768.jpg 768w, https:\/\/www.companhiaatlantica.pt\/wp-content\/uploads\/2020\/09\/130-687-1-600x600.jpg 600w, https:\/\/www.companhiaatlantica.pt\/wp-content\/uploads\/2020\/09\/130-687-1.jpg 1000w\" sizes=\"auto, (max-width: 700px) 100vw, 700px\" title=\"\">\t\t\t\t<\/a>\n\t\t\t<\/div>\n\t\t\t<div class=\"image-tools is-small top right show-on-hover\">\n\t\t\t\t\t\t<div class=\"wishlist-icon\">\n\t\t\t<button class=\"wishlist-button button is-outline circle icon\" aria-label=\"Wunschliste\">\n\t\t\t\t<i class=\"icon-heart\" aria-hidden=\"true\"><\/i>\t\t\t<\/button>\n\t\t\t<div class=\"wishlist-popup dark\">\n\t\t\t\t\n<div\n\tclass=\"yith-wcwl-add-to-wishlist add-to-wishlist-42049 yith-wcwl-add-to-wishlist--button_default-style wishlist-fragment on-first-load\"\n\tdata-fragment-ref=\"42049\"\n\tdata-fragment-options=\"{&quot;base_url&quot;:&quot;&quot;,&quot;product_id&quot;:42049,&quot;parent_product_id&quot;:0,&quot;product_type&quot;:&quot;variable&quot;,&quot;is_single&quot;:false,&quot;in_default_wishlist&quot;:false,&quot;show_view&quot;:false,&quot;browse_wishlist_text&quot;:&quot;Siehe Ihre Wunschliste!&quot;,&quot;already_in_wishslist_text&quot;:&quot;Dieses Produkt steht bereits auf Ihrem Wunschzettel!&quot;,&quot;product_added_text&quot;:&quot;Produto adicionado!&quot;,&quot;available_multi_wishlist&quot;:false,&quot;disable_wishlist&quot;:false,&quot;show_count&quot;:false,&quot;ajax_loading&quot;:false,&quot;loop_position&quot;:&quot;after_add_to_cart&quot;,&quot;item&quot;:&quot;add_to_wishlist&quot;}\"\n>\n\t\t\t\n\t\t\t<!-- ADD TO WISHLIST -->\n\t\t\t\n<div class=\"yith-wcwl-add-button\">\n\t\t<a\n\t\thref=\"?add_to_wishlist=42049&#038;_wpnonce=bd4645bbbe\"\n\t\tclass=\"add_to_wishlist single_add_to_wishlist alt button theme-button-style \"\n\t\tdata-product-id=\"42049\"\n\t\tdata-product-type=\"variable\"\n\t\tdata-original-product-id=\"0\"\n\t\tdata-title=\"Zu meiner Wunschliste hinzuf\u00fcgen\"\n\t\trel=\"nofollow\"\n\t>\n\t\t<svg id=\"yith-wcwl-icon-heart-outline\" class=\"yith-wcwl-icon-svg\" fill=\"none\" stroke-width=\"1.5\" stroke=\"currentColor\" viewBox=\"0 0 24 24\" xmlns=\"http:\/\/www.w3.org\/2000\/svg\">\n  <path stroke-linecap=\"round\" stroke-linejoin=\"round\" d=\"M21 8.25c0-2.485-2.099-4.5-4.688-4.5-1.935 0-3.597 1.126-4.312 2.733-.715-1.607-2.377-2.733-4.313-2.733C5.1 3.75 3 5.765 3 8.25c0 7.22 9 12 9 12s9-4.78 9-12Z\"><\/path>\n<\/svg>\t\t<span>Zu meiner Wunschliste hinzuf\u00fcgen<\/span>\n\t<\/a>\n<\/div>\n\n\t\t\t<!-- COUNT TEXT -->\n\t\t\t\n\t\t\t<\/div>\n\t\t\t<\/div>\n\t\t<\/div>\n\t\t\t\t\t<\/div>\n\t\t\t<div class=\"image-tools is-small hide-for-small bottom left show-on-hover\">\n\t\t\t\t\t\t\t<\/div>\n\t\t\t<div class=\"image-tools grid-tools text-center hide-for-small bottom hover-slide-in show-on-hover\">\n\t\t\t\t\t\t\t<\/div>\n\t\t\t<div class=\"out-of-stock-label\">Nicht vorr\u00e4tig<\/div>\t\t<\/div>\n\n\t\t<div class=\"box-text box-text-products\">\n\t\t\t<div class=\"title-wrapper\">\t\t<p class=\"category uppercase is-smaller no-text-overflow product-cat op-8\">\n\t\t\tKeramik Servierschalen Salatsch\u00fcssel\t\t<\/p>\n\t<p class=\"name product-title woocommerce-loop-product__title\"><a href=\"https:\/\/www.companhiaatlantica.pt\/de\/produto\/portugiesische-keramik\/keramik-servierschalen-salatschussel\/comporta-servierplatten\" class=\"woocommerce-LoopProduct-link woocommerce-loop-product__link\">COMPORTA Servierplatten<\/a><\/p><\/div><div class=\"price-wrapper\">\n\t<span class=\"price\"><span class=\"woocommerce-Price-amount amount\"><bdi>59.90<span class=\"woocommerce-Price-currencySymbol\">&euro;<\/span><\/bdi><\/span><\/span>\n<\/div><div class=\"add-to-cart-button\"><a href=\"https:\/\/www.companhiaatlantica.pt\/de\/produto\/portugiesische-keramik\/keramik-servierschalen-salatschussel\/comporta-servierplatten\" aria-describedby=\"woocommerce_loop_add_to_cart_link_describedby_42049\" data-quantity=\"1\" class=\"primary is-small mb-0 button product_type_variable is-outline\" data-product_id=\"42049\" data-product_sku=\"\" aria-label=\"W\u00e4hle Optionen f\u00fcr \u201eCOMPORTA Servierplatten\u201c\" rel=\"nofollow\">Ausf\u00fchrung w\u00e4hlen<\/a><\/div>\t<span id=\"woocommerce_loop_add_to_cart_link_describedby_42049\" class=\"screen-reader-text\">\n\t\tDieses Produkt weist mehrere Varianten auf. Die Optionen k\u00f6nnen auf der Produktseite gew\u00e4hlt werden\t<\/span>\n\t\t<\/div>\n\t<\/div>\n\t<span class=\"gtm4wp_productdata\" style=\"display:none; visibility:hidden;\" data-gtm4wp_product_data=\"{&quot;internal_id&quot;:42049,&quot;item_id&quot;:42049,&quot;item_name&quot;:&quot;COMPORTA Servierplatten&quot;,&quot;sku&quot;:42049,&quot;price&quot;:57,&quot;stocklevel&quot;:null,&quot;stockstatus&quot;:&quot;outofstock&quot;,&quot;google_business_vertical&quot;:&quot;retail&quot;,&quot;item_category&quot;:&quot;Portugiesische Keramik \\u2013 Handgefertigt in Portugal&quot;,&quot;item_category2&quot;:&quot;Keramik Servierschalen Salatsch\\u00fcssel&quot;,&quot;id&quot;:42049,&quot;productlink&quot;:&quot;https:\\\/\\\/www.companhiaatlantica.pt\\\/de\\\/produto\\\/portugiesische-keramik\\\/keramik-servierschalen-salatschussel\\\/comporta-servierplatten&quot;,&quot;item_list_name&quot;:&quot;General Product List&quot;,&quot;index&quot;:2,&quot;product_type&quot;:&quot;variable&quot;,&quot;item_brand&quot;:&quot;&quot;}\"><\/span>\t<\/div>\n<\/div><\/div><!-- row -->\n<\/div>\n<h2><span style=\"font-weight: 400;\">Kabeljausalat<\/span><\/h2>\n<p><span style=\"font-weight: 400;\">Kabeljau, eine der symboltr\u00e4chtigsten Zutaten der portugiesischen K\u00fcche, erh\u00e4lt in diesem kalten Salat eine frische und schmackhafte Version. Perfekt f\u00fcr hei\u00dfe Tage. Es kombiniert den Reichtum des Kabeljaus mit der Leichtigkeit frischer Zutaten und ergibt so ein k\u00f6stliches und raffiniertes Gericht. <\/span><\/p>\n<h3><span style=\"font-weight: 400;\">Zutaten<\/span><\/h3>\n<ul>\n<li style=\"font-weight: 400;\" aria-level=\"1\"><span style=\"font-weight: 400;\">300 g zerkleinerter und eingeweichter Kabeljau;<\/span><\/li>\n<li style=\"font-weight: 400;\" aria-level=\"1\"><span style=\"font-weight: 400;\">2 Kartoffeln;<\/span><\/li>\n<li style=\"font-weight: 400;\" aria-level=\"1\"><span style=\"font-weight: 400;\">1 Zwiebel;<\/span><\/li>\n<li style=\"font-weight: 400;\" aria-level=\"1\"><span style=\"font-weight: 400;\">1 rote Paprika;<\/span><\/li>\n<li style=\"font-weight: 400;\" aria-level=\"1\"><span style=\"font-weight: 400;\">1 gr\u00fcne Paprika;<\/span><\/li>\n<li style=\"font-weight: 400;\" aria-level=\"1\"><span style=\"font-weight: 400;\">Schwarze Oliven nach Geschmack;<\/span><\/li>\n<li style=\"font-weight: 400;\" aria-level=\"1\"><span style=\"font-weight: 400;\">Gehackte Petersilie zum Abschmecken;<\/span><\/li>\n<li style=\"font-weight: 400;\" aria-level=\"1\"><span style=\"font-weight: 400;\">Oliven\u00f6l, Essig und Salz nach Geschmack.<\/span><\/li>\n<\/ul>\n<h3><span style=\"font-weight: 400;\">Wie Sie sich vorbereiten<\/span><\/h3>\n<ol>\n<li style=\"font-weight: 400;\" aria-level=\"1\"><span style=\"font-weight: 400;\">Kochen Sie die Kartoffeln in der Schale. Nach dem Garen abk\u00fchlen lassen, sch\u00e4len und in W\u00fcrfel schneiden;<\/span><\/li>\n<li style=\"font-weight: 400;\" aria-level=\"1\"><span style=\"font-weight: 400;\">Kochen Sie den Kabeljau ein paar Minuten lang, lassen Sie ihn abtropfen und zerkleinern Sie ihn;<\/span><\/li>\n<li style=\"font-weight: 400;\" aria-level=\"1\"><span style=\"font-weight: 400;\">Schneiden Sie die Zwiebel und die Paprika in d\u00fcnne Streifen;<\/span><\/li>\n<li style=\"font-weight: 400;\" aria-level=\"1\"><span style=\"font-weight: 400;\">Mischen Sie die Kartoffeln, den zerkleinerten Kabeljau, die Zwiebel, die Paprika und die Oliven in einer Salatsch\u00fcssel;<\/span><\/li>\n<li style=\"font-weight: 400;\" aria-level=\"1\"><span style=\"font-weight: 400;\">Mit \u00d6l, Essig und Salz abschmecken;<\/span><\/li>\n<li style=\"font-weight: 400;\" aria-level=\"1\"><span style=\"font-weight: 400;\">Mit gehackter Petersilie bestreuen, gut vermischen und kalt servieren.<\/span><\/li>\n<\/ol>\n<div class=\"row\"  id=\"row-1002079250\">\n\n\t<div id=\"col-448115543\" class=\"col small-12 large-12\"  >\n\t\t\t\t<div class=\"col-inner\"  >\n\t\t\t\n\t\t\t\n\t<div class=\"img has-hover x md-x lg-x y md-y lg-y\" id=\"image_437794939\">\n\t\t\t\t\t\t\t\t<div class=\"img-inner dark\" >\n\t\t\t<img loading=\"lazy\" decoding=\"async\" width=\"1020\" height=\"758\" src=\"https:\/\/www.companhiaatlantica.pt\/wp-content\/uploads\/2024\/07\/010-1024x761.jpg\" class=\"attachment-large size-large\" alt=\"\" srcset=\"https:\/\/www.companhiaatlantica.pt\/wp-content\/uploads\/2024\/07\/010-1024x761.jpg 1024w, https:\/\/www.companhiaatlantica.pt\/wp-content\/uploads\/2024\/07\/010-scaled-900x669.jpg 900w, https:\/\/www.companhiaatlantica.pt\/wp-content\/uploads\/2024\/07\/010-400x297.jpg 400w, https:\/\/www.companhiaatlantica.pt\/wp-content\/uploads\/2024\/07\/010-768x571.jpg 768w, https:\/\/www.companhiaatlantica.pt\/wp-content\/uploads\/2024\/07\/010-1536x1141.jpg 1536w, https:\/\/www.companhiaatlantica.pt\/wp-content\/uploads\/2024\/07\/010-2048x1521.jpg 2048w, https:\/\/www.companhiaatlantica.pt\/wp-content\/uploads\/2024\/07\/010-1320x981.jpg 1320w\" sizes=\"auto, (max-width: 1020px) 100vw, 1020px\" title=\"\">\t\t\t\t\t\t\n\t\t\t\t\t<\/div>\n\t\t\t\t\t\t\t\t\n<style>\n#image_437794939 {\n  width: 100%;\n}\n<\/style>\n\t<\/div>\n\t\n\t\t<\/div>\n\t\t\t\t\t<\/div>\n\n\t\n<\/div>\n<h2><span style=\"font-weight: 400;\">Kartoffelsalat<\/span><\/h2>\n<p><span style=\"font-weight: 400;\">Dies ist ein Klassiker, der nie aus der Mode kommt. Dieser vielseitige und k\u00f6stliche Salat eignet sich hervorragend als Beilage zu Grillabenden oder einfach als Hauptgericht. Mit seiner einfachen Zubereitung und den Zutaten, die jeder liebt, ist Kartoffelsalat immer eine sichere Wahl, die allen Gaumen schmeichelt.<\/span><\/p>\n<h3><span style=\"font-weight: 400;\">Zutaten<\/span><\/h3>\n<ul>\n<li style=\"font-weight: 400;\" aria-level=\"1\"><span style=\"font-weight: 400;\">500 g Kartoffeln;<\/span><\/li>\n<li style=\"font-weight: 400;\" aria-level=\"1\"><span style=\"font-weight: 400;\">3 Eier;<\/span><\/li>\n<li style=\"font-weight: 400;\" aria-level=\"1\"><span style=\"font-weight: 400;\">1 Zwiebel;<\/span><\/li>\n<li style=\"font-weight: 400;\" aria-level=\"1\"><span style=\"font-weight: 400;\">1 Essiggurke;<\/span><\/li>\n<li style=\"font-weight: 400;\" aria-level=\"1\"><span style=\"font-weight: 400;\">1 Naturjoghurt;<\/span><\/li>\n<li style=\"font-weight: 400;\" aria-level=\"1\"><span style=\"font-weight: 400;\">2 Essl\u00f6ffel Mayonnaise;<\/span><\/li>\n<li style=\"font-weight: 400;\" aria-level=\"1\"><span style=\"font-weight: 400;\">Gehackte Petersilie zum Abschmecken;<\/span><\/li>\n<li style=\"font-weight: 400;\" aria-level=\"1\"><span style=\"font-weight: 400;\">Mit Salz und Pfeffer abschmecken.<\/span><\/li>\n<\/ul>\n<h3><span style=\"font-weight: 400;\">Wie Sie sich vorbereiten<\/span><\/h3>\n<ol>\n<li style=\"font-weight: 400;\" aria-level=\"1\"><span style=\"font-weight: 400;\">Kochen Sie die Kartoffeln in der Schale. Nach dem Garen abk\u00fchlen lassen, sch\u00e4len und in W\u00fcrfel schneiden;<\/span><\/li>\n<li style=\"font-weight: 400;\" aria-level=\"1\"><span style=\"font-weight: 400;\">Kochen Sie die Eier, lassen Sie sie abk\u00fchlen, sch\u00e4len Sie sie und schneiden Sie sie in St\u00fccke;<\/span><\/li>\n<li style=\"font-weight: 400;\" aria-level=\"1\"><span style=\"font-weight: 400;\">Schneiden Sie die Zwiebel und die Essiggurke in kleine St\u00fccke;<\/span><\/li>\n<li style=\"font-weight: 400;\" aria-level=\"1\"><span style=\"font-weight: 400;\">Mischen Sie den Naturjoghurt und die Mayonnaise in einer Sch\u00fcssel;<\/span><\/li>\n<li style=\"font-weight: 400;\" aria-level=\"1\"><span style=\"font-weight: 400;\">Mischen Sie die Kartoffeln, Eier, Zwiebeln und Gurken in einer Salatsch\u00fcssel;<\/span><\/li>\n<li style=\"font-weight: 400;\" aria-level=\"1\"><span style=\"font-weight: 400;\">F\u00fcgen Sie die Joghurt-Mayonnaise-Mischung hinzu und w\u00fcrzen Sie mit Salz und Pfeffer nach Geschmack;<\/span><\/li>\n<li style=\"font-weight: 400;\" aria-level=\"1\"><span style=\"font-weight: 400;\">Mit gehackter Petersilie bestreuen, gut vermischen und kalt servieren.<\/span><\/li>\n<\/ol>\n<div class=\"woocommerce columns-3 \"><div class=\"products row row-small large-columns-3 medium-columns-3 small-columns-1 has-equal-box-heights equalize-box\">\n<div class=\"product-small col has-hover product type-product post-41920 status-publish first instock product_cat-keramik-servierschalen-salatschussel product_cat-portugiesische-keramik has-post-thumbnail taxable shipping-taxable purchasable product-type-variable\">\n\t<div class=\"col-inner\">\n\t\n<div class=\"badge-container absolute left top z-1\">\n\n<\/div>\n\t<div class=\"product-small box \">\n\t\t<div class=\"box-image\">\n\t\t\t<div class=\"image-fade_in_back\">\n\t\t\t\t<a href=\"https:\/\/www.companhiaatlantica.pt\/de\/produto\/portugiesische-keramik\/keramik-servierschalen-salatschussel\/comporta-salatschussel\">\n\t\t\t\t\t<img loading=\"lazy\" decoding=\"async\" width=\"700\" height=\"700\" src=\"https:\/\/www.companhiaatlantica.pt\/wp-content\/uploads\/2020\/06\/130-686-700x700.jpg\" class=\"attachment-woocommerce_thumbnail size-woocommerce_thumbnail\" alt=\"COMPORTA Salatsch\u00fcssel\" srcset=\"https:\/\/www.companhiaatlantica.pt\/wp-content\/uploads\/2020\/06\/130-686-700x700.jpg 700w, https:\/\/www.companhiaatlantica.pt\/wp-content\/uploads\/2020\/06\/130-686-100x100.jpg 100w, https:\/\/www.companhiaatlantica.pt\/wp-content\/uploads\/2020\/06\/130-686-900x900.jpg 900w, https:\/\/www.companhiaatlantica.pt\/wp-content\/uploads\/2020\/06\/130-686-300x300.jpg 300w, https:\/\/www.companhiaatlantica.pt\/wp-content\/uploads\/2020\/06\/130-686-150x150.jpg 150w, https:\/\/www.companhiaatlantica.pt\/wp-content\/uploads\/2020\/06\/130-686-768x768.jpg 768w, https:\/\/www.companhiaatlantica.pt\/wp-content\/uploads\/2020\/06\/130-686-600x600.jpg 600w, https:\/\/www.companhiaatlantica.pt\/wp-content\/uploads\/2020\/06\/130-686.jpg 1000w\" sizes=\"auto, (max-width: 700px) 100vw, 700px\" title=\"\"><img loading=\"lazy\" decoding=\"async\" width=\"700\" height=\"700\" src=\"https:\/\/www.companhiaatlantica.pt\/wp-content\/uploads\/2020\/06\/130-647-2-700x700.jpg\" class=\"show-on-hover absolute fill hide-for-small back-image\" alt=\"Alternative view of COMPORTA Salatsch\u00fcssel\" aria-hidden=\"true\" srcset=\"https:\/\/www.companhiaatlantica.pt\/wp-content\/uploads\/2020\/06\/130-647-2-700x700.jpg 700w, https:\/\/www.companhiaatlantica.pt\/wp-content\/uploads\/2020\/06\/130-647-2-100x100.jpg 100w, https:\/\/www.companhiaatlantica.pt\/wp-content\/uploads\/2020\/06\/130-647-2-900x900.jpg 900w, https:\/\/www.companhiaatlantica.pt\/wp-content\/uploads\/2020\/06\/130-647-2-300x300.jpg 300w, https:\/\/www.companhiaatlantica.pt\/wp-content\/uploads\/2020\/06\/130-647-2-150x150.jpg 150w, https:\/\/www.companhiaatlantica.pt\/wp-content\/uploads\/2020\/06\/130-647-2-768x768.jpg 768w, https:\/\/www.companhiaatlantica.pt\/wp-content\/uploads\/2020\/06\/130-647-2-600x600.jpg 600w, https:\/\/www.companhiaatlantica.pt\/wp-content\/uploads\/2020\/06\/130-647-2.jpg 1000w\" sizes=\"auto, (max-width: 700px) 100vw, 700px\" title=\"\">\t\t\t\t<\/a>\n\t\t\t<\/div>\n\t\t\t<div class=\"image-tools is-small top right show-on-hover\">\n\t\t\t\t\t\t<div class=\"wishlist-icon\">\n\t\t\t<button class=\"wishlist-button button is-outline circle icon\" aria-label=\"Wunschliste\">\n\t\t\t\t<i class=\"icon-heart\" aria-hidden=\"true\"><\/i>\t\t\t<\/button>\n\t\t\t<div class=\"wishlist-popup dark\">\n\t\t\t\t\n<div\n\tclass=\"yith-wcwl-add-to-wishlist add-to-wishlist-41920 yith-wcwl-add-to-wishlist--button_default-style wishlist-fragment on-first-load\"\n\tdata-fragment-ref=\"41920\"\n\tdata-fragment-options=\"{&quot;base_url&quot;:&quot;&quot;,&quot;product_id&quot;:41920,&quot;parent_product_id&quot;:0,&quot;product_type&quot;:&quot;variable&quot;,&quot;is_single&quot;:false,&quot;in_default_wishlist&quot;:false,&quot;show_view&quot;:false,&quot;browse_wishlist_text&quot;:&quot;Siehe Ihre Wunschliste!&quot;,&quot;already_in_wishslist_text&quot;:&quot;Dieses Produkt steht bereits auf Ihrem Wunschzettel!&quot;,&quot;product_added_text&quot;:&quot;Produto adicionado!&quot;,&quot;available_multi_wishlist&quot;:false,&quot;disable_wishlist&quot;:false,&quot;show_count&quot;:false,&quot;ajax_loading&quot;:false,&quot;loop_position&quot;:&quot;after_add_to_cart&quot;,&quot;item&quot;:&quot;add_to_wishlist&quot;}\"\n>\n\t\t\t\n\t\t\t<!-- ADD TO WISHLIST -->\n\t\t\t\n<div class=\"yith-wcwl-add-button\">\n\t\t<a\n\t\thref=\"?add_to_wishlist=41920&#038;_wpnonce=bd4645bbbe\"\n\t\tclass=\"add_to_wishlist single_add_to_wishlist alt button theme-button-style \"\n\t\tdata-product-id=\"41920\"\n\t\tdata-product-type=\"variable\"\n\t\tdata-original-product-id=\"0\"\n\t\tdata-title=\"Zu meiner Wunschliste hinzuf\u00fcgen\"\n\t\trel=\"nofollow\"\n\t>\n\t\t<svg id=\"yith-wcwl-icon-heart-outline\" class=\"yith-wcwl-icon-svg\" fill=\"none\" stroke-width=\"1.5\" stroke=\"currentColor\" viewBox=\"0 0 24 24\" xmlns=\"http:\/\/www.w3.org\/2000\/svg\">\n  <path stroke-linecap=\"round\" stroke-linejoin=\"round\" d=\"M21 8.25c0-2.485-2.099-4.5-4.688-4.5-1.935 0-3.597 1.126-4.312 2.733-.715-1.607-2.377-2.733-4.313-2.733C5.1 3.75 3 5.765 3 8.25c0 7.22 9 12 9 12s9-4.78 9-12Z\"><\/path>\n<\/svg>\t\t<span>Zu meiner Wunschliste hinzuf\u00fcgen<\/span>\n\t<\/a>\n<\/div>\n\n\t\t\t<!-- COUNT TEXT -->\n\t\t\t\n\t\t\t<\/div>\n\t\t\t<\/div>\n\t\t<\/div>\n\t\t\t\t\t<\/div>\n\t\t\t<div class=\"image-tools is-small hide-for-small bottom left show-on-hover\">\n\t\t\t\t\t\t\t<\/div>\n\t\t\t<div class=\"image-tools grid-tools text-center hide-for-small bottom hover-slide-in show-on-hover\">\n\t\t\t\t\t\t\t<\/div>\n\t\t\t\t\t<\/div>\n\n\t\t<div class=\"box-text box-text-products\">\n\t\t\t<div class=\"title-wrapper\">\t\t<p class=\"category uppercase is-smaller no-text-overflow product-cat op-8\">\n\t\t\tKeramik Servierschalen Salatsch\u00fcssel\t\t<\/p>\n\t<p class=\"name product-title woocommerce-loop-product__title\"><a href=\"https:\/\/www.companhiaatlantica.pt\/de\/produto\/portugiesische-keramik\/keramik-servierschalen-salatschussel\/comporta-salatschussel\" class=\"woocommerce-LoopProduct-link woocommerce-loop-product__link\">COMPORTA Salatsch\u00fcssel<\/a><\/p><\/div><div class=\"price-wrapper\">\n\t<span class=\"price\"><span class=\"woocommerce-Price-amount amount\"><bdi>59.90<span class=\"woocommerce-Price-currencySymbol\">&euro;<\/span><\/bdi><\/span><\/span>\n<\/div>\t<span id=\"woocommerce_loop_add_to_cart_link_describedby_41920\" class=\"screen-reader-text\">\n\t\tDieses Produkt weist mehrere Varianten auf. Die Optionen k\u00f6nnen auf der Produktseite gew\u00e4hlt werden\t<\/span>\n\t\t<\/div>\n\t<\/div>\n\t<span class=\"gtm4wp_productdata\" style=\"display:none; visibility:hidden;\" data-gtm4wp_product_data=\"{&quot;internal_id&quot;:41920,&quot;item_id&quot;:41920,&quot;item_name&quot;:&quot;COMPORTA Salatsch\\u00fcssel&quot;,&quot;sku&quot;:41920,&quot;price&quot;:59.89999999999999857891452847979962825775146484375,&quot;stocklevel&quot;:null,&quot;stockstatus&quot;:&quot;instock&quot;,&quot;google_business_vertical&quot;:&quot;retail&quot;,&quot;item_category&quot;:&quot;Portugiesische Keramik \\u2013 Handgefertigt in Portugal&quot;,&quot;item_category2&quot;:&quot;Keramik Servierschalen Salatsch\\u00fcssel&quot;,&quot;id&quot;:41920,&quot;productlink&quot;:&quot;https:\\\/\\\/www.companhiaatlantica.pt\\\/de\\\/produto\\\/portugiesische-keramik\\\/keramik-servierschalen-salatschussel\\\/comporta-salatschussel&quot;,&quot;item_list_name&quot;:&quot;General Product List&quot;,&quot;index&quot;:1,&quot;product_type&quot;:&quot;variable&quot;,&quot;item_brand&quot;:&quot;&quot;}\"><\/span>\t<\/div>\n<\/div><\/div><!-- row -->\n<\/div>\n<h2><span style=\"font-weight: 400;\">Obstsalat<\/span><\/h2>\n<p><span style=\"font-weight: 400;\">Um eine Mahlzeit mit einem Paukenschlag abzurunden oder als erfrischende Zwischenmahlzeit, gibt es nichts Besseres als einen Obstsalat. Diese farbenfrohe und lebendige Mischung aus frischen Fr\u00fcchten ist eine Explosion von Aromen und Vitaminen, perfekt f\u00fcr hei\u00dfe Sommertage. Eine gesunde und k\u00f6stliche Option, die allen schmeckt, von den J\u00fcngsten bis zu den \u00c4ltesten.<\/span><\/p>\n<h3><span style=\"font-weight: 400;\">Zutaten<\/span><\/h3>\n<ul>\n<li style=\"font-weight: 400;\" aria-level=\"1\"><span style=\"font-weight: 400;\">1 Apfel;<\/span><\/li>\n<li style=\"font-weight: 400;\" aria-level=\"1\"><span style=\"font-weight: 400;\">1 Banane;<\/span><\/li>\n<li style=\"font-weight: 400;\" aria-level=\"1\"><span style=\"font-weight: 400;\">1 Orange;<\/span><\/li>\n<li style=\"font-weight: 400;\" aria-level=\"1\"><span style=\"font-weight: 400;\">1 Traube Weintrauben;<\/span><\/li>\n<li style=\"font-weight: 400;\" aria-level=\"1\"><span style=\"font-weight: 400;\">1 Kiwi-Frucht;<\/span><\/li>\n<li style=\"font-weight: 400;\" aria-level=\"1\"><span style=\"font-weight: 400;\">1 Pfirsich;<\/span><\/li>\n<li style=\"font-weight: 400;\" aria-level=\"1\"><span style=\"font-weight: 400;\">Saft von 1 Zitrone;<\/span><\/li>\n<li style=\"font-weight: 400;\" aria-level=\"1\"><span style=\"font-weight: 400;\">Honig nach Geschmack.<\/span><\/li>\n<\/ul>\n<h3><span style=\"font-weight: 400;\">Wie Sie sich vorbereiten<\/span><\/h3>\n<ol>\n<li style=\"font-weight: 400;\" aria-level=\"1\"><span style=\"font-weight: 400;\">Waschen und sch\u00e4len Sie das gesamte Obst;<\/span><\/li>\n<li style=\"font-weight: 400;\" aria-level=\"1\"><span style=\"font-weight: 400;\">Schneiden Sie den Apfel, die Banane, die Orange, die Kiwi und den Pfirsich in kleine St\u00fccke;<\/span><\/li>\n<li style=\"font-weight: 400;\" aria-level=\"1\"><span style=\"font-weight: 400;\">Nehmen Sie die Trauben aus der Traube, halbieren Sie sie und entfernen Sie ggf. die Kerne;<\/span><\/li>\n<li style=\"font-weight: 400;\" aria-level=\"1\"><span style=\"font-weight: 400;\">Mischen Sie alle Fr\u00fcchte in einer gro\u00dfen Sch\u00fcssel zusammen;<\/span><\/li>\n<li style=\"font-weight: 400;\" aria-level=\"1\"><span style=\"font-weight: 400;\">Betr\u00e4ufeln Sie sie mit Zitronensaft, damit die Fr\u00fcchte nicht oxidieren;<\/span><\/li>\n<li style=\"font-weight: 400;\" aria-level=\"1\"><span style=\"font-weight: 400;\">Mit Honig abschmecken, gut vermischen und sofort servieren.<\/span><\/li>\n<\/ol>\n<div class=\"woocommerce columns-3 \"><div class=\"products row row-small large-columns-3 medium-columns-3 small-columns-1 has-equal-box-heights equalize-box\">\n<div class=\"product-small col has-hover product type-product post-41709 status-publish first instock product_cat-keramik-oel-und-essigspender-aus-portugal product_cat-portugiesische-keramik has-post-thumbnail sale taxable shipping-taxable purchasable product-type-variable\">\n\t<div class=\"col-inner\">\n\t\n<div class=\"badge-container absolute left top z-1\">\n<div class=\"badge callout badge-circle\">\r\n  \t\t\t<div class=\"badge-inner secondary on-sale\">\r\n  \t\t\t\t<span class=\"onsale\">-19%<\/span>\r\n\t\t\t<\/div>\r\n\t\t<\/div>\r\n\t\t<div class=\"badge callout badge-circle\">\r\n\t\t\t<div class=\"badge-inner callout-new-bg is-small new-bubble\"><\/div>\r\n\t\t<\/div>\n<\/div>\n\t<div class=\"product-small box \">\n\t\t<div class=\"box-image\">\n\t\t\t<div class=\"image-fade_in_back\">\n\t\t\t\t<a href=\"https:\/\/www.companhiaatlantica.pt\/de\/produto\/portugiesische-keramik\/keramik-oel-und-essigspender-aus-portugal\/breezy-cruet-400ml\">\n\t\t\t\t\t<img loading=\"lazy\" decoding=\"async\" width=\"600\" height=\"600\" src=\"https:\/\/www.companhiaatlantica.pt\/wp-content\/uploads\/2021\/03\/Breezy-olive-set-4.jpg\" class=\"attachment-woocommerce_thumbnail size-woocommerce_thumbnail\" alt=\"BREEZY Oliven\u00f6lflasche\" srcset=\"https:\/\/www.companhiaatlantica.pt\/wp-content\/uploads\/2021\/03\/Breezy-olive-set-4.jpg 600w, https:\/\/www.companhiaatlantica.pt\/wp-content\/uploads\/2021\/03\/Breezy-olive-set-4-100x100.jpg 100w\" sizes=\"auto, (max-width: 600px) 100vw, 600px\" title=\"\"><img loading=\"lazy\" decoding=\"async\" width=\"600\" height=\"600\" src=\"https:\/\/www.companhiaatlantica.pt\/wp-content\/uploads\/2021\/03\/Breezy-olive-oil-bottle-generic.gif\" class=\"show-on-hover absolute fill hide-for-small back-image\" alt=\"Alternative view of BREEZY Oliven\u00f6lflasche\" aria-hidden=\"true\" srcset=\"https:\/\/www.companhiaatlantica.pt\/wp-content\/uploads\/2021\/03\/Breezy-olive-oil-bottle-generic.gif 600w, https:\/\/www.companhiaatlantica.pt\/wp-content\/uploads\/2021\/03\/Breezy-olive-oil-bottle-generic-100x100.gif 100w\" sizes=\"auto, (max-width: 600px) 100vw, 600px\" title=\"\">\t\t\t\t<\/a>\n\t\t\t<\/div>\n\t\t\t<div class=\"image-tools is-small top right show-on-hover\">\n\t\t\t\t\t\t<div class=\"wishlist-icon\">\n\t\t\t<button class=\"wishlist-button button is-outline circle icon\" aria-label=\"Wunschliste\">\n\t\t\t\t<i class=\"icon-heart\" aria-hidden=\"true\"><\/i>\t\t\t<\/button>\n\t\t\t<div class=\"wishlist-popup dark\">\n\t\t\t\t\n<div\n\tclass=\"yith-wcwl-add-to-wishlist add-to-wishlist-41709 yith-wcwl-add-to-wishlist--button_default-style wishlist-fragment on-first-load\"\n\tdata-fragment-ref=\"41709\"\n\tdata-fragment-options=\"{&quot;base_url&quot;:&quot;&quot;,&quot;product_id&quot;:41709,&quot;parent_product_id&quot;:0,&quot;product_type&quot;:&quot;variable&quot;,&quot;is_single&quot;:false,&quot;in_default_wishlist&quot;:false,&quot;show_view&quot;:false,&quot;browse_wishlist_text&quot;:&quot;Siehe Ihre Wunschliste!&quot;,&quot;already_in_wishslist_text&quot;:&quot;Dieses Produkt steht bereits auf Ihrem Wunschzettel!&quot;,&quot;product_added_text&quot;:&quot;Produto adicionado!&quot;,&quot;available_multi_wishlist&quot;:false,&quot;disable_wishlist&quot;:false,&quot;show_count&quot;:false,&quot;ajax_loading&quot;:false,&quot;loop_position&quot;:&quot;after_add_to_cart&quot;,&quot;item&quot;:&quot;add_to_wishlist&quot;}\"\n>\n\t\t\t\n\t\t\t<!-- ADD TO WISHLIST -->\n\t\t\t\n<div class=\"yith-wcwl-add-button\">\n\t\t<a\n\t\thref=\"?add_to_wishlist=41709&#038;_wpnonce=bd4645bbbe\"\n\t\tclass=\"add_to_wishlist single_add_to_wishlist alt button theme-button-style \"\n\t\tdata-product-id=\"41709\"\n\t\tdata-product-type=\"variable\"\n\t\tdata-original-product-id=\"0\"\n\t\tdata-title=\"Zu meiner Wunschliste hinzuf\u00fcgen\"\n\t\trel=\"nofollow\"\n\t>\n\t\t<svg id=\"yith-wcwl-icon-heart-outline\" class=\"yith-wcwl-icon-svg\" fill=\"none\" stroke-width=\"1.5\" stroke=\"currentColor\" viewBox=\"0 0 24 24\" xmlns=\"http:\/\/www.w3.org\/2000\/svg\">\n  <path stroke-linecap=\"round\" stroke-linejoin=\"round\" d=\"M21 8.25c0-2.485-2.099-4.5-4.688-4.5-1.935 0-3.597 1.126-4.312 2.733-.715-1.607-2.377-2.733-4.313-2.733C5.1 3.75 3 5.765 3 8.25c0 7.22 9 12 9 12s9-4.78 9-12Z\"><\/path>\n<\/svg>\t\t<span>Zu meiner Wunschliste hinzuf\u00fcgen<\/span>\n\t<\/a>\n<\/div>\n\n\t\t\t<!-- COUNT TEXT -->\n\t\t\t\n\t\t\t<\/div>\n\t\t\t<\/div>\n\t\t<\/div>\n\t\t\t\t\t<\/div>\n\t\t\t<div class=\"image-tools is-small hide-for-small bottom left show-on-hover\">\n\t\t\t\t\t\t\t<\/div>\n\t\t\t<div class=\"image-tools grid-tools text-center hide-for-small bottom hover-slide-in show-on-hover\">\n\t\t\t\t\t\t\t<\/div>\n\t\t\t\t\t<\/div>\n\n\t\t<div class=\"box-text box-text-products\">\n\t\t\t<div class=\"title-wrapper\">\t\t<p class=\"category uppercase is-smaller no-text-overflow product-cat op-8\">\n\t\t\tKeramik-\u00d6l- und Essigspender aus Portugal\t\t<\/p>\n\t<p class=\"name product-title woocommerce-loop-product__title\"><a href=\"https:\/\/www.companhiaatlantica.pt\/de\/produto\/portugiesische-keramik\/keramik-oel-und-essigspender-aus-portugal\/breezy-cruet-400ml\" class=\"woocommerce-LoopProduct-link woocommerce-loop-product__link\">BREEZY Oliven\u00f6lflasche<\/a><\/p><\/div><div class=\"price-wrapper\">\n\t<span class=\"price\"><span class=\"woocommerce-Price-amount amount\" aria-hidden=\"true\"><bdi>23.50<span class=\"woocommerce-Price-currencySymbol\">&euro;<\/span><\/bdi><\/span> <span aria-hidden=\"true\"> \u2013 <\/span> <span class=\"woocommerce-Price-amount amount\" aria-hidden=\"true\"><bdi>31.90<span class=\"woocommerce-Price-currencySymbol\">&euro;<\/span><\/bdi><\/span><span class=\"screen-reader-text\">Preisspanne: 23.50&euro; bis 31.90&euro;<\/span><\/span>\n<\/div><div class=\"add-to-cart-button\"><a href=\"https:\/\/www.companhiaatlantica.pt\/de\/produto\/portugiesische-keramik\/keramik-oel-und-essigspender-aus-portugal\/breezy-cruet-400ml\" aria-describedby=\"woocommerce_loop_add_to_cart_link_describedby_41709\" data-quantity=\"1\" class=\"primary is-small mb-0 button product_type_variable add_to_cart_button is-outline\" data-product_id=\"41709\" data-product_sku=\"\" aria-label=\"W\u00e4hle Optionen f\u00fcr \u201eBREEZY Oliven\u00f6lflasche\u201c\" rel=\"nofollow\" data-product_name=\"BREEZY Oliven\u00f6lflasche\" data-product_image=\"https:\/\/www.companhiaatlantica.pt\/wp-content\/uploads\/2021\/03\/Breezy-olive-set-4.jpg\">Ausf\u00fchrung w\u00e4hlen<\/a><\/div>\t<span id=\"woocommerce_loop_add_to_cart_link_describedby_41709\" class=\"screen-reader-text\">\n\t\tDieses Produkt weist mehrere Varianten auf. Die Optionen k\u00f6nnen auf der Produktseite gew\u00e4hlt werden\t<\/span>\n\t\t<\/div>\n\t<\/div>\n\t<span class=\"gtm4wp_productdata\" style=\"display:none; visibility:hidden;\" data-gtm4wp_product_data=\"{&quot;internal_id&quot;:41709,&quot;item_id&quot;:41709,&quot;item_name&quot;:&quot;BREEZY Oliven\\u00f6lflasche&quot;,&quot;sku&quot;:41709,&quot;price&quot;:23.5,&quot;stocklevel&quot;:null,&quot;stockstatus&quot;:&quot;instock&quot;,&quot;google_business_vertical&quot;:&quot;retail&quot;,&quot;item_category&quot;:&quot;Cer\\u00e2mica Portuguesa Artesanal&quot;,&quot;item_category2&quot;:&quot;Galheteiros&quot;,&quot;id&quot;:41709,&quot;productlink&quot;:&quot;https:\\\/\\\/www.companhiaatlantica.pt\\\/de\\\/produto\\\/portugiesische-keramik\\\/keramik-oel-und-essigspender-aus-portugal\\\/breezy-cruet-400ml&quot;,&quot;item_list_name&quot;:&quot;General Product List&quot;,&quot;index&quot;:1,&quot;product_type&quot;:&quot;variable&quot;,&quot;item_brand&quot;:&quot;&quot;}\"><\/span>\t<\/div>\n<\/div><div class=\"product-small col has-hover product type-product post-41706 status-publish instock product_cat-keramik-servierschalen-salatschussel product_cat-portugiesische-keramik has-post-thumbnail sale taxable shipping-taxable purchasable product-type-variable has-default-attributes\">\n\t<div class=\"col-inner\">\n\t\n<div class=\"badge-container absolute left top z-1\">\n<div class=\"badge callout badge-circle\">\r\n  \t\t\t<div class=\"badge-inner secondary on-sale\">\r\n  \t\t\t\t<span class=\"onsale\">-20%<\/span>\r\n\t\t\t<\/div>\r\n\t\t<\/div>\r\n\t\t<div class=\"badge callout badge-circle\">\r\n\t\t\t<div class=\"badge-inner callout-new-bg is-small new-bubble\"><\/div>\r\n\t\t<\/div>\n<\/div>\n\t<div class=\"product-small box \">\n\t\t<div class=\"box-image\">\n\t\t\t<div class=\"image-fade_in_back\">\n\t\t\t\t<a href=\"https:\/\/www.companhiaatlantica.pt\/de\/produto\/portugiesische-keramik\/keramik-servierschalen-salatschussel\/breezy-oval-kreuz-34cm\">\n\t\t\t\t\t<img loading=\"lazy\" decoding=\"async\" width=\"700\" height=\"700\" src=\"https:\/\/www.companhiaatlantica.pt\/wp-content\/uploads\/2021\/02\/130-310_a-700x700.jpg\" class=\"attachment-woocommerce_thumbnail size-woocommerce_thumbnail\" alt=\"Ovale Platte 34cm BREEZY\" srcset=\"https:\/\/www.companhiaatlantica.pt\/wp-content\/uploads\/2021\/02\/130-310_a-700x700.jpg 700w, https:\/\/www.companhiaatlantica.pt\/wp-content\/uploads\/2021\/02\/130-310_a-100x100.jpg 100w, https:\/\/www.companhiaatlantica.pt\/wp-content\/uploads\/2021\/02\/130-310_a-900x900.jpg 900w, https:\/\/www.companhiaatlantica.pt\/wp-content\/uploads\/2021\/02\/130-310_a-300x300.jpg 300w, https:\/\/www.companhiaatlantica.pt\/wp-content\/uploads\/2021\/02\/130-310_a-150x150.jpg 150w, https:\/\/www.companhiaatlantica.pt\/wp-content\/uploads\/2021\/02\/130-310_a-768x768.jpg 768w, https:\/\/www.companhiaatlantica.pt\/wp-content\/uploads\/2021\/02\/130-310_a-600x600.jpg 600w, https:\/\/www.companhiaatlantica.pt\/wp-content\/uploads\/2021\/02\/130-310_a.jpg 1000w\" sizes=\"auto, (max-width: 700px) 100vw, 700px\" title=\"\"><img loading=\"lazy\" decoding=\"async\" width=\"600\" height=\"600\" src=\"https:\/\/www.companhiaatlantica.pt\/wp-content\/uploads\/2021\/02\/IMG_0895.jpg\" class=\"show-on-hover absolute fill hide-for-small back-image\" alt=\"Alternative view of Ovale Platte 34cm BREEZY\" aria-hidden=\"true\" srcset=\"https:\/\/www.companhiaatlantica.pt\/wp-content\/uploads\/2021\/02\/IMG_0895.jpg 600w, https:\/\/www.companhiaatlantica.pt\/wp-content\/uploads\/2021\/02\/IMG_0895-100x100.jpg 100w\" sizes=\"auto, (max-width: 600px) 100vw, 600px\" title=\"\">\t\t\t\t<\/a>\n\t\t\t<\/div>\n\t\t\t<div class=\"image-tools is-small top right show-on-hover\">\n\t\t\t\t\t\t<div class=\"wishlist-icon\">\n\t\t\t<button class=\"wishlist-button button is-outline circle icon\" aria-label=\"Wunschliste\">\n\t\t\t\t<i class=\"icon-heart\" aria-hidden=\"true\"><\/i>\t\t\t<\/button>\n\t\t\t<div class=\"wishlist-popup dark\">\n\t\t\t\t\n<div\n\tclass=\"yith-wcwl-add-to-wishlist add-to-wishlist-41706 yith-wcwl-add-to-wishlist--button_default-style wishlist-fragment on-first-load\"\n\tdata-fragment-ref=\"41706\"\n\tdata-fragment-options=\"{&quot;base_url&quot;:&quot;&quot;,&quot;product_id&quot;:41706,&quot;parent_product_id&quot;:0,&quot;product_type&quot;:&quot;variable&quot;,&quot;is_single&quot;:false,&quot;in_default_wishlist&quot;:false,&quot;show_view&quot;:false,&quot;browse_wishlist_text&quot;:&quot;Siehe Ihre Wunschliste!&quot;,&quot;already_in_wishslist_text&quot;:&quot;Dieses Produkt steht bereits auf Ihrem Wunschzettel!&quot;,&quot;product_added_text&quot;:&quot;Produto adicionado!&quot;,&quot;available_multi_wishlist&quot;:false,&quot;disable_wishlist&quot;:false,&quot;show_count&quot;:false,&quot;ajax_loading&quot;:false,&quot;loop_position&quot;:&quot;after_add_to_cart&quot;,&quot;item&quot;:&quot;add_to_wishlist&quot;}\"\n>\n\t\t\t\n\t\t\t<!-- ADD TO WISHLIST -->\n\t\t\t\n<div class=\"yith-wcwl-add-button\">\n\t\t<a\n\t\thref=\"?add_to_wishlist=41706&#038;_wpnonce=bd4645bbbe\"\n\t\tclass=\"add_to_wishlist single_add_to_wishlist alt button theme-button-style \"\n\t\tdata-product-id=\"41706\"\n\t\tdata-product-type=\"variable\"\n\t\tdata-original-product-id=\"0\"\n\t\tdata-title=\"Zu meiner Wunschliste hinzuf\u00fcgen\"\n\t\trel=\"nofollow\"\n\t>\n\t\t<svg id=\"yith-wcwl-icon-heart-outline\" class=\"yith-wcwl-icon-svg\" fill=\"none\" stroke-width=\"1.5\" stroke=\"currentColor\" viewBox=\"0 0 24 24\" xmlns=\"http:\/\/www.w3.org\/2000\/svg\">\n  <path stroke-linecap=\"round\" stroke-linejoin=\"round\" d=\"M21 8.25c0-2.485-2.099-4.5-4.688-4.5-1.935 0-3.597 1.126-4.312 2.733-.715-1.607-2.377-2.733-4.313-2.733C5.1 3.75 3 5.765 3 8.25c0 7.22 9 12 9 12s9-4.78 9-12Z\"><\/path>\n<\/svg>\t\t<span>Zu meiner Wunschliste hinzuf\u00fcgen<\/span>\n\t<\/a>\n<\/div>\n\n\t\t\t<!-- COUNT TEXT -->\n\t\t\t\n\t\t\t<\/div>\n\t\t\t<\/div>\n\t\t<\/div>\n\t\t\t\t\t<\/div>\n\t\t\t<div class=\"image-tools is-small hide-for-small bottom left show-on-hover\">\n\t\t\t\t\t\t\t<\/div>\n\t\t\t<div class=\"image-tools grid-tools text-center hide-for-small bottom hover-slide-in show-on-hover\">\n\t\t\t\t\t\t\t<\/div>\n\t\t\t\t\t<\/div>\n\n\t\t<div class=\"box-text box-text-products\">\n\t\t\t<div class=\"title-wrapper\">\t\t<p class=\"category uppercase is-smaller no-text-overflow product-cat op-8\">\n\t\t\tKeramik Servierschalen Salatsch\u00fcssel\t\t<\/p>\n\t<p class=\"name product-title woocommerce-loop-product__title\"><a href=\"https:\/\/www.companhiaatlantica.pt\/de\/produto\/portugiesische-keramik\/keramik-servierschalen-salatschussel\/breezy-oval-kreuz-34cm\" class=\"woocommerce-LoopProduct-link woocommerce-loop-product__link\">Ovale Platte 34cm BREEZY<\/a><\/p><\/div><div class=\"price-wrapper\">\n\t<span class=\"price\"><span class=\"woocommerce-Price-amount amount\" aria-hidden=\"true\"><bdi>32.00<span class=\"woocommerce-Price-currencySymbol\">&euro;<\/span><\/bdi><\/span> <span aria-hidden=\"true\"> \u2013 <\/span> <span class=\"woocommerce-Price-amount amount\" aria-hidden=\"true\"><bdi>41.00<span class=\"woocommerce-Price-currencySymbol\">&euro;<\/span><\/bdi><\/span><span class=\"screen-reader-text\">Preisspanne: 32.00&euro; bis 41.00&euro;<\/span><\/span>\n<\/div>\t<span id=\"woocommerce_loop_add_to_cart_link_describedby_41706\" class=\"screen-reader-text\">\n\t\tDieses Produkt weist mehrere Varianten auf. Die Optionen k\u00f6nnen auf der Produktseite gew\u00e4hlt werden\t<\/span>\n\t\t<\/div>\n\t<\/div>\n\t<span class=\"gtm4wp_productdata\" style=\"display:none; visibility:hidden;\" data-gtm4wp_product_data=\"{&quot;internal_id&quot;:41706,&quot;item_id&quot;:41706,&quot;item_name&quot;:&quot;Ovale Platte 34cm BREEZY&quot;,&quot;sku&quot;:41706,&quot;price&quot;:32,&quot;stocklevel&quot;:null,&quot;stockstatus&quot;:&quot;instock&quot;,&quot;google_business_vertical&quot;:&quot;retail&quot;,&quot;item_category&quot;:&quot;Cer\\u00e2mica Portuguesa Artesanal&quot;,&quot;item_category2&quot;:&quot;Travessas Saladeiras Cer\\u00e2mica&quot;,&quot;id&quot;:41706,&quot;productlink&quot;:&quot;https:\\\/\\\/www.companhiaatlantica.pt\\\/de\\\/produto\\\/portugiesische-keramik\\\/keramik-servierschalen-salatschussel\\\/breezy-oval-kreuz-34cm&quot;,&quot;item_list_name&quot;:&quot;General Product List&quot;,&quot;index&quot;:2,&quot;product_type&quot;:&quot;variable&quot;,&quot;item_brand&quot;:&quot;&quot;}\"><\/span>\t<\/div>\n<\/div><div class=\"product-small col has-hover product type-product post-41751 status-publish last instock product_cat-keramik-servierschalen-salatschussel product_cat-portugiesische-keramik has-post-thumbnail sale taxable shipping-taxable purchasable product-type-variable has-default-attributes\">\n\t<div class=\"col-inner\">\n\t\n<div class=\"badge-container absolute left top z-1\">\n<div class=\"badge callout badge-circle\">\r\n  \t\t\t<div class=\"badge-inner secondary on-sale\">\r\n  \t\t\t\t<span class=\"onsale\">-23%<\/span>\r\n\t\t\t<\/div>\r\n\t\t<\/div>\r\n\t\t<div class=\"badge callout badge-circle\">\r\n\t\t\t<div class=\"badge-inner callout-new-bg is-small new-bubble\"><\/div>\r\n\t\t<\/div>\n<\/div>\n\t<div class=\"product-small box \">\n\t\t<div class=\"box-image\">\n\t\t\t<div class=\"image-fade_in_back\">\n\t\t\t\t<a href=\"https:\/\/www.companhiaatlantica.pt\/de\/produto\/portugiesische-keramik\/keramik-servierschalen-salatschussel\/breezy-salatschussel\">\n\t\t\t\t\t<img loading=\"lazy\" decoding=\"async\" width=\"700\" height=\"700\" src=\"https:\/\/www.companhiaatlantica.pt\/wp-content\/uploads\/2021\/01\/130-313-700x700.jpg\" class=\"attachment-woocommerce_thumbnail size-woocommerce_thumbnail\" alt=\"BREEZY Salatsch\u00fcssel\" srcset=\"https:\/\/www.companhiaatlantica.pt\/wp-content\/uploads\/2021\/01\/130-313-700x700.jpg 700w, https:\/\/www.companhiaatlantica.pt\/wp-content\/uploads\/2021\/01\/130-313-100x100.jpg 100w, https:\/\/www.companhiaatlantica.pt\/wp-content\/uploads\/2021\/01\/130-313-900x900.jpg 900w, https:\/\/www.companhiaatlantica.pt\/wp-content\/uploads\/2021\/01\/130-313-300x300.jpg 300w, https:\/\/www.companhiaatlantica.pt\/wp-content\/uploads\/2021\/01\/130-313-150x150.jpg 150w, https:\/\/www.companhiaatlantica.pt\/wp-content\/uploads\/2021\/01\/130-313-768x768.jpg 768w, https:\/\/www.companhiaatlantica.pt\/wp-content\/uploads\/2021\/01\/130-313-600x600.jpg 600w, https:\/\/www.companhiaatlantica.pt\/wp-content\/uploads\/2021\/01\/130-313.jpg 1000w\" sizes=\"auto, (max-width: 700px) 100vw, 700px\" title=\"\"><img loading=\"lazy\" decoding=\"async\" width=\"700\" height=\"700\" src=\"https:\/\/www.companhiaatlantica.pt\/wp-content\/uploads\/2021\/02\/130-113_1-700x700.jpg\" class=\"show-on-hover absolute fill hide-for-small back-image\" alt=\"Alternative view of BREEZY Salatsch\u00fcssel\" aria-hidden=\"true\" srcset=\"https:\/\/www.companhiaatlantica.pt\/wp-content\/uploads\/2021\/02\/130-113_1-700x700.jpg 700w, https:\/\/www.companhiaatlantica.pt\/wp-content\/uploads\/2021\/02\/130-113_1-100x100.jpg 100w, https:\/\/www.companhiaatlantica.pt\/wp-content\/uploads\/2021\/02\/130-113_1-900x900.jpg 900w, https:\/\/www.companhiaatlantica.pt\/wp-content\/uploads\/2021\/02\/130-113_1-300x300.jpg 300w, https:\/\/www.companhiaatlantica.pt\/wp-content\/uploads\/2021\/02\/130-113_1-150x150.jpg 150w, https:\/\/www.companhiaatlantica.pt\/wp-content\/uploads\/2021\/02\/130-113_1-768x768.jpg 768w, https:\/\/www.companhiaatlantica.pt\/wp-content\/uploads\/2021\/02\/130-113_1-600x600.jpg 600w, https:\/\/www.companhiaatlantica.pt\/wp-content\/uploads\/2021\/02\/130-113_1.jpg 1000w\" sizes=\"auto, (max-width: 700px) 100vw, 700px\" title=\"\">\t\t\t\t<\/a>\n\t\t\t<\/div>\n\t\t\t<div class=\"image-tools is-small top right show-on-hover\">\n\t\t\t\t\t\t<div class=\"wishlist-icon\">\n\t\t\t<button class=\"wishlist-button button is-outline circle icon\" aria-label=\"Wunschliste\">\n\t\t\t\t<i class=\"icon-heart\" aria-hidden=\"true\"><\/i>\t\t\t<\/button>\n\t\t\t<div class=\"wishlist-popup dark\">\n\t\t\t\t\n<div\n\tclass=\"yith-wcwl-add-to-wishlist add-to-wishlist-41751 yith-wcwl-add-to-wishlist--button_default-style wishlist-fragment on-first-load\"\n\tdata-fragment-ref=\"41751\"\n\tdata-fragment-options=\"{&quot;base_url&quot;:&quot;&quot;,&quot;product_id&quot;:41751,&quot;parent_product_id&quot;:0,&quot;product_type&quot;:&quot;variable&quot;,&quot;is_single&quot;:false,&quot;in_default_wishlist&quot;:false,&quot;show_view&quot;:false,&quot;browse_wishlist_text&quot;:&quot;Siehe Ihre Wunschliste!&quot;,&quot;already_in_wishslist_text&quot;:&quot;Dieses Produkt steht bereits auf Ihrem Wunschzettel!&quot;,&quot;product_added_text&quot;:&quot;Produto adicionado!&quot;,&quot;available_multi_wishlist&quot;:false,&quot;disable_wishlist&quot;:false,&quot;show_count&quot;:false,&quot;ajax_loading&quot;:false,&quot;loop_position&quot;:&quot;after_add_to_cart&quot;,&quot;item&quot;:&quot;add_to_wishlist&quot;}\"\n>\n\t\t\t\n\t\t\t<!-- ADD TO WISHLIST -->\n\t\t\t\n<div class=\"yith-wcwl-add-button\">\n\t\t<a\n\t\thref=\"?add_to_wishlist=41751&#038;_wpnonce=bd4645bbbe\"\n\t\tclass=\"add_to_wishlist single_add_to_wishlist alt button theme-button-style \"\n\t\tdata-product-id=\"41751\"\n\t\tdata-product-type=\"variable\"\n\t\tdata-original-product-id=\"0\"\n\t\tdata-title=\"Zu meiner Wunschliste hinzuf\u00fcgen\"\n\t\trel=\"nofollow\"\n\t>\n\t\t<svg id=\"yith-wcwl-icon-heart-outline\" class=\"yith-wcwl-icon-svg\" fill=\"none\" stroke-width=\"1.5\" stroke=\"currentColor\" viewBox=\"0 0 24 24\" xmlns=\"http:\/\/www.w3.org\/2000\/svg\">\n  <path stroke-linecap=\"round\" stroke-linejoin=\"round\" d=\"M21 8.25c0-2.485-2.099-4.5-4.688-4.5-1.935 0-3.597 1.126-4.312 2.733-.715-1.607-2.377-2.733-4.313-2.733C5.1 3.75 3 5.765 3 8.25c0 7.22 9 12 9 12s9-4.78 9-12Z\"><\/path>\n<\/svg>\t\t<span>Zu meiner Wunschliste hinzuf\u00fcgen<\/span>\n\t<\/a>\n<\/div>\n\n\t\t\t<!-- COUNT TEXT -->\n\t\t\t\n\t\t\t<\/div>\n\t\t\t<\/div>\n\t\t<\/div>\n\t\t\t\t\t<\/div>\n\t\t\t<div class=\"image-tools is-small hide-for-small bottom left show-on-hover\">\n\t\t\t\t\t\t\t<\/div>\n\t\t\t<div class=\"image-tools grid-tools text-center hide-for-small bottom hover-slide-in show-on-hover\">\n\t\t\t\t\t\t\t<\/div>\n\t\t\t\t\t<\/div>\n\n\t\t<div class=\"box-text box-text-products\">\n\t\t\t<div class=\"title-wrapper\">\t\t<p class=\"category uppercase is-smaller no-text-overflow product-cat op-8\">\n\t\t\tKeramik Servierschalen Salatsch\u00fcssel\t\t<\/p>\n\t<p class=\"name product-title woocommerce-loop-product__title\"><a href=\"https:\/\/www.companhiaatlantica.pt\/de\/produto\/portugiesische-keramik\/keramik-servierschalen-salatschussel\/breezy-salatschussel\" class=\"woocommerce-LoopProduct-link woocommerce-loop-product__link\">BREEZY Salatsch\u00fcssel<\/a><\/p><\/div><div class=\"price-wrapper\">\n\t<span class=\"price\"><span class=\"woocommerce-Price-amount amount\" aria-hidden=\"true\"><bdi>36.00<span class=\"woocommerce-Price-currencySymbol\">&euro;<\/span><\/bdi><\/span> <span aria-hidden=\"true\"> \u2013 <\/span> <span class=\"woocommerce-Price-amount amount\" aria-hidden=\"true\"><bdi>49.50<span class=\"woocommerce-Price-currencySymbol\">&euro;<\/span><\/bdi><\/span><span class=\"screen-reader-text\">Preisspanne: 36.00&euro; bis 49.50&euro;<\/span><\/span>\n<\/div>\t<span id=\"woocommerce_loop_add_to_cart_link_describedby_41751\" class=\"screen-reader-text\">\n\t\tDieses Produkt weist mehrere Varianten auf. Die Optionen k\u00f6nnen auf der Produktseite gew\u00e4hlt werden\t<\/span>\n\t\t<\/div>\n\t<\/div>\n\t<span class=\"gtm4wp_productdata\" style=\"display:none; visibility:hidden;\" data-gtm4wp_product_data=\"{&quot;internal_id&quot;:41751,&quot;item_id&quot;:41751,&quot;item_name&quot;:&quot;BREEZY Salatsch\\u00fcssel&quot;,&quot;sku&quot;:41751,&quot;price&quot;:36,&quot;stocklevel&quot;:null,&quot;stockstatus&quot;:&quot;instock&quot;,&quot;google_business_vertical&quot;:&quot;retail&quot;,&quot;item_category&quot;:&quot;Cer\\u00e2mica Portuguesa Artesanal&quot;,&quot;item_category2&quot;:&quot;Travessas Saladeiras Cer\\u00e2mica&quot;,&quot;id&quot;:41751,&quot;productlink&quot;:&quot;https:\\\/\\\/www.companhiaatlantica.pt\\\/de\\\/produto\\\/portugiesische-keramik\\\/keramik-servierschalen-salatschussel\\\/breezy-salatschussel&quot;,&quot;item_list_name&quot;:&quot;General Product List&quot;,&quot;index&quot;:3,&quot;product_type&quot;:&quot;variable&quot;,&quot;item_brand&quot;:&quot;&quot;}\"><\/span>\t<\/div>\n<\/div><\/div><!-- row -->\n<\/div>\n<h2><span style=\"font-weight: 400;\">Der Charme eines gut gedeckten Tisches<\/span><\/h2>\n<h4><span style=\"font-weight: 400;\">Und weil das Auge mit isst, sollten Sie, um der Pr\u00e4sentation von Salaten eine besondere Note zu verleihen, einen Blick auf die Kollektion von <\/span><a href=\"https:\/\/www.companhiaatlantica.pt\/de\/portugiesische-keramik\/keramik-servierschalen-salatschussel\"><span style=\"font-weight: 400;\">Keramik-Tellern und Salatschalen <\/span><\/a> <span style=\"font-weight: 400;\"> der Atlantic Company? Ein gut gedeckter Tisch mit dem richtigen Geschirr macht jede Mahlzeit zu etwas Besonderem und zu einem Vergn\u00fcgen und schafft eine Atmosph\u00e4re von Eleganz und Komfort, die den Unterschied ausmacht!<\/span><\/h4>\n","protected":false},"excerpt":{"rendered":"<p>Der Sommer ist da und mit ihm hei\u00dfe, sonnige Tage, die nach leichten, frischen und leckeren Gerichten verlangen. Und wenn der Hunger kommt, gibt es nichts Besseres als einen kalten Salat, der den K\u00f6rper erfrischt und den Gaumen erfreut. Ob f\u00fcr ein schnelles Mittagessen, ein leichtes Abendessen oder ein Picknick im Freien, kalte Salate sind [&#8230;]\n","protected":false},"author":636,"featured_media":61605,"comment_status":"closed","ping_status":"open","sticky":false,"template":"","format":"standard","meta":{"footnotes":""},"categories":[3132],"tags":[],"class_list":["post-61719","post","type-post","status-publish","format-standard","has-post-thumbnail","hentry","category-artikel"],"_links":{"self":[{"href":"https:\/\/www.companhiaatlantica.pt\/de\/wp-json\/wp\/v2\/posts\/61719","targetHints":{"allow":["GET"]}}],"collection":[{"href":"https:\/\/www.companhiaatlantica.pt\/de\/wp-json\/wp\/v2\/posts"}],"about":[{"href":"https:\/\/www.companhiaatlantica.pt\/de\/wp-json\/wp\/v2\/types\/post"}],"author":[{"embeddable":true,"href":"https:\/\/www.companhiaatlantica.pt\/de\/wp-json\/wp\/v2\/users\/636"}],"replies":[{"embeddable":true,"href":"https:\/\/www.companhiaatlantica.pt\/de\/wp-json\/wp\/v2\/comments?post=61719"}],"version-history":[{"count":5,"href":"https:\/\/www.companhiaatlantica.pt\/de\/wp-json\/wp\/v2\/posts\/61719\/revisions"}],"predecessor-version":[{"id":63042,"href":"https:\/\/www.companhiaatlantica.pt\/de\/wp-json\/wp\/v2\/posts\/61719\/revisions\/63042"}],"wp:featuredmedia":[{"embeddable":true,"href":"https:\/\/www.companhiaatlantica.pt\/de\/wp-json\/wp\/v2\/media\/61605"}],"wp:attachment":[{"href":"https:\/\/www.companhiaatlantica.pt\/de\/wp-json\/wp\/v2\/media?parent=61719"}],"wp:term":[{"taxonomy":"category","embeddable":true,"href":"https:\/\/www.companhiaatlantica.pt\/de\/wp-json\/wp\/v2\/categories?post=61719"},{"taxonomy":"post_tag","embeddable":true,"href":"https:\/\/www.companhiaatlantica.pt\/de\/wp-json\/wp\/v2\/tags?post=61719"}],"curies":[{"name":"wp","href":"https:\/\/api.w.org\/{rel}","templated":true}]}}