{"id":78010,"date":"2025-09-09T15:41:03","date_gmt":"2025-09-09T14:41:03","guid":{"rendered":"https:\/\/www.companhiaatlantica.pt\/unkategorisiert\/canecas-que-transformam-rotinas-em-rituais-%e2%98%95"},"modified":"2025-09-12T16:01:40","modified_gmt":"2025-09-12T15:01:40","slug":"tassen-die-routinen-in-rituale-verwandeln-%e2%98%95","status":"publish","type":"post","link":"https:\/\/www.companhiaatlantica.pt\/de\/unkategorisiert\/tassen-die-routinen-in-rituale-verwandeln-%e2%98%95","title":{"rendered":"Tassen, die Routinen in Rituale verwandeln \u2615"},"content":{"rendered":"<div class=\"row row-collapse row-full-width align-middle\"  id=\"row-869026569\">\n\n\t<div id=\"col-700540582\" class=\"col small-12 large-12\"  >\n\t\t\t\t<div class=\"col-inner\"  >\n\t\t\t\n\t\t\t\n\t<div id=\"text-1836840026\" class=\"text\">\n\t\t\n<nav aria-label=\"breadcrumbs\" class=\"rank-math-breadcrumb\"><p><span class=\"last\">In\u00edcio<\/span><\/p><\/nav>\n\t\t\n<style>\n#text-1836840026 {\n  text-align: left;\n}\n<\/style>\n\t<\/div>\n\t\n\t\t<\/div>\n\t\t\t\t\t<\/div>\n\n\t\n<\/div>\n\n\t<section class=\"section\" id=\"section_1313235114\">\n\t\t<div class=\"section-bg fill\" >\n\t\t\t\t\t\t\t\t\t\n\t\t\t\n\n\t\t<\/div>\n\n\t\t\n\n\t\t<div class=\"section-content relative\">\n\t\t\t\n\t<div id=\"text-2253359414\" class=\"text\">\n\t\t\n<h2>Keramiktassen, die jeden Moment inspirieren, von Companhia Atl\u00e2ntica<\/h2>\n\t\t\n<style>\n#text-2253359414 {\n  text-align: center;\n}\n<\/style>\n\t<\/div>\n\t\n<div class=\"row\"  id=\"row-35317898\">\n\n\t<div id=\"col-1684533065\" class=\"col small-12 large-12\"  >\n\t\t\t\t<div class=\"col-inner\"  >\n\t\t\t\n\t\t\t\n\t<div id=\"text-2163605810\" class=\"text\">\n\t\t\n<p>Entdecken Sie unsere Kollektionen von Keramiktassen, in denen jedes St\u00fcck den einfachen Akt des Trinkens in ein raffiniertes Erlebnis verwandelt.<\/p>\n<p>Sp\u00fcren Sie jedes Detail, bewundern Sie das Design und genie\u00dfen Sie Momente der Eleganz am Tisch. \u2615\u2728<\/p>\n\t\t\n<style>\n#text-2163605810 {\n  text-align: center;\n}\n<\/style>\n\t<\/div>\n\t\n\t\t<\/div>\n\t\t\t\t\t<\/div>\n\n\t\n<\/div>\n\t<div id=\"gap-1892661687\" class=\"gap-element clearfix\" style=\"display:block; height:auto;\">\n\t\t\n<style>\n#gap-1892661687 {\n  padding-top: 30px;\n}\n<\/style>\n\t<\/div>\n\t\n<div class=\"row\"  id=\"row-1430113545\">\n\n\t<div id=\"col-1857994225\" class=\"col medium-5 small-12 large-5\"  >\n\t\t\t\t<div class=\"col-inner\"  >\n\t\t\t\n\t\t\t\n\t<div class=\"img has-hover x md-x lg-x y md-y lg-y\" id=\"image_773535574\">\n\t\t<a class=\"\" href=\"https:\/\/www.companhiaatlantica.pt\/de\/portugiesische-keramik\/keramiktasse\" >\t\t\t\t\t\t<div class=\"img-inner dark\" >\n\t\t\t<img loading=\"lazy\" decoding=\"async\" width=\"1000\" height=\"912\" src=\"https:\/\/www.companhiaatlantica.pt\/wp-content\/uploads\/2025\/08\/DSC9024_.jpg\" class=\"attachment-large size-large\" alt=\"\" srcset=\"https:\/\/www.companhiaatlantica.pt\/wp-content\/uploads\/2025\/08\/DSC9024_.jpg 1000w, https:\/\/www.companhiaatlantica.pt\/wp-content\/uploads\/2025\/08\/DSC9024_-900x821.jpg 900w, https:\/\/www.companhiaatlantica.pt\/wp-content\/uploads\/2025\/08\/DSC9024_-400x365.jpg 400w, https:\/\/www.companhiaatlantica.pt\/wp-content\/uploads\/2025\/08\/DSC9024_-768x700.jpg 768w\" sizes=\"auto, (max-width: 1000px) 100vw, 1000px\" title=\"\">\t\t\t\t\t\t\n\t\t\t\t\t<\/div>\n\t\t\t\t\t\t<\/a>\t\t\n<style>\n#image_773535574 {\n  width: 100%;\n}\n@media (min-width:850px) {\n  #image_773535574 {\n    width: 94%;\n  }\n}\n<\/style>\n\t<\/div>\n\t\n\t<div class=\"img has-hover show-for-medium x md-x lg-x y md-y lg-y\" id=\"image_1497516461\">\n\t\t<a class=\"\" href=\"https:\/\/www.companhiaatlantica.pt\/ceramica-portuguesa\/canecas-ceramica?filter_colecao=barrel\" >\t\t\t\t\t\t<div class=\"img-inner dark\" >\n\t\t\t<img loading=\"lazy\" decoding=\"async\" width=\"600\" height=\"600\" src=\"https:\/\/www.companhiaatlantica.pt\/wp-content\/uploads\/2020\/10\/130-348_1.jpg\" class=\"attachment-large size-large\" alt=\"\" srcset=\"https:\/\/www.companhiaatlantica.pt\/wp-content\/uploads\/2020\/10\/130-348_1.jpg 600w, https:\/\/www.companhiaatlantica.pt\/wp-content\/uploads\/2020\/10\/130-348_1-100x100.jpg 100w\" sizes=\"auto, (max-width: 600px) 100vw, 600px\" title=\"\">\t\t\t\t\t\t\n\t\t\t\t\t<\/div>\n\t\t\t\t\t\t<\/a>\t\t\n<style>\n#image_1497516461 {\n  width: 100%;\n}\n@media (min-width:850px) {\n  #image_1497516461 {\n    width: 94%;\n  }\n}\n<\/style>\n\t<\/div>\n\t\n\t\t<\/div>\n\t\t\t\t\t<\/div>\n\n\t\n\n\t<div id=\"col-763331911\" class=\"col medium-7 small-12 large-7\"  >\n\t\t\t\t<div class=\"col-inner\"  >\n\t\t\t\n\t\t\t\n<h2>Kaffeemomente, die Ihren Tag erw\u00e4rmen!<\/h2>\n<p>Tauchen wir ein in das Universum unserer <a href=\"https:\/\/www.companhiaatlantica.pt\/ceramica-portuguesa\/copos-chavenas-cafe-ceramica\">Kollektionen von Keramiktassen<\/a> von <strong>Companhia Atl\u00e2ntica<\/strong>. Jede Kollektion \u2014 <strong>DUNA, MAR, BREEZY, COMPORTA<\/strong> und <strong>BARREL<\/strong> \u2014 zeigt einzigartige Details, die jeden Kaffeemoment zu einem Erlebnis von Design, Geschmack und Inspiration machen. Entdecken Sie Formen, Farben und Texturen, die jede Tasse besonders machen, und tauchen Sie in die zeitgen\u00f6ssische Geschichte der Keramik ein, denn wir wissen, dass der einfache Akt des Kaffeetrinkens ein Ritual voller Genuss und Bedeutung sein kann.<\/p>\n<h3>Wussten Sie, dass Kaffee gut f\u00fcr Geist und K\u00f6rper ist?<\/h3>\n<p>Mehr als Geschmack und Aroma, verwandelt Kaffee die Momente des Tages in kleine Genuss-Pausen. Neben der Energie liefert er reichlich Antioxidantien, die den K\u00f6rper sch\u00fctzen und zur <a href=\"https:\/\/www.cuf.pt\/mais-saude\/10-beneficios-do-cafe\" target=\"_blank\" rel=\"nofollow noopener\"><strong>Vorbeugung verschiedener Krankheiten<\/strong><\/a> beitragen.<\/p>\n<p>Moderater Konsum ist mit einem geringeren Risiko f\u00fcr Herzprobleme, Schlaganfall, Typ-2-Diabetes und sogar einigen Krebsarten verbunden. Au\u00dferdem stimuliert Koffein den Geist, weckt die Sinne und macht jede Kaffeepause zu einem Moment der Inspiration und des Wohlbefindens.<\/p>\n\t\t<\/div>\n\t\t\t\t\t<\/div>\n\n\t\n<\/div>\n\t\t<\/div>\n\n\t\t\n<style>\n#section_1313235114 {\n  padding-top: 0px;\n  padding-bottom: 0px;\n}\n<\/style>\n\t<\/section>\n\t\n<div class=\"row\"  id=\"row-1899297106\">\n\n\t<div id=\"col-1258927208\" class=\"col medium-3 small-12 large-3\"  >\n\t\t\t\t<div class=\"col-inner\"  >\n\t\t\t\n\t\t\t\n\t<div id=\"gap-1697484798\" class=\"gap-element clearfix\" style=\"display:block; height:auto;\">\n\t\t\n<style>\n#gap-1697484798 {\n  padding-top: 30px;\n}\n<\/style>\n\t<\/div>\n\t\n\t<div class=\"img has-hover x md-x lg-x y md-y lg-y\" id=\"image_282496856\">\n\t\t<a class=\"\" href=\"https:\/\/www.companhiaatlantica.pt\/de\/portugiesische-keramik\/keramiktasse?filter_colecao=mar-de\">\t\t\t\t\t\t<div class=\"img-inner dark\" >\n\t\t\t<img loading=\"lazy\" decoding=\"async\" width=\"600\" height=\"600\" src=\"https:\/\/www.companhiaatlantica.pt\/wp-content\/uploads\/2021\/08\/IMG_2563.jpg\" class=\"attachment-large size-large\" alt=\"\" srcset=\"https:\/\/www.companhiaatlantica.pt\/wp-content\/uploads\/2021\/08\/IMG_2563.jpg 600w, https:\/\/www.companhiaatlantica.pt\/wp-content\/uploads\/2021\/08\/IMG_2563-100x100.jpg 100w\" sizes=\"auto, (max-width: 600px) 100vw, 600px\" title=\"\">\t\t\t\t\t\t\n\t\t\t\t\t<\/div>\n\t\t\t\t\t\t<\/a>\t\t\n<style>\n#image_282496856 {\n  width: 100%;\n}\n<\/style>\n\t<\/div>\n\t\n\t\t<\/div>\n\t\t\t\t\t<\/div>\n\n\t\n\n\t<div id=\"col-115951711\" class=\"col medium-3 small-12 large-3\"  >\n\t\t\t\t<div class=\"col-inner\"  >\n\t\t\t\n\t\t\t\n\t<div id=\"gap-1415039135\" class=\"gap-element clearfix\" style=\"display:block; height:auto;\">\n\t\t\n<style>\n#gap-1415039135 {\n  padding-top: 30px;\n}\n<\/style>\n\t<\/div>\n\t\n\t<div class=\"img has-hover x md-x lg-x y md-y lg-y\" id=\"image_436443269\">\n\t\t<a class=\"\" href=\"https:\/\/www.companhiaatlantica.pt\/de\/portugiesische-keramik\/keramiktasse?filter_colecao=mar-de\">\t\t\t\t\t\t<div class=\"img-inner dark\" >\n\t\t\t<img loading=\"lazy\" decoding=\"async\" width=\"600\" height=\"600\" src=\"https:\/\/www.companhiaatlantica.pt\/wp-content\/uploads\/2021\/08\/IMG_2488.jpg\" class=\"attachment-large size-large\" alt=\"\" srcset=\"https:\/\/www.companhiaatlantica.pt\/wp-content\/uploads\/2021\/08\/IMG_2488.jpg 600w, https:\/\/www.companhiaatlantica.pt\/wp-content\/uploads\/2021\/08\/IMG_2488-100x100.jpg 100w\" sizes=\"auto, (max-width: 600px) 100vw, 600px\" title=\"\">\t\t\t\t\t\t\n\t\t\t\t\t<\/div>\n\t\t\t\t\t\t<\/a>\t\t\n<style>\n#image_436443269 {\n  width: 100%;\n}\n<\/style>\n\t<\/div>\n\t\n\t\t<\/div>\n\t\t\t\t\t<\/div>\n\n\t\n\n\t<div id=\"col-632739424\" class=\"col medium-6 small-12 large-6\"  >\n\t\t\t\t<div class=\"col-inner\"  >\n\t\t\t\n\t\t\t\n<h3>Kollektion MAR: K\u00fcsten-Eleganz in jedem Detail<\/h3>\n<p>Die Kaffeetassen der Kollektion MAR von Companhia Atl\u00e2ntica verk\u00f6rpern die Ruhe und Kraft des Ozeans. Jedes St\u00fcck ist aus hochwertiger Keramik gefertigt und spiegelt die Harmonie zwischen Natur und zeitgen\u00f6ssischem Design wider.<\/p>\n<p>Inspiriert von den Wellenbewegungen und der Weite des Meeres, zeigen sie sanfte Formen und Farben, die die Frische des Atlantiks auf Ihren Tisch bringen. Die Farbvariationen erinnern an die Tiefe des Wassers und die Helligkeit der K\u00fcste und machen jede Tasse einzigartig und voller Pers\u00f6nlichkeit.<\/p>\n<p>Neben der \u00e4sthetischen Anziehungskraft zeichnen sich die Tassen durch ihre Widerstandsf\u00e4higkeit und den Komfort im t\u00e4glichen Gebrauch aus, wodurch der einfache Akt des Kaffeetrinkens zu einem Moment des Genusses und der Kontemplation wird.<\/p>\n<a href=\"https:\/\/www.companhiaatlantica.pt\/de\/portugiesische-keramik\/keramiktasse?filter_colecao=mar-de\" class=\"button secondary\">\n\t\t<span>Kollektion MAR ansehen<\/span>\n\t<\/a>\n\n\t\t<\/div>\n\t\t\t\t\t<\/div>\n\n\t\n<\/div>\n\n\t<section class=\"section\" id=\"section_1712939226\">\n\t\t<div class=\"section-bg fill\" >\n\t\t\t\t\t\t\t\t\t\n\t\t\t\n\n\t\t<\/div>\n\n\t\t\n\n\t\t<div class=\"section-content relative\">\n\t\t\t\n\t<div id=\"gap-1179922524\" class=\"gap-element clearfix\" style=\"display:block; height:auto;\">\n\t\t\n<style>\n#gap-1179922524 {\n  padding-top: 30px;\n}\n<\/style>\n\t<\/div>\n\t\n<div class=\"row\"  id=\"row-1346214683\">\n\n\t<div id=\"col-1245034411\" class=\"col medium-6 small-12 large-6\"  >\n\t\t\t\t<div class=\"col-inner\"  >\n\t\t\t\n\t\t\t\n<h3>Kollektion DUNA: Verschmelzung von Natur und Design<\/h3>\n<p>Die DUNA-Kollektion von Companhia Atl\u00e2ntica ist von den wundersch\u00f6nen Landschaften Portugals inspiriert. Jedes St\u00fcck vereint die Ruhe der D\u00fcnen mit der Kraft der portugiesischen K\u00fcste in einem zeitgen\u00f6ssischen und eleganten Design.<\/p>\n<p>Hergestellt aus hochwertiger Keramik, spiegeln die Tassen nat\u00fcrliche Texturen und Farben wider und verwandeln jeden Kaffee in einen Moment der Inspiration. Robust und praktisch, vereinen diese Tassen Sch\u00f6nheit, Funktionalit\u00e4t und Tradition. Entdecken Sie die DUNA-Kollektion \u2013 wo Natur auf Design trifft.<\/p>\n<a href=\"https:\/\/www.companhiaatlantica.pt\/de\/portugiesische-keramik\/keramiktasse?filter_colecao=duna-de\" class=\"button secondary\">\n\t\t<span>Kollektion DUNA ansehen<\/span>\n\t<\/a>\n\n\t\t<\/div>\n\t\t\t\t\t<\/div>\n\n\t\n\n\t<div id=\"col-1897961331\" class=\"col medium-3 small-6 large-3\"  >\n\t\t\t\t<div class=\"col-inner\"  >\n\t\t\t\n\t\t\t\n\t<div class=\"img has-hover x md-x lg-x y md-y lg-y\" id=\"image_1800821681\">\n\t\t<a class=\"\" href=\"https:\/\/www.companhiaatlantica.pt\/de\/portugiesische-keramik\/keramiktasse?filter_colecao=duna-de\">\t\t\t\t\t\t<div class=\"img-inner dark\" >\n\t\t\t<img loading=\"lazy\" decoding=\"async\" width=\"1000\" height=\"1000\" src=\"https:\/\/www.companhiaatlantica.pt\/wp-content\/uploads\/2025\/06\/131-399.jpg\" class=\"attachment-large size-large\" alt=\"\" srcset=\"https:\/\/www.companhiaatlantica.pt\/wp-content\/uploads\/2025\/06\/131-399.jpg 1000w, https:\/\/www.companhiaatlantica.pt\/wp-content\/uploads\/2025\/06\/131-399-700x700.jpg 700w, https:\/\/www.companhiaatlantica.pt\/wp-content\/uploads\/2025\/06\/131-399-100x100.jpg 100w, https:\/\/www.companhiaatlantica.pt\/wp-content\/uploads\/2025\/06\/131-399-900x900.jpg 900w, https:\/\/www.companhiaatlantica.pt\/wp-content\/uploads\/2025\/06\/131-399-400x400.jpg 400w, https:\/\/www.companhiaatlantica.pt\/wp-content\/uploads\/2025\/06\/131-399-350x350.jpg 350w, https:\/\/www.companhiaatlantica.pt\/wp-content\/uploads\/2025\/06\/131-399-768x768.jpg 768w\" sizes=\"auto, (max-width: 1000px) 100vw, 1000px\" title=\"\">\t\t\t\t\t\t\n\t\t\t\t\t<\/div>\n\t\t\t\t\t\t<\/a>\t\t\n<style>\n#image_1800821681 {\n  width: 100%;\n}\n<\/style>\n\t<\/div>\n\t\n\t\t<\/div>\n\t\t\t\t\t<\/div>\n\n\t\n\n\t<div id=\"col-1628787186\" class=\"col medium-3 small-6 large-3\"  >\n\t\t\t\t<div class=\"col-inner\"  >\n\t\t\t\n\t\t\t\n\t<div class=\"img has-hover x md-x lg-x y md-y lg-y\" id=\"image_1658541860\">\n\t\t<a class=\"\" href=\"https:\/\/www.companhiaatlantica.pt\/de\/portugiesische-keramik\/keramiktasse?filter_colecao=duna-de\">\t\t\t\t\t\t<div class=\"img-inner dark\" >\n\t\t\t<img loading=\"lazy\" decoding=\"async\" width=\"1000\" height=\"1000\" src=\"https:\/\/www.companhiaatlantica.pt\/wp-content\/uploads\/2025\/06\/131-282.jpg\" class=\"attachment-large size-large\" alt=\"\" srcset=\"https:\/\/www.companhiaatlantica.pt\/wp-content\/uploads\/2025\/06\/131-282.jpg 1000w, https:\/\/www.companhiaatlantica.pt\/wp-content\/uploads\/2025\/06\/131-282-700x700.jpg 700w, https:\/\/www.companhiaatlantica.pt\/wp-content\/uploads\/2025\/06\/131-282-100x100.jpg 100w, https:\/\/www.companhiaatlantica.pt\/wp-content\/uploads\/2025\/06\/131-282-900x900.jpg 900w, https:\/\/www.companhiaatlantica.pt\/wp-content\/uploads\/2025\/06\/131-282-400x400.jpg 400w, https:\/\/www.companhiaatlantica.pt\/wp-content\/uploads\/2025\/06\/131-282-350x350.jpg 350w, https:\/\/www.companhiaatlantica.pt\/wp-content\/uploads\/2025\/06\/131-282-768x768.jpg 768w\" sizes=\"auto, (max-width: 1000px) 100vw, 1000px\" title=\"\">\t\t\t\t\t\t\n\t\t\t\t\t<\/div>\n\t\t\t\t\t\t<\/a>\t\t\n<style>\n#image_1658541860 {\n  width: 100%;\n}\n<\/style>\n\t<\/div>\n\t\n\t\t<\/div>\n\t\t\t\t\t<\/div>\n\n\t\n<\/div>\n\t<div id=\"gap-1764218275\" class=\"gap-element clearfix\" style=\"display:block; height:auto;\">\n\t\t\n<style>\n#gap-1764218275 {\n  padding-top: 30px;\n}\n<\/style>\n\t<\/div>\n\t\n\t\t<\/div>\n\n\t\t\n<style>\n#section_1712939226 {\n  padding-top: 0px;\n  padding-bottom: 0px;\n}\n<\/style>\n\t<\/section>\n\t\n\n\t<section class=\"section\" id=\"section_1786702055\">\n\t\t<div class=\"section-bg fill\" >\n\t\t\t\t\t\t\t\t\t\n\t\t\t\n\n\t\t<\/div>\n\n\t\t\n\n\t\t<div class=\"section-content relative\">\n\t\t\t\n<div class=\"row\"  id=\"row-916140875\">\n\n\t<div id=\"col-2002881373\" class=\"col medium-3 small-12 large-3\"  >\n\t\t\t\t<div class=\"col-inner\"  >\n\t\t\t\n\t\t\t\n\t<div class=\"img has-hover x md-x lg-x y md-y lg-y\" id=\"image_1956267879\">\n\t\t<a class=\"\" href=\"https:\/\/www.companhiaatlantica.pt\/de\/portugiesische-keramik\/keramiktasse?filter_colecao=barrel-de\">\t\t\t\t\t\t<div class=\"img-inner dark\" >\n\t\t\t<img loading=\"lazy\" decoding=\"async\" width=\"600\" height=\"600\" src=\"https:\/\/www.companhiaatlantica.pt\/wp-content\/uploads\/2020\/06\/IMG_6968.jpg\" class=\"attachment-large size-large\" alt=\"\" srcset=\"https:\/\/www.companhiaatlantica.pt\/wp-content\/uploads\/2020\/06\/IMG_6968.jpg 600w, https:\/\/www.companhiaatlantica.pt\/wp-content\/uploads\/2020\/06\/IMG_6968-100x100.jpg 100w\" sizes=\"auto, (max-width: 600px) 100vw, 600px\" title=\"\">\t\t\t\t\t\t\n\t\t\t\t\t<\/div>\n\t\t\t\t\t\t<\/a>\t\t\n<style>\n#image_1956267879 {\n  width: 100%;\n}\n<\/style>\n\t<\/div>\n\t\n\t\t<\/div>\n\t\t\t\t\t<\/div>\n\n\t\n\n\t<div id=\"col-264669897\" class=\"col medium-3 small-12 large-3\"  >\n\t\t\t\t<div class=\"col-inner\"  >\n\t\t\t\n\t\t\t\n\t<div class=\"img has-hover x md-x lg-x y md-y lg-y\" id=\"image_331041011\">\n\t\t<a class=\"\" href=\"https:\/\/www.companhiaatlantica.pt\/de\/portugiesische-keramik\/keramiktasse?filter_colecao=barrel-de\">\t\t\t\t\t\t<div class=\"img-inner dark\" >\n\t\t\t<img loading=\"lazy\" decoding=\"async\" width=\"600\" height=\"600\" src=\"https:\/\/www.companhiaatlantica.pt\/wp-content\/uploads\/2020\/06\/IMG_6921.jpg\" class=\"attachment-large size-large\" alt=\"\" srcset=\"https:\/\/www.companhiaatlantica.pt\/wp-content\/uploads\/2020\/06\/IMG_6921.jpg 600w, https:\/\/www.companhiaatlantica.pt\/wp-content\/uploads\/2020\/06\/IMG_6921-100x100.jpg 100w\" sizes=\"auto, (max-width: 600px) 100vw, 600px\" title=\"\">\t\t\t\t\t\t\n\t\t\t\t\t<\/div>\n\t\t\t\t\t\t<\/a>\t\t\n<style>\n#image_331041011 {\n  width: 100%;\n}\n<\/style>\n\t<\/div>\n\t\n\t\t<\/div>\n\t\t\t\t\t<\/div>\n\n\t\n\n\t<div id=\"col-888660244\" class=\"col medium-6 small-12 large-6\"  >\n\t\t\t\t<div class=\"col-inner\"  >\n\t\t\t\n\t\t\t\n<h3>Kollektion BARREL: Leichtigkeit und Boho-Stil in Ihrer Pause<\/h3>\n<p>Die Tassen der Kollektion BARREL sind wie ein Hauch von Leichtigkeit, der Ihre Pause in etwas Besonderes verwandelt. Mit sanften Linien und Boho-Design bietet diese Kollektion ein einzigartiges visuelles und taktiles Erlebnis.<br \/>\nDie Kollektion BARREL begeistert durch ihre wundersch\u00f6nen Farbt\u00f6ne und den entspannten Stil, der jedes St\u00fcck einzigartig macht.<\/p>\n<p>Erh\u00e4ltlich in den Farben e-Oyster, Lila, Rosa, Gr\u00fcn, Blau Fresh Air, Blau Light Sky und Braun, vereinen diese Tassen Eleganz und Frische und bringen Freude und Pers\u00f6nlichkeit in Ihre Kaffeeroutine.<\/p>\n<a href=\"https:\/\/www.companhiaatlantica.pt\/de\/portugiesische-keramik\/keramiktasse?filter_colecao=barrel-de\" class=\"button secondary\">\n\t\t<span>Kollektion BARREL ansehen<\/span>\n\t<\/a>\n\n\t\t<\/div>\n\t\t\t\t\t<\/div>\n\n\t\n<\/div>\n\t<div id=\"gap-1292430668\" class=\"gap-element clearfix\" style=\"display:block; height:auto;\">\n\t\t\n<style>\n#gap-1292430668 {\n  padding-top: 30px;\n}\n<\/style>\n\t<\/div>\n\t\n\t\t<\/div>\n\n\t\t\n<style>\n#section_1786702055 {\n  padding-top: 0px;\n  padding-bottom: 0px;\n}\n<\/style>\n\t<\/section>\n\t\n\n\t<section class=\"section\" id=\"section_1310391999\">\n\t\t<div class=\"section-bg fill\" >\n\t\t\t\t\t\t\t\t\t\n\t\t\t\n\n\t\t<\/div>\n\n\t\t\n\n\t\t<div class=\"section-content relative\">\n\t\t\t\n<div class=\"row\"  id=\"row-462625056\">\n\n\t<div id=\"col-346946205\" class=\"col medium-6 small-12 large-6\"  >\n\t\t\t\t<div class=\"col-inner\"  >\n\t\t\t\n\t\t\t\n<h3>Kollektion COMPORTA: Handwerkskunst und den Strand von Comporta feiern<\/h3>\n<p>Die Tassenkollektion COMPORTA entf\u00fchrt uns in die elegante und ruhige Atmosph\u00e4re der Ufer von Comporta. Jede Tasse ist ein Unikat, das die K\u00fcsteneleganz und die Handwerkskunst widerspiegelt, die diese Linie so besonders machen.<\/p>\n<p>Inspiriert von der unverwechselbaren Sch\u00f6nheit des Strandes von Comporta, f\u00e4ngt diese Kollektion seine Farben, Streifen und die Bewegung des Meeres ein und bringt die Essenz der portugiesischen K\u00fcste auf Ihren Tisch.<\/p>\n<p>Erh\u00e4ltlich in Grau und Blau, vereinen die COMPORTA-Tassen Tradition, Design und nat\u00fcrliche Inspiration und verwandeln jede Kaffeepause in einen Moment der Gelassenheit.<\/p>\n<a href=\"https:\/\/www.companhiaatlantica.pt\/de\/portugiesische-keramik\/keramiktasse?filter_colecao=comporta-de\" class=\"button secondary\">\n\t\t<span>Kollektion COMPORTA ansehen<\/span>\n\t<\/a>\n\n\t\t<\/div>\n\t\t\t\t\t<\/div>\n\n\t\n\n\t<div id=\"col-1318301406\" class=\"col medium-3 small-6 large-3\"  >\n\t\t\t\t<div class=\"col-inner\"  >\n\t\t\t\n\t\t\t\n\t<div class=\"img has-hover x md-x lg-x y md-y lg-y\" id=\"image_1523997128\">\n\t\t<a class=\"\" href=\"https:\/\/www.companhiaatlantica.pt\/de\/portugiesische-keramik\/keramiktasse?filter_colecao=comporta-de\">\t\t\t\t\t\t<div class=\"img-inner dark\" >\n\t\t\t<img loading=\"lazy\" decoding=\"async\" width=\"600\" height=\"600\" src=\"https:\/\/www.companhiaatlantica.pt\/wp-content\/uploads\/2021\/01\/IMG_3277.jpg\" class=\"attachment-large size-large\" alt=\"\" srcset=\"https:\/\/www.companhiaatlantica.pt\/wp-content\/uploads\/2021\/01\/IMG_3277.jpg 600w, https:\/\/www.companhiaatlantica.pt\/wp-content\/uploads\/2021\/01\/IMG_3277-100x100.jpg 100w\" sizes=\"auto, (max-width: 600px) 100vw, 600px\" title=\"\">\t\t\t\t\t\t\n\t\t\t\t\t<\/div>\n\t\t\t\t\t\t<\/a>\t\t\n<style>\n#image_1523997128 {\n  width: 100%;\n}\n<\/style>\n\t<\/div>\n\t\n\t\t<\/div>\n\t\t\t\t\t<\/div>\n\n\t\n\n\t<div id=\"col-834769907\" class=\"col medium-3 small-6 large-3\"  >\n\t\t\t\t<div class=\"col-inner\"  >\n\t\t\t\n\t\t\t\n\t<div class=\"img has-hover x md-x lg-x y md-y lg-y\" id=\"image_2049650051\">\n\t\t<a class=\"\" href=\"https:\/\/www.companhiaatlantica.pt\/de\/portugiesische-keramik\/keramiktasse?filter_colecao=comporta-de\">\t\t\t\t\t\t<div class=\"img-inner dark\" >\n\t\t\t<img loading=\"lazy\" decoding=\"async\" width=\"600\" height=\"600\" src=\"https:\/\/www.companhiaatlantica.pt\/wp-content\/uploads\/2020\/09\/IMG_2756.jpg\" class=\"attachment-large size-large\" alt=\"\" srcset=\"https:\/\/www.companhiaatlantica.pt\/wp-content\/uploads\/2020\/09\/IMG_2756.jpg 600w, https:\/\/www.companhiaatlantica.pt\/wp-content\/uploads\/2020\/09\/IMG_2756-100x100.jpg 100w\" sizes=\"auto, (max-width: 600px) 100vw, 600px\" title=\"\">\t\t\t\t\t\t\n\t\t\t\t\t<\/div>\n\t\t\t\t\t\t<\/a>\t\t\n<style>\n#image_2049650051 {\n  width: 100%;\n}\n<\/style>\n\t<\/div>\n\t\n\t\t<\/div>\n\t\t\t\t\t<\/div>\n\n\t\n<\/div>\n\t<div id=\"gap-704151943\" class=\"gap-element clearfix\" style=\"display:block; height:auto;\">\n\t\t\n<style>\n#gap-704151943 {\n  padding-top: 30px;\n}\n<\/style>\n\t<\/div>\n\t\n\t\t<\/div>\n\n\t\t\n<style>\n#section_1310391999 {\n  padding-top: 0px;\n  padding-bottom: 0px;\n}\n<\/style>\n\t<\/section>\n\t\n\n\t<section class=\"section\" id=\"section_1695536534\">\n\t\t<div class=\"section-bg fill\" >\n\t\t\t\t\t\t\t\t\t\n\t\t\t\n\n\t\t<\/div>\n\n\t\t\n\n\t\t<div class=\"section-content relative\">\n\t\t\t\n<div class=\"row\"  id=\"row-1562404290\">\n\n\t<div id=\"col-1462696632\" class=\"col medium-3 small-12 large-3\"  >\n\t\t\t\t<div class=\"col-inner\"  >\n\t\t\t\n\t\t\t\n\t<div class=\"img has-hover x md-x lg-x y md-y lg-y\" id=\"image_405697130\">\n\t\t<a class=\"\" href=\"https:\/\/www.companhiaatlantica.pt\/de\/portugiesische-keramik\/keramiktasse?filter_colecao=breezy-de\">\t\t\t\t\t\t<div class=\"img-inner dark\" >\n\t\t\t<img loading=\"lazy\" decoding=\"async\" width=\"600\" height=\"600\" src=\"https:\/\/www.companhiaatlantica.pt\/wp-content\/uploads\/2020\/06\/IMG_0520.jpg\" class=\"attachment-large size-large\" alt=\"\" srcset=\"https:\/\/www.companhiaatlantica.pt\/wp-content\/uploads\/2020\/06\/IMG_0520.jpg 600w, https:\/\/www.companhiaatlantica.pt\/wp-content\/uploads\/2020\/06\/IMG_0520-100x100.jpg 100w\" sizes=\"auto, (max-width: 600px) 100vw, 600px\" title=\"\">\t\t\t\t\t\t\n\t\t\t\t\t<\/div>\n\t\t\t\t\t\t<\/a>\t\t\n<style>\n#image_405697130 {\n  width: 100%;\n}\n<\/style>\n\t<\/div>\n\t\n\t\t<\/div>\n\t\t\t\t\t<\/div>\n\n\t\n\n\t<div id=\"col-1676219339\" class=\"col medium-3 small-12 large-3\"  >\n\t\t\t\t<div class=\"col-inner\"  >\n\t\t\t\n\t\t\t\n\t<div class=\"img has-hover x md-x lg-x y md-y lg-y\" id=\"image_561614702\">\n\t\t<a class=\"\" href=\"https:\/\/www.companhiaatlantica.pt\/de\/portugiesische-keramik\/keramiktasse?filter_colecao=breezy-de\">\t\t\t\t\t\t<div class=\"img-inner dark\" >\n\t\t\t<img loading=\"lazy\" decoding=\"async\" width=\"600\" height=\"600\" src=\"https:\/\/www.companhiaatlantica.pt\/wp-content\/uploads\/2020\/06\/IMG_0315.jpg\" class=\"attachment-large size-large\" alt=\"\" srcset=\"https:\/\/www.companhiaatlantica.pt\/wp-content\/uploads\/2020\/06\/IMG_0315.jpg 600w, https:\/\/www.companhiaatlantica.pt\/wp-content\/uploads\/2020\/06\/IMG_0315-100x100.jpg 100w\" sizes=\"auto, (max-width: 600px) 100vw, 600px\" title=\"\">\t\t\t\t\t\t\n\t\t\t\t\t<\/div>\n\t\t\t\t\t\t<\/a>\t\t\n<style>\n#image_561614702 {\n  width: 100%;\n}\n<\/style>\n\t<\/div>\n\t\n\t\t<\/div>\n\t\t\t\t\t<\/div>\n\n\t\n\n\t<div id=\"col-805974046\" class=\"col medium-6 small-12 large-6\"  >\n\t\t\t\t<div class=\"col-inner\"  >\n\t\t\t\n\t\t\t\n<h3>Kollektion BREEZY: Tradition elegant neu interpretiert<\/h3>\n<p>Inspiriert von jahrhundertealten Techniken werden die Espressotassen dieser Kollektion aus Terrakotta hergestellt. Alle St\u00fccke dieser Kollektion sind innen glasiert und teilweise au\u00dfen glasiert und erhalten eine handgefertigte Oberfl\u00e4che. Terrakotta bietet neben einer rustikalen, organischen \u00c4sthetik Vorteile wie W\u00e4rmespeicherung und eignet sich ideal f\u00fcr hei\u00dfe Getr\u00e4nke.<\/p>\n<p>Die taktile Textur ist angenehm zu ber\u00fchren und sorgt f\u00fcr ein einzigartiges sensorisches Erlebnis.<\/p>\n<a href=\"https:\/\/www.companhiaatlantica.pt\/de\/portugiesische-keramik\/keramiktasse?filter_colecao=breezy-de\" class=\"button secondary\">\n\t\t<span>Kollektion BREEZY ansehen<\/span>\n\t<\/a>\n\n\t\t<\/div>\n\t\t\t\t\t<\/div>\n\n\t\n<\/div>\n\t\t<\/div>\n\n\t\t\n<style>\n#section_1695536534 {\n  padding-top: 0px;\n  padding-bottom: 0px;\n}\n<\/style>\n\t<\/section>\n\t\n\n\t<section class=\"section\" id=\"section_1367139734\">\n\t\t<div class=\"section-bg fill\" >\n\t\t\t\t\t\t\t\t\t\n\t\t\t\n\n\t\t<\/div>\n\n\t\t\n\n\t\t<div class=\"section-content relative\">\n\t\t\t\n\t<div id=\"gap-1115435672\" class=\"gap-element clearfix\" style=\"display:block; height:auto;\">\n\t\t\n<style>\n#gap-1115435672 {\n  padding-top: 30px;\n}\n<\/style>\n\t<\/div>\n\t\n<div class=\"row\"  id=\"row-1035101609\">\n\n\t<div id=\"col-988483744\" class=\"col medium-6 small-12 large-6\"  >\n\t\t\t\t<div class=\"col-inner\"  >\n\t\t\t\n\t\t\t\n<h3>Cappuccino: Ein Moment der Inspiration und des Komforts<\/h3>\n<p>Der Cappuccino entstand Anfang des 20. Jahrhunderts in Italien als Ergebnis der Entwicklung des Espressos und der Praxis, aufgesch\u00e4umte Milch zu Kaffeespezialit\u00e4ten hinzuzuf\u00fcgen. Sein Name stammt von der Ordnung der Kapuzinerm\u00f6nche, deren braune Kleidung an die Farbe von Kaffee mit Milch erinnerte.<\/p>\n<p>Schnell wurde der Cappuccino in ganz Italien beliebt und verbreitete sich sp\u00e4ter weltweit, wobei er Kaffeeliebhaber mit seiner einzigartigen Kombination aus intensivem Geschmack, cremiger Milch und leichtem Schaum begeisterte. Heute ist er eines der beliebtesten Klassiker in Caf\u00e9s, Konditoreien und Haushalten und perfekt f\u00fcr Momente des Komforts und der Inspiration.<\/p>\n\t\t<\/div>\n\t\t\t\t\t<\/div>\n\n\t\n\n\t<div id=\"col-1001718252\" class=\"col medium-6 small-12 large-6\"  >\n\t\t\t\t<div class=\"col-inner\"  >\n\t\t\t\n\t\t\t\n\t<div class=\"img has-hover x md-x lg-x y md-y lg-y\" id=\"image_1050953861\">\n\t\t<a class=\"\" href=\"https:\/\/www.companhiaatlantica.pt\/ceramica-portuguesa\/canecas-ceramica\">\t\t\t\t\t\t<div class=\"img-inner dark\" >\n\t\t\t<img loading=\"lazy\" decoding=\"async\" width=\"1000\" height=\"473\" src=\"https:\/\/www.companhiaatlantica.pt\/wp-content\/uploads\/2025\/09\/IMG_1751.jpg\" class=\"attachment-large size-large\" alt=\"\" srcset=\"https:\/\/www.companhiaatlantica.pt\/wp-content\/uploads\/2025\/09\/IMG_1751.jpg 1000w, https:\/\/www.companhiaatlantica.pt\/wp-content\/uploads\/2025\/09\/IMG_1751-900x426.jpg 900w, https:\/\/www.companhiaatlantica.pt\/wp-content\/uploads\/2025\/09\/IMG_1751-400x189.jpg 400w, https:\/\/www.companhiaatlantica.pt\/wp-content\/uploads\/2025\/09\/IMG_1751-768x363.jpg 768w\" sizes=\"auto, (max-width: 1000px) 100vw, 1000px\" title=\"\">\t\t\t\t\t\t\n\t\t\t\t\t<\/div>\n\t\t\t\t\t\t<\/a>\t\t\n<style>\n#image_1050953861 {\n  width: 100%;\n}\n<\/style>\n\t<\/div>\n\t\n\t\t<\/div>\n\t\t\t\t\t<\/div>\n\n\t\n<\/div>\n\t\t<\/div>\n\n\t\t\n<style>\n#section_1367139734 {\n  padding-top: 0px;\n  padding-bottom: 0px;\n}\n<\/style>\n\t<\/section>\n\t\n","protected":false},"excerpt":{"rendered":"","protected":false},"author":636,"featured_media":77893,"comment_status":"closed","ping_status":"closed","sticky":false,"template":"","format":"standard","meta":{"footnotes":""},"categories":[2200],"tags":[],"class_list":["post-78010","post","type-post","status-publish","format-standard","has-post-thumbnail","hentry","category-unkategorisiert"],"_links":{"self":[{"href":"https:\/\/www.companhiaatlantica.pt\/de\/wp-json\/wp\/v2\/posts\/78010","targetHints":{"allow":["GET"]}}],"collection":[{"href":"https:\/\/www.companhiaatlantica.pt\/de\/wp-json\/wp\/v2\/posts"}],"about":[{"href":"https:\/\/www.companhiaatlantica.pt\/de\/wp-json\/wp\/v2\/types\/post"}],"author":[{"embeddable":true,"href":"https:\/\/www.companhiaatlantica.pt\/de\/wp-json\/wp\/v2\/users\/636"}],"replies":[{"embeddable":true,"href":"https:\/\/www.companhiaatlantica.pt\/de\/wp-json\/wp\/v2\/comments?post=78010"}],"version-history":[{"count":5,"href":"https:\/\/www.companhiaatlantica.pt\/de\/wp-json\/wp\/v2\/posts\/78010\/revisions"}],"predecessor-version":[{"id":78059,"href":"https:\/\/www.companhiaatlantica.pt\/de\/wp-json\/wp\/v2\/posts\/78010\/revisions\/78059"}],"wp:featuredmedia":[{"embeddable":true,"href":"https:\/\/www.companhiaatlantica.pt\/de\/wp-json\/wp\/v2\/media\/77893"}],"wp:attachment":[{"href":"https:\/\/www.companhiaatlantica.pt\/de\/wp-json\/wp\/v2\/media?parent=78010"}],"wp:term":[{"taxonomy":"category","embeddable":true,"href":"https:\/\/www.companhiaatlantica.pt\/de\/wp-json\/wp\/v2\/categories?post=78010"},{"taxonomy":"post_tag","embeddable":true,"href":"https:\/\/www.companhiaatlantica.pt\/de\/wp-json\/wp\/v2\/tags?post=78010"}],"curies":[{"name":"wp","href":"https:\/\/api.w.org\/{rel}","templated":true}]}}