{"id":87377,"date":"2026-04-17T15:38:56","date_gmt":"2026-04-17T14:38:56","guid":{"rendered":"https:\/\/www.companhiaatlantica.pt\/?p=87377"},"modified":"2026-04-17T15:38:56","modified_gmt":"2026-04-17T14:38:56","slug":"mata-bicho-geschirr-das-eine-visitenkarte-ist","status":"publish","type":"post","link":"https:\/\/www.companhiaatlantica.pt\/de\/artikel\/mata-bicho-geschirr-das-eine-visitenkarte-ist","title":{"rendered":"Mata Bicho: Geschirr, das eine &#8216;Visitenkarte&#8217; ist"},"content":{"rendered":"\t<div class=\"img has-hover x md-x lg-x y md-y lg-y\" id=\"image_957213218\">\n\t\t<a class=\"\" href=\"https:\/\/www.companhiaatlantica.pt\/de\/portugiesische-keramik?filter_colecao=duna-de\" target=\"_blank\" rel=\"noopener\">\t\t\t\t\t\t<div class=\"img-inner dark\" >\n\t\t\t<img loading=\"lazy\" decoding=\"async\" width=\"1020\" height=\"574\" src=\"https:\/\/www.companhiaatlantica.pt\/wp-content\/uploads\/2026\/04\/mesa_posta-1024x576.jpg\" class=\"attachment-large size-large\" alt=\"Mata Bicho com a Cole\u00e7\u00e3o DUNA\" srcset=\"https:\/\/www.companhiaatlantica.pt\/wp-content\/uploads\/2026\/04\/mesa_posta-1024x576.jpg 1024w, https:\/\/www.companhiaatlantica.pt\/wp-content\/uploads\/2026\/04\/mesa_posta-400x225.jpg 400w, https:\/\/www.companhiaatlantica.pt\/wp-content\/uploads\/2026\/04\/mesa_posta-768x432.jpg 768w, https:\/\/www.companhiaatlantica.pt\/wp-content\/uploads\/2026\/04\/mesa_posta-1536x864.jpg 1536w, https:\/\/www.companhiaatlantica.pt\/wp-content\/uploads\/2026\/04\/mesa_posta-1320x743.jpg 1320w, https:\/\/www.companhiaatlantica.pt\/wp-content\/uploads\/2026\/04\/mesa_posta-900x506.jpg 900w, https:\/\/www.companhiaatlantica.pt\/wp-content\/uploads\/2026\/04\/mesa_posta.jpg 1920w\" sizes=\"auto, (max-width: 1020px) 100vw, 1020px\" title=\"\">\t\t\t\t\t\t\n\t\t\t\t\t<\/div>\n\t\t\t\t\t\t<\/a>\t\t\n<style>\n#image_957213218 {\n  width: 100%;\n}\n<\/style>\n\t<\/div>\n\t\n<div class=\"row\"  id=\"row-470877631\">\n\n\t<div id=\"col-2006679470\" class=\"col small-12 large-12\"  >\n\t\t\t\t<div class=\"col-inner\"  >\n\t\t\t\n\t\t\t\n\t<div id=\"gap-613016202\" class=\"gap-element clearfix\" style=\"display:block; height:auto;\">\n\t\t\n<style>\n#gap-613016202 {\n  padding-top: 30px;\n}\n<\/style>\n\t<\/div>\n\t\n<div class=\"row\"  id=\"row-1081046293\">\n\n\t<div id=\"col-1769077377\" class=\"col small-12 large-12\"  >\n\t\t\t\t<div class=\"col-inner\"  >\n\t\t\t\n\t\t\t\n<p data-start=\"402\" data-end=\"735\">In der Welt des modernen Caterings ist das Erlebnis nicht nur auf dem Teller, sondern in jedem Detail, das ihn umgibt, enthalten. Die Wahl des <a href=\"https:\/\/www.companhiaatlantica.pt\/de\/portugiesische-keramik\" target=\"_blank\" rel=\"noopener\"><strong data-start=\"547\" data-end=\"574\">Geschirrs f\u00fcr Restaurants<\/strong>,<\/a> <a href=\"https:\/\/www.companhiaatlantica.pt\/de\/portugiesische-keramik\/geschirrsets\" target=\"_blank\" rel=\"noopener\"><strong data-start=\"579\" data-end=\"611\">professioneller Tischservice<\/strong> <\/a>und die Art und Weise, wie die Speisen pr\u00e4sentiert werden, sind zu einem wesentlichen Element in der Wahrnehmung des Wertes eines jeden HORECA-Raums geworden.<\/p>\n<p data-start=\"737\" data-end=\"981\">In diesem Zusammenhang entwickelt <strong data-start=\"760\" data-end=\"783\">Companhia Atl\u00e2ntica<\/strong> Keramik- und Steingutkollektionen, die speziell f\u00fcr die professionelle Gastronomie entwickelt wurden. Sie vereinen anspruchsvolles Design, Langlebigkeit und eine \u00c4sthetik, die eng mit der portugiesischen Identit\u00e4t verbunden ist.<\/p>\n<h1 data-section-id=\"xn72qu\" data-start=\"983\" data-end=\"1022\">Die Gestaltung des gastronomischen Erlebnisses<\/h1>\n<p data-start=\"1024\" data-end=\"1229\">In einem echten Restaurant kommuniziert jedes Element auf dem Tisch etwas. Die Beschaffenheit des Tellers, das Gewicht des St\u00fccks, die Verarbeitung und die Art und Weise, wie das Essen eingerahmt ist, haben einen direkten Einfluss auf das Erlebnis des Gastes.<\/p>\n<p data-start=\"1231\" data-end=\"1307\">Companhia Atl\u00e2ntica schafft <strong><a href=\"https:\/\/www.companhiaatlantica.pt\/de\/portugiesische-keramik\/geschirrsets\" target=\"_blank\" rel=\"noopener\">Keramiken f\u00fcr Restaurants,<\/a> <\/strong>mit dem Schwerpunkt auf:<\/p>\n<ul data-start=\"1308\" data-end=\"1494\">\n<li data-section-id=\"1011yd9\" data-start=\"1308\" data-end=\"1356\">Widerstand gegen intensive Nutzung im HORECA-Sektor.<\/li>\n<li data-section-id=\"pd0u5c\" data-start=\"1357\" data-end=\"1408\">Zeitgen\u00f6ssische \u00c4sthetik mit handwerklicher Inspiration<\/li>\n<li data-section-id=\"9fqwu0\" data-start=\"1409\" data-end=\"1458\">Funktionalit\u00e4t f\u00fcr professionelle Beschichtung<\/li>\n<li data-section-id=\"vqzqqp\" data-start=\"1459\" data-end=\"1494\">visuelle Koh\u00e4renz zwischen den Kollektionen<\/li>\n<\/ul>\n<p data-start=\"1496\" data-end=\"1585\">Unsere St\u00fccke sind nicht einfach nur Utensilien, sie sind gastronomische Erz\u00e4hlwerkzeuge.<\/p>\n\t<div id=\"gap-552197737\" class=\"gap-element clearfix\" style=\"display:block; height:auto;\">\n\t\t\n<style>\n#gap-552197737 {\n  padding-top: 30px;\n}\n<\/style>\n\t<\/div>\n\t\n\t<div id=\"text-295273677\" class=\"text\">\n\t\t\n<blockquote><p>Wir denken, dass die Plattierung eine wichtige Visitenkarte f\u00fcr unsere Speisen ist &#8211; Sabino Carvalho (gesch\u00e4ftsf\u00fchrender Gesellschafter von EDAI)<\/p><\/blockquote>\n\t\t\n<style>\n#text-295273677 {\n  font-size: 1.1rem;\n  color: rgb(0, 0, 0);\n}\n#text-295273677 > * {\n  color: rgb(0, 0, 0);\n}\n<\/style>\n\t<\/div>\n\t\n\t<div id=\"gap-92184400\" class=\"gap-element clearfix\" style=\"display:block; height:auto;\">\n\t\t\n<style>\n#gap-92184400 {\n  padding-top: 30px;\n}\n<\/style>\n\t<\/div>\n\t\n<div class=\"container section-title-container\" ><h2 class=\"section-title section-title-normal\"><b aria-hidden=\"true\"><\/b><span class=\"section-title-main\" >Kollektionen f\u00fcr moderne Restaurants, Hotels und Caf\u00e9s<\/span><b aria-hidden=\"true\"><\/b><\/h2><\/div>\n<p>Jede Kollektion wurde entwickelt, um den tats\u00e4chlichen Bed\u00fcrfnissen der Gastronomie gerecht zu werden, in der \u00c4sthetik und Leistung nebeneinander bestehen m\u00fcssen.<\/p>\n<div class=\"row\"  id=\"row-1098901286\">\n\n\t<div id=\"col-1796087439\" class=\"col medium-4 small-12 large-4\"  >\n\t\t\t\t<div class=\"col-inner\"  >\n\t\t\t\n\t\t\t\n\t<div class=\"img has-hover x md-x lg-x y md-y lg-y\" id=\"image_1319509089\">\n\t\t<a class=\"\" href=\"https:\/\/www.companhiaatlantica.pt\/de\/portugiesische-keramik?filter_colecao=azulejo-de\" target=\"_blank\" rel=\"noopener\" >\t\t\t\t\t\t<div class=\"img-inner dark\" >\n\t\t\t<img loading=\"lazy\" decoding=\"async\" width=\"1020\" height=\"1020\" src=\"https:\/\/www.companhiaatlantica.pt\/wp-content\/uploads\/2026\/04\/azulejo_mesa-1024x1024.jpg\" class=\"attachment-large size-large\" alt=\"Mata bicho com a Cole\u00e7\u00e3o AZULEJO\" srcset=\"https:\/\/www.companhiaatlantica.pt\/wp-content\/uploads\/2026\/04\/azulejo_mesa-1024x1024.jpg 1024w, https:\/\/www.companhiaatlantica.pt\/wp-content\/uploads\/2026\/04\/azulejo_mesa-400x400.jpg 400w, https:\/\/www.companhiaatlantica.pt\/wp-content\/uploads\/2026\/04\/azulejo_mesa-350x350.jpg 350w, https:\/\/www.companhiaatlantica.pt\/wp-content\/uploads\/2026\/04\/azulejo_mesa-768x768.jpg 768w, https:\/\/www.companhiaatlantica.pt\/wp-content\/uploads\/2026\/04\/azulejo_mesa-700x700.jpg 700w, https:\/\/www.companhiaatlantica.pt\/wp-content\/uploads\/2026\/04\/azulejo_mesa-900x900.jpg 900w, https:\/\/www.companhiaatlantica.pt\/wp-content\/uploads\/2026\/04\/azulejo_mesa-100x100.jpg 100w, https:\/\/www.companhiaatlantica.pt\/wp-content\/uploads\/2026\/04\/azulejo_mesa.jpg 1080w\" sizes=\"auto, (max-width: 1020px) 100vw, 1020px\" title=\"\">\t\t\t\t\t\t\n\t\t\t\t\t<\/div>\n\t\t\t\t\t\t<\/a>\t\t\n<style>\n#image_1319509089 {\n  width: 100%;\n}\n<\/style>\n\t<\/div>\n\t\n<h3 data-section-id=\"10gqcwa\" data-start=\"1782\" data-end=\"1801\">AZULEJO Kollektion<\/h3>\n<p data-start=\"1802\" data-end=\"2016\">Inspiriert von der portugiesischen Identit\u00e4t, ist das <a href=\"https:\/\/www.companhiaatlantica.pt\/de\/portugiesische-keramik?filter_colecao=azulejo-de\" target=\"_blank\" rel=\"noopener\"><strong>Azulejo<\/strong> <strong data-start=\"1848\" data-end=\"1859\">Kollektion<\/strong> <\/a>\u00fcbersetzt die Tradition in eine moderne Sprache. Ideal f\u00fcr Restaurants, die eine starke Verbindung zur lokalen Kultur suchen, ohne dabei an Raffinesse beim Anrichten zu verlieren.<\/p>\n\t\t<\/div>\n\t\t\t\t\t<\/div>\n\n\t\n\n\t<div id=\"col-1151457992\" class=\"col medium-4 small-12 large-4\"  >\n\t\t\t\t<div class=\"col-inner\"  >\n\t\t\t\n\t\t\t\n\t<div class=\"img has-hover x md-x lg-x y md-y lg-y\" id=\"image_892871585\">\n\t\t\t\t\t\t\t\t<div class=\"img-inner dark\" >\n\t\t\t<img loading=\"lazy\" decoding=\"async\" width=\"1020\" height=\"1020\" src=\"https:\/\/www.companhiaatlantica.pt\/wp-content\/uploads\/2026\/04\/aroma_posta-1024x1024.jpg\" class=\"attachment-large size-large\" alt=\"Mata Bicho com a Cole\u00e7\u00e3o AROMA\" srcset=\"https:\/\/www.companhiaatlantica.pt\/wp-content\/uploads\/2026\/04\/aroma_posta-1024x1024.jpg 1024w, https:\/\/www.companhiaatlantica.pt\/wp-content\/uploads\/2026\/04\/aroma_posta-400x400.jpg 400w, https:\/\/www.companhiaatlantica.pt\/wp-content\/uploads\/2026\/04\/aroma_posta-350x350.jpg 350w, https:\/\/www.companhiaatlantica.pt\/wp-content\/uploads\/2026\/04\/aroma_posta-768x768.jpg 768w, https:\/\/www.companhiaatlantica.pt\/wp-content\/uploads\/2026\/04\/aroma_posta-700x700.jpg 700w, https:\/\/www.companhiaatlantica.pt\/wp-content\/uploads\/2026\/04\/aroma_posta-900x900.jpg 900w, https:\/\/www.companhiaatlantica.pt\/wp-content\/uploads\/2026\/04\/aroma_posta-100x100.jpg 100w, https:\/\/www.companhiaatlantica.pt\/wp-content\/uploads\/2026\/04\/aroma_posta.jpg 1080w\" sizes=\"auto, (max-width: 1020px) 100vw, 1020px\" title=\"\">\t\t\t\t\t\t\n\t\t\t\t\t<\/div>\n\t\t\t\t\t\t\t\t\n<style>\n#image_892871585 {\n  width: 100%;\n}\n<\/style>\n\t<\/div>\n\t\n<h3 data-section-id=\"1k02t14\" data-start=\"2460\" data-end=\"2477\">Aroma Kollektion<\/h3>\n<p data-start=\"2478\" data-end=\"2637\">A <a href=\"https:\/\/www.companhiaatlantica.pt\/de\/portugiesische-keramik?filter_colecao=aroma-de\" target=\"_blank\" rel=\"noopener\"><strong>Kollektion<\/strong> <strong data-start=\"2488\" data-end=\"2497\">Aroma<\/strong> <\/a>Kollektion wurde entwickelt, um die Gastronomie in den Mittelpunkt des Tisches zu stellen. Der Schwerpunkt liegt auf dem Anrichten, so dass jedes Gericht visuell in den Mittelpunkt ger\u00fcckt wird.<\/p>\n\t\t<\/div>\n\t\t\t\t\t<\/div>\n\n\t\n\n\t<div id=\"col-1753535205\" class=\"col medium-4 small-12 large-4\"  >\n\t\t\t\t<div class=\"col-inner\"  >\n\t\t\t\n\t\t\t\n\t<div class=\"img has-hover x md-x lg-x y md-y lg-y\" id=\"image_2102099824\">\n\t\t<a class=\"\" href=\"https:\/\/www.companhiaatlantica.pt\/de\/portugiesische-keramik?filter_colecao=duna-de\" target=\"_blank\" rel=\"noopener\">\t\t\t\t\t\t<div class=\"img-inner dark\" >\n\t\t\t<img loading=\"lazy\" decoding=\"async\" width=\"1020\" height=\"1020\" src=\"https:\/\/www.companhiaatlantica.pt\/wp-content\/uploads\/2026\/04\/mesa_posta_duna-1024x1024.jpg\" class=\"attachment-large size-large\" alt=\"Mata Bicho com a Cole\u00e7\u00e3o DUNA - set de jantar\" srcset=\"https:\/\/www.companhiaatlantica.pt\/wp-content\/uploads\/2026\/04\/mesa_posta_duna-1024x1024.jpg 1024w, https:\/\/www.companhiaatlantica.pt\/wp-content\/uploads\/2026\/04\/mesa_posta_duna-400x400.jpg 400w, https:\/\/www.companhiaatlantica.pt\/wp-content\/uploads\/2026\/04\/mesa_posta_duna-350x350.jpg 350w, https:\/\/www.companhiaatlantica.pt\/wp-content\/uploads\/2026\/04\/mesa_posta_duna-768x768.jpg 768w, https:\/\/www.companhiaatlantica.pt\/wp-content\/uploads\/2026\/04\/mesa_posta_duna-700x700.jpg 700w, https:\/\/www.companhiaatlantica.pt\/wp-content\/uploads\/2026\/04\/mesa_posta_duna-900x900.jpg 900w, https:\/\/www.companhiaatlantica.pt\/wp-content\/uploads\/2026\/04\/mesa_posta_duna-100x100.jpg 100w, https:\/\/www.companhiaatlantica.pt\/wp-content\/uploads\/2026\/04\/mesa_posta_duna.jpg 1080w\" sizes=\"auto, (max-width: 1020px) 100vw, 1020px\" title=\"\">\t\t\t\t\t\t\n\t\t\t\t\t<\/div>\n\t\t\t\t\t\t<\/a>\t\t\n<style>\n#image_2102099824 {\n  width: 100%;\n}\n<\/style>\n\t<\/div>\n\t\n<h3 data-section-id=\"1wfbzsm\" data-start=\"2157\" data-end=\"2173\">DUNA Kollektion<\/h3>\n<p data-start=\"2174\" data-end=\"2316\"><a href=\"https:\/\/www.companhiaatlantica.pt\/de\/portugiesische-keramik?filter_colecao=duna-de\" target=\"_blank\" rel=\"noopener\"> <strong>Dune<\/strong> <strong data-start=\"2184\" data-end=\"2192\">Kollektion<\/strong> <\/a>spiegelt Naturt\u00f6ne und organische Formen wider und wurde f\u00fcr moderne R\u00e4ume entworfen, die eine minimalistische und sinnliche \u00c4sthetik sch\u00e4tzen.<\/p>\n\t\t<\/div>\n\t\t\t\t\t<\/div>\n\n\t\n<\/div>\n<div class=\"container section-title-container\" ><h2 class=\"section-title section-title-normal\"><b aria-hidden=\"true\"><\/b><span class=\"section-title-main\" >Der ideale Kontext: die Erfahrung von Mata Bicho<\/span><b aria-hidden=\"true\"><\/b><\/h2><\/div>\n<p data-start=\"2846\" data-end=\"3066\">Um diese Kollektionen zum Leben zu erwecken, produzierte Companhia Atl\u00e2ntica eine visuelle Inszenierung in der Umgebung des Restaurants <strong data-start=\"2956\" data-end=\"2970\"><a href=\"https:\/\/www.matabicho.com\/\" target=\"_blank\" rel=\"noopener\">Mata Bicho, <\/a><\/strong>einem Raum, der die Balance zwischen Authentizit\u00e4t und gastronomischer Erfahrung perfekt widerspiegelt.<\/p>\n<p data-start=\"3068\" data-end=\"3308\">Mit Blick auf den Rodrigues Lobo Platz und einer K\u00fcche, die von Erinnerungen an alte Zeiten inspiriert ist, mit Aromen, die an die Gem\u00fctlichkeit der K\u00fcche unserer Gro\u00dfeltern erinnern, verbindet der Raum eine ungezwungene Atmosph\u00e4re mit einer ganz eigenen Identit\u00e4t.<\/p>\n<p data-start=\"3310\" data-end=\"3512\">Dieses Szenario erm\u00f6glichte es uns zu untersuchen, wie <a href=\"https:\/\/www.companhiaatlantica.pt\/de\/portugiesische-keramik\/geschirrsets\" target=\"_blank\" rel=\"noopener\"><strong data-start=\"3348\" data-end=\"3375\">Geschirr f\u00fcr Restaurants<\/strong> <\/a>die Erz\u00e4hlung eines gastronomischen Raums verst\u00e4rken kann, insbesondere wenn es mit Konzepten von Erinnerung, Tradition und Authentizit\u00e4t verbunden ist.<\/p>\n<div class=\"row\"  id=\"row-532648856\">\n\n\t<div id=\"col-229113531\" class=\"col medium-6 small-12 large-6\"  >\n\t\t\t\t<div class=\"col-inner\"  >\n\t\t\t\n\t\t\t\n\t<div class=\"img has-hover x md-x lg-x y md-y lg-y\" id=\"image_252062724\">\n\t\t<a class=\"\" href=\"https:\/\/www.companhiaatlantica.pt\/de\/portugiesische-keramik?filter_colecao=duna-de\" target=\"_blank\" rel=\"noopener\">\t\t\t\t\t\t<div class=\"img-inner dark\" >\n\t\t\t<img loading=\"lazy\" decoding=\"async\" width=\"1020\" height=\"1020\" src=\"https:\/\/www.companhiaatlantica.pt\/wp-content\/uploads\/2026\/04\/mesa_posta_duna_02-1024x1024.jpg\" class=\"attachment-large size-large\" alt=\"Mata Bicho com a Cole\u00e7\u00e3o DUNA - gastronomia\" srcset=\"https:\/\/www.companhiaatlantica.pt\/wp-content\/uploads\/2026\/04\/mesa_posta_duna_02-1024x1024.jpg 1024w, https:\/\/www.companhiaatlantica.pt\/wp-content\/uploads\/2026\/04\/mesa_posta_duna_02-400x400.jpg 400w, https:\/\/www.companhiaatlantica.pt\/wp-content\/uploads\/2026\/04\/mesa_posta_duna_02-350x350.jpg 350w, https:\/\/www.companhiaatlantica.pt\/wp-content\/uploads\/2026\/04\/mesa_posta_duna_02-768x768.jpg 768w, https:\/\/www.companhiaatlantica.pt\/wp-content\/uploads\/2026\/04\/mesa_posta_duna_02-700x700.jpg 700w, https:\/\/www.companhiaatlantica.pt\/wp-content\/uploads\/2026\/04\/mesa_posta_duna_02-900x900.jpg 900w, https:\/\/www.companhiaatlantica.pt\/wp-content\/uploads\/2026\/04\/mesa_posta_duna_02-100x100.jpg 100w, https:\/\/www.companhiaatlantica.pt\/wp-content\/uploads\/2026\/04\/mesa_posta_duna_02.jpg 1080w\" sizes=\"auto, (max-width: 1020px) 100vw, 1020px\" title=\"\">\t\t\t\t\t\t\n\t\t\t\t\t<\/div>\n\t\t\t\t\t\t<\/a>\t\t\n<style>\n#image_252062724 {\n  width: 100%;\n}\n<\/style>\n\t<\/div>\n\t\n\t\t<\/div>\n\t\t\t\t\t<\/div>\n\n\t\n\n\t<div id=\"col-1781941613\" class=\"col medium-6 small-12 large-6\"  >\n\t\t\t\t<div class=\"col-inner\"  >\n\t\t\t\n\t\t\t\n\t<div class=\"img has-hover x md-x lg-x y md-y lg-y\" id=\"image_473901361\">\n\t\t<a class=\"\" href=\"https:\/\/www.companhiaatlantica.pt\/de\/portugiesische-keramik?filter_colecao=duna-de\" target=\"_blank\" rel=\"noopener\">\t\t\t\t\t\t<div class=\"img-inner dark\" >\n\t\t\t<img loading=\"lazy\" decoding=\"async\" width=\"350\" height=\"350\" src=\"https:\/\/www.companhiaatlantica.pt\/wp-content\/uploads\/2026\/04\/presunto-350x350.jpg\" class=\"attachment-thumbnail size-thumbnail\" alt=\"Mata Bicho com a Cole\u00e7\u00e3o DUNA - prato de sobremesa\" srcset=\"https:\/\/www.companhiaatlantica.pt\/wp-content\/uploads\/2026\/04\/presunto-350x350.jpg 350w, https:\/\/www.companhiaatlantica.pt\/wp-content\/uploads\/2026\/04\/presunto-700x700.jpg 700w, https:\/\/www.companhiaatlantica.pt\/wp-content\/uploads\/2026\/04\/presunto-100x100.jpg 100w\" sizes=\"auto, (max-width: 350px) 100vw, 350px\" title=\"\">\t\t\t\t\t\t\n\t\t\t\t\t<\/div>\n\t\t\t\t\t\t<\/a>\t\t\n<style>\n#image_473901361 {\n  width: 100%;\n}\n<\/style>\n\t<\/div>\n\t\n\t\t<\/div>\n\t\t\t\t\t<\/div>\n\n\t\n<\/div>\n<p data-start=\"3580\" data-end=\"3688\">In der HORECA-Branche ist die Wahl des <strong>Geschirrs nicht nur eine \u00e4sthetische, sondern auch eine strategische Entscheidung<\/strong>.<\/p>\n<p data-start=\"3690\" data-end=\"3733\">Restaurants, Hotels und Caf\u00e9s sind heute auf der Suche nach ihr:<\/p>\n<ul data-start=\"3734\" data-end=\"3942\">\n<li data-section-id=\"100k287\" data-start=\"3734\" data-end=\"3787\">zuverl\u00e4ssige Lieferanten von Catering-Geschirr<\/li>\n<li data-section-id=\"4zv8rg\" data-start=\"3788\" data-end=\"3841\">robuste Teile f\u00fcr den intensiven professionellen Einsatz<\/li>\n<li data-section-id=\"1mq8iba\" data-start=\"3842\" data-end=\"3894\">Differenziertes Design f\u00fcr Kundenerlebnisse<\/li>\n<li data-section-id=\"g4r5x9\" data-start=\"3895\" data-end=\"3942\">konsistente L\u00f6sungen f\u00fcr Desktop-Branding<\/li>\n<\/ul>\n<p data-start=\"3944\" data-end=\"4098\">Companhia Atl\u00e2ntica positioniert sich in diesem Segment mit einem hybriden Ansatz: Autorendesign kombiniert mit einer Produktion, die f\u00fcr einen anspruchsvollen professionellen Kontext konzipiert ist.<\/p>\n<p data-start=\"4114\" data-end=\"4374\">Das moderne gastronomische Erlebnis lebt von der Verbindung von Geschmack, Raum und Pr\u00e4sentation. Mit den Kollektionen <strong data-start=\"4220\" data-end=\"4245\"><a href=\"https:\/\/www.companhiaatlantica.pt\/de\/portugiesische-keramik?filter_colecao=azulejo-de\" target=\"_blank\" rel=\"noopener\">Azulejo<\/a>, <a href=\"https:\/\/www.companhiaatlantica.pt\/de\/portugiesische-keramik\/geschirrsets\" target=\"_blank\" rel=\"noopener\">Duna<\/a> und <a href=\"https:\/\/www.companhiaatlantica.pt\/de\/portugiesische-keramik?filter_colecao=aroma-de\" target=\"_blank\" rel=\"noopener\">Aroma<\/a><\/strong> entwickelt die Companhia Atl\u00e2ntica <a href=\"https:\/\/www.companhiaatlantica.pt\/de\/portugiesische-keramik\" target=\"_blank\" rel=\"noopener\"><strong>Keramiken f\u00fcr Restaurants und Hotels, <\/strong><\/a>um die Geschichte eines jeden Gerichts zu unterstreichen.<\/p>\n<p data-start=\"4376\" data-end=\"4459\">In einem Bereich, in dem jedes Detail z\u00e4hlt, wird der Tisch zur B\u00fchne und die Keramik zur Sprache.<\/p>\n\t<div id=\"gap-2086648937\" class=\"gap-element clearfix\" style=\"display:block; height:auto;\">\n\t\t\n<style>\n#gap-2086648937 {\n  padding-top: 30px;\n}\n<\/style>\n\t<\/div>\n\t\n<div class=\"row\"  id=\"row-1709108626\">\n\n\t<div id=\"col-119035624\" class=\"col medium-8 small-12 large-8\"  >\n\t\t\t\t<div class=\"col-inner\"  >\n\t\t\t\n\t\t\t\n<h2 data-section-id=\"9do6us\" data-start=\"116\" data-end=\"161\">Kennen Sie die Vision hinter dem Erlebnis<\/h2>\n<p data-start=\"163\" data-end=\"427\">Um noch tiefer in diese Zusammenarbeit und das kreative Universum von <strong>Companhia Atl\u00e2ntica<\/strong> einzutauchen, laden wir Sie ein, das exklusive Video mit Sabino Carvalho, Managing Partner von EDAI, anzusehen &#8211; <strong><a href=\"https:\/\/www.matabicho.com\/\" target=\"_blank\" rel=\"noopener\">Mata Bicho,<\/a> <\/strong>in dem wir die Vision hinter dem Design unserer Kollektionen und die Bedeutung des Geschirrs f\u00fcr das gastronomische Erlebnis erl\u00e4utern.<\/p>\n<p data-start=\"429\" data-end=\"628\">In diesem Inhalt erforschen wir, wie die Details, die Textur und die Form der St\u00fccke die Art und Weise, wie die Gastronomie am Tisch wahrgenommen wird, direkt beeinflussen, insbesondere im Kontext der professionellen Gastronomie.<\/p>\n<p data-start=\"630\" data-end=\"689\"><a href=\"https:\/\/www.instagram.com\/p\/DXOhz37gAz2\/\" target=\"_blank\" rel=\"noopener\">Sehen Sie sich das vollst\u00e4ndige Video auf unserem Instagram <strong>hier<\/strong> an<\/a><\/p>\n\t\t<\/div>\n\t\t\t\t\t<\/div>\n\n\t\n\n\t<div id=\"col-2014866507\" class=\"col medium-4 small-12 large-4\"  >\n\t\t\t\t<div class=\"col-inner\"  >\n\t\t\t\n\t\t\t\n\t<div class=\"img has-hover x md-x lg-x y md-y lg-y\" id=\"image_673187809\">\n\t\t<a class=\"\" href=\"https:\/\/www.instagram.com\/p\/DXOhz37gAz2\/\" target=\"_blank\" rel=\"noopener\">\t\t\t\t\t\t<div class=\"img-inner dark\" >\n\t\t\t<img loading=\"lazy\" decoding=\"async\" width=\"576\" height=\"1024\" src=\"https:\/\/www.companhiaatlantica.pt\/wp-content\/uploads\/2026\/04\/capa_mata_bicho-576x1024.png\" class=\"attachment-large size-large\" alt=\"\" srcset=\"https:\/\/www.companhiaatlantica.pt\/wp-content\/uploads\/2026\/04\/capa_mata_bicho-576x1024.png 576w, https:\/\/www.companhiaatlantica.pt\/wp-content\/uploads\/2026\/04\/capa_mata_bicho-225x400.png 225w, https:\/\/www.companhiaatlantica.pt\/wp-content\/uploads\/2026\/04\/capa_mata_bicho-768x1365.png 768w, https:\/\/www.companhiaatlantica.pt\/wp-content\/uploads\/2026\/04\/capa_mata_bicho-864x1536.png 864w, https:\/\/www.companhiaatlantica.pt\/wp-content\/uploads\/2026\/04\/capa_mata_bicho-900x1600.png 900w, https:\/\/www.companhiaatlantica.pt\/wp-content\/uploads\/2026\/04\/capa_mata_bicho.png 1080w\" sizes=\"auto, (max-width: 576px) 100vw, 576px\" title=\"\">\t\t\t\t\t\t\n\t\t\t\t\t<\/div>\n\t\t\t\t\t\t<\/a>\t\t\n<style>\n#image_673187809 {\n  width: 100%;\n}\n<\/style>\n\t<\/div>\n\t\n\t\t<\/div>\n\t\t\t\t\t<\/div>\n\n\t\n<\/div>\n\t<div class=\"img has-hover x md-x lg-x y md-y lg-y\" id=\"image_2115152927\">\n\t\t<a class=\"\" href=\"https:\/\/www.companhiaatlantica.pt\/de\/portugiesische-keramik?filter_colecao=duna-de\" target=\"_blank\" rel=\"noopener\">\t\t\t\t\t\t<div class=\"img-inner dark\" >\n\t\t\t<img loading=\"lazy\" decoding=\"async\" width=\"1020\" height=\"1020\" src=\"https:\/\/www.companhiaatlantica.pt\/wp-content\/uploads\/2026\/04\/queijo-1024x1024.jpg\" class=\"attachment-large size-large\" alt=\"Mata Bicho com a Cole\u00e7\u00e3o DUNA - entradas\" srcset=\"https:\/\/www.companhiaatlantica.pt\/wp-content\/uploads\/2026\/04\/queijo-1024x1024.jpg 1024w, https:\/\/www.companhiaatlantica.pt\/wp-content\/uploads\/2026\/04\/queijo-400x400.jpg 400w, https:\/\/www.companhiaatlantica.pt\/wp-content\/uploads\/2026\/04\/queijo-350x350.jpg 350w, https:\/\/www.companhiaatlantica.pt\/wp-content\/uploads\/2026\/04\/queijo-768x768.jpg 768w, https:\/\/www.companhiaatlantica.pt\/wp-content\/uploads\/2026\/04\/queijo-700x700.jpg 700w, https:\/\/www.companhiaatlantica.pt\/wp-content\/uploads\/2026\/04\/queijo-900x900.jpg 900w, https:\/\/www.companhiaatlantica.pt\/wp-content\/uploads\/2026\/04\/queijo-100x100.jpg 100w, https:\/\/www.companhiaatlantica.pt\/wp-content\/uploads\/2026\/04\/queijo.jpg 1080w\" sizes=\"auto, (max-width: 1020px) 100vw, 1020px\" title=\"\">\t\t\t\t\t\t\n\t\t\t\t\t<\/div>\n\t\t\t\t\t\t<\/a>\t\t\n<style>\n#image_2115152927 {\n  width: 100%;\n}\n<\/style>\n\t<\/div>\n\t\n\t\t<\/div>\n\t\t\t\t\t<\/div>\n\n\t\n<\/div>\n\t\t<\/div>\n\t\t\t\t\t<\/div>\n\n\t\n<\/div>\n","protected":false},"excerpt":{"rendered":"<p>Companhia Atl\u00e2ntica pr\u00e4sentiert seine Vision von Premium-Gastronomiegeschirr und erforscht, wie Keramik- und Steingutdesign das Esserlebnis ver\u00e4ndert. In einer inspirierenden Atmosph\u00e4re bei Mata Bicho stellen wir die Kollektionen Azulejo, Duna und Aroma vor, die f\u00fcr den HORECA-Sektor entworfen wurden. <\/p>\n","protected":false},"author":1107,"featured_media":87162,"comment_status":"closed","ping_status":"closed","sticky":false,"template":"","format":"standard","meta":{"footnotes":""},"categories":[3132,4530],"tags":[],"class_list":["post-87377","post","type-post","status-publish","format-standard","has-post-thumbnail","hentry","category-artikel","category-horeca"],"_links":{"self":[{"href":"https:\/\/www.companhiaatlantica.pt\/de\/wp-json\/wp\/v2\/posts\/87377","targetHints":{"allow":["GET"]}}],"collection":[{"href":"https:\/\/www.companhiaatlantica.pt\/de\/wp-json\/wp\/v2\/posts"}],"about":[{"href":"https:\/\/www.companhiaatlantica.pt\/de\/wp-json\/wp\/v2\/types\/post"}],"author":[{"embeddable":true,"href":"https:\/\/www.companhiaatlantica.pt\/de\/wp-json\/wp\/v2\/users\/1107"}],"replies":[{"embeddable":true,"href":"https:\/\/www.companhiaatlantica.pt\/de\/wp-json\/wp\/v2\/comments?post=87377"}],"version-history":[{"count":5,"href":"https:\/\/www.companhiaatlantica.pt\/de\/wp-json\/wp\/v2\/posts\/87377\/revisions"}],"predecessor-version":[{"id":87468,"href":"https:\/\/www.companhiaatlantica.pt\/de\/wp-json\/wp\/v2\/posts\/87377\/revisions\/87468"}],"wp:featuredmedia":[{"embeddable":true,"href":"https:\/\/www.companhiaatlantica.pt\/de\/wp-json\/wp\/v2\/media\/87162"}],"wp:attachment":[{"href":"https:\/\/www.companhiaatlantica.pt\/de\/wp-json\/wp\/v2\/media?parent=87377"}],"wp:term":[{"taxonomy":"category","embeddable":true,"href":"https:\/\/www.companhiaatlantica.pt\/de\/wp-json\/wp\/v2\/categories?post=87377"},{"taxonomy":"post_tag","embeddable":true,"href":"https:\/\/www.companhiaatlantica.pt\/de\/wp-json\/wp\/v2\/tags?post=87377"}],"curies":[{"name":"wp","href":"https:\/\/api.w.org\/{rel}","templated":true}]}}