{"id":88026,"date":"2026-04-23T14:30:10","date_gmt":"2026-04-23T13:30:10","guid":{"rendered":"https:\/\/www.companhiaatlantica.pt\/unkategorisiert\/nachhaltigkeit-in-der-wirtschaft-eine-strategische-verpflichtung-fuer-die-zukunft"},"modified":"2026-04-23T14:45:26","modified_gmt":"2026-04-23T13:45:26","slug":"nachhaltigkeit-in-der-wirtschaft-eine-strategische-verpflichtung-fuer-die-zukunft","status":"publish","type":"post","link":"https:\/\/www.companhiaatlantica.pt\/de\/artikel\/nachhaltigkeit-in-der-wirtschaft-eine-strategische-verpflichtung-fuer-die-zukunft","title":{"rendered":"Nachhaltigkeit in der Wirtschaft: eine strategische Verpflichtung f\u00fcr die Zukunft"},"content":{"rendered":"\t<div class=\"img has-hover x md-x lg-x y md-y lg-y\" id=\"image_758352702\">\n\t\t\t\t\t\t\t\t<div class=\"img-inner dark\" >\n\t\t\t<img loading=\"lazy\" decoding=\"async\" width=\"1020\" height=\"762\" src=\"https:\/\/www.companhiaatlantica.pt\/wp-content\/uploads\/2026\/04\/sustentabilidade_01-1024x765.jpg\" class=\"attachment-large size-large\" alt=\"\" srcset=\"https:\/\/www.companhiaatlantica.pt\/wp-content\/uploads\/2026\/04\/sustentabilidade_01-1024x765.jpg 1024w, https:\/\/www.companhiaatlantica.pt\/wp-content\/uploads\/2026\/04\/sustentabilidade_01-400x299.jpg 400w, https:\/\/www.companhiaatlantica.pt\/wp-content\/uploads\/2026\/04\/sustentabilidade_01-768x573.jpg 768w, https:\/\/www.companhiaatlantica.pt\/wp-content\/uploads\/2026\/04\/sustentabilidade_01-1536x1147.jpg 1536w, https:\/\/www.companhiaatlantica.pt\/wp-content\/uploads\/2026\/04\/sustentabilidade_01-1320x986.jpg 1320w, https:\/\/www.companhiaatlantica.pt\/wp-content\/uploads\/2026\/04\/sustentabilidade_01-900x672.jpg 900w, https:\/\/www.companhiaatlantica.pt\/wp-content\/uploads\/2026\/04\/sustentabilidade_01.jpg 1808w\" sizes=\"auto, (max-width: 1020px) 100vw, 1020px\" title=\"\">\t\t\t\t\t\t\n\t\t\t\t\t<\/div>\n\t\t\t\t\t\t\t\t\n<style>\n#image_758352702 {\n  width: 100%;\n}\n<\/style>\n\t<\/div>\n\t\n<div class=\"row\"  id=\"row-679709418\">\n\n\t<div id=\"col-1629094994\" class=\"col small-12 large-12\"  >\n\t\t\t\t<div class=\"col-inner\"  >\n\t\t\t\n\t\t\t\n\t<div id=\"gap-27362689\" class=\"gap-element clearfix\" style=\"display:block; height:auto;\">\n\t\t\n<style>\n#gap-27362689 {\n  padding-top: 30px;\n}\n<\/style>\n\t<\/div>\n\t\n<div class=\"row\"  id=\"row-542871943\">\n\n\t<div id=\"col-1412915807\" class=\"col small-12 large-12\"  >\n\t\t\t\t<div class=\"col-inner\"  >\n\t\t\t\n\t\t\t\n<p data-start=\"231\" data-end=\"533\">Nachhaltigkeit ist nicht mehr nur ein Trend, sondern eine der grundlegenden S\u00e4ulen der modernen Unternehmensf\u00fchrung. Immer mehr Unternehmen erkennen, dass ihr Einfluss weit \u00fcber die finanziellen Ergebnisse hinausgeht und auch die Verantwortung f\u00fcr Umwelt, Gesellschaft und Unternehmensf\u00fchrung umfasst. <\/p>\n<p data-start=\"535\" data-end=\"770\">In diesem Zusammenhang hatten wir das Vergn\u00fcgen, Ana Filipa Urbano von <a href=\"https:\/\/www.dower.pt\/pt\/\" target=\"_blank\" rel=\"noopener\">Dower<\/a> in unseren R\u00e4umlichkeiten zu einer Sensibilisierungsveranstaltung \u00fcber Nachhaltigkeit und die Rolle von Organisationen beim Aufbau einer verantwortungsvolleren Zukunft zu begr\u00fc\u00dfen. <\/p>\n<div class=\"container section-title-container\" ><h2 class=\"section-title section-title-normal\"><b aria-hidden=\"true\"><\/b><span class=\"section-title-main\" >Die Bedeutung der Nachhaltigkeit in Organisationen<\/span><b aria-hidden=\"true\"><\/b><\/h2><\/div>\n<p data-start=\"827\" data-end=\"1152\">In einer sich st\u00e4ndig weiterentwickelnden Unternehmenslandschaft steht Nachhaltigkeit im Mittelpunkt der Art und Weise, wie Unternehmen arbeiten, wachsen und sich auf dem Markt positionieren. Dabei geht es nicht nur um die Einhaltung gesetzlicher Vorschriften oder die Umsetzung einzelner guter Praktiken. Es geht um die Integration von Nachhaltigkeit in die Gesamtstrategie des Unternehmens.  <\/p>\n<p data-start=\"1154\" data-end=\"1208\">Unternehmen, die auf diesen Wandel setzen, haben Erfolg:<\/p>\n<ul data-start=\"1210\" data-end=\"1480\">\n<li data-section-id=\"vismv\" data-start=\"1210\" data-end=\"1260\">Verringern Sie die Umweltauswirkungen Ihrer T\u00e4tigkeit<\/li>\n<li data-section-id=\"786i9t\" data-start=\"1261\" data-end=\"1315\">Ressourceneffizienz steigern und Kosten senken<\/li>\n<li data-section-id=\"1ntscfy\" data-start=\"1316\" data-end=\"1384\">St\u00e4rken Sie den Ruf und das Vertrauen bei Kunden und Partnern<\/li>\n<li data-section-id=\"1uegjhz\" data-start=\"1439\" data-end=\"1480\">Langfristig nachhaltigen Wert schaffen<\/li>\n<\/ul>\n<div class=\"container section-title-container\" ><h2 class=\"section-title section-title-normal\"><b aria-hidden=\"true\"><\/b><span class=\"section-title-main\" >Eine Zeit zum Nachdenken und Handeln - Nachhaltigkeit<\/span><b aria-hidden=\"true\"><\/b><\/h2><\/div>\n<p data-start=\"1516\" data-end=\"1716\">Die von Ana Filipa Urbano geleitete Sitzung erm\u00f6glichte es uns, \u00fcber die Auswirkungen unseres Handelns als Organisation nachzudenken und dar\u00fcber, wie wichtig es ist, konkrete Ma\u00dfnahmen zu ergreifen, die einen echten Wandel f\u00f6rdern. <\/p>\n<p data-start=\"1718\" data-end=\"1884\">In einem Umfeld des Austauschs und des Lernens wurde die Idee gest\u00e4rkt, dass Nachhaltigkeit kein isoliertes Ziel ist, sondern ein kontinuierlicher Prozess der Verbesserung und Weiterentwicklung.<\/p>\n\t<div id=\"gap-1529806044\" class=\"gap-element clearfix\" style=\"display:block; height:auto;\">\n\t\t\n<style>\n#gap-1529806044 {\n  padding-top: 30px;\n}\n<\/style>\n\t<\/div>\n\t\n\t<div class=\"img has-hover x md-x lg-x y md-y lg-y\" id=\"image_532456787\">\n\t\t\t\t\t\t\t\t<div class=\"img-inner dark\" >\n\t\t\t<img loading=\"lazy\" decoding=\"async\" width=\"1020\" height=\"762\" src=\"https:\/\/www.companhiaatlantica.pt\/wp-content\/uploads\/2026\/04\/sustentabilidade_02-1024x765.jpg\" class=\"attachment-large size-large\" alt=\"\" srcset=\"https:\/\/www.companhiaatlantica.pt\/wp-content\/uploads\/2026\/04\/sustentabilidade_02-1024x765.jpg 1024w, https:\/\/www.companhiaatlantica.pt\/wp-content\/uploads\/2026\/04\/sustentabilidade_02-400x299.jpg 400w, https:\/\/www.companhiaatlantica.pt\/wp-content\/uploads\/2026\/04\/sustentabilidade_02-768x573.jpg 768w, https:\/\/www.companhiaatlantica.pt\/wp-content\/uploads\/2026\/04\/sustentabilidade_02-1536x1147.jpg 1536w, https:\/\/www.companhiaatlantica.pt\/wp-content\/uploads\/2026\/04\/sustentabilidade_02-1320x986.jpg 1320w, https:\/\/www.companhiaatlantica.pt\/wp-content\/uploads\/2026\/04\/sustentabilidade_02-900x672.jpg 900w, https:\/\/www.companhiaatlantica.pt\/wp-content\/uploads\/2026\/04\/sustentabilidade_02.jpg 1808w\" sizes=\"auto, (max-width: 1020px) 100vw, 1020px\" title=\"\">\t\t\t\t\t\t\n\t\t\t\t\t<\/div>\n\t\t\t\t\t\t\t\t\n<style>\n#image_532456787 {\n  width: 100%;\n}\n<\/style>\n\t<\/div>\n\t\n\t<div id=\"gap-667209940\" class=\"gap-element clearfix\" style=\"display:block; height:auto;\">\n\t\t\n<style>\n#gap-667209940 {\n  padding-top: 30px;\n}\n<\/style>\n\t<\/div>\n\t\n<div class=\"container section-title-container\" ><h2 class=\"section-title section-title-normal\"><b aria-hidden=\"true\"><\/b><span class=\"section-title-main\" >Ein gemeinsames Engagement: TAKENET und Dower<\/span><b aria-hidden=\"true\"><\/b><\/h2><\/div>\n<p data-start=\"1931\" data-end=\"2171\">Die Partnerschaft zwischen <a href=\"https:\/\/www.dower.pt\/pt\/\" target=\"_blank\" rel=\"noopener\">Dower<\/a> und TAKENET hat ein solides <a href=\"https:\/\/www.companhiaatlantica.pt\/de\/uber-uns\" target=\"_blank\" rel=\"noopener\">Engagement<\/a> f\u00fcr Nachhaltigkeit gefestigt. Im Jahr 2026 gewinnt dieser Weg mit der Umsetzung eines strukturierten und handlungsorientierten Nachhaltigkeitsplans noch mehr an Schwung. <\/p>\n<p data-start=\"2173\" data-end=\"2214\">Dieser Plan umfasst konkrete Ma\u00dfnahmen wie:<\/p>\n<ul data-start=\"2216\" data-end=\"2385\">\n<li data-section-id=\"11vuq9m\" data-start=\"2216\" data-end=\"2249\">Reduzierter Energieverbrauch<\/li>\n<li data-section-id=\"1p8wz6b\" data-start=\"2250\" data-end=\"2280\">Reduzierung des Papierverbrauchs<\/li>\n<li data-section-id=\"evqnwo\" data-start=\"2281\" data-end=\"2319\">Verst\u00e4rkung der Recycling-Praktiken<\/li>\n<li data-section-id=\"omesxp\" data-start=\"2320\" data-end=\"2385\">F\u00f6rderung einer bewussteren und verantwortungsvolleren internen Kultur<\/li>\n<\/ul>\n<p data-start=\"2387\" data-end=\"2519\">Dies ist mehr als nur ein Ziel, es ist eine st\u00e4ndige Verpflichtung zur Verbesserung, zur Verantwortung und zur Schaffung von nachhaltigen Werten f\u00fcr die Zukunft.<\/p>\n<div class=\"container section-title-container\" ><h2 class=\"section-title section-title-normal\"><b aria-hidden=\"true\"><\/b><span class=\"section-title-main\" >Nachhaltigkeit als Wettbewerbsvorteil<\/span><b aria-hidden=\"true\"><\/b><\/h2><\/div>\n<p data-start=\"2568\" data-end=\"2882\">F\u00fcr die Unternehmen, mit denen wir zusammenarbeiten, ist Nachhaltigkeit nicht mehr nur eine Option, sondern ein Differenzierungs- und Wettbewerbsfaktor. Organisationen, die nachhaltige Praktiken in ihren Betrieb integrieren, sind besser darauf vorbereitet, auf die Herausforderungen des Marktes, die Anforderungen der Beh\u00f6rden und die Erwartungen der Gesellschaft zu reagieren. <\/p>\n<p data-start=\"2884\" data-end=\"2950\">Eine Investition in Nachhaltigkeit ist eine Investition in die Widerstandsf\u00e4higkeit eines Unternehmens.<\/p>\n\t<div id=\"gap-470394703\" class=\"gap-element clearfix\" style=\"display:block; height:auto;\">\n\t\t\n<style>\n#gap-470394703 {\n  padding-top: 30px;\n}\n<\/style>\n\t<\/div>\n\t\n\t<div class=\"img has-hover x md-x lg-x y md-y lg-y\" id=\"image_80537570\">\n\t\t\t\t\t\t\t\t<div class=\"img-inner image-cover dark\" style=\"padding-top:56.25%;\">\n\t\t\t<img loading=\"lazy\" decoding=\"async\" width=\"1020\" height=\"762\" src=\"https:\/\/www.companhiaatlantica.pt\/wp-content\/uploads\/2026\/04\/sustentabilidade_03-1024x765.jpg\" class=\"attachment-large size-large\" alt=\"\" srcset=\"https:\/\/www.companhiaatlantica.pt\/wp-content\/uploads\/2026\/04\/sustentabilidade_03-1024x765.jpg 1024w, https:\/\/www.companhiaatlantica.pt\/wp-content\/uploads\/2026\/04\/sustentabilidade_03-400x299.jpg 400w, https:\/\/www.companhiaatlantica.pt\/wp-content\/uploads\/2026\/04\/sustentabilidade_03-768x573.jpg 768w, https:\/\/www.companhiaatlantica.pt\/wp-content\/uploads\/2026\/04\/sustentabilidade_03-1536x1147.jpg 1536w, https:\/\/www.companhiaatlantica.pt\/wp-content\/uploads\/2026\/04\/sustentabilidade_03-1320x986.jpg 1320w, https:\/\/www.companhiaatlantica.pt\/wp-content\/uploads\/2026\/04\/sustentabilidade_03-900x672.jpg 900w, https:\/\/www.companhiaatlantica.pt\/wp-content\/uploads\/2026\/04\/sustentabilidade_03.jpg 1808w\" sizes=\"auto, (max-width: 1020px) 100vw, 1020px\" title=\"\">\t\t\t\t\t\t\n\t\t\t\t\t<\/div>\n\t\t\t\t\t\t\t\t\n<style>\n#image_80537570 {\n  width: 100%;\n}\n<\/style>\n\t<\/div>\n\t\n\t\t<\/div>\n\t\t\t\t\t<\/div>\n\n\t\n<\/div>\n\t\t<\/div>\n\t\t\t\t\t<\/div>\n\n\t\n<\/div>\n","protected":false},"excerpt":{"rendered":"<p>Die unternehmerische Nachhaltigkeit nimmt eine immer zentralere Rolle in der Strategie von Organisationen ein. Sie ist mehr als nur ein Trend, sondern steht f\u00fcr ein kontinuierliches Engagement f\u00fcr Effizienz, Umweltverantwortung und langfristige Wertsch\u00f6pfung. In diesem Zusammenhang st\u00e4rkt TAKENET seine Partnerschaft mit Dower durch die Umsetzung eines Nachhaltigkeitsplans, der sich auf konkrete Ma\u00dfnahmen zur F\u00f6rderung einer bewussteren und verantwortungsvolleren internen Kultur konzentriert.  <\/p>\n","protected":false},"author":1107,"featured_media":88004,"comment_status":"closed","ping_status":"closed","sticky":false,"template":"","format":"standard","meta":{"footnotes":""},"categories":[3132,4530],"tags":[],"class_list":["post-88026","post","type-post","status-publish","format-standard","has-post-thumbnail","hentry","category-artikel","category-horeca"],"_links":{"self":[{"href":"https:\/\/www.companhiaatlantica.pt\/de\/wp-json\/wp\/v2\/posts\/88026","targetHints":{"allow":["GET"]}}],"collection":[{"href":"https:\/\/www.companhiaatlantica.pt\/de\/wp-json\/wp\/v2\/posts"}],"about":[{"href":"https:\/\/www.companhiaatlantica.pt\/de\/wp-json\/wp\/v2\/types\/post"}],"author":[{"embeddable":true,"href":"https:\/\/www.companhiaatlantica.pt\/de\/wp-json\/wp\/v2\/users\/1107"}],"replies":[{"embeddable":true,"href":"https:\/\/www.companhiaatlantica.pt\/de\/wp-json\/wp\/v2\/comments?post=88026"}],"version-history":[{"count":5,"href":"https:\/\/www.companhiaatlantica.pt\/de\/wp-json\/wp\/v2\/posts\/88026\/revisions"}],"predecessor-version":[{"id":88067,"href":"https:\/\/www.companhiaatlantica.pt\/de\/wp-json\/wp\/v2\/posts\/88026\/revisions\/88067"}],"wp:featuredmedia":[{"embeddable":true,"href":"https:\/\/www.companhiaatlantica.pt\/de\/wp-json\/wp\/v2\/media\/88004"}],"wp:attachment":[{"href":"https:\/\/www.companhiaatlantica.pt\/de\/wp-json\/wp\/v2\/media?parent=88026"}],"wp:term":[{"taxonomy":"category","embeddable":true,"href":"https:\/\/www.companhiaatlantica.pt\/de\/wp-json\/wp\/v2\/categories?post=88026"},{"taxonomy":"post_tag","embeddable":true,"href":"https:\/\/www.companhiaatlantica.pt\/de\/wp-json\/wp\/v2\/tags?post=88026"}],"curies":[{"name":"wp","href":"https:\/\/api.w.org\/{rel}","templated":true}]}}