{"id":28016,"date":"2023-06-12T11:10:41","date_gmt":"2023-06-12T10:10:41","guid":{"rendered":"https:\/\/companhiaatlantica.pt\/blog\/sin-categorizar\/"},"modified":"2024-08-19T10:54:14","modified_gmt":"2024-08-19T09:54:14","slug":"ceramica-terracota-de-mesa-coleccion-aroma","status":"publish","type":"post","link":"https:\/\/www.companhiaatlantica.pt\/es\/articulo\/novedades\/ceramica-terracota-de-mesa-coleccion-aroma","title":{"rendered":"Cer\u00e1mica Terracota para Mesa \u2013 Colecci\u00f3n AROMA"},"content":{"rendered":"<h1 style=\"text-align: left;\"><\/h1>\n<div id=\"1685634040.336739\" class=\"c-virtual_list__item c-virtual_list__item--initial-activeitem\" tabindex=\"0\" role=\"listitem\" aria-setsize=\"-1\" data-qa=\"virtual-list-item\" data-item-key=\"1685634040.336739\">\n<div class=\"c-message_kit__background c-message_kit__background--hovered p-message_pane_message__message c-message_kit__message\" role=\"presentation\" data-qa=\"message_container\" data-qa-unprocessed=\"false\" data-qa-placeholder=\"false\">\n<div class=\"c-message_kit__hover c-message_kit__hover--hovered\" role=\"document\" aria-roledescription=\"mensagem\" data-qa-hover=\"true\">\n<div class=\"c-message_kit__actions c-message_kit__actions--default\">\n<div class=\"c-message_kit__gutter\">\n<div class=\"c-message_kit__gutter__right\" role=\"presentation\" data-qa=\"message_content\">\n<div class=\"c-message_kit__blocks c-message_kit__blocks--rich_text\">\n<div class=\"c-message__message_blocks c-message__message_blocks--rich_text\" data-qa=\"message-text\">\n<div class=\"p-block_kit_renderer\" data-qa=\"block-kit-renderer\">\n<div class=\"p-block_kit_renderer__block_wrapper p-block_kit_renderer__block_wrapper--first\">\n<div class=\"p-rich_text_block\" dir=\"auto\">\n<div class=\"p-rich_text_section\" style=\"text-align: left;\">La Companhia Atl\u00e2ntica presenta una colecci\u00f3n de cer\u00e1mica de terracota para tu mesa. Con esmaltado parcial y decorados a mano,<strong> los vasos de caf\u00e9<\/strong> AROMA tienen acabados con un atractivo est\u00e9tico <strong>r\u00fastico<\/strong> y <strong>org\u00e1nico<\/strong>, adem\u00e1s de mantener tu caf\u00e9 caliente por m\u00e1s tiempo.<\/div>\n<\/div>\n<div><\/div>\n<\/div>\n<\/div>\n<div class=\"p-block_kit_renderer\" data-qa=\"block-kit-renderer\">\n<div class=\"p-block_kit_renderer__block_wrapper p-block_kit_renderer__block_wrapper--first\">\n<div style=\"text-align: center;\">\n<div><\/div>\n<div><\/div>\n<div class=\"p-rich_text_section\" style=\"text-align: center;\"><\/div>\n<div class=\"p-rich_text_section\" style=\"text-align: left;\"><\/div>\n<\/div>\n<\/div>\n<\/div>\n<\/div>\n<\/div>\n<\/div>\n<\/div>\n<\/div>\n<\/div>\n<\/div>\n<\/div>\n<h2><\/h2>\n<h2 style=\"text-align: center;\">Cer\u00e1mica Terracota<\/h2>\n<p><img loading=\"lazy\" decoding=\"async\" class=\"wp-image-27934 alignright\" style=\"color: #555555;\" src=\"https:\/\/www.companhiaatlantica.pt\/wp-content\/uploads\/2023\/06\/AROMA32-300x300.jpg\" alt=\"\" width=\"230\" height=\"230\" title=\"\" srcset=\"https:\/\/www.companhiaatlantica.pt\/wp-content\/uploads\/2023\/06\/AROMA32-300x300.jpg 300w, https:\/\/www.companhiaatlantica.pt\/wp-content\/uploads\/2023\/06\/AROMA32-700x700.jpg 700w, https:\/\/www.companhiaatlantica.pt\/wp-content\/uploads\/2023\/06\/AROMA32-100x100.jpg 100w, https:\/\/www.companhiaatlantica.pt\/wp-content\/uploads\/2023\/06\/AROMA32-900x900.jpg 900w, https:\/\/www.companhiaatlantica.pt\/wp-content\/uploads\/2023\/06\/AROMA32-150x150.jpg 150w, https:\/\/www.companhiaatlantica.pt\/wp-content\/uploads\/2023\/06\/AROMA32-768x768.jpg 768w, https:\/\/www.companhiaatlantica.pt\/wp-content\/uploads\/2023\/06\/AROMA32-600x600.jpg 600w, https:\/\/www.companhiaatlantica.pt\/wp-content\/uploads\/2023\/06\/AROMA32.jpg 1000w\" sizes=\"auto, (max-width: 230px) 100vw, 230px\" \/><\/p>\n<p><span data-contrast=\"auto\"><em><img loading=\"lazy\" decoding=\"async\" class=\"alignleft wp-image-27825\" src=\"https:\/\/www.companhiaatlantica.pt\/wp-content\/uploads\/2023\/06\/2-2-300x300.jpg\" alt=\"\" width=\"230\" height=\"230\" title=\"\" srcset=\"https:\/\/www.companhiaatlantica.pt\/wp-content\/uploads\/2023\/06\/2-2-300x300.jpg 300w, https:\/\/www.companhiaatlantica.pt\/wp-content\/uploads\/2023\/06\/2-2-700x700.jpg 700w, https:\/\/www.companhiaatlantica.pt\/wp-content\/uploads\/2023\/06\/2-2-100x100.jpg 100w, https:\/\/www.companhiaatlantica.pt\/wp-content\/uploads\/2023\/06\/2-2-900x900.jpg 900w, https:\/\/www.companhiaatlantica.pt\/wp-content\/uploads\/2023\/06\/2-2-150x150.jpg 150w, https:\/\/www.companhiaatlantica.pt\/wp-content\/uploads\/2023\/06\/2-2-768x768.jpg 768w, https:\/\/www.companhiaatlantica.pt\/wp-content\/uploads\/2023\/06\/2-2-600x600.jpg 600w, https:\/\/www.companhiaatlantica.pt\/wp-content\/uploads\/2023\/06\/2-2.jpg 1000w\" sizes=\"auto, (max-width: 230px) 100vw, 230px\" \/><\/em><\/span><\/p>\n<div>La terracota <em>es un material cer\u00e1mico<\/em> no vidriado que se moldea y cuece a una temperatura relativamente baja.<\/div>\n<div><\/div>\n<div>La palabra &#8220;Terracota&#8221; proviene del italiano &#8220;Terracotta&#8221;, que significa &#8220;tierra cocida&#8221;. Es uno de los <strong>materiales m\u00e1s antiguos<\/strong> utilizados por los seres humanos para la creaci\u00f3n de objetos utilitarios y art\u00edsticos.<\/div>\n<div><\/div>\n<div>La terracota se fabrica principalmente a partir de <strong>arcilla<\/strong>, que es un tipo de suelo rico en minerales, especialmente silicatos de aluminio. La arcilla se extrae, se purifica y luego se moldea en diversas formas deseadas. Estas formas <strong>se secan al aire libre o en hornos<\/strong> para eliminar la humedad y luego se cuecen a temperaturas que var\u00edan entre 600 y 1.000 grados Celsius, dependiendo del tipo de arcilla y el resultado deseado.<\/div>\n<div><\/div>\n<div>El <strong>color natural<\/strong> de la terracota es rojizo debido a la presencia de \u00f3xido de hierro en la arcilla. Sin embargo, la terracota tambi\u00e9n puede <strong>esmaltarse o pintarse<\/strong> para agregar colores y patrones decorativos. Es un material <strong>duradero y resistente<\/strong>, lo que lo hace adecuado para su uso en \u00e1reas exteriores, como revestimientos de fachadas y elementos decorativos en jardines.<\/div>\n<div><\/div>\n<div>La terracota ha sido ampliamente utilizada en diferentes culturas a lo largo de la historia, desde las antiguas civilizaciones mesopot\u00e1micas, egipcias y romanas hasta las tradiciones arquitect\u00f3nicas asi\u00e1ticas. Tiene un <em>atractivo est\u00e9tico r\u00fastico y org\u00e1nico y se valora por su<\/em> <strong>conexi\u00f3n con la naturaleza<\/strong> y su capacidad para integrarse arm\u00f3nicamente en entornos naturales.<\/div>\n<h2 style=\"text-align: center;\">Vasos de Caf\u00e9 AROMA<\/h2>\n<p>&nbsp;<\/p>\n<p><img loading=\"lazy\" decoding=\"async\" class=\"alignright wp-image-27926\" src=\"https:\/\/www.companhiaatlantica.pt\/wp-content\/uploads\/2023\/06\/AROMA19-150x150.jpg\" alt=\"\" width=\"230\" height=\"230\" title=\"\" srcset=\"https:\/\/www.companhiaatlantica.pt\/wp-content\/uploads\/2023\/06\/AROMA19-150x150.jpg 150w, https:\/\/www.companhiaatlantica.pt\/wp-content\/uploads\/2023\/06\/AROMA19-700x700.jpg 700w, https:\/\/www.companhiaatlantica.pt\/wp-content\/uploads\/2023\/06\/AROMA19-100x100.jpg 100w, https:\/\/www.companhiaatlantica.pt\/wp-content\/uploads\/2023\/06\/AROMA19-900x900.jpg 900w, https:\/\/www.companhiaatlantica.pt\/wp-content\/uploads\/2023\/06\/AROMA19-300x300.jpg 300w, https:\/\/www.companhiaatlantica.pt\/wp-content\/uploads\/2023\/06\/AROMA19-768x768.jpg 768w, https:\/\/www.companhiaatlantica.pt\/wp-content\/uploads\/2023\/06\/AROMA19-600x600.jpg 600w, https:\/\/www.companhiaatlantica.pt\/wp-content\/uploads\/2023\/06\/AROMA19.jpg 1000w\" sizes=\"auto, (max-width: 230px) 100vw, 230px\" \/><\/p>\n<div>En la Companhia Atl\u00e2ntica, estamos emocionados de presentarles nuestra \u00faltima colecci\u00f3n dedicada a los vasos de caf\u00e9 AROMA, que utilizan la cer\u00e1mica de <strong>terracota<\/strong> como <strong>t\u00e9cnica e inspiraci\u00f3n<\/strong>. Adem\u00e1s del dise\u00f1o y la excelencia que ofrecen estos vasos, esta colecci\u00f3n tambi\u00e9n cuenta con una atractiva <strong>variedad de colores<\/strong>.<\/div>\n<div><\/div>\n<div>El <strong>color<\/strong> es una de las caracter\u00edsticas m\u00e1s destacadas y fascinantes del mundo que nos rodea. Despierta emociones, estimula los sentidos y agrega vida y personalidad a todo lo que nos rodea.<\/div>\n<div><\/div>\n<div>Los vasos de caf\u00e9 AROMA est\u00e1n <strong>parcialmente<\/strong> <strong>esmaltados<\/strong> <strong>a<\/strong> <strong>mano<\/strong> por experimentados ceramistas locales, lo que les confiere un toque \u00fanico y especial. Cada vaso es verdaderamente <strong>exclusivo<\/strong>, llevando consigo la dedicaci\u00f3n y el cuidado de los <strong>artesanos<\/strong> involucrados en su creaci\u00f3n.<\/div>\n<div><\/div>\n<div>El <strong>color<\/strong> <strong>y<\/strong> <strong>el<\/strong> <strong>acabado<\/strong> son caracter\u00edsticas distintivas de esta colecci\u00f3n.<\/div>\n<div><\/div>\n<div>Disponibles en <em>juegos de dos vasos de expreso<\/em>, con d<em>os dise\u00f1os diferentes y dos colores distintos<\/em>, estos vasos pueden acompa\u00f1ar los diferentes momentos de su vida, adapt\u00e1ndose a diversas propuestas de uso.<\/div>\n<p style=\"font-size: 14.4px;\"><img loading=\"lazy\" decoding=\"async\" class=\"alignright wp-image-27920\" style=\"font-size: 14.4px;\" src=\"https:\/\/www.companhiaatlantica.pt\/wp-content\/uploads\/2023\/06\/AROMA33-e1687184828511.jpg\" alt=\"\" width=\"214\" height=\"214\" title=\"\" srcset=\"https:\/\/www.companhiaatlantica.pt\/wp-content\/uploads\/2023\/06\/AROMA33-e1687184828511-100x100.jpg 100w, https:\/\/www.companhiaatlantica.pt\/wp-content\/uploads\/2023\/06\/AROMA33-e1687184828511-150x150.jpg 150w, https:\/\/www.companhiaatlantica.pt\/wp-content\/uploads\/2023\/06\/AROMA33-e1687184828511-300x300.jpg 300w\" sizes=\"auto, (max-width: 214px) 100vw, 214px\" \/><\/p>\n<p>&nbsp;<\/p>\n<div>La <strong>variedad<\/strong> <strong>de<\/strong> <strong>colores<\/strong> es uno de los puntos destacados de la colecci\u00f3n AROMA.<\/div>\n<div><\/div>\n<div>Disponibles en conjuntos de dos vasos, con cuatro opciones de colores, estos vasos se pueden combinar para acompa\u00f1ar los diferentes momentos de tu vida, adapt\u00e1ndose a <strong>diversas<\/strong> <strong>propuestas<\/strong> <strong>de<\/strong> <strong>uso<\/strong>.<\/div>\n<h2><\/h2>\n<h2><\/h2>\n<h2 style=\"text-align: center;\">Ventajas de la Terracota<\/h2>\n<p>&nbsp;<\/p>\n<div>Son muchas las <strong>razones<\/strong> <strong>y<\/strong> <strong>ventajas<\/strong> de elegir vasos de caf\u00e9 de terracota.<\/div>\n<div><\/div>\n<div>Aqu\u00ed tienes algunas de ellas:<\/div>\n<p><a href=\"https:\/\/companhiaatlantica.pt\/es\/ceramica-portuguesa\/vasos-tazas-cafe-ceramica\/vaso-cafe-espresso-aroma-conjunto-de-2\"><strong><img loading=\"lazy\" decoding=\"async\" class=\"alignleft wp-image-27952\" src=\"https:\/\/www.companhiaatlantica.pt\/wp-content\/uploads\/2023\/06\/AROMA25-300x300.jpg\" alt=\"\" width=\"230\" height=\"230\" title=\"\" srcset=\"https:\/\/www.companhiaatlantica.pt\/wp-content\/uploads\/2023\/06\/AROMA25-300x300.jpg 300w, https:\/\/www.companhiaatlantica.pt\/wp-content\/uploads\/2023\/06\/AROMA25-700x700.jpg 700w, https:\/\/www.companhiaatlantica.pt\/wp-content\/uploads\/2023\/06\/AROMA25-100x100.jpg 100w, https:\/\/www.companhiaatlantica.pt\/wp-content\/uploads\/2023\/06\/AROMA25-900x900.jpg 900w, https:\/\/www.companhiaatlantica.pt\/wp-content\/uploads\/2023\/06\/AROMA25-150x150.jpg 150w, https:\/\/www.companhiaatlantica.pt\/wp-content\/uploads\/2023\/06\/AROMA25-768x768.jpg 768w, https:\/\/www.companhiaatlantica.pt\/wp-content\/uploads\/2023\/06\/AROMA25-600x600.jpg 600w, https:\/\/www.companhiaatlantica.pt\/wp-content\/uploads\/2023\/06\/AROMA25.jpg 1000w\" sizes=\"auto, (max-width: 230px) 100vw, 230px\" \/><\/strong><\/a><\/p>\n<div><strong>Retenci\u00f3n<\/strong> <strong>de<\/strong> <strong>calor<\/strong>: La terracota es un material con una <em>buena<\/em> <em>capacidad<\/em> <em>para<\/em> <em>retener<\/em> <em>el<\/em> <em>calor<\/em>. Esto significa que cuando colocas una bebida caliente, como el caf\u00e9, en un vaso de terracota, ayuda a mantener la temperatura durante m\u00e1s tiempo. Esto es especialmente \u00fatil si te gusta <em>saborear<\/em> <em>tu<\/em> <em>caf\u00e9<\/em> <em>lentamente<\/em>, ya que la taza de terracota puede mantenerlo caliente por m\u00e1s tiempo.<\/div>\n<div><\/div>\n<div><strong>Tacto<\/strong>: La terracota tiene una <em>textura<\/em> <em>agradable<\/em> al tacto. Los vasos de terracota tienen una superficie ligeramente rugosa y porosa, lo que proporciona una sensaci\u00f3n t\u00e1ctil agradable al sostenerlas. Esta sensaci\u00f3n puede ser reconfortante al disfrutar de una bebida caliente, como el caf\u00e9.<\/div>\n<p><strong><img loading=\"lazy\" decoding=\"async\" class=\"size-medium wp-image-27940 alignright\" src=\"https:\/\/www.companhiaatlantica.pt\/wp-content\/uploads\/2023\/06\/ceramic-pottery-tools-still-life-1-300x200.jpg\" alt=\"\" width=\"300\" height=\"200\" title=\"\" srcset=\"https:\/\/www.companhiaatlantica.pt\/wp-content\/uploads\/2023\/06\/ceramic-pottery-tools-still-life-1-300x200.jpg 300w, https:\/\/www.companhiaatlantica.pt\/wp-content\/uploads\/2023\/06\/ceramic-pottery-tools-still-life-1-scaled-900x600.jpg 900w, https:\/\/www.companhiaatlantica.pt\/wp-content\/uploads\/2023\/06\/ceramic-pottery-tools-still-life-1-1024x683.jpg 1024w, https:\/\/www.companhiaatlantica.pt\/wp-content\/uploads\/2023\/06\/ceramic-pottery-tools-still-life-1-768x512.jpg 768w, https:\/\/www.companhiaatlantica.pt\/wp-content\/uploads\/2023\/06\/ceramic-pottery-tools-still-life-1-1536x1024.jpg 1536w, https:\/\/www.companhiaatlantica.pt\/wp-content\/uploads\/2023\/06\/ceramic-pottery-tools-still-life-1-2048x1365.jpg 2048w, https:\/\/www.companhiaatlantica.pt\/wp-content\/uploads\/2023\/06\/ceramic-pottery-tools-still-life-1-600x400.jpg 600w\" sizes=\"auto, (max-width: 300px) 100vw, 300px\" \/><\/strong><\/p>\n<div><strong>Est\u00e9tica<\/strong> <strong>y<\/strong> <strong>estilo<\/strong>: Los vasos de caf\u00e9 de terracota tienen un <em>atractivo<\/em> <em>est\u00e9tico<\/em> <em>\u00fanico<\/em>. Su color natural rojizo y acabado r\u00fastico les confieren un encanto artesanal y org\u00e1nico. Estos vasos pueden agregar un toque de estilo y personalidad a tu experiencia de beber caf\u00e9.<\/div>\n<div><\/div>\n<div><strong>Durabilidad<\/strong>: La terracota es conocida por su <em>durabilidad<\/em>. Los vasos de terracota son <em>resistentes<\/em> <em>a<\/em> <em>los<\/em> <em>impactos<\/em> y tienen una buena <em>resistencia<\/em> <em>al<\/em> <em>desgaste<\/em>. Con los cuidados adecuados, pueden durar muchos a\u00f1os, brindando una opci\u00f3n sostenible en comparaci\u00f3n con los vasos desechables o de materiales menos duraderos.<\/div>\n<div><\/div>\n<div><strong>Material<\/strong> <strong>natural<\/strong> <strong>y<\/strong> <strong>seguro<\/strong>: La terracota es <em>un material natural y no t\u00f3xico<\/em>. Al elegir vasos de caf\u00e9 de terracota, evitas el uso de materiales pl\u00e1sticos o recubrimientos qu\u00edmicos potencialmente da\u00f1inos para la salud. Adem\u00e1s, la terracota es un material ecol\u00f3gico y puede ser reciclado al final de su vida \u00fatil.<\/div>\n<h2><\/h2>\n<h2 style=\"text-align: center;\">Conoce a la artesana<\/h2>\n<p><img loading=\"lazy\" decoding=\"async\" class=\"size-medium wp-image-28002 alignleft\" src=\"https:\/\/www.companhiaatlantica.pt\/wp-content\/uploads\/2023\/06\/7_pb-300x233.jpg\" alt=\"\" width=\"300\" height=\"233\" title=\"\" srcset=\"https:\/\/www.companhiaatlantica.pt\/wp-content\/uploads\/2023\/06\/7_pb-300x233.jpg 300w, https:\/\/www.companhiaatlantica.pt\/wp-content\/uploads\/2023\/06\/7_pb-900x699.jpg 900w, https:\/\/www.companhiaatlantica.pt\/wp-content\/uploads\/2023\/06\/7_pb-1024x796.jpg 1024w, https:\/\/www.companhiaatlantica.pt\/wp-content\/uploads\/2023\/06\/7_pb-768x597.jpg 768w, https:\/\/www.companhiaatlantica.pt\/wp-content\/uploads\/2023\/06\/7_pb-600x466.jpg 600w, https:\/\/www.companhiaatlantica.pt\/wp-content\/uploads\/2023\/06\/7_pb.jpg 1287w\" sizes=\"auto, (max-width: 300px) 100vw, 300px\" \/><\/p>\n<div>Conoce a Clara Vieira, una talentosa artesana que aporta un <em>toque<\/em> <em>especial<\/em> a <em>los<\/em> <em>vasos<\/em> <em>de<\/em> <em>caf\u00e9<\/em> de terracota de la l\u00ednea AROMA.<\/div>\n<div>Nacida en 1977 y residente en Porto M\u00f3s, Clara ha dedicado los \u00faltimos 20 a\u00f1os de su vida a perfeccionar sus habilidades en el arte de la cer\u00e1mica.<\/div>\n<div><\/div>\n<div>Su atenci\u00f3n al detalle y meticulosos acabados en pintura y esmaltado <strong>garantizan<\/strong> <strong>un<\/strong> <strong>resultado<\/strong> <strong>excepcional<\/strong> en cada pieza que crea.<\/div>\n<div>Adem\u00e1s de su trabajo art\u00edstico, Clara encuentra placer en momentos de relajaci\u00f3n y paseos, encontrando inspiraci\u00f3n en la naturaleza que la rodea.<\/div>\n<div><\/div>\n<div>Con tres hijos, ella encuentra un equilibrio entre su vida familiar y su pasi\u00f3n por la cer\u00e1mica, haciendo que cada pieza sea \u00fanica y llena de significado.<\/div>\n<p><img loading=\"lazy\" decoding=\"async\" class=\"size-medium wp-image-27999 alignright\" src=\"https:\/\/www.companhiaatlantica.pt\/wp-content\/uploads\/2023\/06\/6-300x135.jpg\" alt=\"\" width=\"300\" height=\"135\" title=\"\" srcset=\"https:\/\/www.companhiaatlantica.pt\/wp-content\/uploads\/2023\/06\/6-300x135.jpg 300w, https:\/\/www.companhiaatlantica.pt\/wp-content\/uploads\/2023\/06\/6-900x404.jpg 900w, https:\/\/www.companhiaatlantica.pt\/wp-content\/uploads\/2023\/06\/6-1024x460.jpg 1024w, https:\/\/www.companhiaatlantica.pt\/wp-content\/uploads\/2023\/06\/6-768x345.jpg 768w, https:\/\/www.companhiaatlantica.pt\/wp-content\/uploads\/2023\/06\/6-1536x690.jpg 1536w, https:\/\/www.companhiaatlantica.pt\/wp-content\/uploads\/2023\/06\/6-2048x920.jpg 2048w, https:\/\/www.companhiaatlantica.pt\/wp-content\/uploads\/2023\/06\/6-600x270.jpg 600w\" sizes=\"auto, (max-width: 300px) 100vw, 300px\" \/><\/p>\n<p>&nbsp;<\/p>\n<p>&nbsp;<\/p>\n<p>&nbsp;<\/p>\n<p>&nbsp;<\/p>\n<p>&nbsp;<\/p>\n<p style=\"text-align: center;\"><strong>AROMA es m\u00e1s que una simple pieza utilitaria, es una experiencia sensorial \u00fanica al tomar tu caf\u00e9.<\/strong><\/p>\n<p style=\"text-align: center;\">Disfruta de momentos de puro placer y sofisticaci\u00f3n con nuestras tazas de caf\u00e9 de la Colecci\u00f3n Aroma. Una <strong>producci\u00f3n<\/strong> <strong>100%<\/strong> <strong>nacional<\/strong>.<\/p>\n<p style=\"text-align: center;\"><em>\u00a1Descubre ya las opciones disponibles!<\/em><\/p>\n<p><a href=\"https:\/\/companhiaatlantica.pt\/es\/ceramica-portuguesa\/vasos-tazas-cafe-ceramica\/vaso-cafe-espresso-aroma-conjunto-de-2\">https:\/\/companhiaatlantica.pt\/es\/ceramica-portuguesa\/vasos-tazas-cafe-ceramica\/vaso-cafe-espresso-aroma-conjunto-de-2<\/a><\/p>\n<p><a href=\"https:\/\/companhiaatlantica.pt\/es\"><img loading=\"lazy\" decoding=\"async\" class=\" wp-image-27943 aligncenter\" src=\"https:\/\/www.companhiaatlantica.pt\/wp-content\/uploads\/2023\/06\/logo-pnggg-300x300.png\" alt=\"\" width=\"212\" height=\"212\" title=\"\" srcset=\"https:\/\/www.companhiaatlantica.pt\/wp-content\/uploads\/2023\/06\/logo-pnggg-300x300.png 300w, https:\/\/www.companhiaatlantica.pt\/wp-content\/uploads\/2023\/06\/logo-pnggg-700x700.png 700w, https:\/\/www.companhiaatlantica.pt\/wp-content\/uploads\/2023\/06\/logo-pnggg-100x100.png 100w, https:\/\/www.companhiaatlantica.pt\/wp-content\/uploads\/2023\/06\/logo-pnggg-900x900.png 900w, https:\/\/www.companhiaatlantica.pt\/wp-content\/uploads\/2023\/06\/logo-pnggg-1024x1024.png 1024w, https:\/\/www.companhiaatlantica.pt\/wp-content\/uploads\/2023\/06\/logo-pnggg-150x150.png 150w, https:\/\/www.companhiaatlantica.pt\/wp-content\/uploads\/2023\/06\/logo-pnggg-768x768.png 768w, https:\/\/www.companhiaatlantica.pt\/wp-content\/uploads\/2023\/06\/logo-pnggg-600x600.png 600w, https:\/\/www.companhiaatlantica.pt\/wp-content\/uploads\/2023\/06\/logo-pnggg.png 1280w\" sizes=\"auto, (max-width: 212px) 100vw, 212px\" \/><\/a><\/p>\n","protected":false},"excerpt":{"rendered":"<p>La Companhia Atl\u00e2ntica presenta una colecci\u00f3n de cer\u00e1mica de terracota para tu mesa. Con esmaltado parcial y decorados a mano, los vasos de caf\u00e9 AROMA tienen acabados con un atractivo est\u00e9tico r\u00fastico y org\u00e1nico, adem\u00e1s de mantener tu caf\u00e9 caliente por m\u00e1s tiempo. Cer\u00e1mica Terracota La terracota es un material cer\u00e1mico no vidriado que se [&#8230;]\n","protected":false},"author":636,"featured_media":45165,"comment_status":"closed","ping_status":"open","sticky":false,"template":"","format":"standard","meta":{"footnotes":""},"categories":[1388],"tags":[],"class_list":["post-28016","post","type-post","status-publish","format-standard","has-post-thumbnail","hentry","category-novedades"],"_links":{"self":[{"href":"https:\/\/www.companhiaatlantica.pt\/es\/wp-json\/wp\/v2\/posts\/28016","targetHints":{"allow":["GET"]}}],"collection":[{"href":"https:\/\/www.companhiaatlantica.pt\/es\/wp-json\/wp\/v2\/posts"}],"about":[{"href":"https:\/\/www.companhiaatlantica.pt\/es\/wp-json\/wp\/v2\/types\/post"}],"author":[{"embeddable":true,"href":"https:\/\/www.companhiaatlantica.pt\/es\/wp-json\/wp\/v2\/users\/636"}],"replies":[{"embeddable":true,"href":"https:\/\/www.companhiaatlantica.pt\/es\/wp-json\/wp\/v2\/comments?post=28016"}],"version-history":[{"count":5,"href":"https:\/\/www.companhiaatlantica.pt\/es\/wp-json\/wp\/v2\/posts\/28016\/revisions"}],"predecessor-version":[{"id":46701,"href":"https:\/\/www.companhiaatlantica.pt\/es\/wp-json\/wp\/v2\/posts\/28016\/revisions\/46701"}],"wp:featuredmedia":[{"embeddable":true,"href":"https:\/\/www.companhiaatlantica.pt\/es\/wp-json\/wp\/v2\/media\/45165"}],"wp:attachment":[{"href":"https:\/\/www.companhiaatlantica.pt\/es\/wp-json\/wp\/v2\/media?parent=28016"}],"wp:term":[{"taxonomy":"category","embeddable":true,"href":"https:\/\/www.companhiaatlantica.pt\/es\/wp-json\/wp\/v2\/categories?post=28016"},{"taxonomy":"post_tag","embeddable":true,"href":"https:\/\/www.companhiaatlantica.pt\/es\/wp-json\/wp\/v2\/tags?post=28016"}],"curies":[{"name":"wp","href":"https:\/\/api.w.org\/{rel}","templated":true}]}}