{"id":53091,"date":"2024-01-12T14:58:59","date_gmt":"2024-01-12T14:58:59","guid":{"rendered":"https:\/\/www.companhiaatlantica.pt\/?p=53091"},"modified":"2024-08-19T10:54:20","modified_gmt":"2024-08-19T09:54:20","slug":"tazas-de-cafe-expreso","status":"publish","type":"post","link":"https:\/\/www.companhiaatlantica.pt\/es\/articulo\/tazas-de-cafe-expreso","title":{"rendered":"\u00a1Nuestras tazas de caf\u00e9 expreso! \u2615"},"content":{"rendered":"<div class=\"row row-collapse row-full-width align-middle\"  id=\"row-499672966\">\n\n\t<div id=\"col-56130530\" class=\"col small-12 large-12\"  >\n\t\t\t\t<div class=\"col-inner\"  >\n\t\t\t\n\t\t\t\n\t<div id=\"text-4227611037\" class=\"text\">\n\t\t\n<nav aria-label=\"breadcrumbs\" class=\"rank-math-breadcrumb\"><p><span class=\"last\">In\u00edcio<\/span><\/p><\/nav>\n\t\t\n<style>\n#text-4227611037 {\n  text-align: left;\n}\n<\/style>\n\t<\/div>\n\t\n\t\t<\/div>\n\t\t\t\t\t<\/div>\n\n\t\n<\/div>\n\n\t<section class=\"section\" id=\"section_1761428389\">\n\t\t<div class=\"section-bg fill\" >\n\t\t\t\t\t\t\t\t\t\n\t\t\t\n\n\t\t<\/div>\n\n\t\t\n\n\t\t<div class=\"section-content relative\">\n\t\t\t\n<div class=\"row\"  id=\"row-1976310182\">\n\n\t<div id=\"col-2050912476\" class=\"col medium-5 small-12 large-5\"  >\n\t\t\t\t<div class=\"col-inner\"  >\n\t\t\t\n\t\t\t\n\t<div class=\"img has-hover x md-x lg-x y md-y lg-y\" id=\"image_1765943334\">\n\t\t<a class=\"\" href=\"https:\/\/www.companhiaatlantica.pt\/es\/produto\/ceramica-portuguesa\/vasos-tazas-cafe-ceramica\/taza-de-cafe-espresso-breezy-conjunto-de-2?attribute_pa_cor=crema\" >\t\t\t\t\t\t<div class=\"img-inner dark\" >\n\t\t\t<img loading=\"lazy\" decoding=\"async\" width=\"960\" height=\"960\" src=\"https:\/\/www.companhiaatlantica.pt\/wp-content\/uploads\/2024\/01\/coffee-expresso-breezy.jpg\" class=\"attachment-large size-large\" alt=\"\" srcset=\"https:\/\/www.companhiaatlantica.pt\/wp-content\/uploads\/2024\/01\/coffee-expresso-breezy.jpg 960w, https:\/\/www.companhiaatlantica.pt\/wp-content\/uploads\/2024\/01\/coffee-expresso-breezy-700x700.jpg 700w, https:\/\/www.companhiaatlantica.pt\/wp-content\/uploads\/2024\/01\/coffee-expresso-breezy-100x100.jpg 100w, https:\/\/www.companhiaatlantica.pt\/wp-content\/uploads\/2024\/01\/coffee-expresso-breezy-900x900.jpg 900w, https:\/\/www.companhiaatlantica.pt\/wp-content\/uploads\/2024\/01\/coffee-expresso-breezy-400x400.jpg 400w, https:\/\/www.companhiaatlantica.pt\/wp-content\/uploads\/2024\/01\/coffee-expresso-breezy-350x350.jpg 350w, https:\/\/www.companhiaatlantica.pt\/wp-content\/uploads\/2024\/01\/coffee-expresso-breezy-768x768.jpg 768w\" sizes=\"auto, (max-width: 960px) 100vw, 960px\" title=\"\">\t\t\t\t\t\t\n\t\t\t\t\t<\/div>\n\t\t\t\t\t\t<\/a>\t\t\n<style>\n#image_1765943334 {\n  width: 100%;\n}\n<\/style>\n\t<\/div>\n\t\n\t\t<\/div>\n\t\t\t\t\t<\/div>\n\n\t\n\n\t<div id=\"col-469449052\" class=\"col medium-7 small-12 large-7\"  >\n\t\t\t\t<div class=\"col-inner\"  >\n\t\t\t\n\t\t\t\n<h2>Ol\u00e1 amantes del caf\u00e9!<\/h2>\n<p>Exploraremos las refinadas colecciones de tazas de caf\u00e9 expreso de la <strong>Companhia Atl\u00e2ntica<\/strong>. Descubre los detalles distintivos de las colecciones de tazas de caf\u00e9 expreso <strong><a href=\"https:\/\/www.companhiaatlantica.pt\/es\/ceramica-portuguesa?filter_colecao=lapa-es\">LAPA<\/a>, <a href=\"https:\/\/www.companhiaatlantica.pt\/es\/ceramica-portuguesa?filter_colecao=melides-es\">MELIDES<\/a>, <a href=\"https:\/\/www.companhiaatlantica.pt\/es\/ceramica-portuguesa?filter_colecao=breezy-es\">BREEZY<\/a>, <a href=\"https:\/\/www.companhiaatlantica.pt\/es\/ceramica-portuguesa?filter_colecao=comporta-es\">COMPORTA<\/a> <\/strong>y <strong><a href=\"https:\/\/www.companhiaatlantica.pt\/es\/produto\/ceramica-portuguesa\/vasos-tazas-cafe-ceramica\/vaso-cafe-espresso-aroma-juego-de-2\">AROMA<\/a><\/strong> y sum\u00e9rgete en la historia contempor\u00e1nea del caf\u00e9, porque sabemos que beber caf\u00e9 de calidad es una experiencia rica en sabor y tradici\u00f3n.<\/p>\n<p>Pero antes de eso&#8230;<\/p>\n<h3>Beber caf\u00e9 es bueno, \u00bfsab\u00edas?<\/h3>\n<p>El caf\u00e9 es una bebida apreciada en todo el mundo, no solo por su sabor robusto y aroma irresistible, sino tambi\u00e9n por los diversos beneficios que ofrece a la salud. Adem\u00e1s de proporcionar un impulso energ\u00e9tico, el caf\u00e9 es rico en antioxidantes, que ayudan a combatir los radicales libres en el cuerpo, contribuyendo as\u00ed a la <a href=\"https:\/\/www.cuf.pt\/mais-saude\/10-beneficios-do-cafe\" target=\"_blank\" rel=\"nofollow noopener\"><strong>prevenci\u00f3n de enfermedades<\/strong><\/a>.<\/p>\n<p>Estudios sugieren que el consumo moderado de caf\u00e9 est\u00e1 asociado con un menor riesgo de ciertas condiciones, como enfermedades card\u00edacas, accidentes cerebrovasculares, diabetes tipo 2 e incluso ciertos tipos de c\u00e1ncer. Adem\u00e1s, la cafe\u00edna presente en el caf\u00e9 puede mejorar la funci\u00f3n cognitiva, aumentar el estado de alerta y mejorar el estado de \u00e1nimo.<\/p>\n\t\t<\/div>\n\t\t\t\t\t<\/div>\n\n\t\n<\/div>\n\t\t<\/div>\n\n\t\t\n<style>\n#section_1761428389 {\n  padding-top: 0px;\n  padding-bottom: 0px;\n}\n<\/style>\n\t<\/section>\n\t\n\n\t<section class=\"section\" id=\"section_1746691395\">\n\t\t<div class=\"section-bg fill\" >\n\t\t\t\t\t\t\t\t\t\n\t\t\t\n\n\t\t<\/div>\n\n\t\t\n\n\t\t<div class=\"section-content relative\">\n\t\t\t\n<div class=\"row\"  id=\"row-489444298\">\n\n\t<div id=\"col-602755705\" class=\"col medium-8 small-12 large-8\"  >\n\t\t\t\t<div class=\"col-inner\"  >\n\t\t\t\n\t\t\t\n<p>El caf\u00e9 tambi\u00e9n ha demostrado tener efectos positivos en la salud mental, siendo asociado con un menor riesgo de depresi\u00f3n y enfermedades neurodegenerativas como el Alzheimer y el Parkinson. Adem\u00e1s, el ritual de beber caf\u00e9 puede proporcionar momentos de pausa y socializaci\u00f3n, promoviendo la interacci\u00f3n social y el bienestar emocional.<\/p>\n<p>Es importante se\u00f1alar que, como cualquier sustancia, el consumo de caf\u00e9 debe hacerse con moderaci\u00f3n. El exceso de cafe\u00edna puede provocar efectos secundarios no deseados, como insomnio, nerviosismo y palpitaciones. Sin embargo, cuando se consume con sensatez, el caf\u00e9 puede ser una adici\u00f3n deliciosa y beneficiosa a la rutina diaria.<\/p>\n\t\t<\/div>\n\t\t\t\t\t<\/div>\n\n\t\n\n\t<div id=\"col-770957825\" class=\"col medium-4 small-12 large-4\"  >\n\t\t\t\t<div class=\"col-inner\"  >\n\t\t\t\n\t\t\t\n<p><a href=\"https:\/\/www.companhiaatlantica.pt\/es\/produto\/ceramica-portuguesa\/vasos-ceramica\/vaso-cafe-lapa-6-piezas\" title=\"Tazas de caf\u00e9 expreso de la colecci\u00f3n LAPA\"><img decoding=\"async\" src=\"https:\/\/www.companhiaatlantica.pt\/wp-content\/uploads\/2024\/01\/lapa-expresso-1024x614.jpg\" alt=\"Tazas de caf\u00e9 expreso de la colecci\u00f3n LAPA\" title=\"\"><\/a><\/p>\n\t\t<\/div>\n\t\t\t\t\t<\/div>\n\n\t\n<\/div>\n<h2>Las exclusivas colecciones de tazas de caf\u00e9 expreso de Companhia Atl\u00e2ntica<\/h2>\n\t\t<\/div>\n\n\t\t\n<style>\n#section_1746691395 {\n  padding-top: 0px;\n  padding-bottom: 0px;\n}\n<\/style>\n\t<\/section>\n\t\n\n\t<section class=\"section\" id=\"section_130114566\">\n\t\t<div class=\"section-bg fill\" >\n\t\t\t\t\t\t\t\t\t\n\t\t\t\n\n\t\t<\/div>\n\n\t\t\n\n\t\t<div class=\"section-content relative\">\n\t\t\t\n<div class=\"row\"  id=\"row-578114885\">\n\n\t<div id=\"col-586134972\" class=\"col small-12 large-12\"  >\n\t\t\t\t<div class=\"col-inner\"  >\n\t\t\t\n\t\t\t\n<p>Presentamos nuestras colecciones de tazas de caf\u00e9 expreso. Cada pieza es m\u00e1s que una taza; es una experiencia refinada que eleva el simple acto de beber caf\u00e9 a un momento de elegancia y aprecio.<\/p>\n<p>Saborea el sabor, disfruta del dise\u00f1o y sum\u00e9rgete en la sofisticaci\u00f3n que nuestras colecciones ofrecen. \u2615\u2728<\/p>\n\t\t<\/div>\n\t\t\t\t\t<\/div>\n\n\t\n<\/div>\n<h3>Colecci\u00f3n LAPA: Elegancia costera en cada detalle<\/h3>\n<div class=\"row\"  id=\"row-948218359\">\n\n\t<div id=\"col-870713038\" class=\"col medium-3 small-12 large-3\"  >\n\t\t\t\t<div class=\"col-inner\"  >\n\t\t\t\n\t\t\t\n\t<div class=\"img has-hover x md-x lg-x y md-y lg-y\" id=\"image_240199591\">\n\t\t<a class=\"\" href=\"https:\/\/www.companhiaatlantica.pt\/es\/produto\/ceramica-portuguesa\/vasos-ceramica\/vaso-cafe-lapa-6-piezas\">\t\t\t\t\t\t<div class=\"img-inner dark\" >\n\t\t\t<img loading=\"lazy\" decoding=\"async\" width=\"1000\" height=\"1000\" src=\"https:\/\/www.companhiaatlantica.pt\/wp-content\/uploads\/2023\/08\/lapa-express-1.jpg\" class=\"attachment-large size-large\" alt=\"\" srcset=\"https:\/\/www.companhiaatlantica.pt\/wp-content\/uploads\/2023\/08\/lapa-express-1.jpg 1000w, https:\/\/www.companhiaatlantica.pt\/wp-content\/uploads\/2023\/08\/lapa-express-1-700x700.jpg 700w, https:\/\/www.companhiaatlantica.pt\/wp-content\/uploads\/2023\/08\/lapa-express-1-100x100.jpg 100w, https:\/\/www.companhiaatlantica.pt\/wp-content\/uploads\/2023\/08\/lapa-express-1-900x900.jpg 900w, https:\/\/www.companhiaatlantica.pt\/wp-content\/uploads\/2023\/08\/lapa-express-1-400x400.jpg 400w, https:\/\/www.companhiaatlantica.pt\/wp-content\/uploads\/2023\/08\/lapa-express-1-350x350.jpg 350w, https:\/\/www.companhiaatlantica.pt\/wp-content\/uploads\/2023\/08\/lapa-express-1-768x768.jpg 768w\" sizes=\"auto, (max-width: 1000px) 100vw, 1000px\" title=\"\">\t\t\t\t\t\t\n\t\t\t\t\t<\/div>\n\t\t\t\t\t\t<\/a>\t\t\n<style>\n#image_240199591 {\n  width: 100%;\n}\n<\/style>\n\t<\/div>\n\t\n\t\t<\/div>\n\t\t\t\t\t<\/div>\n\n\t\n\n\t<div id=\"col-515825785\" class=\"col medium-3 small-12 large-3\"  >\n\t\t\t\t<div class=\"col-inner\"  >\n\t\t\t\n\t\t\t\n\t<div class=\"img has-hover x md-x lg-x y md-y lg-y\" id=\"image_618887034\">\n\t\t<a class=\"\" href=\"https:\/\/www.companhiaatlantica.pt\/es\/produto\/ceramica-portuguesa\/vasos-ceramica\/vaso-cafe-lapa-6-piezas\">\t\t\t\t\t\t<div class=\"img-inner dark\" >\n\t\t\t<img loading=\"lazy\" decoding=\"async\" width=\"600\" height=\"600\" src=\"https:\/\/www.companhiaatlantica.pt\/wp-content\/uploads\/2023\/08\/lapa-express-3.jpg\" class=\"attachment-large size-large\" alt=\"\" srcset=\"https:\/\/www.companhiaatlantica.pt\/wp-content\/uploads\/2023\/08\/lapa-express-3.jpg 600w, https:\/\/www.companhiaatlantica.pt\/wp-content\/uploads\/2023\/08\/lapa-express-3-100x100.jpg 100w, https:\/\/www.companhiaatlantica.pt\/wp-content\/uploads\/2023\/08\/lapa-express-3-400x400.jpg 400w, https:\/\/www.companhiaatlantica.pt\/wp-content\/uploads\/2023\/08\/lapa-express-3-350x350.jpg 350w\" sizes=\"auto, (max-width: 600px) 100vw, 600px\" title=\"\">\t\t\t\t\t\t\n\t\t\t\t\t<\/div>\n\t\t\t\t\t\t<\/a>\t\t\n<style>\n#image_618887034 {\n  width: 100%;\n}\n<\/style>\n\t<\/div>\n\t\n\t\t<\/div>\n\t\t\t\t\t<\/div>\n\n\t\n\n\t<div id=\"col-1811308104\" class=\"col medium-6 small-12 large-6\"  >\n\t\t\t\t<div class=\"col-inner\"  >\n\t\t\t\n\t\t\t\n<p>Las tazas de caf\u00e9 expreso de la colecci\u00f3n LAPA de Companhia Atl\u00e2ntica combinan tradici\u00f3n y modernidad. Cada pieza se fabrica cuidadosamente a mano, resaltando la elegancia \u00fanica de esta colecci\u00f3n.<br \/>\nCada pieza captura la esencia de los acantilados majestuosos, las rocas y los acantilados, dando como resultado verdaderas obras de arte.<\/p>\n<p>Los diferentes tonos reflejan la diversidad de las rocas costeras, agregando dinamismo y profundidad a la mesa.<br \/>\nAdem\u00e1s del dise\u00f1o inspirador, la vajilla de esta colecci\u00f3n se destaca por su robustez, garantizando durabilidad para el uso diario.<\/p>\n<a href=\"https:\/\/www.companhiaatlantica.pt\/es\/ceramica-portuguesa?filter_colecao=lapa-es\" class=\"button secondary\">\n\t\t<span>Ver colecci\u00f3n LAPA<\/span>\n\t<\/a>\n\n\t\t<\/div>\n\t\t\t\t\t<\/div>\n\n\t\n<\/div>\n\t\t<\/div>\n\n\t\t\n<style>\n#section_130114566 {\n  padding-top: 0px;\n  padding-bottom: 0px;\n}\n<\/style>\n\t<\/section>\n\t\n\n\t<section class=\"section\" id=\"section_737581098\">\n\t\t<div class=\"section-bg fill\" >\n\t\t\t\t\t\t\t\t\t\n\t\t\t\n\n\t\t<\/div>\n\n\t\t\n\n\t\t<div class=\"section-content relative\">\n\t\t\t\n<h3>Colecci\u00f3n MELIDES: Fusi\u00f3n entre la naturaleza y el dise\u00f1o<\/h3>\n<div class=\"row\"  id=\"row-457519938\">\n\n\t<div id=\"col-1514915425\" class=\"col medium-3 small-12 large-3\"  >\n\t\t\t\t<div class=\"col-inner\"  >\n\t\t\t\n\t\t\t\n\t<div class=\"img has-hover x md-x lg-x y md-y lg-y\" id=\"image_1165196503\">\n\t\t<a class=\"\" href=\"https:\/\/www.companhiaatlantica.pt\/es\/produto\/ceramica-portuguesa\/vasos-tazas-cafe-ceramica\/melides-vaso-cafe-75ml-6-piezas\">\t\t\t\t\t\t<div class=\"img-inner dark\" >\n\t\t\t<img loading=\"lazy\" decoding=\"async\" width=\"688\" height=\"688\" src=\"https:\/\/www.companhiaatlantica.pt\/wp-content\/uploads\/2022\/03\/130-944_macro.jpg\" class=\"attachment-large size-large\" alt=\"\" srcset=\"https:\/\/www.companhiaatlantica.pt\/wp-content\/uploads\/2022\/03\/130-944_macro.jpg 688w, https:\/\/www.companhiaatlantica.pt\/wp-content\/uploads\/2022\/03\/130-944_macro-100x100.jpg 100w, https:\/\/www.companhiaatlantica.pt\/wp-content\/uploads\/2022\/03\/130-944_macro-600x600.jpg 600w, https:\/\/www.companhiaatlantica.pt\/wp-content\/uploads\/2022\/03\/130-944_macro-300x300.jpg 300w, https:\/\/www.companhiaatlantica.pt\/wp-content\/uploads\/2022\/03\/130-944_macro-150x150.jpg 150w\" sizes=\"auto, (max-width: 688px) 100vw, 688px\" title=\"\">\t\t\t\t\t\t\n\t\t\t\t\t<\/div>\n\t\t\t\t\t\t<\/a>\t\t\n<style>\n#image_1165196503 {\n  width: 100%;\n}\n<\/style>\n\t<\/div>\n\t\n\t\t<\/div>\n\t\t\t\t\t<\/div>\n\n\t\n\n\t<div id=\"col-1834073175\" class=\"col medium-3 small-12 large-3\"  >\n\t\t\t\t<div class=\"col-inner\"  >\n\t\t\t\n\t\t\t\n\t<div class=\"img has-hover x md-x lg-x y md-y lg-y\" id=\"image_326696152\">\n\t\t<a class=\"\" href=\"https:\/\/www.companhiaatlantica.pt\/es\/produto\/ceramica-portuguesa\/vasos-tazas-cafe-ceramica\/melides-sweet-vaso-cafe-6-pzs\">\t\t\t\t\t\t<div class=\"img-inner dark\" >\n\t\t\t<img loading=\"lazy\" decoding=\"async\" width=\"600\" height=\"600\" src=\"https:\/\/www.companhiaatlantica.pt\/wp-content\/uploads\/2022\/06\/melides_sweet_multicolor_mood_1x1_web.jpg\" class=\"attachment-large size-large\" alt=\"\" srcset=\"https:\/\/www.companhiaatlantica.pt\/wp-content\/uploads\/2022\/06\/melides_sweet_multicolor_mood_1x1_web.jpg 600w, https:\/\/www.companhiaatlantica.pt\/wp-content\/uploads\/2022\/06\/melides_sweet_multicolor_mood_1x1_web-100x100.jpg 100w\" sizes=\"auto, (max-width: 600px) 100vw, 600px\" title=\"\">\t\t\t\t\t\t\n\t\t\t\t\t<\/div>\n\t\t\t\t\t\t<\/a>\t\t\n<style>\n#image_326696152 {\n  width: 100%;\n}\n<\/style>\n\t<\/div>\n\t\n\t\t<\/div>\n\t\t\t\t\t<\/div>\n\n\t\n\n\t<div id=\"col-655160886\" class=\"col medium-6 small-12 large-6\"  >\n\t\t\t\t<div class=\"col-inner\"  >\n\t\t\t\n\t\t\t\n<p>Inspirada en los deslumbrantes tonos del azul del oc\u00e9ano Atl\u00e1ntico, la colecci\u00f3n MELIDES se destaca por la fusi\u00f3n equilibrada entre el dise\u00f1o moderno y los elementos naturales.<\/p>\n<p>Cada taza es una verdadera obra de arte que refleja la belleza de la naturaleza.<\/p>\n<p>Con un dise\u00f1o simple y elegante, las tazas de caf\u00e9 expreso se adaptan f\u00e1cilmente a cualquier ocasi\u00f3n.<\/p>\n<a href=\"https:\/\/www.companhiaatlantica.pt\/es\/ceramica-portuguesa?filter_colecao=melides-es\" class=\"button secondary\">\n\t\t<span>Ver colecci\u00f3n MELIDES<\/span>\n\t<\/a>\n\n\t\t<\/div>\n\t\t\t\t\t<\/div>\n\n\t\n<\/div>\n\t\t<\/div>\n\n\t\t\n<style>\n#section_737581098 {\n  padding-top: 0px;\n  padding-bottom: 0px;\n}\n<\/style>\n\t<\/section>\n\t\n\n\t<section class=\"section\" id=\"section_252004424\">\n\t\t<div class=\"section-bg fill\" >\n\t\t\t\t\t\t\t\t\t\n\t\t\t\n\n\t\t<\/div>\n\n\t\t\n\n\t\t<div class=\"section-content relative\">\n\t\t\t\n<h3>Colecci\u00f3n BREEZY: Ligereza y estilo bohemio en tu momento de descanso<\/h3>\n<div class=\"row\"  id=\"row-980255903\">\n\n\t<div id=\"col-2131713777\" class=\"col medium-3 small-12 large-3\"  >\n\t\t\t\t<div class=\"col-inner\"  >\n\t\t\t\n\t\t\t\n\t<div class=\"img has-hover x md-x lg-x y md-y lg-y\" id=\"image_617101226\">\n\t\t<a class=\"\" href=\"https:\/\/www.companhiaatlantica.pt\/es\/produto\/ceramica-portuguesa\/vasos-tazas-cafe-ceramica\/breezy-vaso-cafe-100ml-6-piezas\">\t\t\t\t\t\t<div class=\"img-inner dark\" >\n\t\t\t<img loading=\"lazy\" decoding=\"async\" width=\"600\" height=\"600\" src=\"https:\/\/www.companhiaatlantica.pt\/wp-content\/uploads\/2021\/01\/IMG_5282.jpg\" class=\"attachment-large size-large\" alt=\"\" srcset=\"https:\/\/www.companhiaatlantica.pt\/wp-content\/uploads\/2021\/01\/IMG_5282.jpg 600w, https:\/\/www.companhiaatlantica.pt\/wp-content\/uploads\/2021\/01\/IMG_5282-100x100.jpg 100w\" sizes=\"auto, (max-width: 600px) 100vw, 600px\" title=\"\">\t\t\t\t\t\t\n\t\t\t\t\t<\/div>\n\t\t\t\t\t\t<\/a>\t\t\n<style>\n#image_617101226 {\n  width: 100%;\n}\n<\/style>\n\t<\/div>\n\t\n\t\t<\/div>\n\t\t\t\t\t<\/div>\n\n\t\n\n\t<div id=\"col-389001888\" class=\"col medium-3 small-12 large-3\"  >\n\t\t\t\t<div class=\"col-inner\"  >\n\t\t\t\n\t\t\t\n\t<div class=\"img has-hover x md-x lg-x y md-y lg-y\" id=\"image_1034352317\">\n\t\t<a class=\"\" href=\"https:\/\/www.companhiaatlantica.pt\/es\/produto\/ceramica-portuguesa\/vasos-tazas-cafe-ceramica\/breezy-vaso-cafe-100ml-6-piezas\">\t\t\t\t\t\t<div class=\"img-inner dark\" >\n\t\t\t<img loading=\"lazy\" decoding=\"async\" width=\"600\" height=\"600\" src=\"https:\/\/www.companhiaatlantica.pt\/wp-content\/uploads\/2021\/03\/DSC1776.jpg\" class=\"attachment-large size-large\" alt=\"\" srcset=\"https:\/\/www.companhiaatlantica.pt\/wp-content\/uploads\/2021\/03\/DSC1776.jpg 600w, https:\/\/www.companhiaatlantica.pt\/wp-content\/uploads\/2021\/03\/DSC1776-100x100.jpg 100w\" sizes=\"auto, (max-width: 600px) 100vw, 600px\" title=\"\">\t\t\t\t\t\t\n\t\t\t\t\t<\/div>\n\t\t\t\t\t\t<\/a>\t\t\n<style>\n#image_1034352317 {\n  width: 100%;\n}\n<\/style>\n\t<\/div>\n\t\n\t\t<\/div>\n\t\t\t\t\t<\/div>\n\n\t\n\n\t<div id=\"col-665547118\" class=\"col medium-3 small-12 large-3\"  >\n\t\t\t\t<div class=\"col-inner\"  >\n\t\t\t\n\t\t\t\n\t<div class=\"img has-hover x md-x lg-x y md-y lg-y\" id=\"image_574547321\">\n\t\t<a class=\"\" href=\"https:\/\/www.companhiaatlantica.pt\/es\/produto\/ceramica-portuguesa\/vasos-tazas-cafe-ceramica\/breezy-vaso-cafe-100ml-6-piezas?attribute_pa_cor=crema\">\t\t\t\t\t\t<div class=\"img-inner dark\" >\n\t\t\t<img loading=\"lazy\" decoding=\"async\" width=\"600\" height=\"600\" src=\"https:\/\/www.companhiaatlantica.pt\/wp-content\/uploads\/2020\/10\/IMG_7508.jpg\" class=\"attachment-large size-large\" alt=\"\" srcset=\"https:\/\/www.companhiaatlantica.pt\/wp-content\/uploads\/2020\/10\/IMG_7508.jpg 600w, https:\/\/www.companhiaatlantica.pt\/wp-content\/uploads\/2020\/10\/IMG_7508-100x100.jpg 100w\" sizes=\"auto, (max-width: 600px) 100vw, 600px\" title=\"\">\t\t\t\t\t\t\n\t\t\t\t\t<\/div>\n\t\t\t\t\t\t<\/a>\t\t\n<style>\n#image_574547321 {\n  width: 100%;\n}\n<\/style>\n\t<\/div>\n\t\n\t\t<\/div>\n\t\t\t\t\t<\/div>\n\n\t\n\n\t<div id=\"col-2109479124\" class=\"col medium-3 small-12 large-3\"  >\n\t\t\t\t<div class=\"col-inner\"  >\n\t\t\t\n\t\t\t\n<p>Las tazas de caf\u00e9 expreso de la colecci\u00f3n BREEZY son como una suave brisa que eleva el ritual de disfrutar del caf\u00e9. Con l\u00edneas fluidas, esta colecci\u00f3n ofrece una experiencia visual y t\u00e1ctil \u00fanica.<\/p>\n<p>\nLa colecci\u00f3n BREEZY impresiona por sus maravillosos tonos y estilo bohemio, que hacen que cada pieza sea \u00fanica. Disponibles en Gris, Azul, Verde y Latte.<\/p>\n<a href=\"https:\/\/www.companhiaatlantica.pt\/es\/ceramica-portuguesa?filter_colecao=breezy-es\" class=\"button secondary\">\n\t\t<span>Ver colecci\u00f3n BREEZY<\/span>\n\t<\/a>\n\n\t\t<\/div>\n\t\t\t\t\t<\/div>\n\n\t\n<\/div>\n\t\t<\/div>\n\n\t\t\n<style>\n#section_252004424 {\n  padding-top: 0px;\n  padding-bottom: 0px;\n}\n<\/style>\n\t<\/section>\n\t\n\n\t<section class=\"section\" id=\"section_1722957374\">\n\t\t<div class=\"section-bg fill\" >\n\t\t\t\t\t\t\t\t\t\n\t\t\t\n\n\t\t<\/div>\n\n\t\t\n\n\t\t<div class=\"section-content relative\">\n\t\t\t\n<h3>Colecci\u00f3n COMPORTA: Celebrando la artesan\u00eda y la playa de Comporta<\/h3>\n<div class=\"row\"  id=\"row-1101288900\">\n\n\t<div id=\"col-1783574420\" class=\"col medium-3 small-12 large-3\"  >\n\t\t\t\t<div class=\"col-inner\"  >\n\t\t\t\n\t\t\t\n\t<div class=\"img has-hover x md-x lg-x y md-y lg-y\" id=\"image_1283957278\">\n\t\t<a class=\"\" href=\"https:\/\/www.companhiaatlantica.pt\/es\/produto\/ceramica-portuguesa\/vasos-tazas-cafe-ceramica\/comporta-vaso-cafe-6-piezas\">\t\t\t\t\t\t<div class=\"img-inner dark\" >\n\t\t\t<img loading=\"lazy\" decoding=\"async\" width=\"573\" height=\"573\" src=\"https:\/\/www.companhiaatlantica.pt\/wp-content\/uploads\/2024\/01\/coffee-comporta.jpg\" class=\"attachment-large size-large\" alt=\"\" srcset=\"https:\/\/www.companhiaatlantica.pt\/wp-content\/uploads\/2024\/01\/coffee-comporta.jpg 573w, https:\/\/www.companhiaatlantica.pt\/wp-content\/uploads\/2024\/01\/coffee-comporta-100x100.jpg 100w, https:\/\/www.companhiaatlantica.pt\/wp-content\/uploads\/2024\/01\/coffee-comporta-400x400.jpg 400w, https:\/\/www.companhiaatlantica.pt\/wp-content\/uploads\/2024\/01\/coffee-comporta-350x350.jpg 350w\" sizes=\"auto, (max-width: 573px) 100vw, 573px\" title=\"\">\t\t\t\t\t\t\n\t\t\t\t\t<\/div>\n\t\t\t\t\t\t<\/a>\t\t\n<style>\n#image_1283957278 {\n  width: 100%;\n}\n<\/style>\n\t<\/div>\n\t\n\t\t<\/div>\n\t\t\t\t\t<\/div>\n\n\t\n\n\t<div id=\"col-876954662\" class=\"col medium-3 small-12 large-3\"  >\n\t\t\t\t<div class=\"col-inner\"  >\n\t\t\t\n\t\t\t\n\t<div class=\"img has-hover x md-x lg-x y md-y lg-y\" id=\"image_588430285\">\n\t\t<a class=\"\" href=\"https:\/\/www.companhiaatlantica.pt\/es\/produto\/ceramica-portuguesa\/vasos-tazas-cafe-ceramica\/comporta-vaso-cafe-6-piezas\">\t\t\t\t\t\t<div class=\"img-inner dark\" >\n\t\t\t<img loading=\"lazy\" decoding=\"async\" width=\"542\" height=\"542\" src=\"https:\/\/www.companhiaatlantica.pt\/wp-content\/uploads\/2024\/01\/coffee-comporta-2.jpg\" class=\"attachment-large size-large\" alt=\"\" srcset=\"https:\/\/www.companhiaatlantica.pt\/wp-content\/uploads\/2024\/01\/coffee-comporta-2.jpg 542w, https:\/\/www.companhiaatlantica.pt\/wp-content\/uploads\/2024\/01\/coffee-comporta-2-100x100.jpg 100w, https:\/\/www.companhiaatlantica.pt\/wp-content\/uploads\/2024\/01\/coffee-comporta-2-400x400.jpg 400w, https:\/\/www.companhiaatlantica.pt\/wp-content\/uploads\/2024\/01\/coffee-comporta-2-350x350.jpg 350w\" sizes=\"auto, (max-width: 542px) 100vw, 542px\" title=\"\">\t\t\t\t\t\t\n\t\t\t\t\t<\/div>\n\t\t\t\t\t\t<\/a>\t\t\n<style>\n#image_588430285 {\n  width: 100%;\n}\n<\/style>\n\t<\/div>\n\t\n\t\t<\/div>\n\t\t\t\t\t<\/div>\n\n\t\n\n\t<div id=\"col-620422410\" class=\"col medium-6 small-12 large-6\"  >\n\t\t\t\t<div class=\"col-inner\"  >\n\t\t\t\n\t\t\t\n<p>La colecci\u00f3n COMPORTA nos transporta a las sofisticadas orillas de Comporta. Las tazas de caf\u00e9 expreso son piezas \u00fanicas que incorporan la elegancia costera y la artesan\u00eda distintiva.<\/p>\n<p>\n\u00a1La playa de Comporta es un destino \u00fanico! Fue en este entorno que se inspir\u00f3 esta l\u00ednea, capturando los colores y la geograf\u00eda de esta playa, representados en sus rayas y movimiento de color.<\/p>\n<p>Disponible en Gris y Azul.<\/p>\n<a href=\"https:\/\/www.companhiaatlantica.pt\/es\/ceramica-portuguesa?filter_colecao=comporta-es\" class=\"button secondary\">\n\t\t<span>Ver colecci\u00f3n COMPORTA<\/span>\n\t<\/a>\n\n\t\t<\/div>\n\t\t\t\t\t<\/div>\n\n\t\n<\/div>\n\t\t<\/div>\n\n\t\t\n<style>\n#section_1722957374 {\n  padding-top: 0px;\n  padding-bottom: 0px;\n}\n<\/style>\n\t<\/section>\n\t\n\n\t<section class=\"section\" id=\"section_935164996\">\n\t\t<div class=\"section-bg fill\" >\n\t\t\t\t\t\t\t\t\t\n\t\t\t\n\n\t\t<\/div>\n\n\t\t\n\n\t\t<div class=\"section-content relative\">\n\t\t\t\n<h3>Colecci\u00f3n AROMA: Tradici\u00f3n reinterpretada con elegancia<\/h3>\n<div class=\"row\"  id=\"row-912438656\">\n\n\t<div id=\"col-1760935356\" class=\"col medium-3 small-12 large-3\"  >\n\t\t\t\t<div class=\"col-inner\"  >\n\t\t\t\n\t\t\t\n\t<div class=\"img has-hover x md-x lg-x y md-y lg-y\" id=\"image_994485334\">\n\t\t<a class=\"\" href=\"https:\/\/www.companhiaatlantica.pt\/es\/produto\/ceramica-portuguesa\/vasos-tazas-cafe-ceramica\/vaso-cafe-espresso-aroma-juego-de-2\">\t\t\t\t\t\t<div class=\"img-inner dark\" >\n\t\t\t<img loading=\"lazy\" decoding=\"async\" width=\"560\" height=\"560\" src=\"https:\/\/www.companhiaatlantica.pt\/wp-content\/uploads\/2024\/01\/coffee-aroma.jpg\" class=\"attachment-large size-large\" alt=\"\" srcset=\"https:\/\/www.companhiaatlantica.pt\/wp-content\/uploads\/2024\/01\/coffee-aroma.jpg 560w, https:\/\/www.companhiaatlantica.pt\/wp-content\/uploads\/2024\/01\/coffee-aroma-100x100.jpg 100w, https:\/\/www.companhiaatlantica.pt\/wp-content\/uploads\/2024\/01\/coffee-aroma-400x400.jpg 400w, https:\/\/www.companhiaatlantica.pt\/wp-content\/uploads\/2024\/01\/coffee-aroma-350x350.jpg 350w\" sizes=\"auto, (max-width: 560px) 100vw, 560px\" title=\"\">\t\t\t\t\t\t\n\t\t\t\t\t<\/div>\n\t\t\t\t\t\t<\/a>\t\t\n<style>\n#image_994485334 {\n  width: 100%;\n}\n<\/style>\n\t<\/div>\n\t\n\t\t<\/div>\n\t\t\t\t\t<\/div>\n\n\t\n\n\t<div id=\"col-1191706219\" class=\"col medium-3 small-12 large-3\"  >\n\t\t\t\t<div class=\"col-inner\"  >\n\t\t\t\n\t\t\t\n\t<div class=\"img has-hover x md-x lg-x y md-y lg-y\" id=\"image_2077456647\">\n\t\t<a class=\"\" href=\"https:\/\/www.companhiaatlantica.pt\/es\/produto\/ceramica-portuguesa\/vasos-tazas-cafe-ceramica\/vaso-cafe-espresso-aroma-juego-de-2\">\t\t\t\t\t\t<div class=\"img-inner dark\" >\n\t\t\t<img loading=\"lazy\" decoding=\"async\" width=\"599\" height=\"599\" src=\"https:\/\/www.companhiaatlantica.pt\/wp-content\/uploads\/2024\/01\/coffee-aroma-2.jpg\" class=\"attachment-large size-large\" alt=\"\" srcset=\"https:\/\/www.companhiaatlantica.pt\/wp-content\/uploads\/2024\/01\/coffee-aroma-2.jpg 599w, https:\/\/www.companhiaatlantica.pt\/wp-content\/uploads\/2024\/01\/coffee-aroma-2-100x100.jpg 100w, https:\/\/www.companhiaatlantica.pt\/wp-content\/uploads\/2024\/01\/coffee-aroma-2-400x400.jpg 400w, https:\/\/www.companhiaatlantica.pt\/wp-content\/uploads\/2024\/01\/coffee-aroma-2-350x350.jpg 350w\" sizes=\"auto, (max-width: 599px) 100vw, 599px\" title=\"\">\t\t\t\t\t\t\n\t\t\t\t\t<\/div>\n\t\t\t\t\t\t<\/a>\t\t\n<style>\n#image_2077456647 {\n  width: 100%;\n}\n<\/style>\n\t<\/div>\n\t\n\t\t<\/div>\n\t\t\t\t\t<\/div>\n\n\t\n\n\t<div id=\"col-376460826\" class=\"col medium-6 small-12 large-6\"  >\n\t\t\t\t<div class=\"col-inner\"  >\n\t\t\t\n\t\t\t\n<p>Inspirada en t\u00e9cnicas centenarias, las tazas de caf\u00e9 expreso de esta colecci\u00f3n se producen utilizando terracota.<\/p>\n<p>Todas las piezas de esta colecci\u00f3n est\u00e1n vidriadas por dentro y parcialmente vidriadas por fuera, recibiendo un acabado a mano. La terracota, adem\u00e1s de tener un atractivo est\u00e9tico r\u00fastico y org\u00e1nico, ofrece beneficios como la retenci\u00f3n de calor, lo que la hace ideal para servir alimentos calientes.<\/p>\n<p>Su textura t\u00e1ctil es agradable al tacto, proporcionando una experiencia sensorial \u00fanica.<\/p>\n<a href=\"https:\/\/www.companhiaatlantica.pt\/es\/produto\/ceramica-portuguesa\/vasos-tazas-cafe-ceramica\/vaso-cafe-espresso-aroma-juego-de-2\" class=\"button secondary\">\n\t\t<span>ver colecci\u00f3n AROMA<\/span>\n\t<\/a>\n\n\t\t<\/div>\n\t\t\t\t\t<\/div>\n\n\t\n<\/div>\n\t\t<\/div>\n\n\t\t\n<style>\n#section_935164996 {\n  padding-top: 0px;\n  padding-bottom: 0px;\n}\n<\/style>\n\t<\/section>\n\t\n\n\t<section class=\"section\" id=\"section_1029575445\">\n\t\t<div class=\"section-bg fill\" >\n\t\t\t\t\t\t\t\t\t\n\t\t\t\n\n\t\t<\/div>\n\n\t\t\n\n\t\t<div class=\"section-content relative\">\n\t\t\t\n\t<div id=\"gap-1229796763\" class=\"gap-element clearfix\" style=\"display:block; height:auto;\">\n\t\t\n<style>\n#gap-1229796763 {\n  padding-top: 30px;\n}\n<\/style>\n\t<\/div>\n\t\n<div class=\"row\"  id=\"row-760931566\">\n\n\t<div id=\"col-227154536\" class=\"col medium-6 small-12 large-6\"  >\n\t\t\t\t<div class=\"col-inner\"  >\n\t\t\t\n\t\t\t\n<h3>Breve historia sobre el caf\u00e9<\/h3>\n<p>La <a href=\"http:\/\/aicc.pt\/origem\/\" target=\"_blank\" rel=\"follow noopener\"><strong>historia del caf\u00e9<\/strong><\/a> comenz\u00f3 en Etiop\u00eda en el siglo IX, cuando un pastor llamado Kaldi not\u00f3 que sus cabras estaban m\u00e1s en\u00e9rgicas despu\u00e9s de comer los frutos de una planta. El descubrimiento fue compartido con monjes locales, que comenzaron a usar los frutos para hacer una bebida energ\u00e9tica.<\/p>\n<p>En Arabia, alrededor del siglo XV, la producci\u00f3n y el comercio del caf\u00e9 tomaron impulso. Los caf\u00e9s p\u00fablicos, conocidos como &#8220;qahveh khaneh&#8221;, se convirtieron en lugares populares para reuniones sociales y discusiones.<\/p>\n<p>El caf\u00e9 comenz\u00f3 a cultivarse en varias partes del mundo, incluyendo Persia, Egipto, Siria y Turqu\u00eda.<\/p>\n\t\t<\/div>\n\t\t\t\t\t<\/div>\n\n\t\n\n\t<div id=\"col-412794514\" class=\"col medium-6 small-12 large-6\"  >\n\t\t\t\t<div class=\"col-inner\"  >\n\t\t\t\n\t\t\t\n<p><a href=\"https:\/\/www.companhiaatlantica.pt\/es\/produto\/ceramica-portuguesa\/vasos-tazas-cafe-ceramica\/melides-vaso-cafe-75ml-6-piezas\" title=\"Tazas de caf\u00e9 expreso de la colecci\u00f3n MELIDES\"><img decoding=\"async\" src=\"https:\/\/www.companhiaatlantica.pt\/wp-content\/uploads\/2023\/10\/MELIDES48-1-1024x540.jpg\" alt=\"Tazas de caf\u00e9 expreso de la colecci\u00f3n MELIDES\" title=\"\"><\/a><\/p>\n\t\t<\/div>\n\t\t\t\t\t<\/div>\n\n\t\n<\/div>\n<div class=\"row\"  id=\"row-1106014866\">\n\n\t<div id=\"col-749910322\" class=\"col small-12 large-12\"  >\n\t\t\t\t<div class=\"col-inner\"  >\n\t\t\t\n\t\t\t\n<p>El caf\u00e9 lleg\u00f3 a Europa en el siglo XVII, donde r\u00e1pidamente comenz\u00f3 a servirse en centros de actividad intelectual y cultural, frecuentados por escritores, fil\u00f3sofos y artistas. R\u00e1pidamente, el h\u00e1bito de tomar caf\u00e9 se extendi\u00f3 por toda Europa.<\/p>\n<p>En el siglo XVIII, Brasil se convirti\u00f3 en el mayor productor de caf\u00e9. El caf\u00e9 evolucion\u00f3 con diferentes sabores y formas de servir, siendo hoy una de las bebidas m\u00e1s consumidas en el mundo, con una rica cultura en cafeter\u00edas y pasteler\u00edas donde su consumo es prioritario. La historia del caf\u00e9 es un fascinante viaje de descubrimientos accidentales y adaptaciones culturales que transformaron la planta en una bebida apreciada en todo el mundo.<\/p>\n\t\t<\/div>\n\t\t\t\t\t<\/div>\n\n\t\n<\/div>\n\t\t<\/div>\n\n\t\t\n<style>\n#section_1029575445 {\n  padding-top: 0px;\n  padding-bottom: 0px;\n}\n<\/style>\n\t<\/section>\n\t\n","protected":false},"excerpt":{"rendered":"","protected":false},"author":636,"featured_media":52914,"comment_status":"closed","ping_status":"open","sticky":false,"template":"","format":"standard","meta":{"footnotes":""},"categories":[1323],"tags":[3127,3690],"class_list":["post-53091","post","type-post","status-publish","format-standard","has-post-thumbnail","hentry","category-articulo","tag-ceramica-portuguesa-es","tag-chavenas-de-cafe-expresso-es"],"_links":{"self":[{"href":"https:\/\/www.companhiaatlantica.pt\/es\/wp-json\/wp\/v2\/posts\/53091","targetHints":{"allow":["GET"]}}],"collection":[{"href":"https:\/\/www.companhiaatlantica.pt\/es\/wp-json\/wp\/v2\/posts"}],"about":[{"href":"https:\/\/www.companhiaatlantica.pt\/es\/wp-json\/wp\/v2\/types\/post"}],"author":[{"embeddable":true,"href":"https:\/\/www.companhiaatlantica.pt\/es\/wp-json\/wp\/v2\/users\/636"}],"replies":[{"embeddable":true,"href":"https:\/\/www.companhiaatlantica.pt\/es\/wp-json\/wp\/v2\/comments?post=53091"}],"version-history":[{"count":5,"href":"https:\/\/www.companhiaatlantica.pt\/es\/wp-json\/wp\/v2\/posts\/53091\/revisions"}],"predecessor-version":[{"id":53149,"href":"https:\/\/www.companhiaatlantica.pt\/es\/wp-json\/wp\/v2\/posts\/53091\/revisions\/53149"}],"wp:featuredmedia":[{"embeddable":true,"href":"https:\/\/www.companhiaatlantica.pt\/es\/wp-json\/wp\/v2\/media\/52914"}],"wp:attachment":[{"href":"https:\/\/www.companhiaatlantica.pt\/es\/wp-json\/wp\/v2\/media?parent=53091"}],"wp:term":[{"taxonomy":"category","embeddable":true,"href":"https:\/\/www.companhiaatlantica.pt\/es\/wp-json\/wp\/v2\/categories?post=53091"},{"taxonomy":"post_tag","embeddable":true,"href":"https:\/\/www.companhiaatlantica.pt\/es\/wp-json\/wp\/v2\/tags?post=53091"}],"curies":[{"name":"wp","href":"https:\/\/api.w.org\/{rel}","templated":true}]}}