{"id":57134,"date":"2024-04-12T13:15:09","date_gmt":"2024-04-12T12:15:09","guid":{"rendered":"https:\/\/www.companhiaatlantica.pt\/sin-categorizar\/regalos-originales-para-todos-los-gustos"},"modified":"2026-04-28T17:58:27","modified_gmt":"2026-04-28T16:58:27","slug":"regalos-originales-para-todos-los-gustos","status":"publish","type":"post","link":"https:\/\/www.companhiaatlantica.pt\/es\/articulo\/regalos-originales-para-todos-los-gustos","title":{"rendered":"Regalos originales para todos los gustos"},"content":{"rendered":"\n  <div class=\"banner has-hover\" id=\"banner-956080698\">\n          <div class=\"banner-inner fill\">\n        <div class=\"banner-bg fill\" >\n            <img loading=\"lazy\" decoding=\"async\" width=\"1020\" height=\"944\" src=\"https:\/\/www.companhiaatlantica.pt\/wp-content\/uploads\/2024\/04\/130-133_130-134_170-047-1024x948.jpg\" class=\"bg attachment-large size-large\" alt=\"x\u00edcaras da Companhia Atl\u00e2ntica\" title=\"\">                        <div class=\"overlay\"><\/div>            \n                    <\/div>\n\t\t\n        <div class=\"banner-layers container\">\n            <div class=\"fill banner-link\"><\/div>            \n   <div id=\"text-box-1562215445\" class=\"text-box banner-layer x85 md-x85 lg-x85 y35 md-y35 lg-y35 res-text\">\n                                <div class=\"text-box-content text dark\">\n              \n              <div class=\"text-inner text-center\">\n                  \n<h3 class=\"uppercase\"><strong>Prendas originais para sair do \u00f3bvio<\/strong><\/h3>\n              <\/div>\n           <\/div>\n                            \n<style>\n#text-box-1562215445 {\n  width: 60%;\n}\n#text-box-1562215445 .text-box-content {\n  font-size: 100%;\n}\n<\/style>\n    <\/div>\n \n        <\/div>\n      <\/div>\n\n            \n<style>\n#banner-956080698 {\n  padding-top: 300px;\n}\n#banner-956080698 .overlay {\n  background-color: rgba(0, 0, 0, 0.3);\n}\n<\/style>\n  <\/div>\n\n\n\t<div id=\"gap-800622270\" class=\"gap-element clearfix\" style=\"display:block; height:auto;\">\n\t\t\n<style>\n#gap-800622270 {\n  padding-top: 30px;\n}\n<\/style>\n\t<\/div>\n\t\n<h2>Presentes originais para sair do \u00f3bvio!<\/h2>\n<p><span style=\"font-weight: 400;\">\u00c9 certo que o mundo nunca p\u00e1ra de girar, mas h\u00e1 momentos que merecem uma pausa para serem celebrados com amor, gratid\u00e3o e originalidade. <\/span>Com um olhar atento \u00e0 cultura portuguesa e um toque de inspira\u00e7\u00e3o, os nossos presentes foram cuidadosamente selecionados para transmitir emo\u00e7\u00e3o, eleg\u00e2ncia e autenticidade.<\/p>\n<p><span style=\"font-weight: 400;\">Vamos, ent\u00e3o, deixar cora\u00e7\u00f5es quentes e sorrisos de orelha a orelha? Veja as nossas sugest\u00f5es, desde prendas para a m\u00e3e, prendas para o pai, prendas para celebrar o amor e prendas de anivers\u00e1rio. O verdadeiro desafio ser\u00e1 decidir entre qual escolher.<\/span><\/p>\n\t<div id=\"gap-1351081199\" class=\"gap-element clearfix\" style=\"display:block; height:auto;\">\n\t\t\n<style>\n#gap-1351081199 {\n  padding-top: 30px;\n}\n<\/style>\n\t<\/div>\n\t\n<h3>As melhores prendas de anivers\u00e1rio para celebrar mais uma volta ao sol<\/h3>\n<p><span style=\"font-weight: 400;\">Cada anivers\u00e1rio \u00e9 uma oportunidade \u00fanica para celebrar a vida. Veja abaixo as nossas sugest\u00f5es, que nada mais s\u00e3o do que express\u00f5es de carinho e gratid\u00e3o, que tornam o momento do anivers\u00e1rio em algo ainda mais especial e que certamente encantar\u00e3o o cora\u00e7\u00e3o de quem os receber\u00e1.<\/span><\/p>\n<p>Mimos relaxantes e perfumados s\u00e3o sempre \u00f3timas op\u00e7\u00f5es de prendas: os aromas deliciosos dos cremes e sabonetes artesanais proporcionam uma experi\u00eancia relaxante e sensorial.<\/p>\n<p><span style=\"font-weight: 400;\">Al\u00e9m de conter embalagens belas e presente\u00e1veis, os <\/span><a href=\"https:\/\/www.companhiaatlantica.pt\/cuidado-corporal\/sabonetes\"><span style=\"font-weight: 400;\">sabonetes artesanais<\/span><\/a><span style=\"font-weight: 400;\"> da Companhia Atl\u00e2ntica s\u00e3o itens realmente \u00fateis, que o far\u00e3o ter a certeza de que ser\u00e1 algo que a pessoa presenteada ir\u00e1 utilizar e apreciar.<\/span><\/p>\n<div class=\"woocommerce columns-3 \"><div class=\"products row row-small large-columns-3 medium-columns-3 small-columns-1 has-equal-box-heights equalize-box\">\n<div class=\"product-small col has-hover product type-product post-26157 status-publish first instock product_cat-cuidado-corporal product_cat-jabones product_cat-velas-difusores has-post-thumbnail taxable shipping-taxable purchasable product-type-simple\">\n\t<div class=\"col-inner\">\n\t\n<div class=\"badge-container absolute left top z-1\">\n\n<\/div>\n\t<div class=\"product-small box \">\n\t\t<div class=\"box-image\">\n\t\t\t<div class=\"image-fade_in_back\">\n\t\t\t\t<a href=\"https:\/\/www.companhiaatlantica.pt\/es\/produto\/cuidado-corporal\/jabones\/jabon-aromatico-sandalo-especias-rossio\">\n\t\t\t\t\t<img loading=\"lazy\" decoding=\"async\" width=\"700\" height=\"700\" src=\"https:\/\/www.companhiaatlantica.pt\/wp-content\/uploads\/2023\/03\/100-335-700x700.jpg\" class=\"attachment-woocommerce_thumbnail size-woocommerce_thumbnail\" alt=\"Jab\u00f3n Arom\u00e1tico Sandalo &amp; Especias ROSSIO\" srcset=\"https:\/\/www.companhiaatlantica.pt\/wp-content\/uploads\/2023\/03\/100-335-700x700.jpg 700w, https:\/\/www.companhiaatlantica.pt\/wp-content\/uploads\/2023\/03\/100-335-100x100.jpg 100w, https:\/\/www.companhiaatlantica.pt\/wp-content\/uploads\/2023\/03\/100-335-600x600.jpg 600w, https:\/\/www.companhiaatlantica.pt\/wp-content\/uploads\/2023\/03\/100-335.jpg 796w\" sizes=\"auto, (max-width: 700px) 100vw, 700px\" title=\"\"><img loading=\"lazy\" decoding=\"async\" width=\"700\" height=\"700\" src=\"https:\/\/www.companhiaatlantica.pt\/wp-content\/uploads\/2023\/03\/100-335_b-700x700.jpg\" class=\"show-on-hover absolute fill hide-for-small back-image\" alt=\"Alternative view of Jab\u00f3n Arom\u00e1tico Sandalo &amp; Especias ROSSIO\" aria-hidden=\"true\" srcset=\"https:\/\/www.companhiaatlantica.pt\/wp-content\/uploads\/2023\/03\/100-335_b-700x700.jpg 700w, https:\/\/www.companhiaatlantica.pt\/wp-content\/uploads\/2023\/03\/100-335_b-100x100.jpg 100w, https:\/\/www.companhiaatlantica.pt\/wp-content\/uploads\/2023\/03\/100-335_b-600x600.jpg 600w, https:\/\/www.companhiaatlantica.pt\/wp-content\/uploads\/2023\/03\/100-335_b.jpg 796w\" sizes=\"auto, (max-width: 700px) 100vw, 700px\" title=\"\">\t\t\t\t<\/a>\n\t\t\t<\/div>\n\t\t\t<div class=\"image-tools is-small top right show-on-hover\">\n\t\t\t\t\t\t<div class=\"wishlist-icon\">\n\t\t\t<button class=\"wishlist-button button is-outline circle icon\" aria-label=\"Lista de deseos\">\n\t\t\t\t<i class=\"icon-heart\" aria-hidden=\"true\"><\/i>\t\t\t<\/button>\n\t\t\t<div class=\"wishlist-popup dark\">\n\t\t\t\t\n<div\n\tclass=\"yith-wcwl-add-to-wishlist add-to-wishlist-26157 yith-wcwl-add-to-wishlist--button_default-style wishlist-fragment on-first-load\"\n\tdata-fragment-ref=\"26157\"\n\tdata-fragment-options=\"{&quot;base_url&quot;:&quot;&quot;,&quot;product_id&quot;:26157,&quot;parent_product_id&quot;:0,&quot;product_type&quot;:&quot;simple&quot;,&quot;is_single&quot;:false,&quot;in_default_wishlist&quot;:false,&quot;show_view&quot;:false,&quot;browse_wishlist_text&quot;:&quot;Consulta tu WishList&quot;,&quot;already_in_wishslist_text&quot;:&quot;\\u00a1Este producto ya esta en tu wishlist!&quot;,&quot;product_added_text&quot;:&quot;Producto A\\u00f1adido!&quot;,&quot;available_multi_wishlist&quot;:false,&quot;disable_wishlist&quot;:false,&quot;show_count&quot;:false,&quot;ajax_loading&quot;:false,&quot;loop_position&quot;:&quot;after_add_to_cart&quot;,&quot;item&quot;:&quot;add_to_wishlist&quot;}\"\n>\n\t\t\t\n\t\t\t<!-- ADD TO WISHLIST -->\n\t\t\t\n<div class=\"yith-wcwl-add-button\">\n\t\t<a\n\t\thref=\"?add_to_wishlist=26157&#038;_wpnonce=52d31225f0\"\n\t\tclass=\"add_to_wishlist single_add_to_wishlist alt button theme-button-style \"\n\t\tdata-product-id=\"26157\"\n\t\tdata-product-type=\"simple\"\n\t\tdata-original-product-id=\"0\"\n\t\tdata-title=\"A\u00f1adir Wishlist\"\n\t\trel=\"nofollow\"\n\t>\n\t\t<svg id=\"yith-wcwl-icon-heart-outline\" class=\"yith-wcwl-icon-svg\" fill=\"none\" stroke-width=\"1.5\" stroke=\"currentColor\" viewBox=\"0 0 24 24\" xmlns=\"http:\/\/www.w3.org\/2000\/svg\">\n  <path stroke-linecap=\"round\" stroke-linejoin=\"round\" d=\"M21 8.25c0-2.485-2.099-4.5-4.688-4.5-1.935 0-3.597 1.126-4.312 2.733-.715-1.607-2.377-2.733-4.313-2.733C5.1 3.75 3 5.765 3 8.25c0 7.22 9 12 9 12s9-4.78 9-12Z\"><\/path>\n<\/svg>\t\t<span>A\u00f1adir Wishlist<\/span>\n\t<\/a>\n<\/div>\n\n\t\t\t<!-- COUNT TEXT -->\n\t\t\t\n\t\t\t<\/div>\n\t\t\t<\/div>\n\t\t<\/div>\n\t\t\t\t\t<\/div>\n\t\t\t<div class=\"image-tools is-small hide-for-small bottom left show-on-hover\">\n\t\t\t\t\t\t\t<\/div>\n\t\t\t<div class=\"image-tools grid-tools text-center hide-for-small bottom hover-slide-in show-on-hover\">\n\t\t\t\t\t\t\t<\/div>\n\t\t\t\t\t<\/div>\n\n\t\t<div class=\"box-text box-text-products\">\n\t\t\t<div class=\"title-wrapper\">\t\t<p class=\"category uppercase is-smaller no-text-overflow product-cat op-8\">\n\t\t\tCuidado Corporal\t\t<\/p>\n\t<p class=\"name product-title woocommerce-loop-product__title\"><a href=\"https:\/\/www.companhiaatlantica.pt\/es\/produto\/cuidado-corporal\/jabones\/jabon-aromatico-sandalo-especias-rossio\" class=\"woocommerce-LoopProduct-link woocommerce-loop-product__link\">Jab\u00f3n Arom\u00e1tico Sandalo &#038; Especias ROSSIO<\/a><\/p><\/div><div class=\"price-wrapper\">\n\t<span class=\"price\"><span class=\"woocommerce-Price-amount amount\"><bdi>7.00<span class=\"woocommerce-Price-currencySymbol\">&euro;<\/span><\/bdi><\/span><\/span>\n<\/div><div class=\"add-to-cart-button\"><a href=\"\/es\/wp-json\/wp\/v2\/posts\/57134?add-to-cart=26157\" aria-describedby=\"woocommerce_loop_add_to_cart_link_describedby_26157\" data-quantity=\"1\" class=\"primary is-small mb-0 button product_type_simple add_to_cart_button ajax_add_to_cart is-outline\" data-product_id=\"26157\" data-product_sku=\"100-335\" aria-label=\"A\u00f1adir al carrito: &ldquo;Jab\u00f3n Arom\u00e1tico Sandalo &amp; Especias ROSSIO&rdquo;\" rel=\"nofollow\" data-success_message=\"\u00abJab\u00f3n Arom\u00e1tico Sandalo &amp; Especias ROSSIO\u00bb se ha a\u00f1adido a tu carrito\" data-product_name=\"Jab\u00f3n Arom\u00e1tico Sandalo &amp; Especias ROSSIO\" data-product_image=\"https:\/\/www.companhiaatlantica.pt\/wp-content\/uploads\/2023\/03\/100-335.jpg\" role=\"button\">A\u00f1adir al carrito<\/a><\/div>\t<span id=\"woocommerce_loop_add_to_cart_link_describedby_26157\" class=\"screen-reader-text\">\n\t\t\t<\/span>\n\t\t<\/div>\n\t<\/div>\n\t<span class=\"gtm4wp_productdata\" style=\"display:none; visibility:hidden;\" data-gtm4wp_product_data=\"{&quot;internal_id&quot;:26157,&quot;item_id&quot;:&quot;100-335&quot;,&quot;item_name&quot;:&quot;Jab\\u00f3n Arom\\u00e1tico Sandalo &amp; Especias ROSSIO&quot;,&quot;sku&quot;:&quot;100-335&quot;,&quot;price&quot;:7,&quot;stocklevel&quot;:160,&quot;stockstatus&quot;:&quot;instock&quot;,&quot;google_business_vertical&quot;:&quot;retail&quot;,&quot;item_category&quot;:&quot;Cuidado Corporal&quot;,&quot;item_category2&quot;:&quot;Jabones&quot;,&quot;id&quot;:&quot;100-335&quot;,&quot;productlink&quot;:&quot;https:\\\/\\\/www.companhiaatlantica.pt\\\/es\\\/produto\\\/cuidado-corporal\\\/jabones\\\/jabon-aromatico-sandalo-especias-rossio&quot;,&quot;item_list_name&quot;:&quot;Lista general de productos&quot;,&quot;index&quot;:1,&quot;product_type&quot;:&quot;simple&quot;,&quot;item_brand&quot;:&quot;&quot;}\"><\/span>\t<\/div>\n<\/div><div class=\"product-small col has-hover product type-product post-23904 status-publish instock product_cat-cuidado-corporal product_cat-jabones has-post-thumbnail taxable shipping-taxable purchasable product-type-simple\">\n\t<div class=\"col-inner\">\n\t\n<div class=\"badge-container absolute left top z-1\">\n\n<\/div>\n\t<div class=\"product-small box \">\n\t\t<div class=\"box-image\">\n\t\t\t<div class=\"image-fade_in_back\">\n\t\t\t\t<a href=\"https:\/\/www.companhiaatlantica.pt\/es\/produto\/cuidado-corporal\/jabones\/jabon-rosa-gallica\">\n\t\t\t\t\t<img loading=\"lazy\" decoding=\"async\" width=\"700\" height=\"700\" src=\"https:\/\/www.companhiaatlantica.pt\/wp-content\/uploads\/2022\/11\/100-042-700x700.jpg\" class=\"attachment-woocommerce_thumbnail size-woocommerce_thumbnail\" alt=\"Jab\u00f3n ROSA GALLICA\" srcset=\"https:\/\/www.companhiaatlantica.pt\/wp-content\/uploads\/2022\/11\/100-042-700x700.jpg 700w, https:\/\/www.companhiaatlantica.pt\/wp-content\/uploads\/2022\/11\/100-042-100x100.jpg 100w\" sizes=\"auto, (max-width: 700px) 100vw, 700px\" title=\"\">\t\t\t\t<\/a>\n\t\t\t<\/div>\n\t\t\t<div class=\"image-tools is-small top right show-on-hover\">\n\t\t\t\t\t\t<div class=\"wishlist-icon\">\n\t\t\t<button class=\"wishlist-button button is-outline circle icon\" aria-label=\"Lista de deseos\">\n\t\t\t\t<i class=\"icon-heart\" aria-hidden=\"true\"><\/i>\t\t\t<\/button>\n\t\t\t<div class=\"wishlist-popup dark\">\n\t\t\t\t\n<div\n\tclass=\"yith-wcwl-add-to-wishlist add-to-wishlist-23904 yith-wcwl-add-to-wishlist--button_default-style wishlist-fragment on-first-load\"\n\tdata-fragment-ref=\"23904\"\n\tdata-fragment-options=\"{&quot;base_url&quot;:&quot;&quot;,&quot;product_id&quot;:23904,&quot;parent_product_id&quot;:0,&quot;product_type&quot;:&quot;simple&quot;,&quot;is_single&quot;:false,&quot;in_default_wishlist&quot;:false,&quot;show_view&quot;:false,&quot;browse_wishlist_text&quot;:&quot;Consulta tu WishList&quot;,&quot;already_in_wishslist_text&quot;:&quot;\\u00a1Este producto ya esta en tu wishlist!&quot;,&quot;product_added_text&quot;:&quot;Producto A\\u00f1adido!&quot;,&quot;available_multi_wishlist&quot;:false,&quot;disable_wishlist&quot;:false,&quot;show_count&quot;:false,&quot;ajax_loading&quot;:false,&quot;loop_position&quot;:&quot;after_add_to_cart&quot;,&quot;item&quot;:&quot;add_to_wishlist&quot;}\"\n>\n\t\t\t\n\t\t\t<!-- ADD TO WISHLIST -->\n\t\t\t\n<div class=\"yith-wcwl-add-button\">\n\t\t<a\n\t\thref=\"?add_to_wishlist=23904&#038;_wpnonce=52d31225f0\"\n\t\tclass=\"add_to_wishlist single_add_to_wishlist alt button theme-button-style \"\n\t\tdata-product-id=\"23904\"\n\t\tdata-product-type=\"simple\"\n\t\tdata-original-product-id=\"0\"\n\t\tdata-title=\"A\u00f1adir Wishlist\"\n\t\trel=\"nofollow\"\n\t>\n\t\t<svg id=\"yith-wcwl-icon-heart-outline\" class=\"yith-wcwl-icon-svg\" fill=\"none\" stroke-width=\"1.5\" stroke=\"currentColor\" viewBox=\"0 0 24 24\" xmlns=\"http:\/\/www.w3.org\/2000\/svg\">\n  <path stroke-linecap=\"round\" stroke-linejoin=\"round\" d=\"M21 8.25c0-2.485-2.099-4.5-4.688-4.5-1.935 0-3.597 1.126-4.312 2.733-.715-1.607-2.377-2.733-4.313-2.733C5.1 3.75 3 5.765 3 8.25c0 7.22 9 12 9 12s9-4.78 9-12Z\"><\/path>\n<\/svg>\t\t<span>A\u00f1adir Wishlist<\/span>\n\t<\/a>\n<\/div>\n\n\t\t\t<!-- COUNT TEXT -->\n\t\t\t\n\t\t\t<\/div>\n\t\t\t<\/div>\n\t\t<\/div>\n\t\t\t\t\t<\/div>\n\t\t\t<div class=\"image-tools is-small hide-for-small bottom left show-on-hover\">\n\t\t\t\t\t\t\t<\/div>\n\t\t\t<div class=\"image-tools grid-tools text-center hide-for-small bottom hover-slide-in show-on-hover\">\n\t\t\t\t\t\t\t<\/div>\n\t\t\t\t\t<\/div>\n\n\t\t<div class=\"box-text box-text-products\">\n\t\t\t<div class=\"title-wrapper\">\t\t<p class=\"category uppercase is-smaller no-text-overflow product-cat op-8\">\n\t\t\tCuidado Corporal\t\t<\/p>\n\t<p class=\"name product-title woocommerce-loop-product__title\"><a href=\"https:\/\/www.companhiaatlantica.pt\/es\/produto\/cuidado-corporal\/jabones\/jabon-rosa-gallica\" class=\"woocommerce-LoopProduct-link woocommerce-loop-product__link\">Jab\u00f3n ROSA GALLICA<\/a><\/p><\/div><div class=\"price-wrapper\">\n\t<span class=\"price\"><span class=\"woocommerce-Price-amount amount\"><bdi>7.00<span class=\"woocommerce-Price-currencySymbol\">&euro;<\/span><\/bdi><\/span><\/span>\n<\/div><div class=\"add-to-cart-button\"><a href=\"\/es\/wp-json\/wp\/v2\/posts\/57134?add-to-cart=23904\" aria-describedby=\"woocommerce_loop_add_to_cart_link_describedby_23904\" data-quantity=\"1\" class=\"primary is-small mb-0 button product_type_simple add_to_cart_button ajax_add_to_cart is-outline\" data-product_id=\"23904\" data-product_sku=\"100-042\" aria-label=\"A\u00f1adir al carrito: &ldquo;Jab\u00f3n ROSA GALLICA&rdquo;\" rel=\"nofollow\" data-success_message=\"\u00abJab\u00f3n ROSA GALLICA\u00bb se ha a\u00f1adido a tu carrito\" data-product_name=\"Jab\u00f3n ROSA GALLICA\" data-product_image=\"https:\/\/www.companhiaatlantica.pt\/wp-content\/uploads\/2022\/11\/100-042.jpg\" role=\"button\">A\u00f1adir al carrito<\/a><\/div>\t<span id=\"woocommerce_loop_add_to_cart_link_describedby_23904\" class=\"screen-reader-text\">\n\t\t\t<\/span>\n\t\t<\/div>\n\t<\/div>\n\t<span class=\"gtm4wp_productdata\" style=\"display:none; visibility:hidden;\" data-gtm4wp_product_data=\"{&quot;internal_id&quot;:23904,&quot;item_id&quot;:&quot;100-042&quot;,&quot;item_name&quot;:&quot;Jab\\u00f3n ROSA GALLICA&quot;,&quot;sku&quot;:&quot;100-042&quot;,&quot;price&quot;:7,&quot;stocklevel&quot;:81,&quot;stockstatus&quot;:&quot;instock&quot;,&quot;google_business_vertical&quot;:&quot;retail&quot;,&quot;item_category&quot;:&quot;Cuidado Corporal&quot;,&quot;item_category2&quot;:&quot;Jabones&quot;,&quot;id&quot;:&quot;100-042&quot;,&quot;productlink&quot;:&quot;https:\\\/\\\/www.companhiaatlantica.pt\\\/es\\\/produto\\\/cuidado-corporal\\\/jabones\\\/jabon-rosa-gallica&quot;,&quot;item_list_name&quot;:&quot;Lista general de productos&quot;,&quot;index&quot;:2,&quot;product_type&quot;:&quot;simple&quot;,&quot;item_brand&quot;:&quot;&quot;}\"><\/span>\t<\/div>\n<\/div><div class=\"product-small col has-hover product type-product post-10845 status-publish last instock product_cat-cuidado-corporal product_cat-jabones product_cat-velas-difusores has-post-thumbnail taxable shipping-taxable purchasable product-type-simple\">\n\t<div class=\"col-inner\">\n\t\n<div class=\"badge-container absolute left top z-1\">\n\n<\/div>\n\t<div class=\"product-small box \">\n\t\t<div class=\"box-image\">\n\t\t\t<div class=\"image-fade_in_back\">\n\t\t\t\t<a href=\"https:\/\/www.companhiaatlantica.pt\/es\/produto\/cuidado-corporal\/jabones\/art-nouveau-lavanda\">\n\t\t\t\t\t<img loading=\"lazy\" decoding=\"async\" width=\"600\" height=\"595\" src=\"https:\/\/www.companhiaatlantica.pt\/wp-content\/uploads\/2020\/05\/100-071-600x595.jpg\" class=\"attachment-woocommerce_thumbnail size-woocommerce_thumbnail\" alt=\"Jab\u00f3n Lavanda ART-NOUVEAU\" srcset=\"https:\/\/www.companhiaatlantica.pt\/wp-content\/uploads\/2020\/05\/100-071-600x595.jpg 600w, https:\/\/www.companhiaatlantica.pt\/wp-content\/uploads\/2020\/05\/100-071-100x100.jpg 100w, https:\/\/www.companhiaatlantica.pt\/wp-content\/uploads\/2020\/05\/100-071-150x150.jpg 150w\" sizes=\"auto, (max-width: 600px) 100vw, 600px\" title=\"\"><img loading=\"lazy\" decoding=\"async\" width=\"600\" height=\"600\" src=\"https:\/\/www.companhiaatlantica.pt\/wp-content\/uploads\/2020\/06\/IMG_0005.jpg\" class=\"show-on-hover absolute fill hide-for-small back-image\" alt=\"Alternative view of Jab\u00f3n Lavanda ART-NOUVEAU\" aria-hidden=\"true\" srcset=\"https:\/\/www.companhiaatlantica.pt\/wp-content\/uploads\/2020\/06\/IMG_0005.jpg 600w, https:\/\/www.companhiaatlantica.pt\/wp-content\/uploads\/2020\/06\/IMG_0005-100x100.jpg 100w\" sizes=\"auto, (max-width: 600px) 100vw, 600px\" title=\"\">\t\t\t\t<\/a>\n\t\t\t<\/div>\n\t\t\t<div class=\"image-tools is-small top right show-on-hover\">\n\t\t\t\t\t\t<div class=\"wishlist-icon\">\n\t\t\t<button class=\"wishlist-button button is-outline circle icon\" aria-label=\"Lista de deseos\">\n\t\t\t\t<i class=\"icon-heart\" aria-hidden=\"true\"><\/i>\t\t\t<\/button>\n\t\t\t<div class=\"wishlist-popup dark\">\n\t\t\t\t\n<div\n\tclass=\"yith-wcwl-add-to-wishlist add-to-wishlist-10845 yith-wcwl-add-to-wishlist--button_default-style wishlist-fragment on-first-load\"\n\tdata-fragment-ref=\"10845\"\n\tdata-fragment-options=\"{&quot;base_url&quot;:&quot;&quot;,&quot;product_id&quot;:10845,&quot;parent_product_id&quot;:0,&quot;product_type&quot;:&quot;simple&quot;,&quot;is_single&quot;:false,&quot;in_default_wishlist&quot;:false,&quot;show_view&quot;:false,&quot;browse_wishlist_text&quot;:&quot;Consulta tu WishList&quot;,&quot;already_in_wishslist_text&quot;:&quot;\\u00a1Este producto ya esta en tu wishlist!&quot;,&quot;product_added_text&quot;:&quot;Producto A\\u00f1adido!&quot;,&quot;available_multi_wishlist&quot;:false,&quot;disable_wishlist&quot;:false,&quot;show_count&quot;:false,&quot;ajax_loading&quot;:false,&quot;loop_position&quot;:&quot;after_add_to_cart&quot;,&quot;item&quot;:&quot;add_to_wishlist&quot;}\"\n>\n\t\t\t\n\t\t\t<!-- ADD TO WISHLIST -->\n\t\t\t\n<div class=\"yith-wcwl-add-button\">\n\t\t<a\n\t\thref=\"?add_to_wishlist=10845&#038;_wpnonce=52d31225f0\"\n\t\tclass=\"add_to_wishlist single_add_to_wishlist alt button theme-button-style \"\n\t\tdata-product-id=\"10845\"\n\t\tdata-product-type=\"simple\"\n\t\tdata-original-product-id=\"0\"\n\t\tdata-title=\"A\u00f1adir Wishlist\"\n\t\trel=\"nofollow\"\n\t>\n\t\t<svg id=\"yith-wcwl-icon-heart-outline\" class=\"yith-wcwl-icon-svg\" fill=\"none\" stroke-width=\"1.5\" stroke=\"currentColor\" viewBox=\"0 0 24 24\" xmlns=\"http:\/\/www.w3.org\/2000\/svg\">\n  <path stroke-linecap=\"round\" stroke-linejoin=\"round\" d=\"M21 8.25c0-2.485-2.099-4.5-4.688-4.5-1.935 0-3.597 1.126-4.312 2.733-.715-1.607-2.377-2.733-4.313-2.733C5.1 3.75 3 5.765 3 8.25c0 7.22 9 12 9 12s9-4.78 9-12Z\"><\/path>\n<\/svg>\t\t<span>A\u00f1adir Wishlist<\/span>\n\t<\/a>\n<\/div>\n\n\t\t\t<!-- COUNT TEXT -->\n\t\t\t\n\t\t\t<\/div>\n\t\t\t<\/div>\n\t\t<\/div>\n\t\t\t\t\t<\/div>\n\t\t\t<div class=\"image-tools is-small hide-for-small bottom left show-on-hover\">\n\t\t\t\t\t\t\t<\/div>\n\t\t\t<div class=\"image-tools grid-tools text-center hide-for-small bottom hover-slide-in show-on-hover\">\n\t\t\t\t\t\t\t<\/div>\n\t\t\t\t\t<\/div>\n\n\t\t<div class=\"box-text box-text-products\">\n\t\t\t<div class=\"title-wrapper\">\t\t<p class=\"category uppercase is-smaller no-text-overflow product-cat op-8\">\n\t\t\tCuidado Corporal\t\t<\/p>\n\t<p class=\"name product-title woocommerce-loop-product__title\"><a href=\"https:\/\/www.companhiaatlantica.pt\/es\/produto\/cuidado-corporal\/jabones\/art-nouveau-lavanda\" class=\"woocommerce-LoopProduct-link woocommerce-loop-product__link\">Jab\u00f3n Lavanda ART-NOUVEAU<\/a><\/p><\/div><div class=\"price-wrapper\">\n\t<span class=\"price\"><span class=\"woocommerce-Price-amount amount\"><bdi>7.50<span class=\"woocommerce-Price-currencySymbol\">&euro;<\/span><\/bdi><\/span><\/span>\n<\/div><div class=\"add-to-cart-button\"><a href=\"\/es\/wp-json\/wp\/v2\/posts\/57134?add-to-cart=10845\" aria-describedby=\"woocommerce_loop_add_to_cart_link_describedby_10845\" data-quantity=\"1\" class=\"primary is-small mb-0 button product_type_simple add_to_cart_button ajax_add_to_cart is-outline\" data-product_id=\"10845\" data-product_sku=\"100-071\" aria-label=\"A\u00f1adir al carrito: &ldquo;Jab\u00f3n Lavanda ART-NOUVEAU&rdquo;\" rel=\"nofollow\" data-success_message=\"\u00abJab\u00f3n Lavanda ART-NOUVEAU\u00bb se ha a\u00f1adido a tu carrito\" data-product_name=\"Jab\u00f3n Lavanda ART-NOUVEAU\" data-product_image=\"https:\/\/www.companhiaatlantica.pt\/wp-content\/uploads\/2020\/05\/100-071-150x150.jpg\" role=\"button\">A\u00f1adir al carrito<\/a><\/div>\t<span id=\"woocommerce_loop_add_to_cart_link_describedby_10845\" class=\"screen-reader-text\">\n\t\t\t<\/span>\n\t\t<\/div>\n\t<\/div>\n\t<span class=\"gtm4wp_productdata\" style=\"display:none; visibility:hidden;\" data-gtm4wp_product_data=\"{&quot;internal_id&quot;:10845,&quot;item_id&quot;:&quot;100-071&quot;,&quot;item_name&quot;:&quot;Jab\\u00f3n Lavanda ART-NOUVEAU&quot;,&quot;sku&quot;:&quot;100-071&quot;,&quot;price&quot;:7.5,&quot;stocklevel&quot;:51,&quot;stockstatus&quot;:&quot;instock&quot;,&quot;google_business_vertical&quot;:&quot;retail&quot;,&quot;item_category&quot;:&quot;Cuidado Corporal&quot;,&quot;item_category2&quot;:&quot;Jabones&quot;,&quot;id&quot;:&quot;100-071&quot;,&quot;productlink&quot;:&quot;https:\\\/\\\/www.companhiaatlantica.pt\\\/es\\\/produto\\\/cuidado-corporal\\\/jabones\\\/art-nouveau-lavanda&quot;,&quot;item_list_name&quot;:&quot;Lista general de productos&quot;,&quot;index&quot;:3,&quot;product_type&quot;:&quot;simple&quot;,&quot;item_brand&quot;:&quot;&quot;}\"><\/span>\t<\/div>\n<\/div><\/div><!-- row -->\n<\/div>\n\t<div id=\"gap-1222254128\" class=\"gap-element clearfix\" style=\"display:block; height:auto;\">\n\t\t\n<style>\n#gap-1222254128 {\n  padding-top: 30px;\n}\n<\/style>\n\t<\/div>\n\t\n<h3>Celebre a amizade com a nossa sugest\u00e3o de prendas para a melhor amiga<\/h3>\n<p><span style=\"font-weight: 400;\">Foi aqui que algu\u00e9m pediu sugest\u00f5es de prendas para a melhor amiga? Temos tamb\u00e9m! <\/span>Cada item seguinte foi cuidadosamente escolhido para enaltecer a beleza daquelas que nos d\u00e3o memor\u00e1veis momentos de gargalhadas e conversas profundas.<\/p>\n<p>Os aromas deliciosos dos difusores e velas perfumadas da Companhia Atl\u00e2ntica transformam qualquer ambiente num ref\u00fagio relaxante e convidativo.<\/p>\n<p>O <a href=\"https:\/\/www.companhiaatlantica.pt\/produto\/velas-difusores\/ambientadores-mikado\/difusor-alicatos-100ml?attribute_pa_perfume=flor-de-laranjeira\">difusor ALICATOS<\/a>, cuja forma \u00e9 inspirada nos azulejos \u00e1rabes do sul da Espanha e Portugal, n\u00e3o s\u00f3 ir\u00e1 perfumar a casa como adicionar um toque sofisticado na decora\u00e7\u00e3o.<\/p>\n<p>Vers\u00e1teis e estilosos, os <a href=\"https:\/\/www.companhiaatlantica.pt\/lembrancas-portugal\/acessorios-moda\/saco-compras-algodao\">sacos de compras em algod\u00e3o<\/a> podem ser usados tamb\u00e9m para ir \u00e0 praia, levar livros para a faculdade ou qualquer outra atividade do dia a dia.<\/p>\n<div class=\"woocommerce columns-3 \"><div class=\"products row row-small large-columns-3 medium-columns-3 small-columns-1 has-equal-box-heights equalize-box\">\n<div class=\"product-small col has-hover product type-product post-55626 status-publish first instock product_cat-ambientadores-mikado product_cat-ceramica-portuguesa product_cat-velas-difusores has-post-thumbnail featured taxable shipping-taxable purchasable product-type-variable has-default-attributes\">\n\t<div class=\"col-inner\">\n\t\n<div class=\"badge-container absolute left top z-1\">\n\n<div class=\"badge callout badge-circle\"><div class=\"badge-inner callout-new-bg is-small new-bubble\">NEW<\/div><\/div><\/div>\n\t<div class=\"product-small box \">\n\t\t<div class=\"box-image\">\n\t\t\t<div class=\"image-fade_in_back\">\n\t\t\t\t<a href=\"https:\/\/www.companhiaatlantica.pt\/es\/produto\/velas-difusores\/ambientadores-mikado\/difusor-mikado-alicatos\">\n\t\t\t\t\t<img loading=\"lazy\" decoding=\"async\" width=\"700\" height=\"700\" src=\"https:\/\/www.companhiaatlantica.pt\/wp-content\/uploads\/2024\/03\/140-162-1-alicatos-700x700.jpg\" class=\"attachment-woocommerce_thumbnail size-woocommerce_thumbnail\" alt=\"Difusor Mikado ALICATOS 100ml - Colecci\u00f3n AREIA\" srcset=\"https:\/\/www.companhiaatlantica.pt\/wp-content\/uploads\/2024\/03\/140-162-1-alicatos-700x700.jpg 700w, https:\/\/www.companhiaatlantica.pt\/wp-content\/uploads\/2024\/03\/140-162-1-alicatos-100x100.jpg 100w, https:\/\/www.companhiaatlantica.pt\/wp-content\/uploads\/2024\/03\/140-162-1-alicatos-400x400.jpg 400w, https:\/\/www.companhiaatlantica.pt\/wp-content\/uploads\/2024\/03\/140-162-1-alicatos-350x350.jpg 350w, https:\/\/www.companhiaatlantica.pt\/wp-content\/uploads\/2024\/03\/140-162-1-alicatos-768x768.jpg 768w, https:\/\/www.companhiaatlantica.pt\/wp-content\/uploads\/2024\/03\/140-162-1-alicatos-600x600.jpg 600w, https:\/\/www.companhiaatlantica.pt\/wp-content\/uploads\/2024\/03\/140-162-1-alicatos.jpg 800w\" sizes=\"auto, (max-width: 700px) 100vw, 700px\" title=\"\"><img loading=\"lazy\" decoding=\"async\" width=\"700\" height=\"700\" src=\"https:\/\/www.companhiaatlantica.pt\/wp-content\/uploads\/2024\/03\/140-162-1-alicatos-700x700.jpg\" class=\"show-on-hover absolute fill hide-for-small back-image\" alt=\"Alternative view of Difusor Mikado ALICATOS 100ml - Colecci\u00f3n AREIA\" aria-hidden=\"true\" srcset=\"https:\/\/www.companhiaatlantica.pt\/wp-content\/uploads\/2024\/03\/140-162-1-alicatos-700x700.jpg 700w, https:\/\/www.companhiaatlantica.pt\/wp-content\/uploads\/2024\/03\/140-162-1-alicatos-100x100.jpg 100w, https:\/\/www.companhiaatlantica.pt\/wp-content\/uploads\/2024\/03\/140-162-1-alicatos-400x400.jpg 400w, https:\/\/www.companhiaatlantica.pt\/wp-content\/uploads\/2024\/03\/140-162-1-alicatos-350x350.jpg 350w, https:\/\/www.companhiaatlantica.pt\/wp-content\/uploads\/2024\/03\/140-162-1-alicatos-768x768.jpg 768w, https:\/\/www.companhiaatlantica.pt\/wp-content\/uploads\/2024\/03\/140-162-1-alicatos-600x600.jpg 600w, https:\/\/www.companhiaatlantica.pt\/wp-content\/uploads\/2024\/03\/140-162-1-alicatos.jpg 800w\" sizes=\"auto, (max-width: 700px) 100vw, 700px\" title=\"\">\t\t\t\t<\/a>\n\t\t\t<\/div>\n\t\t\t<div class=\"image-tools is-small top right show-on-hover\">\n\t\t\t\t\t\t<div class=\"wishlist-icon\">\n\t\t\t<button class=\"wishlist-button button is-outline circle icon\" aria-label=\"Lista de deseos\">\n\t\t\t\t<i class=\"icon-heart\" aria-hidden=\"true\"><\/i>\t\t\t<\/button>\n\t\t\t<div class=\"wishlist-popup dark\">\n\t\t\t\t\n<div\n\tclass=\"yith-wcwl-add-to-wishlist add-to-wishlist-55626 yith-wcwl-add-to-wishlist--button_default-style wishlist-fragment on-first-load\"\n\tdata-fragment-ref=\"55626\"\n\tdata-fragment-options=\"{&quot;base_url&quot;:&quot;&quot;,&quot;product_id&quot;:55626,&quot;parent_product_id&quot;:0,&quot;product_type&quot;:&quot;variable&quot;,&quot;is_single&quot;:false,&quot;in_default_wishlist&quot;:false,&quot;show_view&quot;:false,&quot;browse_wishlist_text&quot;:&quot;Consulta tu WishList&quot;,&quot;already_in_wishslist_text&quot;:&quot;\\u00a1Este producto ya esta en tu wishlist!&quot;,&quot;product_added_text&quot;:&quot;Producto A\\u00f1adido!&quot;,&quot;available_multi_wishlist&quot;:false,&quot;disable_wishlist&quot;:false,&quot;show_count&quot;:false,&quot;ajax_loading&quot;:false,&quot;loop_position&quot;:&quot;after_add_to_cart&quot;,&quot;item&quot;:&quot;add_to_wishlist&quot;}\"\n>\n\t\t\t\n\t\t\t<!-- ADD TO WISHLIST -->\n\t\t\t\n<div class=\"yith-wcwl-add-button\">\n\t\t<a\n\t\thref=\"?add_to_wishlist=55626&#038;_wpnonce=52d31225f0\"\n\t\tclass=\"add_to_wishlist single_add_to_wishlist alt button theme-button-style \"\n\t\tdata-product-id=\"55626\"\n\t\tdata-product-type=\"variable\"\n\t\tdata-original-product-id=\"0\"\n\t\tdata-title=\"A\u00f1adir Wishlist\"\n\t\trel=\"nofollow\"\n\t>\n\t\t<svg id=\"yith-wcwl-icon-heart-outline\" class=\"yith-wcwl-icon-svg\" fill=\"none\" stroke-width=\"1.5\" stroke=\"currentColor\" viewBox=\"0 0 24 24\" xmlns=\"http:\/\/www.w3.org\/2000\/svg\">\n  <path stroke-linecap=\"round\" stroke-linejoin=\"round\" d=\"M21 8.25c0-2.485-2.099-4.5-4.688-4.5-1.935 0-3.597 1.126-4.312 2.733-.715-1.607-2.377-2.733-4.313-2.733C5.1 3.75 3 5.765 3 8.25c0 7.22 9 12 9 12s9-4.78 9-12Z\"><\/path>\n<\/svg>\t\t<span>A\u00f1adir Wishlist<\/span>\n\t<\/a>\n<\/div>\n\n\t\t\t<!-- COUNT TEXT -->\n\t\t\t\n\t\t\t<\/div>\n\t\t\t<\/div>\n\t\t<\/div>\n\t\t\t\t\t<\/div>\n\t\t\t<div class=\"image-tools is-small hide-for-small bottom left show-on-hover\">\n\t\t\t\t\t\t\t<\/div>\n\t\t\t<div class=\"image-tools grid-tools text-center hide-for-small bottom hover-slide-in show-on-hover\">\n\t\t\t\t\t\t\t<\/div>\n\t\t\t\t\t<\/div>\n\n\t\t<div class=\"box-text box-text-products\">\n\t\t\t<span class=\"featured-badge\"><img decoding=\"async\" src=\"https:\/\/cdn.companhiaatlantica.pt\/wp-content\/themes\/flatsome-child\/src\/img\/ar-icon-2.jpg\" alt=\"AR Icon\" class=\"ar-icon\" title=\"\"><\/span><div class=\"title-wrapper\">\t\t<p class=\"category uppercase is-smaller no-text-overflow product-cat op-8\">\n\t\t\tAmbientadores Mikado\t\t<\/p>\n\t<p class=\"name product-title woocommerce-loop-product__title\"><a href=\"https:\/\/www.companhiaatlantica.pt\/es\/produto\/velas-difusores\/ambientadores-mikado\/difusor-mikado-alicatos\" class=\"woocommerce-LoopProduct-link woocommerce-loop-product__link\">Difusor Mikado ALICATOS 100ml &#8211; Colecci\u00f3n AREIA<\/a><\/p><\/div><div class=\"price-wrapper\">\n\t<span class=\"price\"><span class=\"woocommerce-Price-amount amount\"><bdi>29.00<span class=\"woocommerce-Price-currencySymbol\">&euro;<\/span><\/bdi><\/span><\/span>\n<\/div><div class=\"add-to-cart-button\"><a href=\"https:\/\/www.companhiaatlantica.pt\/es\/produto\/velas-difusores\/ambientadores-mikado\/difusor-mikado-alicatos\" aria-describedby=\"woocommerce_loop_add_to_cart_link_describedby_55626\" data-quantity=\"1\" class=\"primary is-small mb-0 button product_type_variable add_to_cart_button is-outline\" data-product_id=\"55626\" data-product_sku=\"\" aria-label=\"Elige las opciones para &ldquo;Difusor Mikado ALICATOS 100ml - Colecci\u00f3n AREIA&rdquo;\" rel=\"nofollow\" data-product_name=\"Difusor Mikado ALICATOS 100ml - Colecci\u00f3n AREIA\" data-product_image=\"https:\/\/www.companhiaatlantica.pt\/wp-content\/uploads\/2024\/03\/140-162-1-alicatos-350x350.jpg\">Seleccionar opciones<\/a><\/div>\t<span id=\"woocommerce_loop_add_to_cart_link_describedby_55626\" class=\"screen-reader-text\">\n\t\tEste producto tiene m\u00faltiples variantes. Las opciones se pueden elegir en la p\u00e1gina de producto\t<\/span>\n\t\t<\/div>\n\t<\/div>\n\t<span class=\"gtm4wp_productdata\" style=\"display:none; visibility:hidden;\" data-gtm4wp_product_data=\"{&quot;internal_id&quot;:55626,&quot;item_id&quot;:55626,&quot;item_name&quot;:&quot;Difusor Mikado ALICATOS 100ml - Colecci\\u00f3n AREIA&quot;,&quot;sku&quot;:55626,&quot;price&quot;:29,&quot;stocklevel&quot;:null,&quot;stockstatus&quot;:&quot;instock&quot;,&quot;google_business_vertical&quot;:&quot;retail&quot;,&quot;item_category&quot;:&quot;Velas e Difusores de aromas&quot;,&quot;item_category2&quot;:&quot;Ambientadores Mikado&quot;,&quot;id&quot;:55626,&quot;productlink&quot;:&quot;https:\\\/\\\/www.companhiaatlantica.pt\\\/es\\\/produto\\\/velas-difusores\\\/ambientadores-mikado\\\/difusor-mikado-alicatos&quot;,&quot;item_list_name&quot;:&quot;Lista general de productos&quot;,&quot;index&quot;:1,&quot;product_type&quot;:&quot;variable&quot;,&quot;item_brand&quot;:&quot;&quot;}\"><\/span>\t<\/div>\n<\/div><div class=\"product-small col has-hover product type-product post-11337 status-publish instock product_cat-accesorios-moda product_cat-bolsas-tela-compras product_cat-textiles product_cat-recuerdos-portugal has-post-thumbnail taxable shipping-taxable purchasable product-type-simple\">\n\t<div class=\"col-inner\">\n\t\n<div class=\"badge-container absolute left top z-1\">\n\n<\/div>\n\t<div class=\"product-small box \">\n\t\t<div class=\"box-image\">\n\t\t\t<div class=\"image-fade_in_back\">\n\t\t\t\t<a href=\"https:\/\/www.companhiaatlantica.pt\/es\/produto\/recuerdos-portugal\/accesorios-moda\/bolsas-tela-compras\/alicatos-bolsa-compras-azulejo\">\n\t\t\t\t\t<img loading=\"lazy\" decoding=\"async\" width=\"700\" height=\"700\" src=\"https:\/\/www.companhiaatlantica.pt\/wp-content\/uploads\/2024\/06\/170-045-blue-700x700.jpg\" class=\"attachment-woocommerce_thumbnail size-woocommerce_thumbnail\" alt=\"Bolsa Compras Algod\u00f3n Azulejo ALICATOS\" srcset=\"https:\/\/www.companhiaatlantica.pt\/wp-content\/uploads\/2024\/06\/170-045-blue-700x700.jpg 700w, https:\/\/www.companhiaatlantica.pt\/wp-content\/uploads\/2024\/06\/170-045-blue-100x100.jpg 100w, https:\/\/www.companhiaatlantica.pt\/wp-content\/uploads\/2024\/06\/170-045-blue-400x400.jpg 400w, https:\/\/www.companhiaatlantica.pt\/wp-content\/uploads\/2024\/06\/170-045-blue-350x350.jpg 350w, https:\/\/www.companhiaatlantica.pt\/wp-content\/uploads\/2024\/06\/170-045-blue-768x768.jpg 768w, https:\/\/www.companhiaatlantica.pt\/wp-content\/uploads\/2024\/06\/170-045-blue-600x600.jpg 600w, https:\/\/www.companhiaatlantica.pt\/wp-content\/uploads\/2024\/06\/170-045-blue.jpg 900w\" sizes=\"auto, (max-width: 700px) 100vw, 700px\" title=\"\"><img loading=\"lazy\" decoding=\"async\" width=\"700\" height=\"700\" src=\"https:\/\/www.companhiaatlantica.pt\/wp-content\/uploads\/2024\/06\/170-045-blue-700x700.jpg\" class=\"show-on-hover absolute fill hide-for-small back-image\" alt=\"Alternative view of Bolsa Compras Algod\u00f3n Azulejo ALICATOS\" aria-hidden=\"true\" srcset=\"https:\/\/www.companhiaatlantica.pt\/wp-content\/uploads\/2024\/06\/170-045-blue-700x700.jpg 700w, https:\/\/www.companhiaatlantica.pt\/wp-content\/uploads\/2024\/06\/170-045-blue-100x100.jpg 100w, https:\/\/www.companhiaatlantica.pt\/wp-content\/uploads\/2024\/06\/170-045-blue-400x400.jpg 400w, https:\/\/www.companhiaatlantica.pt\/wp-content\/uploads\/2024\/06\/170-045-blue-350x350.jpg 350w, https:\/\/www.companhiaatlantica.pt\/wp-content\/uploads\/2024\/06\/170-045-blue-768x768.jpg 768w, https:\/\/www.companhiaatlantica.pt\/wp-content\/uploads\/2024\/06\/170-045-blue-600x600.jpg 600w, https:\/\/www.companhiaatlantica.pt\/wp-content\/uploads\/2024\/06\/170-045-blue.jpg 900w\" sizes=\"auto, (max-width: 700px) 100vw, 700px\" title=\"\">\t\t\t\t<\/a>\n\t\t\t<\/div>\n\t\t\t<div class=\"image-tools is-small top right show-on-hover\">\n\t\t\t\t\t\t<div class=\"wishlist-icon\">\n\t\t\t<button class=\"wishlist-button button is-outline circle icon\" aria-label=\"Lista de deseos\">\n\t\t\t\t<i class=\"icon-heart\" aria-hidden=\"true\"><\/i>\t\t\t<\/button>\n\t\t\t<div class=\"wishlist-popup dark\">\n\t\t\t\t\n<div\n\tclass=\"yith-wcwl-add-to-wishlist add-to-wishlist-11337 yith-wcwl-add-to-wishlist--button_default-style wishlist-fragment on-first-load\"\n\tdata-fragment-ref=\"11337\"\n\tdata-fragment-options=\"{&quot;base_url&quot;:&quot;&quot;,&quot;product_id&quot;:11337,&quot;parent_product_id&quot;:0,&quot;product_type&quot;:&quot;simple&quot;,&quot;is_single&quot;:false,&quot;in_default_wishlist&quot;:false,&quot;show_view&quot;:false,&quot;browse_wishlist_text&quot;:&quot;Consulta tu WishList&quot;,&quot;already_in_wishslist_text&quot;:&quot;\\u00a1Este producto ya esta en tu wishlist!&quot;,&quot;product_added_text&quot;:&quot;Producto A\\u00f1adido!&quot;,&quot;available_multi_wishlist&quot;:false,&quot;disable_wishlist&quot;:false,&quot;show_count&quot;:false,&quot;ajax_loading&quot;:false,&quot;loop_position&quot;:&quot;after_add_to_cart&quot;,&quot;item&quot;:&quot;add_to_wishlist&quot;}\"\n>\n\t\t\t\n\t\t\t<!-- ADD TO WISHLIST -->\n\t\t\t\n<div class=\"yith-wcwl-add-button\">\n\t\t<a\n\t\thref=\"?add_to_wishlist=11337&#038;_wpnonce=52d31225f0\"\n\t\tclass=\"add_to_wishlist single_add_to_wishlist alt button theme-button-style \"\n\t\tdata-product-id=\"11337\"\n\t\tdata-product-type=\"simple\"\n\t\tdata-original-product-id=\"0\"\n\t\tdata-title=\"A\u00f1adir Wishlist\"\n\t\trel=\"nofollow\"\n\t>\n\t\t<svg id=\"yith-wcwl-icon-heart-outline\" class=\"yith-wcwl-icon-svg\" fill=\"none\" stroke-width=\"1.5\" stroke=\"currentColor\" viewBox=\"0 0 24 24\" xmlns=\"http:\/\/www.w3.org\/2000\/svg\">\n  <path stroke-linecap=\"round\" stroke-linejoin=\"round\" d=\"M21 8.25c0-2.485-2.099-4.5-4.688-4.5-1.935 0-3.597 1.126-4.312 2.733-.715-1.607-2.377-2.733-4.313-2.733C5.1 3.75 3 5.765 3 8.25c0 7.22 9 12 9 12s9-4.78 9-12Z\"><\/path>\n<\/svg>\t\t<span>A\u00f1adir Wishlist<\/span>\n\t<\/a>\n<\/div>\n\n\t\t\t<!-- COUNT TEXT -->\n\t\t\t\n\t\t\t<\/div>\n\t\t\t<\/div>\n\t\t<\/div>\n\t\t\t\t\t<\/div>\n\t\t\t<div class=\"image-tools is-small hide-for-small bottom left show-on-hover\">\n\t\t\t\t\t\t\t<\/div>\n\t\t\t<div class=\"image-tools grid-tools text-center hide-for-small bottom hover-slide-in show-on-hover\">\n\t\t\t\t\t\t\t<\/div>\n\t\t\t\t\t<\/div>\n\n\t\t<div class=\"box-text box-text-products\">\n\t\t\t<div class=\"title-wrapper\">\t\t<p class=\"category uppercase is-smaller no-text-overflow product-cat op-8\">\n\t\t\tAccesorios Moda\t\t<\/p>\n\t<p class=\"name product-title woocommerce-loop-product__title\"><a href=\"https:\/\/www.companhiaatlantica.pt\/es\/produto\/recuerdos-portugal\/accesorios-moda\/bolsas-tela-compras\/alicatos-bolsa-compras-azulejo\" class=\"woocommerce-LoopProduct-link woocommerce-loop-product__link\">Bolsa Compras Algod\u00f3n Azulejo ALICATOS<\/a><\/p><\/div><div class=\"price-wrapper\">\n\t<span class=\"price\"><span class=\"woocommerce-Price-amount amount\"><bdi>22.00<span class=\"woocommerce-Price-currencySymbol\">&euro;<\/span><\/bdi><\/span><\/span>\n<\/div><div class=\"add-to-cart-button\"><a href=\"\/es\/wp-json\/wp\/v2\/posts\/57134?add-to-cart=11337\" aria-describedby=\"woocommerce_loop_add_to_cart_link_describedby_11337\" data-quantity=\"1\" class=\"primary is-small mb-0 button product_type_simple add_to_cart_button ajax_add_to_cart is-outline\" data-product_id=\"11337\" data-product_sku=\"170-045\" aria-label=\"A\u00f1adir al carrito: &ldquo;Bolsa Compras Algod\u00f3n Azulejo ALICATOS&rdquo;\" rel=\"nofollow\" data-success_message=\"\u00abBolsa Compras Algod\u00f3n Azulejo ALICATOS\u00bb se ha a\u00f1adido a tu carrito\" data-product_name=\"Bolsa Compras Algod\u00f3n Azulejo ALICATOS\" data-product_image=\"https:\/\/www.companhiaatlantica.pt\/wp-content\/uploads\/2024\/06\/170-045-blue-350x350.jpg\" role=\"button\">A\u00f1adir al carrito<\/a><\/div>\t<span id=\"woocommerce_loop_add_to_cart_link_describedby_11337\" class=\"screen-reader-text\">\n\t\t\t<\/span>\n\t\t<\/div>\n\t<\/div>\n\t<span class=\"gtm4wp_productdata\" style=\"display:none; visibility:hidden;\" data-gtm4wp_product_data=\"{&quot;internal_id&quot;:11337,&quot;item_id&quot;:&quot;170-045&quot;,&quot;item_name&quot;:&quot;Bolsa Compras Algod\\u00f3n Azulejo ALICATOS&quot;,&quot;sku&quot;:&quot;170-045&quot;,&quot;price&quot;:22,&quot;stocklevel&quot;:48,&quot;stockstatus&quot;:&quot;instock&quot;,&quot;google_business_vertical&quot;:&quot;retail&quot;,&quot;item_category&quot;:&quot;Vida Portuguesa&quot;,&quot;item_category2&quot;:&quot;Acess\\u00f3rios Moda&quot;,&quot;item_category3&quot;:&quot;Saco Compras Algod\\u00e3o&quot;,&quot;id&quot;:&quot;170-045&quot;,&quot;productlink&quot;:&quot;https:\\\/\\\/www.companhiaatlantica.pt\\\/es\\\/produto\\\/recuerdos-portugal\\\/accesorios-moda\\\/bolsas-tela-compras\\\/alicatos-bolsa-compras-azulejo&quot;,&quot;item_list_name&quot;:&quot;Lista general de productos&quot;,&quot;index&quot;:2,&quot;product_type&quot;:&quot;simple&quot;,&quot;item_brand&quot;:&quot;&quot;}\"><\/span>\t<\/div>\n<\/div><\/div><!-- row -->\n<\/div>\n<h3>Um amor incondicional: veja as nossas sugest\u00f5es de prendas para a m\u00e3e<\/h3>\n<p><span style=\"font-weight: 400;\">Para aquelas que s\u00e3o as nossas hero\u00ednas, o nosso porto seguro, a nossa sele\u00e7\u00e3o de prendas n\u00e3o podia deixar de ser ex\u00edmia. Desde itens de autocuidado pessoal ao cuidado do lar, estas prendas far\u00e3o qualquer m\u00e3e esbo\u00e7ar um sorriso radiante.<\/span><\/p>\n<p>Os <a href=\"https:\/\/www.companhiaatlantica.pt\/produto\/lembrancas-portugal\/acessorios-moda\/lencos-pescoco\/azulejo-lenco-algodao-pop\">len\u00e7os de algod\u00e3o<\/a> da Companhia Atl\u00e2ntica, permitem proteger o pesco\u00e7o com um toque especial de estilo com motivos inspirados nos azulejos portugueses.<\/p>\n<p>Os nossos <a href=\"https:\/\/www.companhiaatlantica.pt\/produto\/decoracao\/jarras-ceramica\/coa-jarra-tubo-35cm\">jarros decorativos<\/a> s\u00e3o pe\u00e7as que valorizam a decora\u00e7\u00e3o da casa e podem ser usados para diversos fins. Presentear com um jarro decorativo da Companhia Atl\u00e2ntica \u00e9 demonstrar o seu bom gosto e a admira\u00e7\u00e3o por aquela que estar\u00e1 sempre do nosso lado.<\/p>\n<p>Outras boas op\u00e7\u00f5es s\u00e3o as caixas de joias e fragr\u00e2ncias para cuidados corporais da Companhia Atl\u00e2ntica. Estes s\u00e3o itens que refletem a eleg\u00e2ncia das m\u00e3es, aliados \u00e0 beleza da cultura portuguesa. Al\u00e9m disso, s\u00e3o presentes que as m\u00e3es poder\u00e3o usar por muito tempo.<\/p>\n<div class=\"woocommerce columns-3 \"><div class=\"products row row-small large-columns-3 medium-columns-3 small-columns-1 has-equal-box-heights equalize-box\">\n<div class=\"product-small col has-hover product type-product post-56085 status-publish first instock product_cat-accesorios-casa product_cat-ceramica-portuguesa product_cat-decoracion product_cat-joyero has-post-thumbnail featured taxable shipping-taxable purchasable product-type-variable has-default-attributes\">\n\t<div class=\"col-inner\">\n\t\n<div class=\"badge-container absolute left top z-1\">\n\n<div class=\"badge callout badge-circle\"><div class=\"badge-inner callout-new-bg is-small new-bubble\">NEW<\/div><\/div><\/div>\n\t<div class=\"product-small box \">\n\t\t<div class=\"box-image\">\n\t\t\t<div class=\"image-fade_in_back\">\n\t\t\t\t<a href=\"https:\/\/www.companhiaatlantica.pt\/es\/produto\/recuerdos-portugal\/accesorios-casa\/joyero\/joyero-alicatos\">\n\t\t\t\t\t<img loading=\"lazy\" decoding=\"async\" width=\"700\" height=\"700\" src=\"https:\/\/www.companhiaatlantica.pt\/wp-content\/uploads\/2025\/11\/alicatos-1-700x700.jpg\" class=\"attachment-woocommerce_thumbnail size-woocommerce_thumbnail\" alt=\"Joyero ALICATOS \u00d812\" srcset=\"https:\/\/www.companhiaatlantica.pt\/wp-content\/uploads\/2025\/11\/alicatos-1-700x700.jpg 700w, https:\/\/www.companhiaatlantica.pt\/wp-content\/uploads\/2025\/11\/alicatos-1-100x100.jpg 100w, https:\/\/www.companhiaatlantica.pt\/wp-content\/uploads\/2025\/11\/alicatos-1-350x350.jpg 350w\" sizes=\"auto, (max-width: 700px) 100vw, 700px\" title=\"\"><img loading=\"lazy\" decoding=\"async\" width=\"700\" height=\"700\" src=\"https:\/\/www.companhiaatlantica.pt\/wp-content\/uploads\/2024\/04\/131-137-700x700.jpg\" class=\"show-on-hover absolute fill hide-for-small back-image\" alt=\"Alternative view of Joyero ALICATOS \u00d812\" aria-hidden=\"true\" srcset=\"https:\/\/www.companhiaatlantica.pt\/wp-content\/uploads\/2024\/04\/131-137-700x700.jpg 700w, https:\/\/www.companhiaatlantica.pt\/wp-content\/uploads\/2024\/04\/131-137-100x100.jpg 100w, https:\/\/www.companhiaatlantica.pt\/wp-content\/uploads\/2024\/04\/131-137-400x400.jpg 400w, https:\/\/www.companhiaatlantica.pt\/wp-content\/uploads\/2024\/04\/131-137-350x350.jpg 350w, https:\/\/www.companhiaatlantica.pt\/wp-content\/uploads\/2024\/04\/131-137-768x768.jpg 768w, https:\/\/www.companhiaatlantica.pt\/wp-content\/uploads\/2024\/04\/131-137-600x600.jpg 600w, https:\/\/www.companhiaatlantica.pt\/wp-content\/uploads\/2024\/04\/131-137.jpg 859w\" sizes=\"auto, (max-width: 700px) 100vw, 700px\" title=\"\">\t\t\t\t<\/a>\n\t\t\t<\/div>\n\t\t\t<div class=\"image-tools is-small top right show-on-hover\">\n\t\t\t\t\t\t<div class=\"wishlist-icon\">\n\t\t\t<button class=\"wishlist-button button is-outline circle icon\" aria-label=\"Lista de deseos\">\n\t\t\t\t<i class=\"icon-heart\" aria-hidden=\"true\"><\/i>\t\t\t<\/button>\n\t\t\t<div class=\"wishlist-popup dark\">\n\t\t\t\t\n<div\n\tclass=\"yith-wcwl-add-to-wishlist add-to-wishlist-56085 yith-wcwl-add-to-wishlist--button_default-style wishlist-fragment on-first-load\"\n\tdata-fragment-ref=\"56085\"\n\tdata-fragment-options=\"{&quot;base_url&quot;:&quot;&quot;,&quot;product_id&quot;:56085,&quot;parent_product_id&quot;:0,&quot;product_type&quot;:&quot;variable&quot;,&quot;is_single&quot;:false,&quot;in_default_wishlist&quot;:false,&quot;show_view&quot;:false,&quot;browse_wishlist_text&quot;:&quot;Consulta tu WishList&quot;,&quot;already_in_wishslist_text&quot;:&quot;\\u00a1Este producto ya esta en tu wishlist!&quot;,&quot;product_added_text&quot;:&quot;Producto A\\u00f1adido!&quot;,&quot;available_multi_wishlist&quot;:false,&quot;disable_wishlist&quot;:false,&quot;show_count&quot;:false,&quot;ajax_loading&quot;:false,&quot;loop_position&quot;:&quot;after_add_to_cart&quot;,&quot;item&quot;:&quot;add_to_wishlist&quot;}\"\n>\n\t\t\t\n\t\t\t<!-- ADD TO WISHLIST -->\n\t\t\t\n<div class=\"yith-wcwl-add-button\">\n\t\t<a\n\t\thref=\"?add_to_wishlist=56085&#038;_wpnonce=52d31225f0\"\n\t\tclass=\"add_to_wishlist single_add_to_wishlist alt button theme-button-style \"\n\t\tdata-product-id=\"56085\"\n\t\tdata-product-type=\"variable\"\n\t\tdata-original-product-id=\"0\"\n\t\tdata-title=\"A\u00f1adir Wishlist\"\n\t\trel=\"nofollow\"\n\t>\n\t\t<svg id=\"yith-wcwl-icon-heart-outline\" class=\"yith-wcwl-icon-svg\" fill=\"none\" stroke-width=\"1.5\" stroke=\"currentColor\" viewBox=\"0 0 24 24\" xmlns=\"http:\/\/www.w3.org\/2000\/svg\">\n  <path stroke-linecap=\"round\" stroke-linejoin=\"round\" d=\"M21 8.25c0-2.485-2.099-4.5-4.688-4.5-1.935 0-3.597 1.126-4.312 2.733-.715-1.607-2.377-2.733-4.313-2.733C5.1 3.75 3 5.765 3 8.25c0 7.22 9 12 9 12s9-4.78 9-12Z\"><\/path>\n<\/svg>\t\t<span>A\u00f1adir Wishlist<\/span>\n\t<\/a>\n<\/div>\n\n\t\t\t<!-- COUNT TEXT -->\n\t\t\t\n\t\t\t<\/div>\n\t\t\t<\/div>\n\t\t<\/div>\n\t\t\t\t\t<\/div>\n\t\t\t<div class=\"image-tools is-small hide-for-small bottom left show-on-hover\">\n\t\t\t\t\t\t\t<\/div>\n\t\t\t<div class=\"image-tools grid-tools text-center hide-for-small bottom hover-slide-in show-on-hover\">\n\t\t\t\t\t\t\t<\/div>\n\t\t\t\t\t<\/div>\n\n\t\t<div class=\"box-text box-text-products\">\n\t\t\t<span class=\"featured-badge\"><img decoding=\"async\" src=\"https:\/\/cdn.companhiaatlantica.pt\/wp-content\/themes\/flatsome-child\/src\/img\/ar-icon-2.jpg\" alt=\"AR Icon\" class=\"ar-icon\" title=\"\"><\/span><div class=\"title-wrapper\">\t\t<p class=\"category uppercase is-smaller no-text-overflow product-cat op-8\">\n\t\t\tAccesorios Casa\t\t<\/p>\n\t<p class=\"name product-title woocommerce-loop-product__title\"><a href=\"https:\/\/www.companhiaatlantica.pt\/es\/produto\/recuerdos-portugal\/accesorios-casa\/joyero\/joyero-alicatos\" class=\"woocommerce-LoopProduct-link woocommerce-loop-product__link\">Joyero ALICATOS \u00d812<\/a><\/p><\/div><div class=\"price-wrapper\">\n\t<span class=\"price\"><span class=\"woocommerce-Price-amount amount\"><bdi>17.50<span class=\"woocommerce-Price-currencySymbol\">&euro;<\/span><\/bdi><\/span><\/span>\n<\/div><div class=\"add-to-cart-button\"><a href=\"https:\/\/www.companhiaatlantica.pt\/es\/produto\/recuerdos-portugal\/accesorios-casa\/joyero\/joyero-alicatos\" aria-describedby=\"woocommerce_loop_add_to_cart_link_describedby_56085\" data-quantity=\"1\" class=\"primary is-small mb-0 button product_type_variable add_to_cart_button is-outline\" data-product_id=\"56085\" data-product_sku=\"\" aria-label=\"Elige las opciones para &ldquo;Joyero ALICATOS \u00d812&rdquo;\" rel=\"nofollow\" data-product_name=\"Joyero ALICATOS \u00d812\" data-product_image=\"https:\/\/www.companhiaatlantica.pt\/wp-content\/uploads\/2025\/11\/alicatos-1-350x350.jpg\">Seleccionar opciones<\/a><\/div>\t<span id=\"woocommerce_loop_add_to_cart_link_describedby_56085\" class=\"screen-reader-text\">\n\t\tEste producto tiene m\u00faltiples variantes. Las opciones se pueden elegir en la p\u00e1gina de producto\t<\/span>\n\t\t<\/div>\n\t<\/div>\n\t<span class=\"gtm4wp_productdata\" style=\"display:none; visibility:hidden;\" data-gtm4wp_product_data=\"{&quot;internal_id&quot;:56085,&quot;item_id&quot;:56085,&quot;item_name&quot;:&quot;Joyero ALICATOS \\u00d812&quot;,&quot;sku&quot;:56085,&quot;price&quot;:17,&quot;stocklevel&quot;:null,&quot;stockstatus&quot;:&quot;instock&quot;,&quot;google_business_vertical&quot;:&quot;retail&quot;,&quot;item_category&quot;:&quot;Vida Portuguesa&quot;,&quot;item_category2&quot;:&quot;Acess\\u00f3rios Casa&quot;,&quot;item_category3&quot;:&quot;Caixas J\\u00f3ias&quot;,&quot;id&quot;:56085,&quot;productlink&quot;:&quot;https:\\\/\\\/www.companhiaatlantica.pt\\\/es\\\/produto\\\/recuerdos-portugal\\\/accesorios-casa\\\/joyero\\\/joyero-alicatos&quot;,&quot;item_list_name&quot;:&quot;Lista general de productos&quot;,&quot;index&quot;:1,&quot;product_type&quot;:&quot;variable&quot;,&quot;item_brand&quot;:&quot;&quot;}\"><\/span>\t<\/div>\n<\/div><div class=\"product-small col has-hover product type-product post-24039 status-publish instock product_cat-cuerpo product_cat-cuidado-corporal product_cat-velas-difusores has-post-thumbnail taxable shipping-taxable purchasable product-type-simple\">\n\t<div class=\"col-inner\">\n\t\n<div class=\"badge-container absolute left top z-1\">\n\n<\/div>\n\t<div class=\"product-small box \">\n\t\t<div class=\"box-image\">\n\t\t\t<div class=\"image-fade_in_back\">\n\t\t\t\t<a href=\"https:\/\/www.companhiaatlantica.pt\/es\/produto\/cuidado-corporal\/cuerpo\/gel-manos-cuerpo-sandalo-especias-rossio\">\n\t\t\t\t\t<img loading=\"lazy\" decoding=\"async\" width=\"700\" height=\"700\" src=\"https:\/\/www.companhiaatlantica.pt\/wp-content\/uploads\/2022\/11\/100-340-700x700.jpg\" class=\"attachment-woocommerce_thumbnail size-woocommerce_thumbnail\" alt=\"Gel para Manos y Cuerpo Sandalo &amp; Especias ROSSIO\" srcset=\"https:\/\/www.companhiaatlantica.pt\/wp-content\/uploads\/2022\/11\/100-340-700x700.jpg 700w, https:\/\/www.companhiaatlantica.pt\/wp-content\/uploads\/2022\/11\/100-340-100x100.jpg 100w, https:\/\/www.companhiaatlantica.pt\/wp-content\/uploads\/2022\/11\/100-340-900x900.jpg 900w, https:\/\/www.companhiaatlantica.pt\/wp-content\/uploads\/2022\/11\/100-340-300x300.jpg 300w, https:\/\/www.companhiaatlantica.pt\/wp-content\/uploads\/2022\/11\/100-340-150x150.jpg 150w, https:\/\/www.companhiaatlantica.pt\/wp-content\/uploads\/2022\/11\/100-340-768x768.jpg 768w, https:\/\/www.companhiaatlantica.pt\/wp-content\/uploads\/2022\/11\/100-340-600x600.jpg 600w, https:\/\/www.companhiaatlantica.pt\/wp-content\/uploads\/2022\/11\/100-340.jpg 1000w\" sizes=\"auto, (max-width: 700px) 100vw, 700px\" title=\"\"><img loading=\"lazy\" decoding=\"async\" width=\"700\" height=\"700\" src=\"https:\/\/www.companhiaatlantica.pt\/wp-content\/uploads\/2022\/11\/100-340_a-700x700.jpg\" class=\"show-on-hover absolute fill hide-for-small back-image\" alt=\"Alternative view of Gel para Manos y Cuerpo Sandalo &amp; Especias ROSSIO\" aria-hidden=\"true\" srcset=\"https:\/\/www.companhiaatlantica.pt\/wp-content\/uploads\/2022\/11\/100-340_a-700x700.jpg 700w, https:\/\/www.companhiaatlantica.pt\/wp-content\/uploads\/2022\/11\/100-340_a-100x100.jpg 100w, https:\/\/www.companhiaatlantica.pt\/wp-content\/uploads\/2022\/11\/100-340_a-900x900.jpg 900w, https:\/\/www.companhiaatlantica.pt\/wp-content\/uploads\/2022\/11\/100-340_a-300x300.jpg 300w, https:\/\/www.companhiaatlantica.pt\/wp-content\/uploads\/2022\/11\/100-340_a-150x150.jpg 150w, https:\/\/www.companhiaatlantica.pt\/wp-content\/uploads\/2022\/11\/100-340_a-768x768.jpg 768w, https:\/\/www.companhiaatlantica.pt\/wp-content\/uploads\/2022\/11\/100-340_a-600x600.jpg 600w, https:\/\/www.companhiaatlantica.pt\/wp-content\/uploads\/2022\/11\/100-340_a.jpg 1000w\" sizes=\"auto, (max-width: 700px) 100vw, 700px\" title=\"\">\t\t\t\t<\/a>\n\t\t\t<\/div>\n\t\t\t<div class=\"image-tools is-small top right show-on-hover\">\n\t\t\t\t\t\t<div class=\"wishlist-icon\">\n\t\t\t<button class=\"wishlist-button button is-outline circle icon\" aria-label=\"Lista de deseos\">\n\t\t\t\t<i class=\"icon-heart\" aria-hidden=\"true\"><\/i>\t\t\t<\/button>\n\t\t\t<div class=\"wishlist-popup dark\">\n\t\t\t\t\n<div\n\tclass=\"yith-wcwl-add-to-wishlist add-to-wishlist-24039 yith-wcwl-add-to-wishlist--button_default-style wishlist-fragment on-first-load\"\n\tdata-fragment-ref=\"24039\"\n\tdata-fragment-options=\"{&quot;base_url&quot;:&quot;&quot;,&quot;product_id&quot;:24039,&quot;parent_product_id&quot;:0,&quot;product_type&quot;:&quot;simple&quot;,&quot;is_single&quot;:false,&quot;in_default_wishlist&quot;:false,&quot;show_view&quot;:false,&quot;browse_wishlist_text&quot;:&quot;Consulta tu WishList&quot;,&quot;already_in_wishslist_text&quot;:&quot;\\u00a1Este producto ya esta en tu wishlist!&quot;,&quot;product_added_text&quot;:&quot;Producto A\\u00f1adido!&quot;,&quot;available_multi_wishlist&quot;:false,&quot;disable_wishlist&quot;:false,&quot;show_count&quot;:false,&quot;ajax_loading&quot;:false,&quot;loop_position&quot;:&quot;after_add_to_cart&quot;,&quot;item&quot;:&quot;add_to_wishlist&quot;}\"\n>\n\t\t\t\n\t\t\t<!-- ADD TO WISHLIST -->\n\t\t\t\n<div class=\"yith-wcwl-add-button\">\n\t\t<a\n\t\thref=\"?add_to_wishlist=24039&#038;_wpnonce=52d31225f0\"\n\t\tclass=\"add_to_wishlist single_add_to_wishlist alt button theme-button-style \"\n\t\tdata-product-id=\"24039\"\n\t\tdata-product-type=\"simple\"\n\t\tdata-original-product-id=\"0\"\n\t\tdata-title=\"A\u00f1adir Wishlist\"\n\t\trel=\"nofollow\"\n\t>\n\t\t<svg id=\"yith-wcwl-icon-heart-outline\" class=\"yith-wcwl-icon-svg\" fill=\"none\" stroke-width=\"1.5\" stroke=\"currentColor\" viewBox=\"0 0 24 24\" xmlns=\"http:\/\/www.w3.org\/2000\/svg\">\n  <path stroke-linecap=\"round\" stroke-linejoin=\"round\" d=\"M21 8.25c0-2.485-2.099-4.5-4.688-4.5-1.935 0-3.597 1.126-4.312 2.733-.715-1.607-2.377-2.733-4.313-2.733C5.1 3.75 3 5.765 3 8.25c0 7.22 9 12 9 12s9-4.78 9-12Z\"><\/path>\n<\/svg>\t\t<span>A\u00f1adir Wishlist<\/span>\n\t<\/a>\n<\/div>\n\n\t\t\t<!-- COUNT TEXT -->\n\t\t\t\n\t\t\t<\/div>\n\t\t\t<\/div>\n\t\t<\/div>\n\t\t\t\t\t<\/div>\n\t\t\t<div class=\"image-tools is-small hide-for-small bottom left show-on-hover\">\n\t\t\t\t\t\t\t<\/div>\n\t\t\t<div class=\"image-tools grid-tools text-center hide-for-small bottom hover-slide-in show-on-hover\">\n\t\t\t\t\t\t\t<\/div>\n\t\t\t\t\t<\/div>\n\n\t\t<div class=\"box-text box-text-products\">\n\t\t\t<div class=\"title-wrapper\">\t\t<p class=\"category uppercase is-smaller no-text-overflow product-cat op-8\">\n\t\t\tCuerpo\t\t<\/p>\n\t<p class=\"name product-title woocommerce-loop-product__title\"><a href=\"https:\/\/www.companhiaatlantica.pt\/es\/produto\/cuidado-corporal\/cuerpo\/gel-manos-cuerpo-sandalo-especias-rossio\" class=\"woocommerce-LoopProduct-link woocommerce-loop-product__link\">Gel para Manos y Cuerpo Sandalo &#038; Especias ROSSIO<\/a><\/p><\/div><div class=\"price-wrapper\">\n\t<span class=\"price\"><span class=\"woocommerce-Price-amount amount\"><bdi>15.00<span class=\"woocommerce-Price-currencySymbol\">&euro;<\/span><\/bdi><\/span><\/span>\n<\/div><div class=\"add-to-cart-button\"><a href=\"\/es\/wp-json\/wp\/v2\/posts\/57134?add-to-cart=24039\" aria-describedby=\"woocommerce_loop_add_to_cart_link_describedby_24039\" data-quantity=\"1\" class=\"primary is-small mb-0 button product_type_simple add_to_cart_button ajax_add_to_cart is-outline\" data-product_id=\"24039\" data-product_sku=\"100-340\" aria-label=\"A\u00f1adir al carrito: &ldquo;Gel para Manos y Cuerpo Sandalo &amp; Especias ROSSIO&rdquo;\" rel=\"nofollow\" data-success_message=\"\u00abGel para Manos y Cuerpo Sandalo &amp; Especias ROSSIO\u00bb se ha a\u00f1adido a tu carrito\" data-product_name=\"Gel para Manos y Cuerpo Sandalo &amp; Especias ROSSIO\" data-product_image=\"https:\/\/www.companhiaatlantica.pt\/wp-content\/uploads\/2022\/11\/100-340-150x150.jpg\" role=\"button\">A\u00f1adir al carrito<\/a><\/div>\t<span id=\"woocommerce_loop_add_to_cart_link_describedby_24039\" class=\"screen-reader-text\">\n\t\t\t<\/span>\n\t\t<\/div>\n\t<\/div>\n\t<span class=\"gtm4wp_productdata\" style=\"display:none; visibility:hidden;\" data-gtm4wp_product_data=\"{&quot;internal_id&quot;:24039,&quot;item_id&quot;:&quot;100-340&quot;,&quot;item_name&quot;:&quot;Gel para Manos y Cuerpo Sandalo &amp; Especias ROSSIO&quot;,&quot;sku&quot;:&quot;100-340&quot;,&quot;price&quot;:15,&quot;stocklevel&quot;:166,&quot;stockstatus&quot;:&quot;instock&quot;,&quot;google_business_vertical&quot;:&quot;retail&quot;,&quot;item_category&quot;:&quot;Cuidado Corporal&quot;,&quot;item_category2&quot;:&quot;Corpo&quot;,&quot;id&quot;:&quot;100-340&quot;,&quot;productlink&quot;:&quot;https:\\\/\\\/www.companhiaatlantica.pt\\\/es\\\/produto\\\/cuidado-corporal\\\/cuerpo\\\/gel-manos-cuerpo-sandalo-especias-rossio&quot;,&quot;item_list_name&quot;:&quot;Lista general de productos&quot;,&quot;index&quot;:2,&quot;product_type&quot;:&quot;simple&quot;,&quot;item_brand&quot;:&quot;&quot;}\"><\/span>\t<\/div>\n<\/div><div class=\"product-small col has-hover product type-product post-11200 status-publish last instock product_cat-accesorios-moda product_cat-panuelos-cuello product_cat-recuerdos-portugal has-post-thumbnail taxable shipping-taxable purchasable product-type-simple\">\n\t<div class=\"col-inner\">\n\t\n<div class=\"badge-container absolute left top z-1\">\n\n<\/div>\n\t<div class=\"product-small box \">\n\t\t<div class=\"box-image\">\n\t\t\t<div class=\"image-fade_in_back\">\n\t\t\t\t<a href=\"https:\/\/www.companhiaatlantica.pt\/es\/produto\/recuerdos-portugal\/accesorios-moda\/panuelos-cuello\/azulejo-panuelo-pop\">\n\t\t\t\t\t<img loading=\"lazy\" decoding=\"async\" width=\"600\" height=\"600\" src=\"https:\/\/www.companhiaatlantica.pt\/wp-content\/uploads\/2019\/08\/170-110.jpg\" class=\"attachment-woocommerce_thumbnail size-woocommerce_thumbnail\" alt=\"Panuelo Pop AZULEJO\" srcset=\"https:\/\/www.companhiaatlantica.pt\/wp-content\/uploads\/2019\/08\/170-110.jpg 600w, https:\/\/www.companhiaatlantica.pt\/wp-content\/uploads\/2019\/08\/170-110-100x100.jpg 100w\" sizes=\"auto, (max-width: 600px) 100vw, 600px\" title=\"\"><img loading=\"lazy\" decoding=\"async\" width=\"700\" height=\"700\" src=\"https:\/\/www.companhiaatlantica.pt\/wp-content\/uploads\/2020\/06\/170-110_1-1-700x700.jpg\" class=\"show-on-hover absolute fill hide-for-small back-image\" alt=\"Alternative view of Panuelo Pop AZULEJO\" aria-hidden=\"true\" srcset=\"https:\/\/www.companhiaatlantica.pt\/wp-content\/uploads\/2020\/06\/170-110_1-1-700x700.jpg 700w, https:\/\/www.companhiaatlantica.pt\/wp-content\/uploads\/2020\/06\/170-110_1-1-100x100.jpg 100w, https:\/\/www.companhiaatlantica.pt\/wp-content\/uploads\/2020\/06\/170-110_1-1-900x900.jpg 900w, https:\/\/www.companhiaatlantica.pt\/wp-content\/uploads\/2020\/06\/170-110_1-1-400x400.jpg 400w, https:\/\/www.companhiaatlantica.pt\/wp-content\/uploads\/2020\/06\/170-110_1-1-350x350.jpg 350w, https:\/\/www.companhiaatlantica.pt\/wp-content\/uploads\/2020\/06\/170-110_1-1-768x768.jpg 768w, https:\/\/www.companhiaatlantica.pt\/wp-content\/uploads\/2020\/06\/170-110_1-1.jpg 1000w\" sizes=\"auto, (max-width: 700px) 100vw, 700px\" title=\"\">\t\t\t\t<\/a>\n\t\t\t<\/div>\n\t\t\t<div class=\"image-tools is-small top right show-on-hover\">\n\t\t\t\t\t\t<div class=\"wishlist-icon\">\n\t\t\t<button class=\"wishlist-button button is-outline circle icon\" aria-label=\"Lista de deseos\">\n\t\t\t\t<i class=\"icon-heart\" aria-hidden=\"true\"><\/i>\t\t\t<\/button>\n\t\t\t<div class=\"wishlist-popup dark\">\n\t\t\t\t\n<div\n\tclass=\"yith-wcwl-add-to-wishlist add-to-wishlist-11200 yith-wcwl-add-to-wishlist--button_default-style wishlist-fragment on-first-load\"\n\tdata-fragment-ref=\"11200\"\n\tdata-fragment-options=\"{&quot;base_url&quot;:&quot;&quot;,&quot;product_id&quot;:11200,&quot;parent_product_id&quot;:0,&quot;product_type&quot;:&quot;simple&quot;,&quot;is_single&quot;:false,&quot;in_default_wishlist&quot;:false,&quot;show_view&quot;:false,&quot;browse_wishlist_text&quot;:&quot;Consulta tu WishList&quot;,&quot;already_in_wishslist_text&quot;:&quot;\\u00a1Este producto ya esta en tu wishlist!&quot;,&quot;product_added_text&quot;:&quot;Producto A\\u00f1adido!&quot;,&quot;available_multi_wishlist&quot;:false,&quot;disable_wishlist&quot;:false,&quot;show_count&quot;:false,&quot;ajax_loading&quot;:false,&quot;loop_position&quot;:&quot;after_add_to_cart&quot;,&quot;item&quot;:&quot;add_to_wishlist&quot;}\"\n>\n\t\t\t\n\t\t\t<!-- ADD TO WISHLIST -->\n\t\t\t\n<div class=\"yith-wcwl-add-button\">\n\t\t<a\n\t\thref=\"?add_to_wishlist=11200&#038;_wpnonce=52d31225f0\"\n\t\tclass=\"add_to_wishlist single_add_to_wishlist alt button theme-button-style \"\n\t\tdata-product-id=\"11200\"\n\t\tdata-product-type=\"simple\"\n\t\tdata-original-product-id=\"0\"\n\t\tdata-title=\"A\u00f1adir Wishlist\"\n\t\trel=\"nofollow\"\n\t>\n\t\t<svg id=\"yith-wcwl-icon-heart-outline\" class=\"yith-wcwl-icon-svg\" fill=\"none\" stroke-width=\"1.5\" stroke=\"currentColor\" viewBox=\"0 0 24 24\" xmlns=\"http:\/\/www.w3.org\/2000\/svg\">\n  <path stroke-linecap=\"round\" stroke-linejoin=\"round\" d=\"M21 8.25c0-2.485-2.099-4.5-4.688-4.5-1.935 0-3.597 1.126-4.312 2.733-.715-1.607-2.377-2.733-4.313-2.733C5.1 3.75 3 5.765 3 8.25c0 7.22 9 12 9 12s9-4.78 9-12Z\"><\/path>\n<\/svg>\t\t<span>A\u00f1adir Wishlist<\/span>\n\t<\/a>\n<\/div>\n\n\t\t\t<!-- COUNT TEXT -->\n\t\t\t\n\t\t\t<\/div>\n\t\t\t<\/div>\n\t\t<\/div>\n\t\t\t\t\t<\/div>\n\t\t\t<div class=\"image-tools is-small hide-for-small bottom left show-on-hover\">\n\t\t\t\t\t\t\t<\/div>\n\t\t\t<div class=\"image-tools grid-tools text-center hide-for-small bottom hover-slide-in show-on-hover\">\n\t\t\t\t\t\t\t<\/div>\n\t\t\t\t\t<\/div>\n\n\t\t<div class=\"box-text box-text-products\">\n\t\t\t<div class=\"title-wrapper\">\t\t<p class=\"category uppercase is-smaller no-text-overflow product-cat op-8\">\n\t\t\tAccesorios Moda\t\t<\/p>\n\t<p class=\"name product-title woocommerce-loop-product__title\"><a href=\"https:\/\/www.companhiaatlantica.pt\/es\/produto\/recuerdos-portugal\/accesorios-moda\/panuelos-cuello\/azulejo-panuelo-pop\" class=\"woocommerce-LoopProduct-link woocommerce-loop-product__link\">Panuelo Pop AZULEJO<\/a><\/p><\/div><div class=\"price-wrapper\">\n\t<span class=\"price\"><span class=\"woocommerce-Price-amount amount\"><bdi>30.00<span class=\"woocommerce-Price-currencySymbol\">&euro;<\/span><\/bdi><\/span><\/span>\n<\/div><div class=\"add-to-cart-button\"><a href=\"\/es\/wp-json\/wp\/v2\/posts\/57134?add-to-cart=11200\" aria-describedby=\"woocommerce_loop_add_to_cart_link_describedby_11200\" data-quantity=\"1\" class=\"primary is-small mb-0 button product_type_simple add_to_cart_button ajax_add_to_cart is-outline\" data-product_id=\"11200\" data-product_sku=\"170-110\" aria-label=\"A\u00f1adir al carrito: &ldquo;Panuelo Pop AZULEJO&rdquo;\" rel=\"nofollow\" data-success_message=\"\u00abPanuelo Pop AZULEJO\u00bb se ha a\u00f1adido a tu carrito\" data-product_name=\"Panuelo Pop AZULEJO\" data-product_image=\"https:\/\/www.companhiaatlantica.pt\/wp-content\/uploads\/2019\/08\/170-110.jpg\" role=\"button\">A\u00f1adir al carrito<\/a><\/div>\t<span id=\"woocommerce_loop_add_to_cart_link_describedby_11200\" class=\"screen-reader-text\">\n\t\t\t<\/span>\n\t\t<\/div>\n\t<\/div>\n\t<span class=\"gtm4wp_productdata\" style=\"display:none; visibility:hidden;\" data-gtm4wp_product_data=\"{&quot;internal_id&quot;:11200,&quot;item_id&quot;:&quot;170-110&quot;,&quot;item_name&quot;:&quot;Panuelo Pop AZULEJO&quot;,&quot;sku&quot;:&quot;170-110&quot;,&quot;price&quot;:30,&quot;stocklevel&quot;:63,&quot;stockstatus&quot;:&quot;instock&quot;,&quot;google_business_vertical&quot;:&quot;retail&quot;,&quot;item_category&quot;:&quot;Vida Portuguesa&quot;,&quot;item_category2&quot;:&quot;Accesorios Moda&quot;,&quot;item_category3&quot;:&quot;Panuelos Cuello&quot;,&quot;id&quot;:&quot;170-110&quot;,&quot;productlink&quot;:&quot;https:\\\/\\\/www.companhiaatlantica.pt\\\/es\\\/produto\\\/recuerdos-portugal\\\/accesorios-moda\\\/panuelos-cuello\\\/azulejo-panuelo-pop&quot;,&quot;item_list_name&quot;:&quot;Lista general de productos&quot;,&quot;index&quot;:3,&quot;product_type&quot;:&quot;simple&quot;,&quot;item_brand&quot;:&quot;&quot;}\"><\/span>\t<\/div>\n<\/div><\/div><!-- row -->\n<\/div>\n<h3>Prendas para o pai: itens de design \u00fanico<\/h3>\n<p><span style=\"font-weight: 400;\">Para aquele que nos ensinou a enfrentar os desafios da vida com coragem e determina\u00e7\u00e3o, nada melhor do que presentear com algo que demonstre o nosso amor e admira\u00e7\u00e3o. E o que h\u00e1 de mais especial do que um presente feito \u00e0 m\u00e3o, como os nossos conjuntos de ch\u00e1venas de caf\u00e9 e canecas?\u00a0<\/span><\/p>\n<p>Com designs \u00fanicos, os copos de caf\u00e9 espresso aliam o melhor da tradi\u00e7\u00e3o portuguesa \u00e0 est\u00e9tica dos tempos atuais, que qualquer pai adoraria.<\/p>\n<h3><\/h3>\n<div class=\"woocommerce columns-3 \"><div class=\"products row row-small large-columns-3 medium-columns-3 small-columns-1 has-equal-box-heights equalize-box\">\n<div class=\"product-small col has-hover product type-product post-17895 status-publish first instock product_cat-ceramica-portuguesa product_cat-vasos-ceramica has-post-thumbnail taxable shipping-taxable purchasable product-type-simple\">\n\t<div class=\"col-inner\">\n\t\n<div class=\"badge-container absolute left top z-1\">\n\n<div class=\"badge callout badge-circle\"><div class=\"badge-inner callout-new-bg is-small new-bubble\">MAT\u00c9<\/div><\/div><\/div>\n\t<div class=\"product-small box \">\n\t\t<div class=\"box-image\">\n\t\t\t<div class=\"image-fade_in_back\">\n\t\t\t\t<a href=\"https:\/\/www.companhiaatlantica.pt\/es\/produto\/ceramica-portuguesa\/vasos-ceramica\/cha-e-cafe-yerba-mate-vaso-te-330ml\">\n\t\t\t\t\t<img loading=\"lazy\" decoding=\"async\" width=\"700\" height=\"700\" src=\"https:\/\/www.companhiaatlantica.pt\/wp-content\/uploads\/2021\/12\/130-632-700x700.jpg\" class=\"attachment-woocommerce_thumbnail size-woocommerce_thumbnail\" alt=\"Taza de T\u00e9 Yerba\" srcset=\"https:\/\/www.companhiaatlantica.pt\/wp-content\/uploads\/2021\/12\/130-632-700x700.jpg 700w, https:\/\/www.companhiaatlantica.pt\/wp-content\/uploads\/2021\/12\/130-632-100x100.jpg 100w, https:\/\/www.companhiaatlantica.pt\/wp-content\/uploads\/2021\/12\/130-632-900x900.jpg 900w, https:\/\/www.companhiaatlantica.pt\/wp-content\/uploads\/2021\/12\/130-632-300x300.jpg 300w, https:\/\/www.companhiaatlantica.pt\/wp-content\/uploads\/2021\/12\/130-632-150x150.jpg 150w, https:\/\/www.companhiaatlantica.pt\/wp-content\/uploads\/2021\/12\/130-632-768x768.jpg 768w, https:\/\/www.companhiaatlantica.pt\/wp-content\/uploads\/2021\/12\/130-632-600x600.jpg 600w, https:\/\/www.companhiaatlantica.pt\/wp-content\/uploads\/2021\/12\/130-632.jpg 1000w\" sizes=\"auto, (max-width: 700px) 100vw, 700px\" title=\"\"><img loading=\"lazy\" decoding=\"async\" width=\"700\" height=\"700\" src=\"https:\/\/www.companhiaatlantica.pt\/wp-content\/uploads\/2021\/12\/130-632-700x700.jpg\" class=\"show-on-hover absolute fill hide-for-small back-image\" alt=\"Alternative view of Taza de T\u00e9 Yerba\" aria-hidden=\"true\" srcset=\"https:\/\/www.companhiaatlantica.pt\/wp-content\/uploads\/2021\/12\/130-632-700x700.jpg 700w, https:\/\/www.companhiaatlantica.pt\/wp-content\/uploads\/2021\/12\/130-632-100x100.jpg 100w, https:\/\/www.companhiaatlantica.pt\/wp-content\/uploads\/2021\/12\/130-632-900x900.jpg 900w, https:\/\/www.companhiaatlantica.pt\/wp-content\/uploads\/2021\/12\/130-632-300x300.jpg 300w, https:\/\/www.companhiaatlantica.pt\/wp-content\/uploads\/2021\/12\/130-632-150x150.jpg 150w, https:\/\/www.companhiaatlantica.pt\/wp-content\/uploads\/2021\/12\/130-632-768x768.jpg 768w, https:\/\/www.companhiaatlantica.pt\/wp-content\/uploads\/2021\/12\/130-632-600x600.jpg 600w, https:\/\/www.companhiaatlantica.pt\/wp-content\/uploads\/2021\/12\/130-632.jpg 1000w\" sizes=\"auto, (max-width: 700px) 100vw, 700px\" title=\"\">\t\t\t\t<\/a>\n\t\t\t<\/div>\n\t\t\t<div class=\"image-tools is-small top right show-on-hover\">\n\t\t\t\t\t\t<div class=\"wishlist-icon\">\n\t\t\t<button class=\"wishlist-button button is-outline circle icon\" aria-label=\"Lista de deseos\">\n\t\t\t\t<i class=\"icon-heart\" aria-hidden=\"true\"><\/i>\t\t\t<\/button>\n\t\t\t<div class=\"wishlist-popup dark\">\n\t\t\t\t\n<div\n\tclass=\"yith-wcwl-add-to-wishlist add-to-wishlist-17895 yith-wcwl-add-to-wishlist--button_default-style wishlist-fragment on-first-load\"\n\tdata-fragment-ref=\"17895\"\n\tdata-fragment-options=\"{&quot;base_url&quot;:&quot;&quot;,&quot;product_id&quot;:17895,&quot;parent_product_id&quot;:0,&quot;product_type&quot;:&quot;simple&quot;,&quot;is_single&quot;:false,&quot;in_default_wishlist&quot;:false,&quot;show_view&quot;:false,&quot;browse_wishlist_text&quot;:&quot;Consulta tu WishList&quot;,&quot;already_in_wishslist_text&quot;:&quot;\\u00a1Este producto ya esta en tu wishlist!&quot;,&quot;product_added_text&quot;:&quot;Producto A\\u00f1adido!&quot;,&quot;available_multi_wishlist&quot;:false,&quot;disable_wishlist&quot;:false,&quot;show_count&quot;:false,&quot;ajax_loading&quot;:false,&quot;loop_position&quot;:&quot;after_add_to_cart&quot;,&quot;item&quot;:&quot;add_to_wishlist&quot;}\"\n>\n\t\t\t\n\t\t\t<!-- ADD TO WISHLIST -->\n\t\t\t\n<div class=\"yith-wcwl-add-button\">\n\t\t<a\n\t\thref=\"?add_to_wishlist=17895&#038;_wpnonce=52d31225f0\"\n\t\tclass=\"add_to_wishlist single_add_to_wishlist alt button theme-button-style \"\n\t\tdata-product-id=\"17895\"\n\t\tdata-product-type=\"simple\"\n\t\tdata-original-product-id=\"0\"\n\t\tdata-title=\"A\u00f1adir Wishlist\"\n\t\trel=\"nofollow\"\n\t>\n\t\t<svg id=\"yith-wcwl-icon-heart-outline\" class=\"yith-wcwl-icon-svg\" fill=\"none\" stroke-width=\"1.5\" stroke=\"currentColor\" viewBox=\"0 0 24 24\" xmlns=\"http:\/\/www.w3.org\/2000\/svg\">\n  <path stroke-linecap=\"round\" stroke-linejoin=\"round\" d=\"M21 8.25c0-2.485-2.099-4.5-4.688-4.5-1.935 0-3.597 1.126-4.312 2.733-.715-1.607-2.377-2.733-4.313-2.733C5.1 3.75 3 5.765 3 8.25c0 7.22 9 12 9 12s9-4.78 9-12Z\"><\/path>\n<\/svg>\t\t<span>A\u00f1adir Wishlist<\/span>\n\t<\/a>\n<\/div>\n\n\t\t\t<!-- COUNT TEXT -->\n\t\t\t\n\t\t\t<\/div>\n\t\t\t<\/div>\n\t\t<\/div>\n\t\t\t\t\t<\/div>\n\t\t\t<div class=\"image-tools is-small hide-for-small bottom left show-on-hover\">\n\t\t\t\t\t\t\t<\/div>\n\t\t\t<div class=\"image-tools grid-tools text-center hide-for-small bottom hover-slide-in show-on-hover\">\n\t\t\t\t\t\t\t<\/div>\n\t\t\t\t\t<\/div>\n\n\t\t<div class=\"box-text box-text-products\">\n\t\t\t<div class=\"title-wrapper\">\t\t<p class=\"category uppercase is-smaller no-text-overflow product-cat op-8\">\n\t\t\tCer\u00e1mica portuguesa artesanal \u2013 Hecha a mano en Portugal\t\t<\/p>\n\t<p class=\"name product-title woocommerce-loop-product__title\"><a href=\"https:\/\/www.companhiaatlantica.pt\/es\/produto\/ceramica-portuguesa\/vasos-ceramica\/cha-e-cafe-yerba-mate-vaso-te-330ml\" class=\"woocommerce-LoopProduct-link woocommerce-loop-product__link\">Taza de T\u00e9 Yerba<\/a><\/p><\/div><div class=\"price-wrapper\">\n\t<span class=\"price\"><span class=\"woocommerce-Price-amount amount\"><bdi>11.99<span class=\"woocommerce-Price-currencySymbol\">&euro;<\/span><\/bdi><\/span><\/span>\n<\/div><div class=\"add-to-cart-button\"><a href=\"\/es\/wp-json\/wp\/v2\/posts\/57134?add-to-cart=17895\" aria-describedby=\"woocommerce_loop_add_to_cart_link_describedby_17895\" data-quantity=\"1\" class=\"primary is-small mb-0 button product_type_simple add_to_cart_button ajax_add_to_cart is-outline\" data-product_id=\"17895\" data-product_sku=\"130-632\" aria-label=\"A\u00f1adir al carrito: &ldquo;Taza de T\u00e9 Yerba&rdquo;\" rel=\"nofollow\" data-success_message=\"\u00abTaza de T\u00e9 Yerba\u00bb se ha a\u00f1adido a tu carrito\" data-product_name=\"Taza de T\u00e9 Yerba\" data-product_image=\"https:\/\/www.companhiaatlantica.pt\/wp-content\/uploads\/2021\/12\/130-632-150x150.jpg\" role=\"button\">A\u00f1adir al carrito<\/a><\/div>\t<span id=\"woocommerce_loop_add_to_cart_link_describedby_17895\" class=\"screen-reader-text\">\n\t\t\t<\/span>\n\t\t<\/div>\n\t<\/div>\n\t<span class=\"gtm4wp_productdata\" style=\"display:none; visibility:hidden;\" data-gtm4wp_product_data=\"{&quot;internal_id&quot;:17895,&quot;item_id&quot;:&quot;130-632&quot;,&quot;item_name&quot;:&quot;Taza de T\\u00e9 Yerba&quot;,&quot;sku&quot;:&quot;130-632&quot;,&quot;price&quot;:11.9900000000000002131628207280300557613372802734375,&quot;stocklevel&quot;:796,&quot;stockstatus&quot;:&quot;instock&quot;,&quot;google_business_vertical&quot;:&quot;retail&quot;,&quot;item_category&quot;:&quot;Cer\\u00e1mica portuguesa artesanal \\u2013 Hecha a mano en Portugal&quot;,&quot;item_category2&quot;:&quot;Vasos Cer\\u00e1mica&quot;,&quot;id&quot;:&quot;130-632&quot;,&quot;productlink&quot;:&quot;https:\\\/\\\/www.companhiaatlantica.pt\\\/es\\\/produto\\\/ceramica-portuguesa\\\/vasos-ceramica\\\/cha-e-cafe-yerba-mate-vaso-te-330ml&quot;,&quot;item_list_name&quot;:&quot;Lista general de productos&quot;,&quot;index&quot;:1,&quot;product_type&quot;:&quot;simple&quot;,&quot;item_brand&quot;:&quot;&quot;}\"><\/span>\t<\/div>\n<\/div><div class=\"product-small col has-hover product type-product post-12788 status-publish instock product_cat-ceramica-portuguesa product_cat-tazas-ceramica has-post-thumbnail featured taxable shipping-taxable purchasable product-type-variable\">\n\t<div class=\"col-inner\">\n\t\n<div class=\"badge-container absolute left top z-1\">\n\n<\/div>\n\t<div class=\"product-small box \">\n\t\t<div class=\"box-image\">\n\t\t\t<div class=\"image-fade_in_back\">\n\t\t\t\t<a href=\"https:\/\/www.companhiaatlantica.pt\/es\/produto\/ceramica-portuguesa\/tazas-ceramica\/breezy-taza-500ml\">\n\t\t\t\t\t<img loading=\"lazy\" decoding=\"async\" width=\"700\" height=\"700\" src=\"https:\/\/www.companhiaatlantica.pt\/wp-content\/uploads\/2021\/01\/130-306-1-700x700.jpg\" class=\"attachment-woocommerce_thumbnail size-woocommerce_thumbnail\" alt=\"Taza Caf\u00e9 BREEZY\" srcset=\"https:\/\/www.companhiaatlantica.pt\/wp-content\/uploads\/2021\/01\/130-306-1-700x700.jpg 700w, https:\/\/www.companhiaatlantica.pt\/wp-content\/uploads\/2021\/01\/130-306-1-100x100.jpg 100w, https:\/\/www.companhiaatlantica.pt\/wp-content\/uploads\/2021\/01\/130-306-1-900x900.jpg 900w, https:\/\/www.companhiaatlantica.pt\/wp-content\/uploads\/2021\/01\/130-306-1-300x300.jpg 300w, https:\/\/www.companhiaatlantica.pt\/wp-content\/uploads\/2021\/01\/130-306-1-150x150.jpg 150w, https:\/\/www.companhiaatlantica.pt\/wp-content\/uploads\/2021\/01\/130-306-1-768x768.jpg 768w, https:\/\/www.companhiaatlantica.pt\/wp-content\/uploads\/2021\/01\/130-306-1-600x600.jpg 600w, https:\/\/www.companhiaatlantica.pt\/wp-content\/uploads\/2021\/01\/130-306-1.jpg 1000w\" sizes=\"auto, (max-width: 700px) 100vw, 700px\" title=\"\"><img loading=\"lazy\" decoding=\"async\" width=\"700\" height=\"700\" src=\"https:\/\/www.companhiaatlantica.pt\/wp-content\/uploads\/2020\/11\/130-262-1-700x700.jpg\" class=\"show-on-hover absolute fill hide-for-small back-image\" alt=\"Alternative view of Taza Caf\u00e9 BREEZY\" aria-hidden=\"true\" srcset=\"https:\/\/www.companhiaatlantica.pt\/wp-content\/uploads\/2020\/11\/130-262-1-700x700.jpg 700w, https:\/\/www.companhiaatlantica.pt\/wp-content\/uploads\/2020\/11\/130-262-1-100x100.jpg 100w, https:\/\/www.companhiaatlantica.pt\/wp-content\/uploads\/2020\/11\/130-262-1-900x900.jpg 900w, https:\/\/www.companhiaatlantica.pt\/wp-content\/uploads\/2020\/11\/130-262-1-300x300.jpg 300w, https:\/\/www.companhiaatlantica.pt\/wp-content\/uploads\/2020\/11\/130-262-1-150x150.jpg 150w, https:\/\/www.companhiaatlantica.pt\/wp-content\/uploads\/2020\/11\/130-262-1-768x768.jpg 768w, https:\/\/www.companhiaatlantica.pt\/wp-content\/uploads\/2020\/11\/130-262-1-600x600.jpg 600w, https:\/\/www.companhiaatlantica.pt\/wp-content\/uploads\/2020\/11\/130-262-1.jpg 1000w\" sizes=\"auto, (max-width: 700px) 100vw, 700px\" title=\"\">\t\t\t\t<\/a>\n\t\t\t<\/div>\n\t\t\t<div class=\"image-tools is-small top right show-on-hover\">\n\t\t\t\t\t\t<div class=\"wishlist-icon\">\n\t\t\t<button class=\"wishlist-button button is-outline circle icon\" aria-label=\"Lista de deseos\">\n\t\t\t\t<i class=\"icon-heart\" aria-hidden=\"true\"><\/i>\t\t\t<\/button>\n\t\t\t<div class=\"wishlist-popup dark\">\n\t\t\t\t\n<div\n\tclass=\"yith-wcwl-add-to-wishlist add-to-wishlist-12788 yith-wcwl-add-to-wishlist--button_default-style wishlist-fragment on-first-load\"\n\tdata-fragment-ref=\"12788\"\n\tdata-fragment-options=\"{&quot;base_url&quot;:&quot;&quot;,&quot;product_id&quot;:12788,&quot;parent_product_id&quot;:0,&quot;product_type&quot;:&quot;variable&quot;,&quot;is_single&quot;:false,&quot;in_default_wishlist&quot;:false,&quot;show_view&quot;:false,&quot;browse_wishlist_text&quot;:&quot;Consulta tu WishList&quot;,&quot;already_in_wishslist_text&quot;:&quot;\\u00a1Este producto ya esta en tu wishlist!&quot;,&quot;product_added_text&quot;:&quot;Producto A\\u00f1adido!&quot;,&quot;available_multi_wishlist&quot;:false,&quot;disable_wishlist&quot;:false,&quot;show_count&quot;:false,&quot;ajax_loading&quot;:false,&quot;loop_position&quot;:&quot;after_add_to_cart&quot;,&quot;item&quot;:&quot;add_to_wishlist&quot;}\"\n>\n\t\t\t\n\t\t\t<!-- ADD TO WISHLIST -->\n\t\t\t\n<div class=\"yith-wcwl-add-button\">\n\t\t<a\n\t\thref=\"?add_to_wishlist=12788&#038;_wpnonce=52d31225f0\"\n\t\tclass=\"add_to_wishlist single_add_to_wishlist alt button theme-button-style \"\n\t\tdata-product-id=\"12788\"\n\t\tdata-product-type=\"variable\"\n\t\tdata-original-product-id=\"0\"\n\t\tdata-title=\"A\u00f1adir Wishlist\"\n\t\trel=\"nofollow\"\n\t>\n\t\t<svg id=\"yith-wcwl-icon-heart-outline\" class=\"yith-wcwl-icon-svg\" fill=\"none\" stroke-width=\"1.5\" stroke=\"currentColor\" viewBox=\"0 0 24 24\" xmlns=\"http:\/\/www.w3.org\/2000\/svg\">\n  <path stroke-linecap=\"round\" stroke-linejoin=\"round\" d=\"M21 8.25c0-2.485-2.099-4.5-4.688-4.5-1.935 0-3.597 1.126-4.312 2.733-.715-1.607-2.377-2.733-4.313-2.733C5.1 3.75 3 5.765 3 8.25c0 7.22 9 12 9 12s9-4.78 9-12Z\"><\/path>\n<\/svg>\t\t<span>A\u00f1adir Wishlist<\/span>\n\t<\/a>\n<\/div>\n\n\t\t\t<!-- COUNT TEXT -->\n\t\t\t\n\t\t\t<\/div>\n\t\t\t<\/div>\n\t\t<\/div>\n\t\t\t\t\t<\/div>\n\t\t\t<div class=\"image-tools is-small hide-for-small bottom left show-on-hover\">\n\t\t\t\t\t\t\t<\/div>\n\t\t\t<div class=\"image-tools grid-tools text-center hide-for-small bottom hover-slide-in show-on-hover\">\n\t\t\t\t\t\t\t<\/div>\n\t\t\t\t\t<\/div>\n\n\t\t<div class=\"box-text box-text-products\">\n\t\t\t<span class=\"featured-badge\"><img decoding=\"async\" src=\"https:\/\/cdn.companhiaatlantica.pt\/wp-content\/themes\/flatsome-child\/src\/img\/ar-icon-2.jpg\" alt=\"AR Icon\" class=\"ar-icon\" title=\"\"><\/span><div class=\"title-wrapper\">\t\t<p class=\"category uppercase is-smaller no-text-overflow product-cat op-8\">\n\t\t\tCer\u00e1mica portuguesa artesanal \u2013 Hecha a mano en Portugal\t\t<\/p>\n\t<p class=\"name product-title woocommerce-loop-product__title\"><a href=\"https:\/\/www.companhiaatlantica.pt\/es\/produto\/ceramica-portuguesa\/tazas-ceramica\/breezy-taza-500ml\" class=\"woocommerce-LoopProduct-link woocommerce-loop-product__link\">Taza Caf\u00e9 BREEZY<\/a><\/p><\/div><div class=\"price-wrapper\">\n\t<span class=\"price\"><span class=\"woocommerce-Price-amount amount\" aria-hidden=\"true\"><bdi>18.00<span class=\"woocommerce-Price-currencySymbol\">&euro;<\/span><\/bdi><\/span> <span aria-hidden=\"true\">-<\/span> <span class=\"woocommerce-Price-amount amount\" aria-hidden=\"true\"><bdi>18.90<span class=\"woocommerce-Price-currencySymbol\">&euro;<\/span><\/bdi><\/span><span class=\"screen-reader-text\">Rango de precios: desde 18.00&euro; hasta 18.90&euro;<\/span><\/span>\n<\/div><div class=\"add-to-cart-button\"><a href=\"https:\/\/www.companhiaatlantica.pt\/es\/produto\/ceramica-portuguesa\/tazas-ceramica\/breezy-taza-500ml\" aria-describedby=\"woocommerce_loop_add_to_cart_link_describedby_12788\" data-quantity=\"1\" class=\"primary is-small mb-0 button product_type_variable add_to_cart_button is-outline\" data-product_id=\"12788\" data-product_sku=\"\" aria-label=\"Elige las opciones para &ldquo;Taza Caf\u00e9 BREEZY&rdquo;\" rel=\"nofollow\" data-product_name=\"Taza Caf\u00e9 BREEZY\" data-product_image=\"https:\/\/www.companhiaatlantica.pt\/wp-content\/uploads\/2021\/01\/130-306-1-150x150.jpg\">Seleccionar opciones<\/a><\/div>\t<span id=\"woocommerce_loop_add_to_cart_link_describedby_12788\" class=\"screen-reader-text\">\n\t\tEste producto tiene m\u00faltiples variantes. Las opciones se pueden elegir en la p\u00e1gina de producto\t<\/span>\n\t\t<\/div>\n\t<\/div>\n\t<span class=\"gtm4wp_productdata\" style=\"display:none; visibility:hidden;\" data-gtm4wp_product_data=\"{&quot;internal_id&quot;:12788,&quot;item_id&quot;:12788,&quot;item_name&quot;:&quot;Taza Caf\\u00e9 BREEZY&quot;,&quot;sku&quot;:12788,&quot;price&quot;:18,&quot;stocklevel&quot;:null,&quot;stockstatus&quot;:&quot;instock&quot;,&quot;google_business_vertical&quot;:&quot;retail&quot;,&quot;item_category&quot;:&quot;Cer\\u00e2mica Portuguesa Artesanal&quot;,&quot;item_category2&quot;:&quot;Canecas Cer\\u00e2mica&quot;,&quot;id&quot;:12788,&quot;productlink&quot;:&quot;https:\\\/\\\/www.companhiaatlantica.pt\\\/es\\\/produto\\\/ceramica-portuguesa\\\/tazas-ceramica\\\/breezy-taza-500ml&quot;,&quot;item_list_name&quot;:&quot;Lista general de productos&quot;,&quot;index&quot;:2,&quot;product_type&quot;:&quot;variable&quot;,&quot;item_brand&quot;:&quot;&quot;}\"><\/span>\t<\/div>\n<\/div><div class=\"product-small col has-hover product type-product post-12318 status-publish last instock product_cat-ceramica-portuguesa product_cat-vasos-tazas-cafeteria-ceramica has-post-thumbnail taxable shipping-taxable purchasable product-type-variable\">\n\t<div class=\"col-inner\">\n\t\n<div class=\"badge-container absolute left top z-1\">\n\n<div class=\"badge callout badge-circle\"><div class=\"badge-inner callout-new-bg is-small new-bubble\">2 pcs<\/div><\/div><\/div>\n\t<div class=\"product-small box \">\n\t\t<div class=\"box-image\">\n\t\t\t<div class=\"image-fade_in_back\">\n\t\t\t\t<a href=\"https:\/\/www.companhiaatlantica.pt\/es\/produto\/ceramica-portuguesa\/vasos-tazas-cafeteria-ceramica\/comporta-vaso-cafe-2-piezas\">\n\t\t\t\t\t<img loading=\"lazy\" decoding=\"async\" width=\"700\" height=\"700\" src=\"https:\/\/www.companhiaatlantica.pt\/wp-content\/uploads\/2020\/06\/130-690-695_VER-700x700.jpg\" class=\"attachment-woocommerce_thumbnail size-woocommerce_thumbnail\" alt=\"Vaso Caf\u00e9 Espresso COMPORTA - Conjunto de 2\" srcset=\"https:\/\/www.companhiaatlantica.pt\/wp-content\/uploads\/2020\/06\/130-690-695_VER-700x700.jpg 700w, https:\/\/www.companhiaatlantica.pt\/wp-content\/uploads\/2020\/06\/130-690-695_VER-100x100.jpg 100w, https:\/\/www.companhiaatlantica.pt\/wp-content\/uploads\/2020\/06\/130-690-695_VER-900x900.jpg 900w, https:\/\/www.companhiaatlantica.pt\/wp-content\/uploads\/2020\/06\/130-690-695_VER-300x300.jpg 300w, https:\/\/www.companhiaatlantica.pt\/wp-content\/uploads\/2020\/06\/130-690-695_VER-150x150.jpg 150w, https:\/\/www.companhiaatlantica.pt\/wp-content\/uploads\/2020\/06\/130-690-695_VER-768x768.jpg 768w, https:\/\/www.companhiaatlantica.pt\/wp-content\/uploads\/2020\/06\/130-690-695_VER-600x600.jpg 600w, https:\/\/www.companhiaatlantica.pt\/wp-content\/uploads\/2020\/06\/130-690-695_VER.jpg 1000w\" sizes=\"auto, (max-width: 700px) 100vw, 700px\" title=\"\"><img loading=\"lazy\" decoding=\"async\" width=\"600\" height=\"600\" src=\"https:\/\/www.companhiaatlantica.pt\/wp-content\/uploads\/2020\/10\/IMG_4715-1.jpg\" class=\"show-on-hover absolute fill hide-for-small back-image\" alt=\"Alternative view of Vaso Caf\u00e9 Espresso COMPORTA - Conjunto de 2\" aria-hidden=\"true\" srcset=\"https:\/\/www.companhiaatlantica.pt\/wp-content\/uploads\/2020\/10\/IMG_4715-1.jpg 600w, https:\/\/www.companhiaatlantica.pt\/wp-content\/uploads\/2020\/10\/IMG_4715-1-100x100.jpg 100w\" sizes=\"auto, (max-width: 600px) 100vw, 600px\" title=\"\">\t\t\t\t<\/a>\n\t\t\t<\/div>\n\t\t\t<div class=\"image-tools is-small top right show-on-hover\">\n\t\t\t\t\t\t<div class=\"wishlist-icon\">\n\t\t\t<button class=\"wishlist-button button is-outline circle icon\" aria-label=\"Lista de deseos\">\n\t\t\t\t<i class=\"icon-heart\" aria-hidden=\"true\"><\/i>\t\t\t<\/button>\n\t\t\t<div class=\"wishlist-popup dark\">\n\t\t\t\t\n<div\n\tclass=\"yith-wcwl-add-to-wishlist add-to-wishlist-12318 yith-wcwl-add-to-wishlist--button_default-style wishlist-fragment on-first-load\"\n\tdata-fragment-ref=\"12318\"\n\tdata-fragment-options=\"{&quot;base_url&quot;:&quot;&quot;,&quot;product_id&quot;:12318,&quot;parent_product_id&quot;:0,&quot;product_type&quot;:&quot;variable&quot;,&quot;is_single&quot;:false,&quot;in_default_wishlist&quot;:false,&quot;show_view&quot;:false,&quot;browse_wishlist_text&quot;:&quot;Consulta tu WishList&quot;,&quot;already_in_wishslist_text&quot;:&quot;\\u00a1Este producto ya esta en tu wishlist!&quot;,&quot;product_added_text&quot;:&quot;Producto A\\u00f1adido!&quot;,&quot;available_multi_wishlist&quot;:false,&quot;disable_wishlist&quot;:false,&quot;show_count&quot;:false,&quot;ajax_loading&quot;:false,&quot;loop_position&quot;:&quot;after_add_to_cart&quot;,&quot;item&quot;:&quot;add_to_wishlist&quot;}\"\n>\n\t\t\t\n\t\t\t<!-- ADD TO WISHLIST -->\n\t\t\t\n<div class=\"yith-wcwl-add-button\">\n\t\t<a\n\t\thref=\"?add_to_wishlist=12318&#038;_wpnonce=52d31225f0\"\n\t\tclass=\"add_to_wishlist single_add_to_wishlist alt button theme-button-style \"\n\t\tdata-product-id=\"12318\"\n\t\tdata-product-type=\"variable\"\n\t\tdata-original-product-id=\"0\"\n\t\tdata-title=\"A\u00f1adir Wishlist\"\n\t\trel=\"nofollow\"\n\t>\n\t\t<svg id=\"yith-wcwl-icon-heart-outline\" class=\"yith-wcwl-icon-svg\" fill=\"none\" stroke-width=\"1.5\" stroke=\"currentColor\" viewBox=\"0 0 24 24\" xmlns=\"http:\/\/www.w3.org\/2000\/svg\">\n  <path stroke-linecap=\"round\" stroke-linejoin=\"round\" d=\"M21 8.25c0-2.485-2.099-4.5-4.688-4.5-1.935 0-3.597 1.126-4.312 2.733-.715-1.607-2.377-2.733-4.313-2.733C5.1 3.75 3 5.765 3 8.25c0 7.22 9 12 9 12s9-4.78 9-12Z\"><\/path>\n<\/svg>\t\t<span>A\u00f1adir Wishlist<\/span>\n\t<\/a>\n<\/div>\n\n\t\t\t<!-- COUNT TEXT -->\n\t\t\t\n\t\t\t<\/div>\n\t\t\t<\/div>\n\t\t<\/div>\n\t\t\t\t\t<\/div>\n\t\t\t<div class=\"image-tools is-small hide-for-small bottom left show-on-hover\">\n\t\t\t\t\t\t\t<\/div>\n\t\t\t<div class=\"image-tools grid-tools text-center hide-for-small bottom hover-slide-in show-on-hover\">\n\t\t\t\t\t\t\t<\/div>\n\t\t\t\t\t<\/div>\n\n\t\t<div class=\"box-text box-text-products\">\n\t\t\t<div class=\"title-wrapper\">\t\t<p class=\"category uppercase is-smaller no-text-overflow product-cat op-8\">\n\t\t\tCer\u00e1mica portuguesa artesanal \u2013 Hecha a mano en Portugal\t\t<\/p>\n\t<p class=\"name product-title woocommerce-loop-product__title\"><a href=\"https:\/\/www.companhiaatlantica.pt\/es\/produto\/ceramica-portuguesa\/vasos-tazas-cafeteria-ceramica\/comporta-vaso-cafe-2-piezas\" class=\"woocommerce-LoopProduct-link woocommerce-loop-product__link\">Vaso Caf\u00e9 Espresso COMPORTA &#8211; Conjunto de 2<\/a><\/p><\/div><div class=\"price-wrapper\">\n\t<span class=\"price\"><span class=\"woocommerce-Price-amount amount\"><bdi>24.90<span class=\"woocommerce-Price-currencySymbol\">&euro;<\/span><\/bdi><\/span><\/span>\n<\/div><div class=\"add-to-cart-button\"><a href=\"https:\/\/www.companhiaatlantica.pt\/es\/produto\/ceramica-portuguesa\/vasos-tazas-cafeteria-ceramica\/comporta-vaso-cafe-2-piezas\" aria-describedby=\"woocommerce_loop_add_to_cart_link_describedby_12318\" data-quantity=\"1\" class=\"primary is-small mb-0 button product_type_variable add_to_cart_button is-outline\" data-product_id=\"12318\" data-product_sku=\"\" aria-label=\"Elige las opciones para &ldquo;Vaso Caf\u00e9 Espresso COMPORTA - Conjunto de 2&rdquo;\" rel=\"nofollow\" data-product_name=\"Vaso Caf\u00e9 Espresso COMPORTA - Conjunto de 2\" data-product_image=\"https:\/\/www.companhiaatlantica.pt\/wp-content\/uploads\/2020\/06\/130-690-695_VER-150x150.jpg\">Seleccionar opciones<\/a><\/div>\t<span id=\"woocommerce_loop_add_to_cart_link_describedby_12318\" class=\"screen-reader-text\">\n\t\tEste producto tiene m\u00faltiples variantes. Las opciones se pueden elegir en la p\u00e1gina de producto\t<\/span>\n\t\t<\/div>\n\t<\/div>\n\t<span class=\"gtm4wp_productdata\" style=\"display:none; visibility:hidden;\" data-gtm4wp_product_data=\"{&quot;internal_id&quot;:12318,&quot;item_id&quot;:12318,&quot;item_name&quot;:&quot;Vaso Caf\\u00e9 Espresso COMPORTA - Conjunto de 2&quot;,&quot;sku&quot;:12318,&quot;price&quot;:24.89999999999999857891452847979962825775146484375,&quot;stocklevel&quot;:null,&quot;stockstatus&quot;:&quot;instock&quot;,&quot;google_business_vertical&quot;:&quot;retail&quot;,&quot;item_category&quot;:&quot;Cer\\u00e2mica Portuguesa Artesanal&quot;,&quot;item_category2&quot;:&quot;Copos Ch\\u00e1venas Caf\\u00e9 Cer\\u00e2mica&quot;,&quot;id&quot;:12318,&quot;productlink&quot;:&quot;https:\\\/\\\/www.companhiaatlantica.pt\\\/es\\\/produto\\\/ceramica-portuguesa\\\/vasos-tazas-cafeteria-ceramica\\\/comporta-vaso-cafe-2-piezas&quot;,&quot;item_list_name&quot;:&quot;Lista general de productos&quot;,&quot;index&quot;:3,&quot;product_type&quot;:&quot;variable&quot;,&quot;item_brand&quot;:&quot;&quot;}\"><\/span>\t<\/div>\n<\/div><\/div><!-- row -->\n<\/div>\n<h3>As nossas sugest\u00f5es de prendas s\u00e3o um brinde ao amor!<\/h3>\n<p><span style=\"font-weight: 400;\">O casamento \u00e9 um momento \u00fanico e especial na vida de um casal. \u00c9 a celebra\u00e7\u00e3o do amor e da uni\u00e3o de duas pessoas que decidem partilhar as suas vidas. E, para celebrar este momento t\u00e3o importante, nada melhor do que presentear com algo que simboliza a uni\u00e3o e o amor duradouro.<\/span><\/p>\n<p>Os nossos servi\u00e7os de jantar, ch\u00e1venas e copos foram cuidadosamente selecionados para promover momentos de intimidade e partilha entre o casal. Cada pe\u00e7a torna-se um s\u00edmbolo de uni\u00e3o e amor, que acompanhar\u00e1 em todas as etapas da vida a dois.<\/p>\n<p>Imagine-se a partilhar uma refei\u00e7\u00e3o \u00e0 luz de velas, brindando \u00e0 vida em conjunto, enquanto cada pe\u00e7a na mesa evoca mem\u00f3rias e promessas de um futuro repleto de alegria.<\/p>\n<p><span style=\"font-weight: 400;\">Tendo isso em considera\u00e7\u00e3o, os <\/span><a href=\"https:\/\/www.companhiaatlantica.pt\/produto\/ceramica-portuguesa\/servicos-de-jantar\/breezy-servico-mesa-18-pecas\"><span style=\"font-weight: 400;\">servi\u00e7os de jantar da linha BREEZY<\/span><\/a><span style=\"font-weight: 400;\"> s\u00e3o op\u00e7\u00f5es perfeitas. A cole\u00e7\u00e3o, feita em gr\u00e9s, impressiona pelos seus tons maravilhosos e estilo bo\u00e9mio, que tornam cada pe\u00e7a \u00fanica<\/span><\/p>\n<div class=\"woocommerce columns-3 \"><div class=\"products row row-small large-columns-3 medium-columns-3 small-columns-1 has-equal-box-heights equalize-box\">\n<div class=\"product-small col has-hover product type-product post-18552 status-publish first instock product_cat-ceramica-portuguesa product_cat-promociones product_cat-vasos-tazas-cafeteria-ceramica has-post-thumbnail sale taxable shipping-taxable purchasable product-type-variable\">\n\t<div class=\"col-inner\">\n\t\n<div class=\"badge-container absolute left top z-1\">\n<div class=\"badge callout badge-circle\">\r\n  \t\t\t<div class=\"badge-inner secondary on-sale\">\r\n  \t\t\t\t<span class=\"onsale\">-16%<\/span>\r\n\t\t\t<\/div>\r\n\t\t<\/div>\r\n\t\t<div class=\"badge callout badge-circle\">\r\n\t\t\t<div class=\"badge-inner callout-new-bg is-small new-bubble\">6 pcs<\/div>\r\n\t\t<\/div>\n<div class=\"badge callout badge-circle\"><div class=\"badge-inner callout-new-bg is-small new-bubble\">6 pcs<\/div><\/div><\/div>\n\t<div class=\"product-small box \">\n\t\t<div class=\"box-image\">\n\t\t\t<div class=\"image-fade_in_back\">\n\t\t\t\t<a href=\"https:\/\/www.companhiaatlantica.pt\/es\/produto\/ceramica-portuguesa\/vasos-tazas-cafeteria-ceramica\/melides-sweet-taza-cafe-6-pzs\">\n\t\t\t\t\t<img loading=\"lazy\" decoding=\"async\" width=\"600\" height=\"600\" src=\"https:\/\/www.companhiaatlantica.pt\/wp-content\/uploads\/2022\/06\/melides_sweet_multicolor_mood_1x1_web.jpg\" class=\"attachment-woocommerce_thumbnail size-woocommerce_thumbnail\" alt=\"MELIDES SWEET Taza Caf\u00e9 Espresso - Conjunto de 6\" srcset=\"https:\/\/www.companhiaatlantica.pt\/wp-content\/uploads\/2022\/06\/melides_sweet_multicolor_mood_1x1_web.jpg 600w, https:\/\/www.companhiaatlantica.pt\/wp-content\/uploads\/2022\/06\/melides_sweet_multicolor_mood_1x1_web-100x100.jpg 100w\" sizes=\"auto, (max-width: 600px) 100vw, 600px\" title=\"\"><img loading=\"lazy\" decoding=\"async\" width=\"700\" height=\"700\" src=\"https:\/\/www.companhiaatlantica.pt\/wp-content\/uploads\/2022\/06\/130-968_S3-700x700.jpg\" class=\"show-on-hover absolute fill hide-for-small back-image\" alt=\"Alternative view of MELIDES SWEET Taza Caf\u00e9 Espresso - Conjunto de 6\" aria-hidden=\"true\" srcset=\"https:\/\/www.companhiaatlantica.pt\/wp-content\/uploads\/2022\/06\/130-968_S3-700x700.jpg 700w, https:\/\/www.companhiaatlantica.pt\/wp-content\/uploads\/2022\/06\/130-968_S3-100x100.jpg 100w, https:\/\/www.companhiaatlantica.pt\/wp-content\/uploads\/2022\/06\/130-968_S3-900x900.jpg 900w, https:\/\/www.companhiaatlantica.pt\/wp-content\/uploads\/2022\/06\/130-968_S3-300x300.jpg 300w, https:\/\/www.companhiaatlantica.pt\/wp-content\/uploads\/2022\/06\/130-968_S3-150x150.jpg 150w, https:\/\/www.companhiaatlantica.pt\/wp-content\/uploads\/2022\/06\/130-968_S3-768x768.jpg 768w, https:\/\/www.companhiaatlantica.pt\/wp-content\/uploads\/2022\/06\/130-968_S3-600x600.jpg 600w, https:\/\/www.companhiaatlantica.pt\/wp-content\/uploads\/2022\/06\/130-968_S3.jpg 1000w\" sizes=\"auto, (max-width: 700px) 100vw, 700px\" title=\"\">\t\t\t\t<\/a>\n\t\t\t<\/div>\n\t\t\t<div class=\"image-tools is-small top right show-on-hover\">\n\t\t\t\t\t\t<div class=\"wishlist-icon\">\n\t\t\t<button class=\"wishlist-button button is-outline circle icon\" aria-label=\"Lista de deseos\">\n\t\t\t\t<i class=\"icon-heart\" aria-hidden=\"true\"><\/i>\t\t\t<\/button>\n\t\t\t<div class=\"wishlist-popup dark\">\n\t\t\t\t\n<div\n\tclass=\"yith-wcwl-add-to-wishlist add-to-wishlist-18552 yith-wcwl-add-to-wishlist--button_default-style wishlist-fragment on-first-load\"\n\tdata-fragment-ref=\"18552\"\n\tdata-fragment-options=\"{&quot;base_url&quot;:&quot;&quot;,&quot;product_id&quot;:18552,&quot;parent_product_id&quot;:0,&quot;product_type&quot;:&quot;variable&quot;,&quot;is_single&quot;:false,&quot;in_default_wishlist&quot;:false,&quot;show_view&quot;:false,&quot;browse_wishlist_text&quot;:&quot;Consulta tu WishList&quot;,&quot;already_in_wishslist_text&quot;:&quot;\\u00a1Este producto ya esta en tu wishlist!&quot;,&quot;product_added_text&quot;:&quot;Producto A\\u00f1adido!&quot;,&quot;available_multi_wishlist&quot;:false,&quot;disable_wishlist&quot;:false,&quot;show_count&quot;:false,&quot;ajax_loading&quot;:false,&quot;loop_position&quot;:&quot;after_add_to_cart&quot;,&quot;item&quot;:&quot;add_to_wishlist&quot;}\"\n>\n\t\t\t\n\t\t\t<!-- ADD TO WISHLIST -->\n\t\t\t\n<div class=\"yith-wcwl-add-button\">\n\t\t<a\n\t\thref=\"?add_to_wishlist=18552&#038;_wpnonce=52d31225f0\"\n\t\tclass=\"add_to_wishlist single_add_to_wishlist alt button theme-button-style \"\n\t\tdata-product-id=\"18552\"\n\t\tdata-product-type=\"variable\"\n\t\tdata-original-product-id=\"0\"\n\t\tdata-title=\"A\u00f1adir Wishlist\"\n\t\trel=\"nofollow\"\n\t>\n\t\t<svg id=\"yith-wcwl-icon-heart-outline\" class=\"yith-wcwl-icon-svg\" fill=\"none\" stroke-width=\"1.5\" stroke=\"currentColor\" viewBox=\"0 0 24 24\" xmlns=\"http:\/\/www.w3.org\/2000\/svg\">\n  <path stroke-linecap=\"round\" stroke-linejoin=\"round\" d=\"M21 8.25c0-2.485-2.099-4.5-4.688-4.5-1.935 0-3.597 1.126-4.312 2.733-.715-1.607-2.377-2.733-4.313-2.733C5.1 3.75 3 5.765 3 8.25c0 7.22 9 12 9 12s9-4.78 9-12Z\"><\/path>\n<\/svg>\t\t<span>A\u00f1adir Wishlist<\/span>\n\t<\/a>\n<\/div>\n\n\t\t\t<!-- COUNT TEXT -->\n\t\t\t\n\t\t\t<\/div>\n\t\t\t<\/div>\n\t\t<\/div>\n\t\t\t\t\t<\/div>\n\t\t\t<div class=\"image-tools is-small hide-for-small bottom left show-on-hover\">\n\t\t\t\t\t\t\t<\/div>\n\t\t\t<div class=\"image-tools grid-tools text-center hide-for-small bottom hover-slide-in show-on-hover\">\n\t\t\t\t\t\t\t<\/div>\n\t\t\t\t\t<\/div>\n\n\t\t<div class=\"box-text box-text-products\">\n\t\t\t<div class=\"title-wrapper\">\t\t<p class=\"category uppercase is-smaller no-text-overflow product-cat op-8\">\n\t\t\tCer\u00e1mica portuguesa artesanal \u2013 Hecha a mano en Portugal\t\t<\/p>\n\t<p class=\"name product-title woocommerce-loop-product__title\"><a href=\"https:\/\/www.companhiaatlantica.pt\/es\/produto\/ceramica-portuguesa\/vasos-tazas-cafeteria-ceramica\/melides-sweet-taza-cafe-6-pzs\" class=\"woocommerce-LoopProduct-link woocommerce-loop-product__link\">MELIDES SWEET Taza Caf\u00e9 Espresso &#8211; Conjunto de 6<\/a><\/p><\/div><div class=\"price-wrapper\">\n\t<span class=\"price\"><del aria-hidden=\"true\"><span class=\"woocommerce-Price-amount amount\"><bdi>59.70<span class=\"woocommerce-Price-currencySymbol\">&euro;<\/span><\/bdi><\/span><\/del> <span class=\"screen-reader-text\">El precio original era: 59.70&euro;.<\/span><ins aria-hidden=\"true\"><span class=\"woocommerce-Price-amount amount\"><bdi>49.90<span class=\"woocommerce-Price-currencySymbol\">&euro;<\/span><\/bdi><\/span><\/ins><span class=\"screen-reader-text\">El precio actual es: 49.90&euro;.<\/span><\/span>\n<\/div><div class=\"add-to-cart-button\"><a href=\"https:\/\/www.companhiaatlantica.pt\/es\/produto\/ceramica-portuguesa\/vasos-tazas-cafeteria-ceramica\/melides-sweet-taza-cafe-6-pzs\" aria-describedby=\"woocommerce_loop_add_to_cart_link_describedby_18552\" data-quantity=\"1\" class=\"primary is-small mb-0 button product_type_variable add_to_cart_button is-outline\" data-product_id=\"18552\" data-product_sku=\"\" aria-label=\"Elige las opciones para &ldquo;MELIDES SWEET Taza Caf\u00e9 Espresso - Conjunto de 6&rdquo;\" rel=\"nofollow\" data-product_name=\"MELIDES SWEET Taza Caf\u00e9 Espresso - Conjunto de 6\" data-product_image=\"https:\/\/www.companhiaatlantica.pt\/wp-content\/uploads\/2022\/06\/melides_sweet_multicolor_mood_1x1_web.jpg\">Seleccionar opciones<\/a><\/div>\t<span id=\"woocommerce_loop_add_to_cart_link_describedby_18552\" class=\"screen-reader-text\">\n\t\tEste producto tiene m\u00faltiples variantes. Las opciones se pueden elegir en la p\u00e1gina de producto\t<\/span>\n\t\t<\/div>\n\t<\/div>\n\t<span class=\"gtm4wp_productdata\" style=\"display:none; visibility:hidden;\" data-gtm4wp_product_data=\"{&quot;internal_id&quot;:18552,&quot;item_id&quot;:18552,&quot;item_name&quot;:&quot;MELIDES SWEET Taza Caf\\u00e9 Espresso - Conjunto de 6&quot;,&quot;sku&quot;:18552,&quot;price&quot;:49.89999999999999857891452847979962825775146484375,&quot;stocklevel&quot;:null,&quot;stockstatus&quot;:&quot;instock&quot;,&quot;google_business_vertical&quot;:&quot;retail&quot;,&quot;item_category&quot;:&quot;Cer\\u00e2mica Portuguesa Artesanal&quot;,&quot;item_category2&quot;:&quot;Copos Ch\\u00e1venas Caf\\u00e9 Cer\\u00e2mica&quot;,&quot;id&quot;:18552,&quot;productlink&quot;:&quot;https:\\\/\\\/www.companhiaatlantica.pt\\\/es\\\/produto\\\/ceramica-portuguesa\\\/vasos-tazas-cafeteria-ceramica\\\/melides-sweet-taza-cafe-6-pzs&quot;,&quot;item_list_name&quot;:&quot;Lista general de productos&quot;,&quot;index&quot;:1,&quot;product_type&quot;:&quot;variable&quot;,&quot;item_brand&quot;:&quot;&quot;}\"><\/span>\t<\/div>\n<\/div><div class=\"product-small col has-hover product type-product post-13591 status-publish instock product_cat-ceramica-portuguesa product_cat-vajillas-completas has-post-thumbnail sale taxable shipping-taxable purchasable product-type-variable\">\n\t<div class=\"col-inner\">\n\t\n<div class=\"badge-container absolute left top z-1\">\n<div class=\"badge callout badge-circle\">\r\n  \t\t\t<div class=\"badge-inner secondary on-sale\">\r\n  \t\t\t\t<span class=\"onsale\">-20%<\/span>\r\n\t\t\t<\/div>\r\n\t\t<\/div>\r\n\t\t<div class=\"badge callout badge-circle\">\r\n\t\t\t<div class=\"badge-inner callout-new-bg is-small new-bubble\">24 pcs<\/div>\r\n\t\t<\/div>\n<div class=\"badge callout badge-circle\"><div class=\"badge-inner callout-new-bg is-small new-bubble\">24 pcs<\/div><\/div><\/div>\n\t<div class=\"product-small box \">\n\t\t<div class=\"box-image\">\n\t\t\t<div class=\"image-fade_in_back\">\n\t\t\t\t<a href=\"https:\/\/www.companhiaatlantica.pt\/es\/produto\/ceramica-portuguesa\/vajillas-completas\/breezy-vajilla-24-piezas\">\n\t\t\t\t\t<img loading=\"lazy\" decoding=\"async\" width=\"600\" height=\"600\" src=\"https:\/\/www.companhiaatlantica.pt\/wp-content\/uploads\/2020\/06\/IMG_0441.jpg\" class=\"attachment-woocommerce_thumbnail size-woocommerce_thumbnail\" alt=\"Servi\u00e7o de mesa cinza 24 pe\u00e7as Breezy\" srcset=\"https:\/\/www.companhiaatlantica.pt\/wp-content\/uploads\/2020\/06\/IMG_0441.jpg 600w, https:\/\/www.companhiaatlantica.pt\/wp-content\/uploads\/2020\/06\/IMG_0441-100x100.jpg 100w\" sizes=\"auto, (max-width: 600px) 100vw, 600px\" title=\"\"><img loading=\"lazy\" decoding=\"async\" width=\"600\" height=\"600\" src=\"https:\/\/www.companhiaatlantica.pt\/wp-content\/uploads\/2022\/04\/IMG_0550.jpg\" class=\"show-on-hover absolute fill hide-for-small back-image\" alt=\"Alternative view of Vajilla BREEZY - 24 piezas\" aria-hidden=\"true\" srcset=\"https:\/\/www.companhiaatlantica.pt\/wp-content\/uploads\/2022\/04\/IMG_0550.jpg 600w, https:\/\/www.companhiaatlantica.pt\/wp-content\/uploads\/2022\/04\/IMG_0550-100x100.jpg 100w\" sizes=\"auto, (max-width: 600px) 100vw, 600px\" title=\"\">\t\t\t\t<\/a>\n\t\t\t<\/div>\n\t\t\t<div class=\"image-tools is-small top right show-on-hover\">\n\t\t\t\t\t\t<div class=\"wishlist-icon\">\n\t\t\t<button class=\"wishlist-button button is-outline circle icon\" aria-label=\"Lista de deseos\">\n\t\t\t\t<i class=\"icon-heart\" aria-hidden=\"true\"><\/i>\t\t\t<\/button>\n\t\t\t<div class=\"wishlist-popup dark\">\n\t\t\t\t\n<div\n\tclass=\"yith-wcwl-add-to-wishlist add-to-wishlist-13591 yith-wcwl-add-to-wishlist--button_default-style wishlist-fragment on-first-load\"\n\tdata-fragment-ref=\"13591\"\n\tdata-fragment-options=\"{&quot;base_url&quot;:&quot;&quot;,&quot;product_id&quot;:13591,&quot;parent_product_id&quot;:0,&quot;product_type&quot;:&quot;variable&quot;,&quot;is_single&quot;:false,&quot;in_default_wishlist&quot;:false,&quot;show_view&quot;:false,&quot;browse_wishlist_text&quot;:&quot;Consulta tu WishList&quot;,&quot;already_in_wishslist_text&quot;:&quot;\\u00a1Este producto ya esta en tu wishlist!&quot;,&quot;product_added_text&quot;:&quot;Producto A\\u00f1adido!&quot;,&quot;available_multi_wishlist&quot;:false,&quot;disable_wishlist&quot;:false,&quot;show_count&quot;:false,&quot;ajax_loading&quot;:false,&quot;loop_position&quot;:&quot;after_add_to_cart&quot;,&quot;item&quot;:&quot;add_to_wishlist&quot;}\"\n>\n\t\t\t\n\t\t\t<!-- ADD TO WISHLIST -->\n\t\t\t\n<div class=\"yith-wcwl-add-button\">\n\t\t<a\n\t\thref=\"?add_to_wishlist=13591&#038;_wpnonce=52d31225f0\"\n\t\tclass=\"add_to_wishlist single_add_to_wishlist alt button theme-button-style \"\n\t\tdata-product-id=\"13591\"\n\t\tdata-product-type=\"variable\"\n\t\tdata-original-product-id=\"0\"\n\t\tdata-title=\"A\u00f1adir Wishlist\"\n\t\trel=\"nofollow\"\n\t>\n\t\t<svg id=\"yith-wcwl-icon-heart-outline\" class=\"yith-wcwl-icon-svg\" fill=\"none\" stroke-width=\"1.5\" stroke=\"currentColor\" viewBox=\"0 0 24 24\" xmlns=\"http:\/\/www.w3.org\/2000\/svg\">\n  <path stroke-linecap=\"round\" stroke-linejoin=\"round\" d=\"M21 8.25c0-2.485-2.099-4.5-4.688-4.5-1.935 0-3.597 1.126-4.312 2.733-.715-1.607-2.377-2.733-4.313-2.733C5.1 3.75 3 5.765 3 8.25c0 7.22 9 12 9 12s9-4.78 9-12Z\"><\/path>\n<\/svg>\t\t<span>A\u00f1adir Wishlist<\/span>\n\t<\/a>\n<\/div>\n\n\t\t\t<!-- COUNT TEXT -->\n\t\t\t\n\t\t\t<\/div>\n\t\t\t<\/div>\n\t\t<\/div>\n\t\t\t\t\t<\/div>\n\t\t\t<div class=\"image-tools is-small hide-for-small bottom left show-on-hover\">\n\t\t\t\t\t\t\t<\/div>\n\t\t\t<div class=\"image-tools grid-tools text-center hide-for-small bottom hover-slide-in show-on-hover\">\n\t\t\t\t\t\t\t<\/div>\n\t\t\t\t\t<\/div>\n\n\t\t<div class=\"box-text box-text-products\">\n\t\t\t<div class=\"title-wrapper\">\t\t<p class=\"category uppercase is-smaller no-text-overflow product-cat op-8\">\n\t\t\tCer\u00e1mica portuguesa artesanal \u2013 Hecha a mano en Portugal\t\t<\/p>\n\t<p class=\"name product-title woocommerce-loop-product__title\"><a href=\"https:\/\/www.companhiaatlantica.pt\/es\/produto\/ceramica-portuguesa\/vajillas-completas\/breezy-vajilla-24-piezas\" class=\"woocommerce-LoopProduct-link woocommerce-loop-product__link\">Vajilla BREEZY &#8211; 24 piezas<\/a><\/p><\/div><div class=\"price-wrapper\">\n\t<span class=\"price\"><del aria-hidden=\"true\"><span class=\"woocommerce-Price-amount amount\"><bdi>456.00<span class=\"woocommerce-Price-currencySymbol\">&euro;<\/span><\/bdi><\/span><\/del> <span class=\"screen-reader-text\">El precio original era: 456.00&euro;.<\/span><ins aria-hidden=\"true\"><span class=\"woocommerce-Price-amount amount\"><bdi>364.00<span class=\"woocommerce-Price-currencySymbol\">&euro;<\/span><\/bdi><\/span><\/ins><span class=\"screen-reader-text\">El precio actual es: 364.00&euro;.<\/span><\/span>\n<\/div><div class=\"add-to-cart-button\"><a href=\"https:\/\/www.companhiaatlantica.pt\/es\/produto\/ceramica-portuguesa\/vajillas-completas\/breezy-vajilla-24-piezas\" aria-describedby=\"woocommerce_loop_add_to_cart_link_describedby_13591\" data-quantity=\"1\" class=\"primary is-small mb-0 button product_type_variable add_to_cart_button is-outline\" data-product_id=\"13591\" data-product_sku=\"\" aria-label=\"Elige las opciones para &ldquo;Vajilla BREEZY - 24 piezas&rdquo;\" rel=\"nofollow\" data-product_name=\"Vajilla BREEZY - 24 piezas\" data-product_image=\"https:\/\/www.companhiaatlantica.pt\/wp-content\/uploads\/2020\/06\/IMG_0441.jpg\">Seleccionar opciones<\/a><\/div>\t<span id=\"woocommerce_loop_add_to_cart_link_describedby_13591\" class=\"screen-reader-text\">\n\t\tEste producto tiene m\u00faltiples variantes. Las opciones se pueden elegir en la p\u00e1gina de producto\t<\/span>\n\t\t<\/div>\n\t<\/div>\n\t<span class=\"gtm4wp_productdata\" style=\"display:none; visibility:hidden;\" data-gtm4wp_product_data=\"{&quot;internal_id&quot;:13591,&quot;item_id&quot;:13591,&quot;item_name&quot;:&quot;Vajilla BREEZY - 24 piezas&quot;,&quot;sku&quot;:13591,&quot;price&quot;:364,&quot;stocklevel&quot;:null,&quot;stockstatus&quot;:&quot;instock&quot;,&quot;google_business_vertical&quot;:&quot;retail&quot;,&quot;item_category&quot;:&quot;Cer\\u00e1mica portuguesa artesanal \\u2013 Hecha a mano en Portugal&quot;,&quot;item_category2&quot;:&quot;Vajillas Completas&quot;,&quot;id&quot;:13591,&quot;productlink&quot;:&quot;https:\\\/\\\/www.companhiaatlantica.pt\\\/es\\\/produto\\\/ceramica-portuguesa\\\/vajillas-completas\\\/breezy-vajilla-24-piezas&quot;,&quot;item_list_name&quot;:&quot;Lista general de productos&quot;,&quot;index&quot;:2,&quot;product_type&quot;:&quot;variable&quot;,&quot;item_brand&quot;:&quot;&quot;}\"><\/span>\t<\/div>\n<\/div><\/div><!-- row -->\n<\/div>\n<h3>Presentes para padrinhos: lembran\u00e7as especiais envoltas em sofistica\u00e7\u00e3o<\/h3>\n<p><span style=\"font-weight: 400;\">Os padrinhos desempenham um papel fundamental nas nossas vidas: oferecem apoio, orienta\u00e7\u00e3o e amizade nos momentos mais importantes. Para honrar estes la\u00e7os especiais sugerimos uma sele\u00e7\u00e3o exclusiva de presentes que combinam sofistica\u00e7\u00e3o e significado.<\/span><\/p>\n<p>A nossa sele\u00e7\u00e3o de velas e difusores para a casa s\u00e3o ideais para adicionar fragr\u00e2ncia e ambiente, al\u00e9m de proporcionar um aroma agrad\u00e1vel e benef\u00edcios adicionais para o bem-estar e sa\u00fade. Com diversas fragr\u00e2ncias e estilos dispon\u00edveis, esta prenda \u00e9 ideal para decorar e adicionar um toque pessoal ao lar.<\/p>\n<p>Presentes atemporais como bases de copos e galheteiros s\u00e3o op\u00e7\u00f5es perfeitas para quem ama cozinhar e gosta de receber pessoas com eleg\u00e2ncia e estilo.<\/p>\n<div class=\"woocommerce columns-3 \"><div class=\"products row row-small large-columns-3 medium-columns-3 small-columns-1 has-equal-box-heights equalize-box\">\n<div class=\"product-small col has-hover product type-product post-55955 status-publish first instock product_cat-accesorios-casa product_cat-accesorios-mesa product_cat-ceramica-portuguesa product_cat-posavasos has-post-thumbnail featured taxable shipping-taxable purchasable product-type-variable\">\n\t<div class=\"col-inner\">\n\t\n<div class=\"badge-container absolute left top z-1\">\n\n<div class=\"badge callout badge-circle\"><div class=\"badge-inner callout-new-bg is-small new-bubble\">NEW<\/div><\/div><\/div>\n\t<div class=\"product-small box \">\n\t\t<div class=\"box-image\">\n\t\t\t<div class=\"image-fade_in_back\">\n\t\t\t\t<a href=\"https:\/\/www.companhiaatlantica.pt\/es\/produto\/recuerdos-portugal\/accesorios-casa\/posavasos\/posavasos-alicatos-set-2\">\n\t\t\t\t\t<img loading=\"lazy\" decoding=\"async\" width=\"700\" height=\"700\" src=\"https:\/\/www.companhiaatlantica.pt\/wp-content\/uploads\/2024\/04\/131-127_a-700x700.jpg\" class=\"attachment-woocommerce_thumbnail size-woocommerce_thumbnail\" alt=\"Posavasos ALICATOS \u00d89,5 - conjunto de 2\" srcset=\"https:\/\/www.companhiaatlantica.pt\/wp-content\/uploads\/2024\/04\/131-127_a-700x700.jpg 700w, https:\/\/www.companhiaatlantica.pt\/wp-content\/uploads\/2024\/04\/131-127_a-100x100.jpg 100w, https:\/\/www.companhiaatlantica.pt\/wp-content\/uploads\/2024\/04\/131-127_a-400x400.jpg 400w, https:\/\/www.companhiaatlantica.pt\/wp-content\/uploads\/2024\/04\/131-127_a-350x350.jpg 350w, https:\/\/www.companhiaatlantica.pt\/wp-content\/uploads\/2024\/04\/131-127_a-768x768.jpg 768w, https:\/\/www.companhiaatlantica.pt\/wp-content\/uploads\/2024\/04\/131-127_a-600x600.jpg 600w, https:\/\/www.companhiaatlantica.pt\/wp-content\/uploads\/2024\/04\/131-127_a.jpg 848w\" sizes=\"auto, (max-width: 700px) 100vw, 700px\" title=\"\"><img loading=\"lazy\" decoding=\"async\" width=\"700\" height=\"700\" src=\"https:\/\/www.companhiaatlantica.pt\/wp-content\/uploads\/2024\/04\/131-127-1-700x700.jpg\" class=\"show-on-hover absolute fill hide-for-small back-image\" alt=\"Alternative view of Posavasos ALICATOS \u00d89,5 - conjunto de 2\" aria-hidden=\"true\" srcset=\"https:\/\/www.companhiaatlantica.pt\/wp-content\/uploads\/2024\/04\/131-127-1-700x700.jpg 700w, https:\/\/www.companhiaatlantica.pt\/wp-content\/uploads\/2024\/04\/131-127-1-100x100.jpg 100w, https:\/\/www.companhiaatlantica.pt\/wp-content\/uploads\/2024\/04\/131-127-1-400x400.jpg 400w, https:\/\/www.companhiaatlantica.pt\/wp-content\/uploads\/2024\/04\/131-127-1-350x350.jpg 350w, https:\/\/www.companhiaatlantica.pt\/wp-content\/uploads\/2024\/04\/131-127-1-768x768.jpg 768w, https:\/\/www.companhiaatlantica.pt\/wp-content\/uploads\/2024\/04\/131-127-1-600x600.jpg 600w, https:\/\/www.companhiaatlantica.pt\/wp-content\/uploads\/2024\/04\/131-127-1.jpg 848w\" sizes=\"auto, (max-width: 700px) 100vw, 700px\" title=\"\">\t\t\t\t<\/a>\n\t\t\t<\/div>\n\t\t\t<div class=\"image-tools is-small top right show-on-hover\">\n\t\t\t\t\t\t<div class=\"wishlist-icon\">\n\t\t\t<button class=\"wishlist-button button is-outline circle icon\" aria-label=\"Lista de deseos\">\n\t\t\t\t<i class=\"icon-heart\" aria-hidden=\"true\"><\/i>\t\t\t<\/button>\n\t\t\t<div class=\"wishlist-popup dark\">\n\t\t\t\t\n<div\n\tclass=\"yith-wcwl-add-to-wishlist add-to-wishlist-55955 yith-wcwl-add-to-wishlist--button_default-style wishlist-fragment on-first-load\"\n\tdata-fragment-ref=\"55955\"\n\tdata-fragment-options=\"{&quot;base_url&quot;:&quot;&quot;,&quot;product_id&quot;:55955,&quot;parent_product_id&quot;:0,&quot;product_type&quot;:&quot;variable&quot;,&quot;is_single&quot;:false,&quot;in_default_wishlist&quot;:false,&quot;show_view&quot;:false,&quot;browse_wishlist_text&quot;:&quot;Consulta tu WishList&quot;,&quot;already_in_wishslist_text&quot;:&quot;\\u00a1Este producto ya esta en tu wishlist!&quot;,&quot;product_added_text&quot;:&quot;Producto A\\u00f1adido!&quot;,&quot;available_multi_wishlist&quot;:false,&quot;disable_wishlist&quot;:false,&quot;show_count&quot;:false,&quot;ajax_loading&quot;:false,&quot;loop_position&quot;:&quot;after_add_to_cart&quot;,&quot;item&quot;:&quot;add_to_wishlist&quot;}\"\n>\n\t\t\t\n\t\t\t<!-- ADD TO WISHLIST -->\n\t\t\t\n<div class=\"yith-wcwl-add-button\">\n\t\t<a\n\t\thref=\"?add_to_wishlist=55955&#038;_wpnonce=52d31225f0\"\n\t\tclass=\"add_to_wishlist single_add_to_wishlist alt button theme-button-style \"\n\t\tdata-product-id=\"55955\"\n\t\tdata-product-type=\"variable\"\n\t\tdata-original-product-id=\"0\"\n\t\tdata-title=\"A\u00f1adir Wishlist\"\n\t\trel=\"nofollow\"\n\t>\n\t\t<svg id=\"yith-wcwl-icon-heart-outline\" class=\"yith-wcwl-icon-svg\" fill=\"none\" stroke-width=\"1.5\" stroke=\"currentColor\" viewBox=\"0 0 24 24\" xmlns=\"http:\/\/www.w3.org\/2000\/svg\">\n  <path stroke-linecap=\"round\" stroke-linejoin=\"round\" d=\"M21 8.25c0-2.485-2.099-4.5-4.688-4.5-1.935 0-3.597 1.126-4.312 2.733-.715-1.607-2.377-2.733-4.313-2.733C5.1 3.75 3 5.765 3 8.25c0 7.22 9 12 9 12s9-4.78 9-12Z\"><\/path>\n<\/svg>\t\t<span>A\u00f1adir Wishlist<\/span>\n\t<\/a>\n<\/div>\n\n\t\t\t<!-- COUNT TEXT -->\n\t\t\t\n\t\t\t<\/div>\n\t\t\t<\/div>\n\t\t<\/div>\n\t\t\t\t\t<\/div>\n\t\t\t<div class=\"image-tools is-small hide-for-small bottom left show-on-hover\">\n\t\t\t\t\t\t\t<\/div>\n\t\t\t<div class=\"image-tools grid-tools text-center hide-for-small bottom hover-slide-in show-on-hover\">\n\t\t\t\t\t\t\t<\/div>\n\t\t\t\t\t<\/div>\n\n\t\t<div class=\"box-text box-text-products\">\n\t\t\t<span class=\"featured-badge\"><img decoding=\"async\" src=\"https:\/\/cdn.companhiaatlantica.pt\/wp-content\/themes\/flatsome-child\/src\/img\/ar-icon-2.jpg\" alt=\"AR Icon\" class=\"ar-icon\" title=\"\"><\/span><div class=\"title-wrapper\">\t\t<p class=\"category uppercase is-smaller no-text-overflow product-cat op-8\">\n\t\t\tAccesorios Casa\t\t<\/p>\n\t<p class=\"name product-title woocommerce-loop-product__title\"><a href=\"https:\/\/www.companhiaatlantica.pt\/es\/produto\/recuerdos-portugal\/accesorios-casa\/posavasos\/posavasos-alicatos-set-2\" class=\"woocommerce-LoopProduct-link woocommerce-loop-product__link\">Posavasos ALICATOS \u00d89,5 &#8211; conjunto de 2<\/a><\/p><\/div><div class=\"price-wrapper\">\n\t<span class=\"price\"><span class=\"woocommerce-Price-amount amount\"><bdi>18.50<span class=\"woocommerce-Price-currencySymbol\">&euro;<\/span><\/bdi><\/span><\/span>\n<\/div><div class=\"add-to-cart-button\"><a href=\"https:\/\/www.companhiaatlantica.pt\/es\/produto\/recuerdos-portugal\/accesorios-casa\/posavasos\/posavasos-alicatos-set-2\" aria-describedby=\"woocommerce_loop_add_to_cart_link_describedby_55955\" data-quantity=\"1\" class=\"primary is-small mb-0 button product_type_variable add_to_cart_button is-outline\" data-product_id=\"55955\" data-product_sku=\"\" aria-label=\"Elige las opciones para &ldquo;Posavasos ALICATOS \u00d89,5 - conjunto de 2&rdquo;\" rel=\"nofollow\" data-product_name=\"Posavasos ALICATOS \u00d89,5 - conjunto de 2\" data-product_image=\"https:\/\/www.companhiaatlantica.pt\/wp-content\/uploads\/2024\/04\/131-127_a-350x350.jpg\">Seleccionar opciones<\/a><\/div>\t<span id=\"woocommerce_loop_add_to_cart_link_describedby_55955\" class=\"screen-reader-text\">\n\t\tEste producto tiene m\u00faltiples variantes. Las opciones se pueden elegir en la p\u00e1gina de producto\t<\/span>\n\t\t<\/div>\n\t<\/div>\n\t<span class=\"gtm4wp_productdata\" style=\"display:none; visibility:hidden;\" data-gtm4wp_product_data=\"{&quot;internal_id&quot;:55955,&quot;item_id&quot;:55955,&quot;item_name&quot;:&quot;Posavasos ALICATOS \\u00d89,5 - conjunto de 2&quot;,&quot;sku&quot;:55955,&quot;price&quot;:18.5,&quot;stocklevel&quot;:null,&quot;stockstatus&quot;:&quot;instock&quot;,&quot;google_business_vertical&quot;:&quot;retail&quot;,&quot;item_category&quot;:&quot;Vida Portuguesa&quot;,&quot;item_category2&quot;:&quot;Acess\\u00f3rios Casa&quot;,&quot;item_category3&quot;:&quot;Bases copos&quot;,&quot;id&quot;:55955,&quot;productlink&quot;:&quot;https:\\\/\\\/www.companhiaatlantica.pt\\\/es\\\/produto\\\/recuerdos-portugal\\\/accesorios-casa\\\/posavasos\\\/posavasos-alicatos-set-2&quot;,&quot;item_list_name&quot;:&quot;Lista general de productos&quot;,&quot;index&quot;:1,&quot;product_type&quot;:&quot;variable&quot;,&quot;item_brand&quot;:&quot;&quot;}\"><\/span>\t<\/div>\n<\/div><div class=\"product-small col has-hover product type-product post-46668 status-publish instock product_cat-aceiteras-de-ceramica-artesanal product_cat-ceramica-portuguesa has-post-thumbnail featured taxable shipping-taxable purchasable product-type-variable has-default-attributes\">\n\t<div class=\"col-inner\">\n\t\n<div class=\"badge-container absolute left top z-1\">\n\n<\/div>\n\t<div class=\"product-small box \">\n\t\t<div class=\"box-image\">\n\t\t\t<div class=\"image-fade_in_back\">\n\t\t\t\t<a href=\"https:\/\/www.companhiaatlantica.pt\/es\/produto\/ceramica-portuguesa\/aceiteras-de-ceramica-artesanal\/botella-de-aceite-comporta\">\n\t\t\t\t\t<img loading=\"lazy\" decoding=\"async\" width=\"700\" height=\"700\" src=\"https:\/\/www.companhiaatlantica.pt\/wp-content\/uploads\/2023\/09\/130-870_871-2-700x700.jpg\" class=\"attachment-woocommerce_thumbnail size-woocommerce_thumbnail\" alt=\"Botella de aceite de oliva COMPORTA\" srcset=\"https:\/\/www.companhiaatlantica.pt\/wp-content\/uploads\/2023\/09\/130-870_871-2-700x700.jpg 700w, https:\/\/www.companhiaatlantica.pt\/wp-content\/uploads\/2023\/09\/130-870_871-2-100x100.jpg 100w, https:\/\/www.companhiaatlantica.pt\/wp-content\/uploads\/2023\/09\/130-870_871-2-900x900.jpg 900w, https:\/\/www.companhiaatlantica.pt\/wp-content\/uploads\/2023\/09\/130-870_871-2-400x400.jpg 400w, https:\/\/www.companhiaatlantica.pt\/wp-content\/uploads\/2023\/09\/130-870_871-2-350x350.jpg 350w, https:\/\/www.companhiaatlantica.pt\/wp-content\/uploads\/2023\/09\/130-870_871-2-768x768.jpg 768w, https:\/\/www.companhiaatlantica.pt\/wp-content\/uploads\/2023\/09\/130-870_871-2.jpg 1000w\" sizes=\"auto, (max-width: 700px) 100vw, 700px\" title=\"\"><img loading=\"lazy\" decoding=\"async\" width=\"700\" height=\"700\" src=\"https:\/\/www.companhiaatlantica.pt\/wp-content\/uploads\/2023\/09\/130-871-700x700.jpg\" class=\"show-on-hover absolute fill hide-for-small back-image\" alt=\"Alternative view of Botella de aceite de oliva COMPORTA\" aria-hidden=\"true\" srcset=\"https:\/\/www.companhiaatlantica.pt\/wp-content\/uploads\/2023\/09\/130-871-700x700.jpg 700w, https:\/\/www.companhiaatlantica.pt\/wp-content\/uploads\/2023\/09\/130-871-100x100.jpg 100w, https:\/\/www.companhiaatlantica.pt\/wp-content\/uploads\/2023\/09\/130-871-900x900.jpg 900w, https:\/\/www.companhiaatlantica.pt\/wp-content\/uploads\/2023\/09\/130-871-400x400.jpg 400w, https:\/\/www.companhiaatlantica.pt\/wp-content\/uploads\/2023\/09\/130-871-350x350.jpg 350w, https:\/\/www.companhiaatlantica.pt\/wp-content\/uploads\/2023\/09\/130-871-768x768.jpg 768w, https:\/\/www.companhiaatlantica.pt\/wp-content\/uploads\/2023\/09\/130-871.jpg 1000w\" sizes=\"auto, (max-width: 700px) 100vw, 700px\" title=\"\">\t\t\t\t<\/a>\n\t\t\t<\/div>\n\t\t\t<div class=\"image-tools is-small top right show-on-hover\">\n\t\t\t\t\t\t<div class=\"wishlist-icon\">\n\t\t\t<button class=\"wishlist-button button is-outline circle icon\" aria-label=\"Lista de deseos\">\n\t\t\t\t<i class=\"icon-heart\" aria-hidden=\"true\"><\/i>\t\t\t<\/button>\n\t\t\t<div class=\"wishlist-popup dark\">\n\t\t\t\t\n<div\n\tclass=\"yith-wcwl-add-to-wishlist add-to-wishlist-46668 yith-wcwl-add-to-wishlist--button_default-style wishlist-fragment on-first-load\"\n\tdata-fragment-ref=\"46668\"\n\tdata-fragment-options=\"{&quot;base_url&quot;:&quot;&quot;,&quot;product_id&quot;:46668,&quot;parent_product_id&quot;:0,&quot;product_type&quot;:&quot;variable&quot;,&quot;is_single&quot;:false,&quot;in_default_wishlist&quot;:false,&quot;show_view&quot;:false,&quot;browse_wishlist_text&quot;:&quot;Consulta tu WishList&quot;,&quot;already_in_wishslist_text&quot;:&quot;\\u00a1Este producto ya esta en tu wishlist!&quot;,&quot;product_added_text&quot;:&quot;Producto A\\u00f1adido!&quot;,&quot;available_multi_wishlist&quot;:false,&quot;disable_wishlist&quot;:false,&quot;show_count&quot;:false,&quot;ajax_loading&quot;:false,&quot;loop_position&quot;:&quot;after_add_to_cart&quot;,&quot;item&quot;:&quot;add_to_wishlist&quot;}\"\n>\n\t\t\t\n\t\t\t<!-- ADD TO WISHLIST -->\n\t\t\t\n<div class=\"yith-wcwl-add-button\">\n\t\t<a\n\t\thref=\"?add_to_wishlist=46668&#038;_wpnonce=52d31225f0\"\n\t\tclass=\"add_to_wishlist single_add_to_wishlist alt button theme-button-style \"\n\t\tdata-product-id=\"46668\"\n\t\tdata-product-type=\"variable\"\n\t\tdata-original-product-id=\"0\"\n\t\tdata-title=\"A\u00f1adir Wishlist\"\n\t\trel=\"nofollow\"\n\t>\n\t\t<svg id=\"yith-wcwl-icon-heart-outline\" class=\"yith-wcwl-icon-svg\" fill=\"none\" stroke-width=\"1.5\" stroke=\"currentColor\" viewBox=\"0 0 24 24\" xmlns=\"http:\/\/www.w3.org\/2000\/svg\">\n  <path stroke-linecap=\"round\" stroke-linejoin=\"round\" d=\"M21 8.25c0-2.485-2.099-4.5-4.688-4.5-1.935 0-3.597 1.126-4.312 2.733-.715-1.607-2.377-2.733-4.313-2.733C5.1 3.75 3 5.765 3 8.25c0 7.22 9 12 9 12s9-4.78 9-12Z\"><\/path>\n<\/svg>\t\t<span>A\u00f1adir Wishlist<\/span>\n\t<\/a>\n<\/div>\n\n\t\t\t<!-- COUNT TEXT -->\n\t\t\t\n\t\t\t<\/div>\n\t\t\t<\/div>\n\t\t<\/div>\n\t\t\t\t\t<\/div>\n\t\t\t<div class=\"image-tools is-small hide-for-small bottom left show-on-hover\">\n\t\t\t\t\t\t\t<\/div>\n\t\t\t<div class=\"image-tools grid-tools text-center hide-for-small bottom hover-slide-in show-on-hover\">\n\t\t\t\t\t\t\t<\/div>\n\t\t\t\t\t<\/div>\n\n\t\t<div class=\"box-text box-text-products\">\n\t\t\t<span class=\"featured-badge\"><img decoding=\"async\" src=\"https:\/\/cdn.companhiaatlantica.pt\/wp-content\/themes\/flatsome-child\/src\/img\/ar-icon-2.jpg\" alt=\"AR Icon\" class=\"ar-icon\" title=\"\"><\/span><div class=\"title-wrapper\">\t\t<p class=\"category uppercase is-smaller no-text-overflow product-cat op-8\">\n\t\t\tAceiteras de Cer\u00e1mica Artesanal\t\t<\/p>\n\t<p class=\"name product-title woocommerce-loop-product__title\"><a href=\"https:\/\/www.companhiaatlantica.pt\/es\/produto\/ceramica-portuguesa\/aceiteras-de-ceramica-artesanal\/botella-de-aceite-comporta\" class=\"woocommerce-LoopProduct-link woocommerce-loop-product__link\">Botella de aceite de oliva COMPORTA<\/a><\/p><\/div><div class=\"price-wrapper\">\n\t<span class=\"price\"><span class=\"woocommerce-Price-amount amount\"><bdi>34.90<span class=\"woocommerce-Price-currencySymbol\">&euro;<\/span><\/bdi><\/span><\/span>\n<\/div><div class=\"add-to-cart-button\"><a href=\"https:\/\/www.companhiaatlantica.pt\/es\/produto\/ceramica-portuguesa\/aceiteras-de-ceramica-artesanal\/botella-de-aceite-comporta\" aria-describedby=\"woocommerce_loop_add_to_cart_link_describedby_46668\" data-quantity=\"1\" class=\"primary is-small mb-0 button product_type_variable add_to_cart_button is-outline\" data-product_id=\"46668\" data-product_sku=\"\" aria-label=\"Elige las opciones para &ldquo;Botella de aceite de oliva COMPORTA&rdquo;\" rel=\"nofollow\" data-product_name=\"Botella de aceite de oliva COMPORTA\" data-product_image=\"https:\/\/www.companhiaatlantica.pt\/wp-content\/uploads\/2023\/09\/130-870_871-2-350x350.jpg\">Seleccionar opciones<\/a><\/div>\t<span id=\"woocommerce_loop_add_to_cart_link_describedby_46668\" class=\"screen-reader-text\">\n\t\tEste producto tiene m\u00faltiples variantes. Las opciones se pueden elegir en la p\u00e1gina de producto\t<\/span>\n\t\t<\/div>\n\t<\/div>\n\t<span class=\"gtm4wp_productdata\" style=\"display:none; visibility:hidden;\" data-gtm4wp_product_data=\"{&quot;internal_id&quot;:46668,&quot;item_id&quot;:46668,&quot;item_name&quot;:&quot;Botella de aceite de oliva COMPORTA&quot;,&quot;sku&quot;:46668,&quot;price&quot;:30,&quot;stocklevel&quot;:null,&quot;stockstatus&quot;:&quot;instock&quot;,&quot;google_business_vertical&quot;:&quot;retail&quot;,&quot;item_category&quot;:&quot;Cer\\u00e2mica Portuguesa Artesanal&quot;,&quot;item_category2&quot;:&quot;Galheteiros&quot;,&quot;id&quot;:46668,&quot;productlink&quot;:&quot;https:\\\/\\\/www.companhiaatlantica.pt\\\/es\\\/produto\\\/ceramica-portuguesa\\\/aceiteras-de-ceramica-artesanal\\\/botella-de-aceite-comporta&quot;,&quot;item_list_name&quot;:&quot;Lista general de productos&quot;,&quot;index&quot;:2,&quot;product_type&quot;:&quot;variable&quot;,&quot;item_brand&quot;:&quot;&quot;}\"><\/span>\t<\/div>\n<\/div><\/div><!-- row -->\n<\/div>\n<h4><strong>Vamos escolher as suas pr\u00f3ximas prendas originais?<\/strong><\/h4>\n<p><span style=\"font-weight: 400;\">Na Companhia Atl\u00e2ntica, acreditamos na import\u00e2ncia de presentear aqueles que ocupam um lugar especial nas nossas vidas com gestos que v\u00e3o al\u00e9m das palavras. <\/span>Venha descobrir <a href=\"https:\/\/www.companhiaatlantica.pt\/decoracao\">como os nossos produtos<\/a> podem tornar cada momento ainda mais memor\u00e1vel.<\/p>\n<p><strong>Boas comemora\u00e7\u00f5es!<\/strong><\/p>\n<h3><\/h3>\n","protected":false},"excerpt":{"rendered":"<p>Presentes originais para sair do \u00f3bvio! \u00c9 certo que o mundo nunca p\u00e1ra de girar, mas h\u00e1 momentos que merecem uma pausa para serem celebrados com amor, gratid\u00e3o e originalidade. Com um olhar atento \u00e0 cultura portuguesa e um toque de inspira\u00e7\u00e3o, os nossos presentes foram cuidadosamente selecionados para transmitir emo\u00e7\u00e3o, eleg\u00e2ncia e autenticidade. Vamos, [&#8230;]\n","protected":false},"author":636,"featured_media":57053,"comment_status":"closed","ping_status":"open","sticky":false,"template":"","format":"standard","meta":{"footnotes":""},"categories":[1323],"tags":[],"class_list":["post-57134","post","type-post","status-publish","format-standard","has-post-thumbnail","hentry","category-articulo"],"_links":{"self":[{"href":"https:\/\/www.companhiaatlantica.pt\/es\/wp-json\/wp\/v2\/posts\/57134","targetHints":{"allow":["GET"]}}],"collection":[{"href":"https:\/\/www.companhiaatlantica.pt\/es\/wp-json\/wp\/v2\/posts"}],"about":[{"href":"https:\/\/www.companhiaatlantica.pt\/es\/wp-json\/wp\/v2\/types\/post"}],"author":[{"embeddable":true,"href":"https:\/\/www.companhiaatlantica.pt\/es\/wp-json\/wp\/v2\/users\/636"}],"replies":[{"embeddable":true,"href":"https:\/\/www.companhiaatlantica.pt\/es\/wp-json\/wp\/v2\/comments?post=57134"}],"version-history":[{"count":5,"href":"https:\/\/www.companhiaatlantica.pt\/es\/wp-json\/wp\/v2\/posts\/57134\/revisions"}],"predecessor-version":[{"id":88379,"href":"https:\/\/www.companhiaatlantica.pt\/es\/wp-json\/wp\/v2\/posts\/57134\/revisions\/88379"}],"wp:featuredmedia":[{"embeddable":true,"href":"https:\/\/www.companhiaatlantica.pt\/es\/wp-json\/wp\/v2\/media\/57053"}],"wp:attachment":[{"href":"https:\/\/www.companhiaatlantica.pt\/es\/wp-json\/wp\/v2\/media?parent=57134"}],"wp:term":[{"taxonomy":"category","embeddable":true,"href":"https:\/\/www.companhiaatlantica.pt\/es\/wp-json\/wp\/v2\/categories?post=57134"},{"taxonomy":"post_tag","embeddable":true,"href":"https:\/\/www.companhiaatlantica.pt\/es\/wp-json\/wp\/v2\/tags?post=57134"}],"curies":[{"name":"wp","href":"https:\/\/api.w.org\/{rel}","templated":true}]}}