{"id":64379,"date":"2024-09-17T09:34:15","date_gmt":"2024-09-17T08:34:15","guid":{"rendered":"https:\/\/www.companhiaatlantica.pt\/sin-categorizar\/aromaterapia-descubre-los-beneficios-de-los-aceites-esenciales-para-el-bienestar"},"modified":"2024-09-17T09:34:17","modified_gmt":"2024-09-17T08:34:17","slug":"aromaterapia-descubre-los-beneficios-de-los-aceites-esenciales-para-el-bienestar","status":"publish","type":"post","link":"https:\/\/www.companhiaatlantica.pt\/es\/articulo\/aromaterapia-descubre-los-beneficios-de-los-aceites-esenciales-para-el-bienestar","title":{"rendered":"Aromaterapia: descubre los beneficios de los aceites esenciales para el bienestar"},"content":{"rendered":"\n<nav aria-label=\"breadcrumbs\" class=\"rank-math-breadcrumb\"><p><span class=\"last\">In\u00edcio<\/span><\/p><\/nav>\n\n\t<section class=\"section\" id=\"section_224375368\">\n\t\t<div class=\"section-bg fill\" >\n\t\t\t\t\t\t\t\t\t\n\t\t\t\n\n\t\t<\/div>\n\n\t\t\n\n\t\t<div class=\"section-content relative\">\n\t\t\t\n\n\n  <div class=\"banner has-hover\" id=\"banner-1341034304\">\n          <div class=\"banner-inner fill\">\n        <div class=\"banner-bg fill\" >\n            <img loading=\"lazy\" decoding=\"async\" width=\"1020\" height=\"680\" src=\"https:\/\/www.companhiaatlantica.pt\/wp-content\/uploads\/2024\/08\/1O1A1689-1024x683.jpg\" class=\"bg attachment-large size-large\" alt=\"\" title=\"\">                        <div class=\"overlay\"><\/div>            \n                    <\/div>\n\t\t\n        <div class=\"banner-layers container\">\n            <div class=\"fill banner-link\"><\/div>            \n\n   <div id=\"text-box-1728672063\" class=\"text-box banner-layer x50 md-x50 lg-x50 y50 md-y50 lg-y50 res-text\">\n                                <div class=\"text-box-content text dark\">\n              \n              <div class=\"text-inner text-center\">\n                  \n\n<h3 class=\"uppercase\"><strong>AROMATERAPIA: DESCUBRE LOS BENEFICIOS DE LOS ACEITES ESENCIALES PARA TU BIENESTAR<\/strong><\/h3>\n\n\n              <\/div>\n           <\/div>\n                            \n<style>\n#text-box-1728672063 {\n  width: 60%;\n}\n#text-box-1728672063 .text-box-content {\n  font-size: 100%;\n}\n<\/style>\n    <\/div>\n \n\n        <\/div>\n      <\/div>\n\n            \n<style>\n#banner-1341034304 {\n  padding-top: 500px;\n}\n#banner-1341034304 .overlay {\n  background-color: rgba(121, 121, 121, 0.5);\n}\n<\/style>\n  <\/div>\n\n\n<div class=\"row\"  id=\"row-2086377708\">\n\n\n\t<div id=\"col-1350344909\" class=\"col small-12 large-12\"  >\n\t\t\t\t<div class=\"col-inner\"  >\n\t\t\t\n\t\t\t\n\n\t<div id=\"gap-2115618431\" class=\"gap-element clearfix\" style=\"display:block; height:auto;\">\n\t\t\n<style>\n#gap-2115618431 {\n  padding-top: 30px;\n}\n<\/style>\n\t<\/div>\n\t\n\n<p><span style=\"font-weight: 400;\">En el ritmo acelerado de la vida moderna, encontrar momentos de tranquilidad y equilibrio se ha vuelto esencial para cuidar nuestro bienestar, tanto f\u00edsico como emocional.\nEn este contexto, la aromaterapia, una pr\u00e1ctica ancestral que utiliza los poderes terap\u00e9uticos de los aceites esenciales, est\u00e1 adquiriendo cada vez m\u00e1s importancia. <\/span><\/p>\n<p><span style=\"font-weight: 400;\">Al explorar los aromas que ofrece la naturaleza, la aromaterapia favorece la salud f\u00edsica, adem\u00e1s de elevar nuestro estado de \u00e1nimo al proporcionarnos una experiencia sensorial \u00fanica y reparadora.<\/span><\/p>\n\t<div id=\"gap-1333254096\" class=\"gap-element clearfix\" style=\"display:block; height:auto;\">\n\t\t\n<style>\n#gap-1333254096 {\n  padding-top: 30px;\n}\n<\/style>\n\t<\/div>\n\t\n\n<div class=\"row\"  id=\"row-1632015162\">\n\n\n\t<div id=\"col-1866048479\" class=\"col small-12 large-12\"  >\n\t\t\t\t<div class=\"col-inner\"  >\n\t\t\t\n\t\t\t\n\n<h2><span style=\"font-weight: 400;\">\u00bfQu\u00e9 es la aromaterapia?<\/span><\/h2>\n<p><span style=\"font-weight: 400;\">Esta pr\u00e1ctica terap\u00e9utica utiliza aceites esenciales extra\u00eddos de plantas, flores, hierbas y \u00e1rboles para promover la salud y el bienestar.\nEstos aceites pueden inhalarse, aplicarse sobre la piel o utilizarse en masajes, cada uno con propiedades espec\u00edficas que pueden influir positivamente tanto en el cuerpo como en la mente. <\/span><\/p>\n<h3><span style=\"font-weight: 400;\">Historia de la aromaterapia<\/span><\/h3>\n<p><span style=\"font-weight: 400;\">El uso de aceites esenciales con fines terap\u00e9uticos se remonta a civilizaciones antiguas como Egipto, Grecia, Roma y China, donde las propiedades arom\u00e1ticas de las plantas eran muy reconocidas y valoradas.\nLos antiguos egipcios, por ejemplo, utilizaban los aceites esenciales para tratar diversas afecciones y para embalsamar. <\/span><\/p>\n<p><span style=\"font-weight: 400;\">Sin embargo, la palabra &#8220;aromaterapia&#8221; fue acu\u00f1ada por el qu\u00edmico franc\u00e9s Ren\u00e9-Maurice Gattefoss\u00e9 a principios del siglo XX, tras descubrir los beneficios curativos del aceite esencial de lavanda aplicado sobre quemaduras.\nA partir de entonces, la aromaterapia empez\u00f3 a ganar reconocimiento moderno como forma eficaz de tratamiento complementario. <\/span><\/p>\n<h3><span style=\"font-weight: 400;\">\u00bfC\u00f3mo funciona?<\/span><\/h3>\n<p><span style=\"font-weight: 400;\">El cuerpo puede absorber los aceites esenciales a trav\u00e9s de la piel, donde entran en el torrente sangu\u00edneo y tienen efectos fisiol\u00f3gicos.\nCuando se inhalan, los aromas son detectados por los receptores olfativos de la nariz, que env\u00edan mensajes al sistema l\u00edmbico del cerebro, la parte del cerebro que controla las emociones y la memoria. <\/span><\/p>\n<p><span style=\"font-weight: 400;\">Esta interacci\u00f3n puede influir en el estado de \u00e1nimo, la funci\u00f3n cognitiva, el estr\u00e9s e incluso la respuesta inmunitaria.<\/span><\/p>\n\n\t\t<\/div>\n\t\t\t\t\t<\/div>\n\n\t\n\n<\/div>\n\n\t\t<\/div>\n\t\t\t\t\t<\/div>\n\n\t\n\n<\/div>\n\n\t\t<\/div>\n\n\t\t\n<style>\n#section_224375368 {\n  padding-top: 30px;\n  padding-bottom: 30px;\n}\n<\/style>\n\t<\/section>\n\t\n\n\t<section class=\"section\" id=\"section_263048016\">\n\t\t<div class=\"section-bg fill\" >\n\t\t\t\t\t\t\t\t\t\n\t\t\t\n\n\t\t<\/div>\n\n\t\t\n\n\t\t<div class=\"section-content relative\">\n\t\t\t\n\n<div class=\"row\"  id=\"row-1738766153\">\n\n\n\t<div id=\"col-1032754285\" class=\"col small-12 large-12\"  >\n\t\t\t\t<div class=\"col-inner\"  >\n\t\t\t\n\t\t\t\n\n<div class=\"row\"  id=\"row-1093101159\">\n\n\n\t<div id=\"col-1045696039\" class=\"col medium-6 small-12 large-6\"  >\n\t\t\t\t<div class=\"col-inner\"  >\n\t\t\t\n\t\t\t\n\n<h2><span style=\"font-weight: 400;\">Beneficios de la aromaterapia<\/span><\/h2>\n<p><span style=\"font-weight: 400;\">Los beneficios son amplios y variados y abarcan tanto el bienestar f\u00edsico como el emocional.  <\/span><\/p>\n<ul>\n<li style=\"font-weight: 400;\" aria-level=\"1\"><b>Reducci\u00f3n del estr\u00e9s y la ansiedad:<\/b><span style=\"font-weight: 400;\">  Los aceites esenciales como la lavanda, el ylang-ylang, la bergamota y el pachul\u00ed son conocidos por sus propiedades calmantes, que ayudan a reducir el estr\u00e9s y la ansiedad.\nInhalar estos aromas puede ayudar a relajar el sistema nervioso y promover una sensaci\u00f3n de calma; <\/span><\/li>\n<li style=\"font-weight: 400;\" aria-level=\"1\"><b>Mejora el estado de \u00e1nimo:  <\/b><span style=\"font-weight: 400;\">Aromas como la naranja dulce y la menta pueden levantar el \u00e1nimo y proporcionar una sensaci\u00f3n de alegr\u00eda y revitalizaci\u00f3n.\nEstos aceites esenciales se utilizan a menudo para combatir la depresi\u00f3n y la fatiga mental; <\/span><\/li>\n<li style=\"font-weight: 400;\" aria-level=\"1\"><b>Mejora la calidad del sue\u00f1o:  <\/b><span style=\"font-weight: 400;\">Los aceites esenciales como la lavanda y la manzanilla son populares por sus propiedades, conocidas por ayudarte a dormir mejor.\nDifundirlos en el dormitorio antes de acostarte puede ayudar a mejorar la calidad del sue\u00f1o y combatir el insomnio; <\/span><\/li>\n<li style=\"font-weight: 400;\" aria-level=\"1\"><b>Propiedades antiinflamatorias, antis\u00e9pticas y cicatrizantes:<\/b><span style=\"font-weight: 400;\"> algunos aceites esenciales, como<\/span><i><span style=\"font-weight: 400;\"> \u00e1rbol del t\u00e9<\/span><\/i><span style=\"font-weight: 400;\"> (\u00e1rbol del t\u00e9) y el eucalipto, tienen propiedades antiinflamatorias, antis\u00e9pticas y cicatrizantes y pueden utilizarse para tratar peque\u00f1as heridas, infecciones e inflamaciones de la piel, u otros problemas como dolores de cabeza y migra\u00f1as.<\/span><\/li>\n<\/ul>\n\n\t\t<\/div>\n\t\t\t\t\t<\/div>\n\n\t\n\n\t<div id=\"col-1518022537\" class=\"col medium-6 small-12 large-6\"  >\n\t\t\t\t<div class=\"col-inner\"  >\n\t\t\t\n\t\t\t\n\n\t<div class=\"img has-hover x md-x lg-x y md-y lg-y\" id=\"image_916817488\">\n\t\t\t\t\t\t\t\t<div class=\"img-inner dark\" >\n\t\t\t<img loading=\"lazy\" decoding=\"async\" width=\"947\" height=\"1024\" src=\"https:\/\/www.companhiaatlantica.pt\/wp-content\/uploads\/2024\/08\/1O1A0668-1-947x1024.jpg\" class=\"attachment-large size-large\" alt=\"\" srcset=\"https:\/\/www.companhiaatlantica.pt\/wp-content\/uploads\/2024\/08\/1O1A0668-1-947x1024.jpg 947w, https:\/\/www.companhiaatlantica.pt\/wp-content\/uploads\/2024\/08\/1O1A0668-1-900x973.jpg 900w, https:\/\/www.companhiaatlantica.pt\/wp-content\/uploads\/2024\/08\/1O1A0668-1-370x400.jpg 370w, https:\/\/www.companhiaatlantica.pt\/wp-content\/uploads\/2024\/08\/1O1A0668-1-768x830.jpg 768w, https:\/\/www.companhiaatlantica.pt\/wp-content\/uploads\/2024\/08\/1O1A0668-1-1421x1536.jpg 1421w, https:\/\/www.companhiaatlantica.pt\/wp-content\/uploads\/2024\/08\/1O1A0668-1-1895x2048.jpg 1895w, https:\/\/www.companhiaatlantica.pt\/wp-content\/uploads\/2024\/08\/1O1A0668-1-1320x1427.jpg 1320w, https:\/\/www.companhiaatlantica.pt\/wp-content\/uploads\/2024\/08\/1O1A0668-1.jpg 2001w\" sizes=\"auto, (max-width: 947px) 100vw, 947px\" title=\"\">\t\t\t\t\t\t\n\t\t\t\t\t<\/div>\n\t\t\t\t\t\t\t\t\n<style>\n#image_916817488 {\n  width: 100%;\n}\n<\/style>\n\t<\/div>\n\t\n\n\n\t\t<\/div>\n\t\t\t\t\t<\/div>\n\n\t\n\n<\/div>\n\n\t\t<\/div>\n\t\t\t\t\t<\/div>\n\n\t\n\n<\/div>\n<div class=\"woocommerce columns-2 \"><div class=\"products row row-small large-columns-2 medium-columns-3 small-columns-1 has-equal-box-heights equalize-box\">\n<div class=\"product-small col has-hover product type-product post-61186 status-publish first instock product_cat-ambientadores-mikado product_cat-velas-difusores has-post-thumbnail featured taxable shipping-taxable purchasable product-type-variable\">\n\t<div class=\"col-inner\">\n\t\n<div class=\"badge-container absolute left top z-1\">\n\n<div class=\"badge callout badge-circle\"><div class=\"badge-inner callout-new-bg is-small new-bubble\">NEW <\/br><b>100ml<\/b><\/div><\/div><\/div>\n\t<div class=\"product-small box \">\n\t\t<div class=\"box-image\">\n\t\t\t<div class=\"image-fade_in_back\">\n\t\t\t\t<a href=\"https:\/\/www.companhiaatlantica.pt\/es\/produto\/velas-difusores\/ambientadores-mikado\/difusor-azulejo-100ml\">\n\t\t\t\t\t<img loading=\"lazy\" decoding=\"async\" width=\"700\" height=\"700\" src=\"https:\/\/www.companhiaatlantica.pt\/wp-content\/uploads\/2024\/11\/140-212-1-700x700.jpg\" class=\"attachment-woocommerce_thumbnail size-woocommerce_thumbnail\" alt=\"Difusor Mikado AZULEJO 100ml\" srcset=\"https:\/\/www.companhiaatlantica.pt\/wp-content\/uploads\/2024\/11\/140-212-1-700x700.jpg 700w, https:\/\/www.companhiaatlantica.pt\/wp-content\/uploads\/2024\/11\/140-212-1-100x100.jpg 100w, https:\/\/www.companhiaatlantica.pt\/wp-content\/uploads\/2024\/11\/140-212-1-400x400.jpg 400w, https:\/\/www.companhiaatlantica.pt\/wp-content\/uploads\/2024\/11\/140-212-1-350x350.jpg 350w, https:\/\/www.companhiaatlantica.pt\/wp-content\/uploads\/2024\/11\/140-212-1-768x768.jpg 768w, https:\/\/www.companhiaatlantica.pt\/wp-content\/uploads\/2024\/11\/140-212-1-600x600.jpg 600w, https:\/\/www.companhiaatlantica.pt\/wp-content\/uploads\/2024\/11\/140-212-1.jpg 900w\" sizes=\"auto, (max-width: 700px) 100vw, 700px\" title=\"\"><img loading=\"lazy\" decoding=\"async\" width=\"700\" height=\"700\" src=\"https:\/\/www.companhiaatlantica.pt\/wp-content\/uploads\/2024\/07\/reed-diffuser-azulejo-white-700x700.jpg\" class=\"show-on-hover absolute fill hide-for-small back-image\" alt=\"Alternative view of Difusor Mikado AZULEJO 100ml\" aria-hidden=\"true\" srcset=\"https:\/\/www.companhiaatlantica.pt\/wp-content\/uploads\/2024\/07\/reed-diffuser-azulejo-white-700x700.jpg 700w, https:\/\/www.companhiaatlantica.pt\/wp-content\/uploads\/2024\/07\/reed-diffuser-azulejo-white-100x100.jpg 100w, https:\/\/www.companhiaatlantica.pt\/wp-content\/uploads\/2024\/07\/reed-diffuser-azulejo-white-900x900.jpg 900w, https:\/\/www.companhiaatlantica.pt\/wp-content\/uploads\/2024\/07\/reed-diffuser-azulejo-white-400x400.jpg 400w, https:\/\/www.companhiaatlantica.pt\/wp-content\/uploads\/2024\/07\/reed-diffuser-azulejo-white-1024x1024.jpg 1024w, https:\/\/www.companhiaatlantica.pt\/wp-content\/uploads\/2024\/07\/reed-diffuser-azulejo-white-350x350.jpg 350w, https:\/\/www.companhiaatlantica.pt\/wp-content\/uploads\/2024\/07\/reed-diffuser-azulejo-white-768x768.jpg 768w, https:\/\/www.companhiaatlantica.pt\/wp-content\/uploads\/2024\/07\/reed-diffuser-azulejo-white.jpg 1080w\" sizes=\"auto, (max-width: 700px) 100vw, 700px\" title=\"\">\t\t\t\t<\/a>\n\t\t\t<\/div>\n\t\t\t<div class=\"image-tools is-small top right show-on-hover\">\n\t\t\t\t\t\t<div class=\"wishlist-icon\">\n\t\t\t<button class=\"wishlist-button button is-outline circle icon\" aria-label=\"Lista de deseos\">\n\t\t\t\t<i class=\"icon-heart\" aria-hidden=\"true\"><\/i>\t\t\t<\/button>\n\t\t\t<div class=\"wishlist-popup dark\">\n\t\t\t\t\n<div\n\tclass=\"yith-wcwl-add-to-wishlist add-to-wishlist-61186 yith-wcwl-add-to-wishlist--button_default-style wishlist-fragment on-first-load\"\n\tdata-fragment-ref=\"61186\"\n\tdata-fragment-options=\"{&quot;base_url&quot;:&quot;&quot;,&quot;product_id&quot;:61186,&quot;parent_product_id&quot;:0,&quot;product_type&quot;:&quot;variable&quot;,&quot;is_single&quot;:false,&quot;in_default_wishlist&quot;:false,&quot;show_view&quot;:false,&quot;browse_wishlist_text&quot;:&quot;Consulta tu WishList&quot;,&quot;already_in_wishslist_text&quot;:&quot;\\u00a1Este producto ya esta en tu wishlist!&quot;,&quot;product_added_text&quot;:&quot;Producto A\\u00f1adido!&quot;,&quot;available_multi_wishlist&quot;:false,&quot;disable_wishlist&quot;:false,&quot;show_count&quot;:false,&quot;ajax_loading&quot;:false,&quot;loop_position&quot;:&quot;after_add_to_cart&quot;,&quot;item&quot;:&quot;add_to_wishlist&quot;}\"\n>\n\t\t\t\n\t\t\t<!-- ADD TO WISHLIST -->\n\t\t\t\n<div class=\"yith-wcwl-add-button\">\n\t\t<a\n\t\thref=\"?add_to_wishlist=61186&#038;_wpnonce=52d31225f0\"\n\t\tclass=\"add_to_wishlist single_add_to_wishlist alt button theme-button-style \"\n\t\tdata-product-id=\"61186\"\n\t\tdata-product-type=\"variable\"\n\t\tdata-original-product-id=\"0\"\n\t\tdata-title=\"A\u00f1adir Wishlist\"\n\t\trel=\"nofollow\"\n\t>\n\t\t<svg id=\"yith-wcwl-icon-heart-outline\" class=\"yith-wcwl-icon-svg\" fill=\"none\" stroke-width=\"1.5\" stroke=\"currentColor\" viewBox=\"0 0 24 24\" xmlns=\"http:\/\/www.w3.org\/2000\/svg\">\n  <path stroke-linecap=\"round\" stroke-linejoin=\"round\" d=\"M21 8.25c0-2.485-2.099-4.5-4.688-4.5-1.935 0-3.597 1.126-4.312 2.733-.715-1.607-2.377-2.733-4.313-2.733C5.1 3.75 3 5.765 3 8.25c0 7.22 9 12 9 12s9-4.78 9-12Z\"><\/path>\n<\/svg>\t\t<span>A\u00f1adir Wishlist<\/span>\n\t<\/a>\n<\/div>\n\n\t\t\t<!-- COUNT TEXT -->\n\t\t\t\n\t\t\t<\/div>\n\t\t\t<\/div>\n\t\t<\/div>\n\t\t\t\t\t<\/div>\n\t\t\t<div class=\"image-tools is-small hide-for-small bottom left show-on-hover\">\n\t\t\t\t\t\t\t<\/div>\n\t\t\t<div class=\"image-tools grid-tools text-center hide-for-small bottom hover-slide-in show-on-hover\">\n\t\t\t\t\t\t\t<\/div>\n\t\t\t\t\t<\/div>\n\n\t\t<div class=\"box-text box-text-products\">\n\t\t\t<span class=\"featured-badge\"><img decoding=\"async\" src=\"https:\/\/cdn.companhiaatlantica.pt\/wp-content\/themes\/flatsome-child\/src\/img\/ar-icon-2.jpg\" alt=\"AR Icon\" class=\"ar-icon\" title=\"\"><\/span><div class=\"title-wrapper\">\t\t<p class=\"category uppercase is-smaller no-text-overflow product-cat op-8\">\n\t\t\tAmbientadores Mikado\t\t<\/p>\n\t<p class=\"name product-title woocommerce-loop-product__title\"><a href=\"https:\/\/www.companhiaatlantica.pt\/es\/produto\/velas-difusores\/ambientadores-mikado\/difusor-azulejo-100ml\" class=\"woocommerce-LoopProduct-link woocommerce-loop-product__link\">Difusor Mikado AZULEJO 100ml<\/a><\/p><\/div><div class=\"price-wrapper\">\n\t<span class=\"price\"><span class=\"woocommerce-Price-amount amount\"><bdi>31.00<span class=\"woocommerce-Price-currencySymbol\">&euro;<\/span><\/bdi><\/span><\/span>\n<\/div><div class=\"add-to-cart-button\"><a href=\"https:\/\/www.companhiaatlantica.pt\/es\/produto\/velas-difusores\/ambientadores-mikado\/difusor-azulejo-100ml\" aria-describedby=\"woocommerce_loop_add_to_cart_link_describedby_61186\" data-quantity=\"1\" class=\"primary is-small mb-0 button product_type_variable add_to_cart_button is-outline\" data-product_id=\"61186\" data-product_sku=\"\" aria-label=\"Elige las opciones para &ldquo;Difusor Mikado AZULEJO 100ml&rdquo;\" rel=\"nofollow\" data-product_name=\"Difusor Mikado AZULEJO 100ml\" data-product_image=\"https:\/\/www.companhiaatlantica.pt\/wp-content\/uploads\/2024\/11\/140-212-1-350x350.jpg\">Seleccionar opciones<\/a><\/div>\t<span id=\"woocommerce_loop_add_to_cart_link_describedby_61186\" class=\"screen-reader-text\">\n\t\tEste producto tiene m\u00faltiples variantes. Las opciones se pueden elegir en la p\u00e1gina de producto\t<\/span>\n\t\t<\/div>\n\t<\/div>\n\t<span class=\"gtm4wp_productdata\" style=\"display:none; visibility:hidden;\" data-gtm4wp_product_data=\"{&quot;internal_id&quot;:61186,&quot;item_id&quot;:61186,&quot;item_name&quot;:&quot;Difusor Mikado AZULEJO 100ml&quot;,&quot;sku&quot;:61186,&quot;price&quot;:31,&quot;stocklevel&quot;:null,&quot;stockstatus&quot;:&quot;instock&quot;,&quot;google_business_vertical&quot;:&quot;retail&quot;,&quot;item_category&quot;:&quot;Velas e Difusores de aromas&quot;,&quot;item_category2&quot;:&quot;Ambientadores Mikado&quot;,&quot;id&quot;:61186,&quot;productlink&quot;:&quot;https:\\\/\\\/www.companhiaatlantica.pt\\\/es\\\/produto\\\/velas-difusores\\\/ambientadores-mikado\\\/difusor-azulejo-100ml&quot;,&quot;item_list_name&quot;:&quot;Lista general de productos&quot;,&quot;index&quot;:1,&quot;product_type&quot;:&quot;variable&quot;,&quot;item_brand&quot;:&quot;&quot;}\"><\/span>\t<\/div>\n<\/div><\/div><!-- row -->\n<\/div>\n\n\n\t\t<\/div>\n\n\t\t\n<style>\n#section_263048016 {\n  padding-top: 0px;\n  padding-bottom: 0px;\n}\n<\/style>\n\t<\/section>\n\t\n<div class=\"row\"  id=\"row-1152746029\">\n\n\n\t<div id=\"col-1708152843\" class=\"col medium-6 small-12 large-6\"  >\n\t\t\t\t<div class=\"col-inner\"  >\n\t\t\t\n\t\t\t\n\n\t<div class=\"img has-hover x md-x lg-x y md-y lg-y\" id=\"image_857823749\">\n\t\t\t\t\t\t\t\t<div class=\"img-inner dark\" >\n\t\t\t<img loading=\"lazy\" decoding=\"async\" width=\"551\" height=\"770\" src=\"https:\/\/www.companhiaatlantica.pt\/wp-content\/uploads\/2024\/08\/difusor-grande-e-pequeno-azulejo-1.png\" class=\"attachment-large size-large\" alt=\"\" srcset=\"https:\/\/www.companhiaatlantica.pt\/wp-content\/uploads\/2024\/08\/difusor-grande-e-pequeno-azulejo-1.png 551w, https:\/\/www.companhiaatlantica.pt\/wp-content\/uploads\/2024\/08\/difusor-grande-e-pequeno-azulejo-1-286x400.png 286w\" sizes=\"auto, (max-width: 551px) 100vw, 551px\" title=\"\">\t\t\t\t\t\t\n\t\t\t\t\t<\/div>\n\t\t\t\t\t\t\t\t\n<style>\n#image_857823749 {\n  width: 100%;\n}\n<\/style>\n\t<\/div>\n\t\n\n\n\t\t<\/div>\n\t\t\t\t\t<\/div>\n\n\t\n\n\t<div id=\"col-1690686335\" class=\"col medium-6 small-12 large-6\"  >\n\t\t\t\t<div class=\"col-inner\"  >\n\t\t\t\n\t\t\t\n\n<h2><span style=\"font-weight: 400;\">Tipos de difusores y formas de disfrutar de la aromaterapia<\/span><\/h2>\n<p><span style=\"font-weight: 400;\">Hay varias formas de integrar la aromaterapia en la vida cotidiana, y los difusores son una de las opciones m\u00e1s populares.\nAqu\u00ed tienes algunos tipos de difusores y c\u00f3mo utilizarlos: <\/span><\/p>\n<ul>\n<li style=\"font-weight: 400;\" aria-level=\"1\"><b>Difusores de varilla:<\/b><span style=\"font-weight: 400;\">  Elegantes y pr\u00e1cticos, los difusores de varillas destacan por su <strong>sencillez y su capacidad para proporcionar una liberaci\u00f3n continua y suave del aroma a lo largo del tiempo<\/strong>.\nLos distintos materiales de las varillas, como el bamb\u00fa o la fibra de poli\u00e9ster, ofrecen versatilidad tanto en el dise\u00f1o como en la intensidad de la dispersi\u00f3n del aroma.\nAdem\u00e1s, estos difusores no necesitan electricidad ni calor, lo que preserva plenamente las propiedades de los aceites esenciales.\nSon <strong>ideales para espacios peque\u00f1os,<\/strong> como salones o dormitorios, y garantizan un <strong>ambiente perfumado y relajante durante varias semanas<\/strong>;   <\/span><\/li>\n<li style=\"font-weight: 400;\" aria-level=\"1\"><b>Difusores ultras\u00f3nicos:<\/b><span style=\"font-weight: 400;\"> Estos difusores, muy populares actualmente, utilizan vibraciones ultras\u00f3nicas para dispersar en el aire una fina niebla de aceites esenciales y agua;<\/span><\/li>\n<li><b>Difusores de calor:<\/b><span style=\"font-weight: 400;\">  M\u00e1s tradicionalmente, estos difusores utilizan calor para evaporar los aceites esenciales.\nSin embargo, el calor puede alterar la composici\u00f3n qu\u00edmica de los aceites y acabar reduciendo algunos de sus beneficios terap\u00e9uticos. <\/span><\/li>\n<\/ul>\n\n\t\t<\/div>\n\t\t\t\t\t<\/div>\n\n\t\n\n<\/div>\n\n\t<section class=\"section\" id=\"section_770728248\">\n\t\t<div class=\"section-bg fill\" >\n\t\t\t\t\t\t\t\t\t\n\t\t\t\n\n\t\t<\/div>\n\n\t\t\n\n\t\t<div class=\"section-content relative\">\n\t\t\t\n\n<div class=\"row\"  id=\"row-1400913553\">\n\n\n\t<div id=\"col-1593506496\" class=\"col small-12 large-12\"  >\n\t\t\t\t<div class=\"col-inner\"  >\n\t\t\t\n\t\t\t\n\n<h2><span style=\"font-weight: 400;\">Aromaterapia con ambientadores de Companhia Atl\u00e2ntica<\/span><\/h2>\n<p><span style=\"font-weight: 400;\">La aromaterapia es una pr\u00e1ctica sencilla pero poderosa que puede aportar innumerables beneficios.\nDesde reducir el estr\u00e9s y mejorar el estado de \u00e1nimo hasta favorecer un sue\u00f1o de calidad, los aceites esenciales tienen mucho que ofrecer.\nDisfrutar de estos beneficios es f\u00e1cil con la ayuda de    <\/span><span style=\"font-weight: 400;\">de un difusor de calidad, como los ambientadores de ambiente<\/span><span style=\"font-weight: 400;\">  de Companhia Atl\u00e2ntica.\nPrueba a integrar la aromaterapia en tu vida diaria y descubre c\u00f3mo los aromas   <\/span><span style=\"font-weight: 400;\">aceites esenciales<\/span><span style=\"font-weight: 400;\"> pueden transformar tu bienestar y crear<\/span><span style=\"font-weight: 400;\"> m\u00e1s acogedor y armonioso<\/span><span style=\"font-weight: 400;\">.<\/span><\/p>\n\t<div id=\"gap-189155487\" class=\"gap-element clearfix\" style=\"display:block; height:auto;\">\n\t\t\n<style>\n#gap-189155487 {\n  padding-top: 30px;\n}\n<\/style>\n\t<\/div>\n\t\n\n<div class=\"row\"  id=\"row-1404597074\">\n\n\n\t<div id=\"col-705411585\" class=\"col medium-6 small-12 large-6\"  >\n\t\t\t\t<div class=\"col-inner\"  >\n\t\t\t\n\t\t\t\n\n<h3><span style=\"font-weight: 400;\">Azahar y Cedro<\/span><\/h3>\n<ul>\n<li style=\"font-weight: 400;\" aria-level=\"1\"><span style=\"font-weight: 400;\">Esta fragancia combina la delicadeza floral del azahar con el toque amaderado y reconfortante del cedro.\nIdeal para momentos de tranquilidad y descanso, esta fragancia favorece la relajaci\u00f3n, la mejora del estado de \u00e1nimo y un sue\u00f1o de calidad. <\/span><\/li>\n<\/ul>\n<h3><span style=\"font-weight: 400;\">S\u00e1ndalo<\/span><\/h3>\n<ul>\n<li style=\"font-weight: 400;\" aria-level=\"1\"><span style=\"font-weight: 400;\">El s\u00e1ndalo crea una atm\u00f3sfera serena y equilibrada y tiene propiedades antiinflamatorias.\nEs ideal para pr\u00e1cticas espirituales como la meditaci\u00f3n. <\/span><\/li>\n<\/ul>\n<h3><span style=\"font-weight: 400;\">Granada<\/span><\/h3>\n<ul>\n<li style=\"font-weight: 400;\" aria-level=\"1\"><span style=\"font-weight: 400;\">El aroma de la granada es energizante y puede ayudar a combatir la fatiga.\nTiene propiedades antioxidantes y revitalizantes y favorece una sensaci\u00f3n general de bienestar. <\/span><\/li>\n<\/ul>\n<h3><span style=\"font-weight: 400;\">Verbena<\/span><\/h3>\n<ul>\n<li style=\"font-weight: 400;\" aria-level=\"1\"><span style=\"font-weight: 400;\">Conocido por sus propiedades energizantes, este aroma mejora el estado de \u00e1nimo y la claridad mental, por lo que es una fragancia estupenda para empezar el d\u00eda con energ\u00eda y concentraci\u00f3n.<\/span><\/li>\n<\/ul>\n\n\t\t<\/div>\n\t\t\t\t\t<\/div>\n\n\t\n\n\t<div id=\"col-769865999\" class=\"col medium-6 small-12 large-6\"  >\n\t\t\t\t<div class=\"col-inner\"  >\n\t\t\t\n\t\t\t\n\n<h3><span style=\"font-weight: 400;\">Rosemary<\/span><\/h3>\n<ul>\n<li style=\"font-weight: 400;\" aria-level=\"1\"><span style=\"font-weight: 400;\">El romero es perfecto para entornos de estudio o trabajo, ya que favorece la concentraci\u00f3n y la claridad mental, estimula la cognici\u00f3n, es tonificante y alivia el estr\u00e9s.  <\/span><\/li>\n<\/ul>\n<p> <\/p>\n<h3><span style=\"font-weight: 400;\">Salvia<\/span><\/h3>\n<ul>\n<li style=\"font-weight: 400;\" aria-level=\"1\"><span style=\"font-weight: 400;\">La salvia es conocida por sus propiedades purificadoras y calmantes, y es un aroma ideal para crear un ambiente tranquilo y purificador.\nAyuda a aliviar el estr\u00e9s y favorece la sensaci\u00f3n de equilibrio. <\/span><\/li>\n<\/ul>\n<p> <\/p>\n<h3><span style=\"font-weight: 400;\">Jazm\u00edn y Tonka (Tonka y Jazm\u00edn Blanco)<\/span><\/h3>\n<ul>\n<li style=\"font-weight: 400;\" aria-level=\"1\"><span style=\"font-weight: 400;\">Esta armoniosa combinaci\u00f3n de la suavidad del jazm\u00edn blanco y la dulzura de la tonka crea un aroma sofisticado y reconfortante.\nPerfecta para momentos de relajaci\u00f3n e introspecci\u00f3n, esta fragancia ayuda a calmar la mente y favorece la sensaci\u00f3n de bienestar. <\/span><\/li>\n<\/ul>\n\n\t\t<\/div>\n\t\t\t\t\t<\/div>\n\n\t\n\n<\/div>\n<div class=\"woocommerce columns-3 \"><div class=\"products row row-small large-columns-3 medium-columns-3 small-columns-1 has-equal-box-heights equalize-box\">\n<div class=\"product-small col has-hover product type-product post-63150 status-publish first instock product_cat-ambientadores-mikado product_cat-velas-difusores has-post-thumbnail featured taxable shipping-taxable purchasable product-type-variable has-default-attributes\">\n\t<div class=\"col-inner\">\n\t\n<div class=\"badge-container absolute left top z-1\">\n\n<div class=\"badge callout badge-circle\"><div class=\"badge-inner callout-new-bg is-small new-bubble\">NEW<\/div><\/div><\/div>\n\t<div class=\"product-small box \">\n\t\t<div class=\"box-image\">\n\t\t\t<div class=\"image-fade_in_back\">\n\t\t\t\t<a href=\"https:\/\/www.companhiaatlantica.pt\/es\/produto\/velas-difusores\/ambientadores-mikado\/difusor-de-fragancia-tap-200ml\">\n\t\t\t\t\t<img loading=\"lazy\" decoding=\"async\" width=\"700\" height=\"700\" src=\"https:\/\/www.companhiaatlantica.pt\/wp-content\/uploads\/2024\/08\/140-178-caixa-gift-700x700.jpg\" class=\"attachment-woocommerce_thumbnail size-woocommerce_thumbnail\" alt=\"Difusor Mikado de Fragancia TAP 200ml - Colecci\u00f3n AREIA\" srcset=\"https:\/\/www.companhiaatlantica.pt\/wp-content\/uploads\/2024\/08\/140-178-caixa-gift-700x700.jpg 700w, https:\/\/www.companhiaatlantica.pt\/wp-content\/uploads\/2024\/08\/140-178-caixa-gift-100x100.jpg 100w, https:\/\/www.companhiaatlantica.pt\/wp-content\/uploads\/2024\/08\/140-178-caixa-gift-900x900.jpg 900w, https:\/\/www.companhiaatlantica.pt\/wp-content\/uploads\/2024\/08\/140-178-caixa-gift-400x400.jpg 400w, https:\/\/www.companhiaatlantica.pt\/wp-content\/uploads\/2024\/08\/140-178-caixa-gift-350x350.jpg 350w, https:\/\/www.companhiaatlantica.pt\/wp-content\/uploads\/2024\/08\/140-178-caixa-gift-768x768.jpg 768w, https:\/\/www.companhiaatlantica.pt\/wp-content\/uploads\/2024\/08\/140-178-caixa-gift.jpg 1000w\" sizes=\"auto, (max-width: 700px) 100vw, 700px\" title=\"\"><img loading=\"lazy\" decoding=\"async\" width=\"700\" height=\"700\" src=\"https:\/\/www.companhiaatlantica.pt\/wp-content\/uploads\/2024\/08\/140-177-caixa-gift-700x700.jpg\" class=\"show-on-hover absolute fill hide-for-small back-image\" alt=\"Alternative view of Difusor Mikado de Fragancia TAP 200ml - Colecci\u00f3n AREIA\" aria-hidden=\"true\" srcset=\"https:\/\/www.companhiaatlantica.pt\/wp-content\/uploads\/2024\/08\/140-177-caixa-gift-700x700.jpg 700w, https:\/\/www.companhiaatlantica.pt\/wp-content\/uploads\/2024\/08\/140-177-caixa-gift-100x100.jpg 100w, https:\/\/www.companhiaatlantica.pt\/wp-content\/uploads\/2024\/08\/140-177-caixa-gift-900x900.jpg 900w, https:\/\/www.companhiaatlantica.pt\/wp-content\/uploads\/2024\/08\/140-177-caixa-gift-400x400.jpg 400w, https:\/\/www.companhiaatlantica.pt\/wp-content\/uploads\/2024\/08\/140-177-caixa-gift-350x350.jpg 350w, https:\/\/www.companhiaatlantica.pt\/wp-content\/uploads\/2024\/08\/140-177-caixa-gift-768x768.jpg 768w, https:\/\/www.companhiaatlantica.pt\/wp-content\/uploads\/2024\/08\/140-177-caixa-gift.jpg 1000w\" sizes=\"auto, (max-width: 700px) 100vw, 700px\" title=\"\">\t\t\t\t<\/a>\n\t\t\t<\/div>\n\t\t\t<div class=\"image-tools is-small top right show-on-hover\">\n\t\t\t\t\t\t<div class=\"wishlist-icon\">\n\t\t\t<button class=\"wishlist-button button is-outline circle icon\" aria-label=\"Lista de deseos\">\n\t\t\t\t<i class=\"icon-heart\" aria-hidden=\"true\"><\/i>\t\t\t<\/button>\n\t\t\t<div class=\"wishlist-popup dark\">\n\t\t\t\t\n<div\n\tclass=\"yith-wcwl-add-to-wishlist add-to-wishlist-63150 yith-wcwl-add-to-wishlist--button_default-style wishlist-fragment on-first-load\"\n\tdata-fragment-ref=\"63150\"\n\tdata-fragment-options=\"{&quot;base_url&quot;:&quot;&quot;,&quot;product_id&quot;:63150,&quot;parent_product_id&quot;:0,&quot;product_type&quot;:&quot;variable&quot;,&quot;is_single&quot;:false,&quot;in_default_wishlist&quot;:false,&quot;show_view&quot;:false,&quot;browse_wishlist_text&quot;:&quot;Consulta tu WishList&quot;,&quot;already_in_wishslist_text&quot;:&quot;\\u00a1Este producto ya esta en tu wishlist!&quot;,&quot;product_added_text&quot;:&quot;Producto A\\u00f1adido!&quot;,&quot;available_multi_wishlist&quot;:false,&quot;disable_wishlist&quot;:false,&quot;show_count&quot;:false,&quot;ajax_loading&quot;:false,&quot;loop_position&quot;:&quot;after_add_to_cart&quot;,&quot;item&quot;:&quot;add_to_wishlist&quot;}\"\n>\n\t\t\t\n\t\t\t<!-- ADD TO WISHLIST -->\n\t\t\t\n<div class=\"yith-wcwl-add-button\">\n\t\t<a\n\t\thref=\"?add_to_wishlist=63150&#038;_wpnonce=52d31225f0\"\n\t\tclass=\"add_to_wishlist single_add_to_wishlist alt button theme-button-style \"\n\t\tdata-product-id=\"63150\"\n\t\tdata-product-type=\"variable\"\n\t\tdata-original-product-id=\"0\"\n\t\tdata-title=\"A\u00f1adir Wishlist\"\n\t\trel=\"nofollow\"\n\t>\n\t\t<svg id=\"yith-wcwl-icon-heart-outline\" class=\"yith-wcwl-icon-svg\" fill=\"none\" stroke-width=\"1.5\" stroke=\"currentColor\" viewBox=\"0 0 24 24\" xmlns=\"http:\/\/www.w3.org\/2000\/svg\">\n  <path stroke-linecap=\"round\" stroke-linejoin=\"round\" d=\"M21 8.25c0-2.485-2.099-4.5-4.688-4.5-1.935 0-3.597 1.126-4.312 2.733-.715-1.607-2.377-2.733-4.313-2.733C5.1 3.75 3 5.765 3 8.25c0 7.22 9 12 9 12s9-4.78 9-12Z\"><\/path>\n<\/svg>\t\t<span>A\u00f1adir Wishlist<\/span>\n\t<\/a>\n<\/div>\n\n\t\t\t<!-- COUNT TEXT -->\n\t\t\t\n\t\t\t<\/div>\n\t\t\t<\/div>\n\t\t<\/div>\n\t\t\t\t\t<\/div>\n\t\t\t<div class=\"image-tools is-small hide-for-small bottom left show-on-hover\">\n\t\t\t\t\t\t\t<\/div>\n\t\t\t<div class=\"image-tools grid-tools text-center hide-for-small bottom hover-slide-in show-on-hover\">\n\t\t\t\t\t\t\t<\/div>\n\t\t\t\t\t<\/div>\n\n\t\t<div class=\"box-text box-text-products\">\n\t\t\t<span class=\"featured-badge\"><img decoding=\"async\" src=\"https:\/\/cdn.companhiaatlantica.pt\/wp-content\/themes\/flatsome-child\/src\/img\/ar-icon-2.jpg\" alt=\"AR Icon\" class=\"ar-icon\" title=\"\"><\/span><div class=\"title-wrapper\">\t\t<p class=\"category uppercase is-smaller no-text-overflow product-cat op-8\">\n\t\t\tAmbientadores Mikado\t\t<\/p>\n\t<p class=\"name product-title woocommerce-loop-product__title\"><a href=\"https:\/\/www.companhiaatlantica.pt\/es\/produto\/velas-difusores\/ambientadores-mikado\/difusor-de-fragancia-tap-200ml\" class=\"woocommerce-LoopProduct-link woocommerce-loop-product__link\">Difusor Mikado de Fragancia TAP 200ml &#8211; Colecci\u00f3n AREIA<\/a><\/p><\/div><div class=\"price-wrapper\">\n\t<span class=\"price\"><span class=\"woocommerce-Price-amount amount\"><bdi>35.00<span class=\"woocommerce-Price-currencySymbol\">&euro;<\/span><\/bdi><\/span><\/span>\n<\/div><div class=\"add-to-cart-button\"><a href=\"https:\/\/www.companhiaatlantica.pt\/es\/produto\/velas-difusores\/ambientadores-mikado\/difusor-de-fragancia-tap-200ml\" aria-describedby=\"woocommerce_loop_add_to_cart_link_describedby_63150\" data-quantity=\"1\" class=\"primary is-small mb-0 button product_type_variable add_to_cart_button is-outline\" data-product_id=\"63150\" data-product_sku=\"\" aria-label=\"Elige las opciones para &ldquo;Difusor Mikado de Fragancia TAP 200ml - Colecci\u00f3n AREIA&rdquo;\" rel=\"nofollow\" data-product_name=\"Difusor Mikado de Fragancia TAP 200ml - Colecci\u00f3n AREIA\" data-product_image=\"https:\/\/www.companhiaatlantica.pt\/wp-content\/uploads\/2024\/08\/140-178-caixa-gift-350x350.jpg\">Seleccionar opciones<\/a><\/div>\t<span id=\"woocommerce_loop_add_to_cart_link_describedby_63150\" class=\"screen-reader-text\">\n\t\tEste producto tiene m\u00faltiples variantes. Las opciones se pueden elegir en la p\u00e1gina de producto\t<\/span>\n\t\t<\/div>\n\t<\/div>\n\t<span class=\"gtm4wp_productdata\" style=\"display:none; visibility:hidden;\" data-gtm4wp_product_data=\"{&quot;internal_id&quot;:63150,&quot;item_id&quot;:63150,&quot;item_name&quot;:&quot;Difusor Mikado de Fragancia TAP 200ml - Colecci\\u00f3n AREIA&quot;,&quot;sku&quot;:63150,&quot;price&quot;:35,&quot;stocklevel&quot;:null,&quot;stockstatus&quot;:&quot;instock&quot;,&quot;google_business_vertical&quot;:&quot;retail&quot;,&quot;item_category&quot;:&quot;Velas e Difusores de aromas&quot;,&quot;item_category2&quot;:&quot;Ambientadores Mikado&quot;,&quot;id&quot;:63150,&quot;productlink&quot;:&quot;https:\\\/\\\/www.companhiaatlantica.pt\\\/es\\\/produto\\\/velas-difusores\\\/ambientadores-mikado\\\/difusor-de-fragancia-tap-200ml&quot;,&quot;item_list_name&quot;:&quot;Lista general de productos&quot;,&quot;index&quot;:1,&quot;product_type&quot;:&quot;variable&quot;,&quot;item_brand&quot;:&quot;&quot;}\"><\/span>\t<\/div>\n<\/div><div class=\"product-small col has-hover product type-product post-61186 status-publish instock product_cat-ambientadores-mikado product_cat-velas-difusores has-post-thumbnail featured taxable shipping-taxable purchasable product-type-variable\">\n\t<div class=\"col-inner\">\n\t\n<div class=\"badge-container absolute left top z-1\">\n\n<div class=\"badge callout badge-circle\"><div class=\"badge-inner callout-new-bg is-small new-bubble\">NEW <\/br><b>100ml<\/b><\/div><\/div><\/div>\n\t<div class=\"product-small box \">\n\t\t<div class=\"box-image\">\n\t\t\t<div class=\"image-fade_in_back\">\n\t\t\t\t<a href=\"https:\/\/www.companhiaatlantica.pt\/es\/produto\/velas-difusores\/ambientadores-mikado\/difusor-azulejo-100ml\">\n\t\t\t\t\t<img loading=\"lazy\" decoding=\"async\" width=\"700\" height=\"700\" src=\"https:\/\/www.companhiaatlantica.pt\/wp-content\/uploads\/2024\/11\/140-212-1-700x700.jpg\" class=\"attachment-woocommerce_thumbnail size-woocommerce_thumbnail\" alt=\"Difusor Mikado AZULEJO 100ml\" srcset=\"https:\/\/www.companhiaatlantica.pt\/wp-content\/uploads\/2024\/11\/140-212-1-700x700.jpg 700w, https:\/\/www.companhiaatlantica.pt\/wp-content\/uploads\/2024\/11\/140-212-1-100x100.jpg 100w, https:\/\/www.companhiaatlantica.pt\/wp-content\/uploads\/2024\/11\/140-212-1-400x400.jpg 400w, https:\/\/www.companhiaatlantica.pt\/wp-content\/uploads\/2024\/11\/140-212-1-350x350.jpg 350w, https:\/\/www.companhiaatlantica.pt\/wp-content\/uploads\/2024\/11\/140-212-1-768x768.jpg 768w, https:\/\/www.companhiaatlantica.pt\/wp-content\/uploads\/2024\/11\/140-212-1-600x600.jpg 600w, https:\/\/www.companhiaatlantica.pt\/wp-content\/uploads\/2024\/11\/140-212-1.jpg 900w\" sizes=\"auto, (max-width: 700px) 100vw, 700px\" title=\"\"><img loading=\"lazy\" decoding=\"async\" width=\"700\" height=\"700\" src=\"https:\/\/www.companhiaatlantica.pt\/wp-content\/uploads\/2024\/07\/reed-diffuser-azulejo-white-700x700.jpg\" class=\"show-on-hover absolute fill hide-for-small back-image\" alt=\"Alternative view of Difusor Mikado AZULEJO 100ml\" aria-hidden=\"true\" srcset=\"https:\/\/www.companhiaatlantica.pt\/wp-content\/uploads\/2024\/07\/reed-diffuser-azulejo-white-700x700.jpg 700w, https:\/\/www.companhiaatlantica.pt\/wp-content\/uploads\/2024\/07\/reed-diffuser-azulejo-white-100x100.jpg 100w, https:\/\/www.companhiaatlantica.pt\/wp-content\/uploads\/2024\/07\/reed-diffuser-azulejo-white-900x900.jpg 900w, https:\/\/www.companhiaatlantica.pt\/wp-content\/uploads\/2024\/07\/reed-diffuser-azulejo-white-400x400.jpg 400w, https:\/\/www.companhiaatlantica.pt\/wp-content\/uploads\/2024\/07\/reed-diffuser-azulejo-white-1024x1024.jpg 1024w, https:\/\/www.companhiaatlantica.pt\/wp-content\/uploads\/2024\/07\/reed-diffuser-azulejo-white-350x350.jpg 350w, https:\/\/www.companhiaatlantica.pt\/wp-content\/uploads\/2024\/07\/reed-diffuser-azulejo-white-768x768.jpg 768w, https:\/\/www.companhiaatlantica.pt\/wp-content\/uploads\/2024\/07\/reed-diffuser-azulejo-white.jpg 1080w\" sizes=\"auto, (max-width: 700px) 100vw, 700px\" title=\"\">\t\t\t\t<\/a>\n\t\t\t<\/div>\n\t\t\t<div class=\"image-tools is-small top right show-on-hover\">\n\t\t\t\t\t\t<div class=\"wishlist-icon\">\n\t\t\t<button class=\"wishlist-button button is-outline circle icon\" aria-label=\"Lista de deseos\">\n\t\t\t\t<i class=\"icon-heart\" aria-hidden=\"true\"><\/i>\t\t\t<\/button>\n\t\t\t<div class=\"wishlist-popup dark\">\n\t\t\t\t\n<div\n\tclass=\"yith-wcwl-add-to-wishlist add-to-wishlist-61186 yith-wcwl-add-to-wishlist--button_default-style wishlist-fragment on-first-load\"\n\tdata-fragment-ref=\"61186\"\n\tdata-fragment-options=\"{&quot;base_url&quot;:&quot;&quot;,&quot;product_id&quot;:61186,&quot;parent_product_id&quot;:0,&quot;product_type&quot;:&quot;variable&quot;,&quot;is_single&quot;:false,&quot;in_default_wishlist&quot;:false,&quot;show_view&quot;:false,&quot;browse_wishlist_text&quot;:&quot;Consulta tu WishList&quot;,&quot;already_in_wishslist_text&quot;:&quot;\\u00a1Este producto ya esta en tu wishlist!&quot;,&quot;product_added_text&quot;:&quot;Producto A\\u00f1adido!&quot;,&quot;available_multi_wishlist&quot;:false,&quot;disable_wishlist&quot;:false,&quot;show_count&quot;:false,&quot;ajax_loading&quot;:false,&quot;loop_position&quot;:&quot;after_add_to_cart&quot;,&quot;item&quot;:&quot;add_to_wishlist&quot;}\"\n>\n\t\t\t\n\t\t\t<!-- ADD TO WISHLIST -->\n\t\t\t\n<div class=\"yith-wcwl-add-button\">\n\t\t<a\n\t\thref=\"?add_to_wishlist=61186&#038;_wpnonce=52d31225f0\"\n\t\tclass=\"add_to_wishlist single_add_to_wishlist alt button theme-button-style \"\n\t\tdata-product-id=\"61186\"\n\t\tdata-product-type=\"variable\"\n\t\tdata-original-product-id=\"0\"\n\t\tdata-title=\"A\u00f1adir Wishlist\"\n\t\trel=\"nofollow\"\n\t>\n\t\t<svg id=\"yith-wcwl-icon-heart-outline\" class=\"yith-wcwl-icon-svg\" fill=\"none\" stroke-width=\"1.5\" stroke=\"currentColor\" viewBox=\"0 0 24 24\" xmlns=\"http:\/\/www.w3.org\/2000\/svg\">\n  <path stroke-linecap=\"round\" stroke-linejoin=\"round\" d=\"M21 8.25c0-2.485-2.099-4.5-4.688-4.5-1.935 0-3.597 1.126-4.312 2.733-.715-1.607-2.377-2.733-4.313-2.733C5.1 3.75 3 5.765 3 8.25c0 7.22 9 12 9 12s9-4.78 9-12Z\"><\/path>\n<\/svg>\t\t<span>A\u00f1adir Wishlist<\/span>\n\t<\/a>\n<\/div>\n\n\t\t\t<!-- COUNT TEXT -->\n\t\t\t\n\t\t\t<\/div>\n\t\t\t<\/div>\n\t\t<\/div>\n\t\t\t\t\t<\/div>\n\t\t\t<div class=\"image-tools is-small hide-for-small bottom left show-on-hover\">\n\t\t\t\t\t\t\t<\/div>\n\t\t\t<div class=\"image-tools grid-tools text-center hide-for-small bottom hover-slide-in show-on-hover\">\n\t\t\t\t\t\t\t<\/div>\n\t\t\t\t\t<\/div>\n\n\t\t<div class=\"box-text box-text-products\">\n\t\t\t<span class=\"featured-badge\"><img decoding=\"async\" src=\"https:\/\/cdn.companhiaatlantica.pt\/wp-content\/themes\/flatsome-child\/src\/img\/ar-icon-2.jpg\" alt=\"AR Icon\" class=\"ar-icon\" title=\"\"><\/span><div class=\"title-wrapper\">\t\t<p class=\"category uppercase is-smaller no-text-overflow product-cat op-8\">\n\t\t\tAmbientadores Mikado\t\t<\/p>\n\t<p class=\"name product-title woocommerce-loop-product__title\"><a href=\"https:\/\/www.companhiaatlantica.pt\/es\/produto\/velas-difusores\/ambientadores-mikado\/difusor-azulejo-100ml\" class=\"woocommerce-LoopProduct-link woocommerce-loop-product__link\">Difusor Mikado AZULEJO 100ml<\/a><\/p><\/div><div class=\"price-wrapper\">\n\t<span class=\"price\"><span class=\"woocommerce-Price-amount amount\"><bdi>31.00<span class=\"woocommerce-Price-currencySymbol\">&euro;<\/span><\/bdi><\/span><\/span>\n<\/div>\t<span id=\"woocommerce_loop_add_to_cart_link_describedby_61186\" class=\"screen-reader-text\">\n\t\tEste producto tiene m\u00faltiples variantes. Las opciones se pueden elegir en la p\u00e1gina de producto\t<\/span>\n\t\t<\/div>\n\t<\/div>\n\t<span class=\"gtm4wp_productdata\" style=\"display:none; visibility:hidden;\" data-gtm4wp_product_data=\"{&quot;internal_id&quot;:61186,&quot;item_id&quot;:61186,&quot;item_name&quot;:&quot;Difusor Mikado AZULEJO 100ml&quot;,&quot;sku&quot;:61186,&quot;price&quot;:31,&quot;stocklevel&quot;:null,&quot;stockstatus&quot;:&quot;instock&quot;,&quot;google_business_vertical&quot;:&quot;retail&quot;,&quot;item_category&quot;:&quot;Velas e Difusores de aromas&quot;,&quot;item_category2&quot;:&quot;Ambientadores Mikado&quot;,&quot;id&quot;:61186,&quot;productlink&quot;:&quot;https:\\\/\\\/www.companhiaatlantica.pt\\\/es\\\/produto\\\/velas-difusores\\\/ambientadores-mikado\\\/difusor-azulejo-100ml&quot;,&quot;item_list_name&quot;:&quot;Lista general de productos&quot;,&quot;index&quot;:2,&quot;product_type&quot;:&quot;variable&quot;,&quot;item_brand&quot;:&quot;&quot;}\"><\/span>\t<\/div>\n<\/div><div class=\"product-small col has-hover product type-product post-55626 status-publish last instock product_cat-ambientadores-mikado product_cat-ceramica-portuguesa product_cat-velas-difusores has-post-thumbnail featured taxable shipping-taxable purchasable product-type-variable has-default-attributes\">\n\t<div class=\"col-inner\">\n\t\n<div class=\"badge-container absolute left top z-1\">\n\n<div class=\"badge callout badge-circle\"><div class=\"badge-inner callout-new-bg is-small new-bubble\">NEW<\/div><\/div><\/div>\n\t<div class=\"product-small box \">\n\t\t<div class=\"box-image\">\n\t\t\t<div class=\"image-fade_in_back\">\n\t\t\t\t<a href=\"https:\/\/www.companhiaatlantica.pt\/es\/produto\/velas-difusores\/ambientadores-mikado\/difusor-mikado-alicatos\">\n\t\t\t\t\t<img loading=\"lazy\" decoding=\"async\" width=\"700\" height=\"700\" src=\"https:\/\/www.companhiaatlantica.pt\/wp-content\/uploads\/2024\/03\/140-162-1-alicatos-700x700.jpg\" class=\"attachment-woocommerce_thumbnail size-woocommerce_thumbnail\" alt=\"Difusor Mikado ALICATOS 100ml - Colecci\u00f3n AREIA\" srcset=\"https:\/\/www.companhiaatlantica.pt\/wp-content\/uploads\/2024\/03\/140-162-1-alicatos-700x700.jpg 700w, https:\/\/www.companhiaatlantica.pt\/wp-content\/uploads\/2024\/03\/140-162-1-alicatos-100x100.jpg 100w, https:\/\/www.companhiaatlantica.pt\/wp-content\/uploads\/2024\/03\/140-162-1-alicatos-400x400.jpg 400w, https:\/\/www.companhiaatlantica.pt\/wp-content\/uploads\/2024\/03\/140-162-1-alicatos-350x350.jpg 350w, https:\/\/www.companhiaatlantica.pt\/wp-content\/uploads\/2024\/03\/140-162-1-alicatos-768x768.jpg 768w, https:\/\/www.companhiaatlantica.pt\/wp-content\/uploads\/2024\/03\/140-162-1-alicatos-600x600.jpg 600w, https:\/\/www.companhiaatlantica.pt\/wp-content\/uploads\/2024\/03\/140-162-1-alicatos.jpg 800w\" sizes=\"auto, (max-width: 700px) 100vw, 700px\" title=\"\"><img loading=\"lazy\" decoding=\"async\" width=\"700\" height=\"700\" src=\"https:\/\/www.companhiaatlantica.pt\/wp-content\/uploads\/2024\/03\/140-162-1-alicatos-700x700.jpg\" class=\"show-on-hover absolute fill hide-for-small back-image\" alt=\"Alternative view of Difusor Mikado ALICATOS 100ml - Colecci\u00f3n AREIA\" aria-hidden=\"true\" srcset=\"https:\/\/www.companhiaatlantica.pt\/wp-content\/uploads\/2024\/03\/140-162-1-alicatos-700x700.jpg 700w, https:\/\/www.companhiaatlantica.pt\/wp-content\/uploads\/2024\/03\/140-162-1-alicatos-100x100.jpg 100w, https:\/\/www.companhiaatlantica.pt\/wp-content\/uploads\/2024\/03\/140-162-1-alicatos-400x400.jpg 400w, https:\/\/www.companhiaatlantica.pt\/wp-content\/uploads\/2024\/03\/140-162-1-alicatos-350x350.jpg 350w, https:\/\/www.companhiaatlantica.pt\/wp-content\/uploads\/2024\/03\/140-162-1-alicatos-768x768.jpg 768w, https:\/\/www.companhiaatlantica.pt\/wp-content\/uploads\/2024\/03\/140-162-1-alicatos-600x600.jpg 600w, https:\/\/www.companhiaatlantica.pt\/wp-content\/uploads\/2024\/03\/140-162-1-alicatos.jpg 800w\" sizes=\"auto, (max-width: 700px) 100vw, 700px\" title=\"\">\t\t\t\t<\/a>\n\t\t\t<\/div>\n\t\t\t<div class=\"image-tools is-small top right show-on-hover\">\n\t\t\t\t\t\t<div class=\"wishlist-icon\">\n\t\t\t<button class=\"wishlist-button button is-outline circle icon\" aria-label=\"Lista de deseos\">\n\t\t\t\t<i class=\"icon-heart\" aria-hidden=\"true\"><\/i>\t\t\t<\/button>\n\t\t\t<div class=\"wishlist-popup dark\">\n\t\t\t\t\n<div\n\tclass=\"yith-wcwl-add-to-wishlist add-to-wishlist-55626 yith-wcwl-add-to-wishlist--button_default-style wishlist-fragment on-first-load\"\n\tdata-fragment-ref=\"55626\"\n\tdata-fragment-options=\"{&quot;base_url&quot;:&quot;&quot;,&quot;product_id&quot;:55626,&quot;parent_product_id&quot;:0,&quot;product_type&quot;:&quot;variable&quot;,&quot;is_single&quot;:false,&quot;in_default_wishlist&quot;:false,&quot;show_view&quot;:false,&quot;browse_wishlist_text&quot;:&quot;Consulta tu WishList&quot;,&quot;already_in_wishslist_text&quot;:&quot;\\u00a1Este producto ya esta en tu wishlist!&quot;,&quot;product_added_text&quot;:&quot;Producto A\\u00f1adido!&quot;,&quot;available_multi_wishlist&quot;:false,&quot;disable_wishlist&quot;:false,&quot;show_count&quot;:false,&quot;ajax_loading&quot;:false,&quot;loop_position&quot;:&quot;after_add_to_cart&quot;,&quot;item&quot;:&quot;add_to_wishlist&quot;}\"\n>\n\t\t\t\n\t\t\t<!-- ADD TO WISHLIST -->\n\t\t\t\n<div class=\"yith-wcwl-add-button\">\n\t\t<a\n\t\thref=\"?add_to_wishlist=55626&#038;_wpnonce=52d31225f0\"\n\t\tclass=\"add_to_wishlist single_add_to_wishlist alt button theme-button-style \"\n\t\tdata-product-id=\"55626\"\n\t\tdata-product-type=\"variable\"\n\t\tdata-original-product-id=\"0\"\n\t\tdata-title=\"A\u00f1adir Wishlist\"\n\t\trel=\"nofollow\"\n\t>\n\t\t<svg id=\"yith-wcwl-icon-heart-outline\" class=\"yith-wcwl-icon-svg\" fill=\"none\" stroke-width=\"1.5\" stroke=\"currentColor\" viewBox=\"0 0 24 24\" xmlns=\"http:\/\/www.w3.org\/2000\/svg\">\n  <path stroke-linecap=\"round\" stroke-linejoin=\"round\" d=\"M21 8.25c0-2.485-2.099-4.5-4.688-4.5-1.935 0-3.597 1.126-4.312 2.733-.715-1.607-2.377-2.733-4.313-2.733C5.1 3.75 3 5.765 3 8.25c0 7.22 9 12 9 12s9-4.78 9-12Z\"><\/path>\n<\/svg>\t\t<span>A\u00f1adir Wishlist<\/span>\n\t<\/a>\n<\/div>\n\n\t\t\t<!-- COUNT TEXT -->\n\t\t\t\n\t\t\t<\/div>\n\t\t\t<\/div>\n\t\t<\/div>\n\t\t\t\t\t<\/div>\n\t\t\t<div class=\"image-tools is-small hide-for-small bottom left show-on-hover\">\n\t\t\t\t\t\t\t<\/div>\n\t\t\t<div class=\"image-tools grid-tools text-center hide-for-small bottom hover-slide-in show-on-hover\">\n\t\t\t\t\t\t\t<\/div>\n\t\t\t\t\t<\/div>\n\n\t\t<div class=\"box-text box-text-products\">\n\t\t\t<span class=\"featured-badge\"><img decoding=\"async\" src=\"https:\/\/cdn.companhiaatlantica.pt\/wp-content\/themes\/flatsome-child\/src\/img\/ar-icon-2.jpg\" alt=\"AR Icon\" class=\"ar-icon\" title=\"\"><\/span><div class=\"title-wrapper\">\t\t<p class=\"category uppercase is-smaller no-text-overflow product-cat op-8\">\n\t\t\tAmbientadores Mikado\t\t<\/p>\n\t<p class=\"name product-title woocommerce-loop-product__title\"><a href=\"https:\/\/www.companhiaatlantica.pt\/es\/produto\/velas-difusores\/ambientadores-mikado\/difusor-mikado-alicatos\" class=\"woocommerce-LoopProduct-link woocommerce-loop-product__link\">Difusor Mikado ALICATOS 100ml &#8211; Colecci\u00f3n AREIA<\/a><\/p><\/div><div class=\"price-wrapper\">\n\t<span class=\"price\"><span class=\"woocommerce-Price-amount amount\"><bdi>29.00<span class=\"woocommerce-Price-currencySymbol\">&euro;<\/span><\/bdi><\/span><\/span>\n<\/div><div class=\"add-to-cart-button\"><a href=\"https:\/\/www.companhiaatlantica.pt\/es\/produto\/velas-difusores\/ambientadores-mikado\/difusor-mikado-alicatos\" aria-describedby=\"woocommerce_loop_add_to_cart_link_describedby_55626\" data-quantity=\"1\" class=\"primary is-small mb-0 button product_type_variable add_to_cart_button is-outline\" data-product_id=\"55626\" data-product_sku=\"\" aria-label=\"Elige las opciones para &ldquo;Difusor Mikado ALICATOS 100ml - Colecci\u00f3n AREIA&rdquo;\" rel=\"nofollow\" data-product_name=\"Difusor Mikado ALICATOS 100ml - Colecci\u00f3n AREIA\" data-product_image=\"https:\/\/www.companhiaatlantica.pt\/wp-content\/uploads\/2024\/03\/140-162-1-alicatos-350x350.jpg\">Seleccionar opciones<\/a><\/div>\t<span id=\"woocommerce_loop_add_to_cart_link_describedby_55626\" class=\"screen-reader-text\">\n\t\tEste producto tiene m\u00faltiples variantes. Las opciones se pueden elegir en la p\u00e1gina de producto\t<\/span>\n\t\t<\/div>\n\t<\/div>\n\t<span class=\"gtm4wp_productdata\" style=\"display:none; visibility:hidden;\" data-gtm4wp_product_data=\"{&quot;internal_id&quot;:55626,&quot;item_id&quot;:55626,&quot;item_name&quot;:&quot;Difusor Mikado ALICATOS 100ml - Colecci\\u00f3n AREIA&quot;,&quot;sku&quot;:55626,&quot;price&quot;:29,&quot;stocklevel&quot;:null,&quot;stockstatus&quot;:&quot;instock&quot;,&quot;google_business_vertical&quot;:&quot;retail&quot;,&quot;item_category&quot;:&quot;Velas e Difusores de aromas&quot;,&quot;item_category2&quot;:&quot;Ambientadores Mikado&quot;,&quot;id&quot;:55626,&quot;productlink&quot;:&quot;https:\\\/\\\/www.companhiaatlantica.pt\\\/es\\\/produto\\\/velas-difusores\\\/ambientadores-mikado\\\/difusor-mikado-alicatos&quot;,&quot;item_list_name&quot;:&quot;Lista general de productos&quot;,&quot;index&quot;:3,&quot;product_type&quot;:&quot;variable&quot;,&quot;item_brand&quot;:&quot;&quot;}\"><\/span>\t<\/div>\n<\/div><\/div><!-- row -->\n<\/div>\n\n\n\t\t<\/div>\n\t\t\t\t\t<\/div>\n\n\t\n\n<\/div>\n\n\t\t<\/div>\n\n\t\t\n<style>\n#section_770728248 {\n  padding-top: 30px;\n  padding-bottom: 30px;\n}\n<\/style>\n\t<\/section>\n\t\n\n","protected":false},"excerpt":{"rendered":"","protected":false},"author":636,"featured_media":64337,"comment_status":"closed","ping_status":"open","sticky":false,"template":"","format":"standard","meta":{"footnotes":""},"categories":[1323],"tags":[],"class_list":["post-64379","post","type-post","status-publish","format-standard","has-post-thumbnail","hentry","category-articulo"],"_links":{"self":[{"href":"https:\/\/www.companhiaatlantica.pt\/es\/wp-json\/wp\/v2\/posts\/64379","targetHints":{"allow":["GET"]}}],"collection":[{"href":"https:\/\/www.companhiaatlantica.pt\/es\/wp-json\/wp\/v2\/posts"}],"about":[{"href":"https:\/\/www.companhiaatlantica.pt\/es\/wp-json\/wp\/v2\/types\/post"}],"author":[{"embeddable":true,"href":"https:\/\/www.companhiaatlantica.pt\/es\/wp-json\/wp\/v2\/users\/636"}],"replies":[{"embeddable":true,"href":"https:\/\/www.companhiaatlantica.pt\/es\/wp-json\/wp\/v2\/comments?post=64379"}],"version-history":[{"count":2,"href":"https:\/\/www.companhiaatlantica.pt\/es\/wp-json\/wp\/v2\/posts\/64379\/revisions"}],"predecessor-version":[{"id":64381,"href":"https:\/\/www.companhiaatlantica.pt\/es\/wp-json\/wp\/v2\/posts\/64379\/revisions\/64381"}],"wp:featuredmedia":[{"embeddable":true,"href":"https:\/\/www.companhiaatlantica.pt\/es\/wp-json\/wp\/v2\/media\/64337"}],"wp:attachment":[{"href":"https:\/\/www.companhiaatlantica.pt\/es\/wp-json\/wp\/v2\/media?parent=64379"}],"wp:term":[{"taxonomy":"category","embeddable":true,"href":"https:\/\/www.companhiaatlantica.pt\/es\/wp-json\/wp\/v2\/categories?post=64379"},{"taxonomy":"post_tag","embeddable":true,"href":"https:\/\/www.companhiaatlantica.pt\/es\/wp-json\/wp\/v2\/tags?post=64379"}],"curies":[{"name":"wp","href":"https:\/\/api.w.org\/{rel}","templated":true}]}}