{"id":67765,"date":"2024-11-14T12:34:05","date_gmt":"2024-11-14T12:34:05","guid":{"rendered":"https:\/\/www.companhiaatlantica.pt\/sin-categorizar\/conoce-mejor-la-experiencia-navidena-en-europa-tradiciones-gastronomia-e-inspiracion-para-la-mesa-navidena"},"modified":"2026-01-06T14:24:47","modified_gmt":"2026-01-06T14:24:47","slug":"conoce-mejor-la-experiencia-navidena-en-europa-tradiciones-gastronomia-e-inspiracion-para-la-mesa-navidena","status":"publish","type":"post","link":"https:\/\/www.companhiaatlantica.pt\/es\/articulo\/conoce-mejor-la-experiencia-navidena-en-europa-tradiciones-gastronomia-e-inspiracion-para-la-mesa-navidena","title":{"rendered":"Conoce mejor la experiencia navide\u00f1a en Europa: Tradiciones, gastronom\u00eda e inspiraci\u00f3n para la mesa navide\u00f1a"},"content":{"rendered":"<nav aria-label=\"breadcrumbs\" class=\"rank-math-breadcrumb\"><p><span class=\"last\">In\u00edcio<\/span><\/p><\/nav>\n\n\t<section class=\"section\" id=\"section_1752670727\">\n\t\t<div class=\"section-bg fill\" >\n\t\t\t\t\t\t\t\t\t\n\t\t\t\n\n\t\t<\/div>\n\n\t\t\n\n\t\t<div class=\"section-content relative\">\n\t\t\t\n\n  <div class=\"banner has-hover\" id=\"banner-1076147846\">\n          <div class=\"banner-inner fill\">\n        <div class=\"banner-bg fill\" >\n            <img loading=\"lazy\" decoding=\"async\" width=\"1020\" height=\"680\" src=\"https:\/\/www.companhiaatlantica.pt\/wp-content\/uploads\/2024\/11\/IMG_6450-1024x683.jpg\" class=\"bg attachment-large size-large\" alt=\"\" title=\"\">                        <div class=\"overlay\"><\/div>            \n                    <\/div>\n\t\t\n        <div class=\"banner-layers container\">\n            <div class=\"fill banner-link\"><\/div>            \n   <div id=\"text-box-895654962\" class=\"text-box banner-layer x50 md-x50 lg-x50 y50 md-y50 lg-y50 res-text\">\n                                <div class=\"text-box-content text dark\">\n              \n              <div class=\"text-inner text-center\">\n                  \n<h3 class=\"uppercase\"><b>CONOCE MEJOR LA NAVIDAD EN EUROPA:<br \/>\nTRADICIONES, GASTRONOM\u00cdA E INSPIRACIONES<br \/>\nPARA LA MESA DE NAVIDAD<\/b><\/h3>\n              <\/div>\n           <\/div>\n                            \n<style>\n#text-box-895654962 {\n  width: 60%;\n}\n#text-box-895654962 .text-box-content {\n  font-size: 100%;\n}\n<\/style>\n    <\/div>\n \n        <\/div>\n      <\/div>\n\n            \n<style>\n#banner-1076147846 {\n  padding-top: 500px;\n}\n#banner-1076147846 .overlay {\n  background-color: rgba(0, 0, 0, 0.3);\n}\n<\/style>\n  <\/div>\n\n\n<div class=\"row\"  id=\"row-18140618\">\n\n\t<div id=\"col-1789952586\" class=\"col small-12 large-12\"  >\n\t\t\t\t<div class=\"col-inner\"  >\n\t\t\t\n\t\t\t\n\t<div id=\"gap-1930180864\" class=\"gap-element clearfix\" style=\"display:block; height:auto;\">\n\t\t\n<style>\n#gap-1930180864 {\n  padding-top: 30px;\n}\n<\/style>\n\t<\/div>\n\t\n<p><span style=\"font-weight: 400;\">La Navidad es una de las celebraciones m\u00e1s esperadas del a\u00f1o en toda Europa. Cada pa\u00eds y regi\u00f3n tiene tradiciones \u00fanicas que se han transmitido de generaci\u00f3n en generaci\u00f3n, creando momentos de unidad y alegr\u00eda. Entre mesas elaboradamente decoradas y platos t\u00edpicos que hacen la boca agua, el esp\u00edritu navide\u00f1o lo envuelve todo en una atm\u00f3sfera m\u00e1gica y reconfortante. Exploremos las tradiciones, costumbres y, por supuesto, algunas ideas para una mesa navide\u00f1a perfecta. <\/span><\/p>\n<p><b>\u00bfListo para entrar en el esp\u00edritu navide\u00f1o?<\/b><\/p>\n\t\t<\/div>\n\t\t\t\t\t<\/div>\n\n\t\n<\/div>\n<div class=\"row row-full-width\"  id=\"row-788761655\">\n\n\t<div id=\"col-534210064\" class=\"col medium-6 small-12 large-6\"  >\n\t\t\t\t<div class=\"col-inner\"  >\n\t\t\t\n\t\t\t\n\t<div class=\"img has-hover x md-x lg-x y md-y lg-y\" id=\"image_1775392270\">\n\t\t<a class=\"\" href=\"https:\/\/www.companhiaatlantica.pt\/es\/produto\/ceramica-portuguesa\/jarras-ceramica-es\/breezy-jarra-1-5l\" target=\"_blank\" rel=\"noopener\" >\t\t\t\t\t\t<div class=\"img-inner dark\" >\n\t\t\t<img loading=\"lazy\" decoding=\"async\" width=\"683\" height=\"1024\" src=\"https:\/\/www.companhiaatlantica.pt\/wp-content\/uploads\/2024\/11\/IMG_6549-683x1024.jpg\" class=\"attachment-large size-large\" alt=\"\" srcset=\"https:\/\/www.companhiaatlantica.pt\/wp-content\/uploads\/2024\/11\/IMG_6549-683x1024.jpg 683w, https:\/\/www.companhiaatlantica.pt\/wp-content\/uploads\/2024\/11\/IMG_6549-scaled-900x1350.jpg 900w, https:\/\/www.companhiaatlantica.pt\/wp-content\/uploads\/2024\/11\/IMG_6549-267x400.jpg 267w, https:\/\/www.companhiaatlantica.pt\/wp-content\/uploads\/2024\/11\/IMG_6549-768x1152.jpg 768w, https:\/\/www.companhiaatlantica.pt\/wp-content\/uploads\/2024\/11\/IMG_6549-1024x1536.jpg 1024w, https:\/\/www.companhiaatlantica.pt\/wp-content\/uploads\/2024\/11\/IMG_6549-1365x2048.jpg 1365w, https:\/\/www.companhiaatlantica.pt\/wp-content\/uploads\/2024\/11\/IMG_6549-1320x1980.jpg 1320w, https:\/\/www.companhiaatlantica.pt\/wp-content\/uploads\/2024\/11\/IMG_6549-scaled.jpg 1707w\" sizes=\"auto, (max-width: 683px) 100vw, 683px\" title=\"\">\t\t\t\t\t\t\n\t\t\t\t\t<\/div>\n\t\t\t\t\t\t<\/a>\t\t\n<style>\n#image_1775392270 {\n  width: 100%;\n}\n<\/style>\n\t<\/div>\n\t\n\t\t<\/div>\n\t\t\t\t\t<\/div>\n\n\t\n\n\t<div id=\"col-352786411\" class=\"col medium-6 small-12 large-6\"  >\n\t\t\t\t<div class=\"col-inner\"  >\n\t\t\t\n\t\t\t\n<p><span style=\"font-weight: 400;\">En Portugal, la Navidad es sin\u00f3nimo de familia y tradici\u00f3n. La consoada -cena de Navidad- es uno de los momentos m\u00e1s especiales, donde la mesa se llena de platos t\u00edpicos y decoraciones encantadoras. De norte a sur, cada regi\u00f3n aporta su propia esencia a la Navidad, con especial \u00e9nfasis en la <\/span><b>bacalhau com todos <\/b><span style=\"font-weight: 400;\">un cl\u00e1sico en muchos hogares portugueses en Nochebuena.<\/span><\/p>\n<h3><b>Tradiciones regionales<\/b><\/h3>\n<p><span style=\"font-weight: 400;\">En el Norte, es frecuente encontrar mesas donde <\/span><b>el pulpo es el rey. <\/b><span style=\"font-weight: 400;\">Se cocina de diversas formas, desde asado hasta guisado. En el centro y el sur, el <\/span><b>bacalao y cabrito<\/b><span style=\"font-weight: 400;\"> son los platos m\u00e1s comunes, acompa\u00f1ados de patatas, col y aceite de oliva de calidad.<\/span> <span style=\"font-weight: 400;\">A <\/span><b>Decoraci\u00f3n navide\u00f1a de la mesa<\/b> <b>mesa <\/b><\/p>\n<p><span style=\"font-weight: 400;\">es sencilla pero llena de calidez. Un mantel navide\u00f1o, donde los tonos rojos y dorados ocupan un lugar de honor, un centro de mesa navide\u00f1o con velas, pi\u00f1as y ramitas de acebo, hacen que el momento sea a\u00fan m\u00e1s especial. Y, por supuesto, no puede faltar el rosc\u00f3n de reyes o la tarta de reinas al final de la comida, acompa\u00f1ados de t\u00e9 o caf\u00e9 calientes. <\/span><\/p>\n\t<div id=\"gap-1505721850\" class=\"gap-element clearfix\" style=\"display:block; height:auto;\">\n\t\t\n<style>\n#gap-1505721850 {\n  padding-top: 30px;\n}\n<\/style>\n\t<\/div>\n\t\n\t<div class=\"img has-hover x md-x lg-x y md-y lg-y\" id=\"image_1455583949\">\n\t\t\t\t\t\t\t\t<div class=\"img-inner dark\" >\n\t\t\t<img loading=\"lazy\" decoding=\"async\" width=\"1020\" height=\"680\" src=\"https:\/\/www.companhiaatlantica.pt\/wp-content\/uploads\/2024\/11\/IMG_6439-1024x683.jpg\" class=\"attachment-large size-large\" alt=\"\" srcset=\"https:\/\/www.companhiaatlantica.pt\/wp-content\/uploads\/2024\/11\/IMG_6439-1024x683.jpg 1024w, https:\/\/www.companhiaatlantica.pt\/wp-content\/uploads\/2024\/11\/IMG_6439-scaled-900x600.jpg 900w, https:\/\/www.companhiaatlantica.pt\/wp-content\/uploads\/2024\/11\/IMG_6439-400x267.jpg 400w, https:\/\/www.companhiaatlantica.pt\/wp-content\/uploads\/2024\/11\/IMG_6439-768x512.jpg 768w, https:\/\/www.companhiaatlantica.pt\/wp-content\/uploads\/2024\/11\/IMG_6439-1536x1024.jpg 1536w, https:\/\/www.companhiaatlantica.pt\/wp-content\/uploads\/2024\/11\/IMG_6439-2048x1366.jpg 2048w, https:\/\/www.companhiaatlantica.pt\/wp-content\/uploads\/2024\/11\/IMG_6439-1320x880.jpg 1320w\" sizes=\"auto, (max-width: 1020px) 100vw, 1020px\" title=\"\">\t\t\t\t\t\t\n\t\t\t\t\t<\/div>\n\t\t\t\t\t\t\t\t\n<style>\n#image_1455583949 {\n  width: 100%;\n}\n<\/style>\n\t<\/div>\n\t\n<p><a href=\"https:\/\/www.companhiaatlantica.pt\/es\/ceramica-portuguesa\/vajillas-completas?filter_colecao=breezy\"><span style=\"font-weight: 400;\">Vajilla de la colecci\u00f3n BREEZY<\/span><\/a><\/p>\n\t<div id=\"gap-331987929\" class=\"gap-element clearfix\" style=\"display:block; height:auto;\">\n\t\t\n<style>\n#gap-331987929 {\n  padding-top: 10px;\n}\n<\/style>\n\t<\/div>\n\t\n\t<div class=\"img has-hover show-for-small x md-x lg-x y md-y lg-y\" id=\"image_1063647975\">\n\t\t\t\t\t\t\t\t<div class=\"img-inner image-cover dark\" style=\"padding-top:75%;\">\n\t\t\t<img loading=\"lazy\" decoding=\"async\" width=\"150\" height=\"150\" src=\"https:\/\/www.companhiaatlantica.pt\/wp-content\/uploads\/2022\/10\/DSC2175-150x150.jpg\" class=\"attachment-thumbnail size-thumbnail\" alt=\"\" srcset=\"https:\/\/www.companhiaatlantica.pt\/wp-content\/uploads\/2022\/10\/DSC2175-150x150.jpg 150w, https:\/\/www.companhiaatlantica.pt\/wp-content\/uploads\/2022\/10\/DSC2175-700x700.jpg 700w, https:\/\/www.companhiaatlantica.pt\/wp-content\/uploads\/2022\/10\/DSC2175-100x100.jpg 100w, https:\/\/www.companhiaatlantica.pt\/wp-content\/uploads\/2022\/10\/DSC2175-600x600.jpg 600w, https:\/\/www.companhiaatlantica.pt\/wp-content\/uploads\/2022\/10\/DSC2175-300x300.jpg 300w, https:\/\/www.companhiaatlantica.pt\/wp-content\/uploads\/2022\/10\/DSC2175-768x768.jpg 768w, https:\/\/www.companhiaatlantica.pt\/wp-content\/uploads\/2022\/10\/DSC2175.jpg 900w\" sizes=\"auto, (max-width: 150px) 100vw, 150px\" title=\"\">\t\t\t\t\t\t\n\t\t\t\t\t<\/div>\n\t\t\t\t\t\t\t\t\n<style>\n#image_1063647975 {\n  width: 100%;\n}\n<\/style>\n\t<\/div>\n\t\n\t\t<\/div>\n\t\t\t\t\t<\/div>\n\n\t\n<\/div>\n<h2><span style=\"font-weight: 400;\">Espa\u00f1a: Navidad y Reyes<\/span><\/h2>\n<p><span style=\"font-weight: 400;\">En Espa\u00f1a, la Navidad dura hasta el 6 de enero, el <\/span><b>D\u00eda del Rey<\/b><span style=\"font-weight: 400;\">, que es tan importante o m\u00e1s que la propia Nochebuena. Ese d\u00eda, los ni\u00f1os esperan ansiosos la llegada de los Reyes Magos, que traen regalos y reparten alegr\u00eda. En las calles, los <\/span><b>Cabalgatas de Reyes <\/b><span style=\"font-weight: 400;\">un espect\u00e1culo m\u00e1gico lleno de luces y m\u00fasica.<\/span> <span style=\"font-weight: 400;\">En cuanto a la <\/span><b>mesa de Navidad<\/b><\/p>\n<p><span style=\"font-weight: 400;\">En Espa\u00f1a, es habitual tener una decoraci\u00f3n de mesa navide\u00f1a sencilla pero elegante, que incluya flores frescas y velas. Reina la sencillez, pero la atenci\u00f3n a los detalles marca la diferencia. <\/span><\/p>\n\t<div id=\"gap-866461739\" class=\"gap-element clearfix\" style=\"display:block; height:auto;\">\n\t\t\n<style>\n#gap-866461739 {\n  padding-top: 30px;\n}\n<\/style>\n\t<\/div>\n\t\n<div class=\"row\"  id=\"row-116231023\">\n\n\t<div id=\"col-2076793126\" class=\"col medium-6 small-12 large-6\"  >\n\t\t\t\t<div class=\"col-inner\"  >\n\t\t\t\n\t\t\t\n\t<div class=\"img has-hover x md-x lg-x y md-y lg-y\" id=\"image_704145354\">\n\t\t<a class=\"\" href=\"https:\/\/www.companhiaatlantica.pt\/es\/ceramica-portuguesa\/fuentes-ensaladeras-ceramica?filter_colecao=breezy&#038;filter_cor=cinza\" target=\"_blank\" rel=\"noopener\" >\t\t\t\t\t\t<div class=\"img-inner dark\" >\n\t\t\t<img loading=\"lazy\" decoding=\"async\" width=\"1020\" height=\"680\" src=\"https:\/\/www.companhiaatlantica.pt\/wp-content\/uploads\/2024\/11\/IMG_8901-1024x683.jpg\" class=\"attachment-large size-large\" alt=\"\" srcset=\"https:\/\/www.companhiaatlantica.pt\/wp-content\/uploads\/2024\/11\/IMG_8901-1024x683.jpg 1024w, https:\/\/www.companhiaatlantica.pt\/wp-content\/uploads\/2024\/11\/IMG_8901-scaled-900x600.jpg 900w, https:\/\/www.companhiaatlantica.pt\/wp-content\/uploads\/2024\/11\/IMG_8901-400x267.jpg 400w, https:\/\/www.companhiaatlantica.pt\/wp-content\/uploads\/2024\/11\/IMG_8901-768x512.jpg 768w, https:\/\/www.companhiaatlantica.pt\/wp-content\/uploads\/2024\/11\/IMG_8901-1536x1024.jpg 1536w, https:\/\/www.companhiaatlantica.pt\/wp-content\/uploads\/2024\/11\/IMG_8901-2048x1365.jpg 2048w, https:\/\/www.companhiaatlantica.pt\/wp-content\/uploads\/2024\/11\/IMG_8901-1320x880.jpg 1320w\" sizes=\"auto, (max-width: 1020px) 100vw, 1020px\" title=\"\">\t\t\t\t\t\t\n\t\t\t\t\t<\/div>\n\t\t\t\t\t\t<\/a>\t\t\n<style>\n#image_704145354 {\n  width: 100%;\n}\n<\/style>\n\t<\/div>\n\t\n<p><a href=\"https:\/\/www.companhiaatlantica.pt\/es\/produto\/ceramica-portuguesa\/vajillas-completas\/comporta-vajilla-16-piezas\"><span style=\"font-weight: 400;\">Vajilla de la colecci\u00f3n COMPORTA<\/span><\/a><\/p>\n\t\t<\/div>\n\t\t\t\t\t<\/div>\n\n\t\n\n\t<div id=\"col-585254462\" class=\"col medium-6 small-12 large-6\"  >\n\t\t\t\t<div class=\"col-inner\"  >\n\t\t\t\n\t\t\t\n\t<div class=\"img has-hover x md-x lg-x y md-y lg-y\" id=\"image_1837416656\">\n\t\t<a class=\"\" href=\"https:\/\/www.companhiaatlantica.pt\/es\/ceramica-portuguesa\/fuentes-ensaladeras-ceramica?filter_colecao=breezy&#038;filter_cor=azul\" target=\"_blank\" rel=\"noopener\" >\t\t\t\t\t\t<div class=\"img-inner dark\" >\n\t\t\t<img loading=\"lazy\" decoding=\"async\" width=\"1020\" height=\"680\" src=\"https:\/\/www.companhiaatlantica.pt\/wp-content\/uploads\/2024\/11\/IMG_8897-1024x683.jpg\" class=\"attachment-large size-large\" alt=\"\" srcset=\"https:\/\/www.companhiaatlantica.pt\/wp-content\/uploads\/2024\/11\/IMG_8897-1024x683.jpg 1024w, https:\/\/www.companhiaatlantica.pt\/wp-content\/uploads\/2024\/11\/IMG_8897-scaled-900x600.jpg 900w, https:\/\/www.companhiaatlantica.pt\/wp-content\/uploads\/2024\/11\/IMG_8897-400x267.jpg 400w, https:\/\/www.companhiaatlantica.pt\/wp-content\/uploads\/2024\/11\/IMG_8897-768x512.jpg 768w, https:\/\/www.companhiaatlantica.pt\/wp-content\/uploads\/2024\/11\/IMG_8897-1536x1024.jpg 1536w, https:\/\/www.companhiaatlantica.pt\/wp-content\/uploads\/2024\/11\/IMG_8897-2048x1365.jpg 2048w, https:\/\/www.companhiaatlantica.pt\/wp-content\/uploads\/2024\/11\/IMG_8897-1320x880.jpg 1320w\" sizes=\"auto, (max-width: 1020px) 100vw, 1020px\" title=\"\">\t\t\t\t\t\t\n\t\t\t\t\t<\/div>\n\t\t\t\t\t\t<\/a>\t\t\n<style>\n#image_1837416656 {\n  width: 100%;\n}\n<\/style>\n\t<\/div>\n\t\n\t\t<\/div>\n\t\t\t\t\t<\/div>\n\n\t\n<\/div>\n<h2><span style=\"font-weight: 400;\">Europa Central: la fiesta de San Nicol\u00e1s<\/span><\/h2>\n<p><span style=\"font-weight: 400;\">En Europa Central, especialmente en B\u00e9lgica, Alemania y Austria, una de las fiestas m\u00e1s esperadas es la de <\/span><b>San Nicol\u00e1s<\/b><span style=\"font-weight: 400;\">se celebra a principios de diciembre. Esta tradici\u00f3n marca el inicio de las celebraciones navide\u00f1as, y es especialmente importante para los ni\u00f1os, que reciben peque\u00f1os regalos y dulces en sus botas\/calcetines de Navidad. <\/span><\/p>\n<h2><span style=\"font-weight: 400;\">Alemania: Coronas y calendarios de Adviento<\/span><\/h2>\n<p><span style=\"font-weight: 400;\">En Alemania, la Navidad comienza con la preparaci\u00f3n de la <\/span><b>Corona de Adviento<\/b><span style=\"font-weight: 400;\"> y el <\/span><b>Calendario de Adviento<\/b><span style=\"font-weight: 400;\">donde cada d\u00eda est\u00e1 marcado por peque\u00f1as golosinas y sorpresas. Las familias alemanas llenan sus casas de luces y adornos tradicionales, creando un ambiente c\u00e1lido y festivo. <\/span><\/p>\n<p><span style=\"font-weight: 400;\">En la <\/span><b>mesa navide\u00f1a alemana<\/b><span style=\"font-weight: 400;\">La vajilla es tan importante como la decoraci\u00f3n. La sencillez de <\/span><b>Centro de mesa navide\u00f1o<\/b><span style=\"font-weight: 400;\"> se complementa con platos t\u00edpicos como <\/span><b>ganso asado<\/b><span style=\"font-weight: 400;\"> o <\/span><b>salchichas con chucrut<\/b><span style=\"font-weight: 400;\">. Um arranjo de Natal com velas e pinhas n\u00e3o pode faltar na decora\u00e7\u00e3o da mesa. <\/span><\/p>\n<h2><span style=\"font-weight: 400;\">Decorar la mesa de Navidad: elegancia y tradici\u00f3n<\/span><\/h2>\n<p><span style=\"font-weight: 400;\">Decorar la mesa de Navidad es uno de los elementos centrales de esta celebraci\u00f3n. <\/span><b>Y la belleza est\u00e1 en los detalles.<\/b><span style=\"font-weight: 400;\"> No tiene por qu\u00e9 ser demasiado elaborado: basta con un sencillo centro de mesa y unos toques de color para convertir cualquier comida en algo memorable.<\/span><\/p>\n<p><span style=\"font-weight: 400;\">Si quieres crear una mesa navide\u00f1a con encanto, empieza por elegir un mantel con motivos festivos y complem\u00e9ntalo con arreglos navide\u00f1os naturales, como ramas de pino o acebo. Para darle un toque m\u00e1s original, puedes a\u00f1adir centros de mesa originales, como velas blancas o rojas dentro de vasos decorativos, o incluso crear tus propios marcadores de mesa con pi\u00f1as pintadas a mano. <\/span><\/p>\n<p><span style=\"font-weight: 400;\">\u00a1No te olvides de los platos! Una buena <\/span><b>cena de navidad<\/b><span style=\"font-weight: 400;\"> puede convertir tu mesa en una obra de arte. Para un ambiente a\u00fan m\u00e1s acogedor, el <\/span><b>tazas<\/b><span style=\"font-weight: 400;\"> o <\/span><b>vasos de Navidad<\/b><span style=\"font-weight: 400;\"> dan el toque final a esta decoraci\u00f3n. Y, por supuesto, para los m\u00e1s atentos a los detalles, peque\u00f1os objetos decorativos como estrellas o adornos navide\u00f1os entre los platos y cubiertos marcan la diferencia. <\/span><\/p>\n\t<div id=\"gap-1046674273\" class=\"gap-element clearfix\" style=\"display:block; height:auto;\">\n\t\t\n<style>\n#gap-1046674273 {\n  padding-top: 30px;\n}\n<\/style>\n\t<\/div>\n\t\n<div class=\"row\"  id=\"row-14339119\">\n\n\t<div id=\"col-156990722\" class=\"col medium-6 small-12 large-6\"  >\n\t\t\t\t<div class=\"col-inner\"  >\n\t\t\t\n\t\t\t\n\t<div class=\"img has-hover x md-x lg-x y md-y lg-y\" id=\"image_1321097734\">\n\t\t\t\t\t\t\t\t<div class=\"img-inner dark\" >\n\t\t\t<img loading=\"lazy\" decoding=\"async\" width=\"1020\" height=\"680\" src=\"https:\/\/www.companhiaatlantica.pt\/wp-content\/uploads\/2024\/11\/IMG_6511-1024x683.jpg\" class=\"attachment-large size-large\" alt=\"\" srcset=\"https:\/\/www.companhiaatlantica.pt\/wp-content\/uploads\/2024\/11\/IMG_6511-1024x683.jpg 1024w, https:\/\/www.companhiaatlantica.pt\/wp-content\/uploads\/2024\/11\/IMG_6511-scaled-900x600.jpg 900w, https:\/\/www.companhiaatlantica.pt\/wp-content\/uploads\/2024\/11\/IMG_6511-400x267.jpg 400w, https:\/\/www.companhiaatlantica.pt\/wp-content\/uploads\/2024\/11\/IMG_6511-768x512.jpg 768w, https:\/\/www.companhiaatlantica.pt\/wp-content\/uploads\/2024\/11\/IMG_6511-1536x1024.jpg 1536w, https:\/\/www.companhiaatlantica.pt\/wp-content\/uploads\/2024\/11\/IMG_6511-2048x1365.jpg 2048w, https:\/\/www.companhiaatlantica.pt\/wp-content\/uploads\/2024\/11\/IMG_6511-1320x880.jpg 1320w\" sizes=\"auto, (max-width: 1020px) 100vw, 1020px\" title=\"\">\t\t\t\t\t\t\n\t\t\t\t\t<\/div>\n\t\t\t\t\t\t\t\t\n<style>\n#image_1321097734 {\n  width: 100%;\n}\n<\/style>\n\t<\/div>\n\t\n<p><a href=\"https:\/\/www.companhiaatlantica.pt\/es\/ceramica-portuguesa\/vajillas-completas?filter_colecao=breezy\"><span style=\"font-weight: 400;\">Vajilla de la colecci\u00f3n BREEZY<\/span><\/a><\/p>\n\t\t<\/div>\n\t\t\t\t\t<\/div>\n\n\t\n\n\t<div id=\"col-228117964\" class=\"col medium-6 small-12 large-6\"  >\n\t\t\t\t<div class=\"col-inner\"  >\n\t\t\t\n\t\t\t\n\t<div class=\"img has-hover x md-x lg-x y md-y lg-y\" id=\"image_1806248871\">\n\t\t\t\t\t\t\t\t<div class=\"img-inner dark\" >\n\t\t\t<img loading=\"lazy\" decoding=\"async\" width=\"1020\" height=\"680\" src=\"https:\/\/www.companhiaatlantica.pt\/wp-content\/uploads\/2024\/11\/IMG_6486-1024x683.jpg\" class=\"attachment-large size-large\" alt=\"\" srcset=\"https:\/\/www.companhiaatlantica.pt\/wp-content\/uploads\/2024\/11\/IMG_6486-1024x683.jpg 1024w, https:\/\/www.companhiaatlantica.pt\/wp-content\/uploads\/2024\/11\/IMG_6486-scaled-900x600.jpg 900w, https:\/\/www.companhiaatlantica.pt\/wp-content\/uploads\/2024\/11\/IMG_6486-400x267.jpg 400w, https:\/\/www.companhiaatlantica.pt\/wp-content\/uploads\/2024\/11\/IMG_6486-768x512.jpg 768w, https:\/\/www.companhiaatlantica.pt\/wp-content\/uploads\/2024\/11\/IMG_6486-1536x1024.jpg 1536w, https:\/\/www.companhiaatlantica.pt\/wp-content\/uploads\/2024\/11\/IMG_6486-2048x1365.jpg 2048w, https:\/\/www.companhiaatlantica.pt\/wp-content\/uploads\/2024\/11\/IMG_6486-1320x880.jpg 1320w\" sizes=\"auto, (max-width: 1020px) 100vw, 1020px\" title=\"\">\t\t\t\t\t\t\n\t\t\t\t\t<\/div>\n\t\t\t\t\t\t\t\t\n<style>\n#image_1806248871 {\n  width: 100%;\n}\n<\/style>\n\t<\/div>\n\t\n\t\t<\/div>\n\t\t\t\t\t<\/div>\n\n\t\n<\/div>\n<div class=\"row\"  id=\"row-109248171\">\n\n\t<div id=\"col-1491422175\" class=\"col medium-6 small-12 large-6\"  >\n\t\t\t\t<div class=\"col-inner\"  >\n\t\t\t\n\t\t\t\n\t<div class=\"img has-hover x md-x lg-x y md-y lg-y\" id=\"image_888975047\">\n\t\t\t\t\t\t\t\t<div class=\"img-inner dark\" >\n\t\t\t<img loading=\"lazy\" decoding=\"async\" width=\"1020\" height=\"680\" src=\"https:\/\/www.companhiaatlantica.pt\/wp-content\/uploads\/2024\/11\/MELIDES4-1-1024x683.jpg\" class=\"attachment-large size-large\" alt=\"\" srcset=\"https:\/\/www.companhiaatlantica.pt\/wp-content\/uploads\/2024\/11\/MELIDES4-1-1024x683.jpg 1024w, https:\/\/www.companhiaatlantica.pt\/wp-content\/uploads\/2024\/11\/MELIDES4-1-scaled-900x600.jpg 900w, https:\/\/www.companhiaatlantica.pt\/wp-content\/uploads\/2024\/11\/MELIDES4-1-400x267.jpg 400w, https:\/\/www.companhiaatlantica.pt\/wp-content\/uploads\/2024\/11\/MELIDES4-1-768x512.jpg 768w, https:\/\/www.companhiaatlantica.pt\/wp-content\/uploads\/2024\/11\/MELIDES4-1-1536x1024.jpg 1536w, https:\/\/www.companhiaatlantica.pt\/wp-content\/uploads\/2024\/11\/MELIDES4-1-2048x1366.jpg 2048w, https:\/\/www.companhiaatlantica.pt\/wp-content\/uploads\/2024\/11\/MELIDES4-1-1320x880.jpg 1320w\" sizes=\"auto, (max-width: 1020px) 100vw, 1020px\" title=\"\">\t\t\t\t\t\t\n\t\t\t\t\t<\/div>\n\t\t\t\t\t\t\t\t\n<style>\n#image_888975047 {\n  width: 100%;\n}\n<\/style>\n\t<\/div>\n\t\n<p><a href=\"https:\/\/www.companhiaatlantica.pt\/es\/ceramica-portuguesa\/vajillas-completas?filter_colecao=breezy\"><span style=\"font-weight: 400;\">Colecci\u00f3n BREEZY<\/span><\/a><\/p>\n\t\t<\/div>\n\t\t\t\t\t<\/div>\n\n\t\n\n\t<div id=\"col-267139767\" class=\"col medium-6 small-12 large-6\"  >\n\t\t\t\t<div class=\"col-inner\"  >\n\t\t\t\n\t\t\t\n\t<div class=\"img has-hover x md-x lg-x y md-y lg-y\" id=\"image_10930921\">\n\t\t\t\t\t\t\t\t<div class=\"img-inner dark\" >\n\t\t\t<img loading=\"lazy\" decoding=\"async\" width=\"1020\" height=\"680\" src=\"https:\/\/www.companhiaatlantica.pt\/wp-content\/uploads\/2024\/11\/MELIDES43-1024x683.jpg\" class=\"attachment-large size-large\" alt=\"\" srcset=\"https:\/\/www.companhiaatlantica.pt\/wp-content\/uploads\/2024\/11\/MELIDES43-1024x683.jpg 1024w, https:\/\/www.companhiaatlantica.pt\/wp-content\/uploads\/2024\/11\/MELIDES43-scaled-900x600.jpg 900w, https:\/\/www.companhiaatlantica.pt\/wp-content\/uploads\/2024\/11\/MELIDES43-400x267.jpg 400w, https:\/\/www.companhiaatlantica.pt\/wp-content\/uploads\/2024\/11\/MELIDES43-768x512.jpg 768w, https:\/\/www.companhiaatlantica.pt\/wp-content\/uploads\/2024\/11\/MELIDES43-1536x1024.jpg 1536w, https:\/\/www.companhiaatlantica.pt\/wp-content\/uploads\/2024\/11\/MELIDES43-2048x1366.jpg 2048w, https:\/\/www.companhiaatlantica.pt\/wp-content\/uploads\/2024\/11\/MELIDES43-1320x880.jpg 1320w\" sizes=\"auto, (max-width: 1020px) 100vw, 1020px\" title=\"\">\t\t\t\t\t\t\n\t\t\t\t\t<\/div>\n\t\t\t\t\t\t\t\t\n<style>\n#image_10930921 {\n  width: 100%;\n}\n<\/style>\n\t<\/div>\n\t\n<p><a href=\"https:\/\/www.companhiaatlantica.pt\/es\/produto\/velas-difusores\/velas-decorativas\/luz-de-mesa-vidrio-rossio\"><span style=\"font-weight: 400;\">Candelabro de cristal T-Light &amp; ROSSIO<\/span><\/a><\/p>\n\t\t<\/div>\n\t\t\t\t\t<\/div>\n\n\t\n<\/div>\n<h2><span style=\"font-weight: 400;\">Platos t\u00edpicos navide\u00f1os en Europa<\/span><\/h2>\n<p><span style=\"font-weight: 400;\">La mesa de Navidad es donde se produce la magia, y en toda Europa, los platos t\u00edpicos var\u00edan seg\u00fan la regi\u00f3n. En Portugal, como ya hemos mencionado, el bacalao es el plato preferido, pero en todo el mundo hay otras delicias navide\u00f1as que explorar. <\/span><\/p>\n<p><span style=\"font-weight: 400;\">En Alemania <\/span><b>ganso asado <\/b> <span style=\"font-weight: 400;\">se sirve tradicionalmente con col lombarda y patatas. En Francia, es habitual <\/span><b>foie gras<\/b><span style=\"font-weight: 400;\"> y <\/span><b>ostras<\/b><span style=\"font-weight: 400;\"> forman parte de la comida. Y en Austria <\/span><b>Schnitzel vien\u00e9s<\/b><span style=\"font-weight: 400;\"> es uno de los platos principales, acompa\u00f1ado de ensaladas frescas y salsas intensas.<\/span><\/p>\n\t\t<\/div>\n\n\t\t\n<style>\n#section_1752670727 {\n  padding-top: 30px;\n  padding-bottom: 30px;\n}\n<\/style>\n\t<\/section>\n\t\n<div class=\"woocommerce columns-4 \"><div class=\"products row row-small large-columns-4 medium-columns-3 small-columns-1 has-equal-box-heights equalize-box\">\n<div class=\"product-small col has-hover product type-product post-17595 status-publish first instock product_cat-accesorios-casa product_cat-accesorios-mesa product_cat-ceramica-portuguesa product_cat-posavasos product_cat-recuerdos-portugal has-post-thumbnail taxable shipping-taxable purchasable product-type-variable\">\n\t<div class=\"col-inner\">\n\t\n<div class=\"badge-container absolute left top z-1\">\n\n<\/div>\n\t<div class=\"product-small box \">\n\t\t<div class=\"box-image\">\n\t\t\t<div class=\"image-fade_in_back\">\n\t\t\t\t<a href=\"https:\/\/www.companhiaatlantica.pt\/es\/produto\/recuerdos-portugal\/accesorios-casa\/posavasos\/azulejo-posavaso-9cm-2-piezas\">\n\t\t\t\t\t<img loading=\"lazy\" decoding=\"async\" width=\"600\" height=\"600\" src=\"https:\/\/www.companhiaatlantica.pt\/wp-content\/uploads\/2020\/06\/IMG_9482.jpg\" class=\"attachment-woocommerce_thumbnail size-woocommerce_thumbnail\" alt=\"Posavasos AZULEJO  - Conjunto de 2\" srcset=\"https:\/\/www.companhiaatlantica.pt\/wp-content\/uploads\/2020\/06\/IMG_9482.jpg 600w, https:\/\/www.companhiaatlantica.pt\/wp-content\/uploads\/2020\/06\/IMG_9482-100x100.jpg 100w\" sizes=\"auto, (max-width: 600px) 100vw, 600px\" title=\"\"><img loading=\"lazy\" decoding=\"async\" width=\"600\" height=\"600\" src=\"https:\/\/www.companhiaatlantica.pt\/wp-content\/uploads\/2019\/08\/130-481_1.jpg\" class=\"show-on-hover absolute fill hide-for-small back-image\" alt=\"Alternative view of Posavasos AZULEJO  - Conjunto de 2\" aria-hidden=\"true\" srcset=\"https:\/\/www.companhiaatlantica.pt\/wp-content\/uploads\/2019\/08\/130-481_1.jpg 600w, https:\/\/www.companhiaatlantica.pt\/wp-content\/uploads\/2019\/08\/130-481_1-100x100.jpg 100w\" sizes=\"auto, (max-width: 600px) 100vw, 600px\" title=\"\">\t\t\t\t<\/a>\n\t\t\t<\/div>\n\t\t\t<div class=\"image-tools is-small top right show-on-hover\">\n\t\t\t\t\t\t<div class=\"wishlist-icon\">\n\t\t\t<button class=\"wishlist-button button is-outline circle icon\" aria-label=\"Lista de deseos\">\n\t\t\t\t<i class=\"icon-heart\" aria-hidden=\"true\"><\/i>\t\t\t<\/button>\n\t\t\t<div class=\"wishlist-popup dark\">\n\t\t\t\t\n<div\n\tclass=\"yith-wcwl-add-to-wishlist add-to-wishlist-17595 yith-wcwl-add-to-wishlist--button_default-style wishlist-fragment on-first-load\"\n\tdata-fragment-ref=\"17595\"\n\tdata-fragment-options=\"{&quot;base_url&quot;:&quot;&quot;,&quot;product_id&quot;:17595,&quot;parent_product_id&quot;:0,&quot;product_type&quot;:&quot;variable&quot;,&quot;is_single&quot;:false,&quot;in_default_wishlist&quot;:false,&quot;show_view&quot;:false,&quot;browse_wishlist_text&quot;:&quot;Consulta tu WishList&quot;,&quot;already_in_wishslist_text&quot;:&quot;\\u00a1Este producto ya esta en tu wishlist!&quot;,&quot;product_added_text&quot;:&quot;Producto A\\u00f1adido!&quot;,&quot;available_multi_wishlist&quot;:false,&quot;disable_wishlist&quot;:false,&quot;show_count&quot;:false,&quot;ajax_loading&quot;:false,&quot;loop_position&quot;:&quot;after_add_to_cart&quot;,&quot;item&quot;:&quot;add_to_wishlist&quot;}\"\n>\n\t\t\t\n\t\t\t<!-- ADD TO WISHLIST -->\n\t\t\t\n<div class=\"yith-wcwl-add-button\">\n\t\t<a\n\t\thref=\"?add_to_wishlist=17595&#038;_wpnonce=dd87b66a07\"\n\t\tclass=\"add_to_wishlist single_add_to_wishlist alt button theme-button-style \"\n\t\tdata-product-id=\"17595\"\n\t\tdata-product-type=\"variable\"\n\t\tdata-original-product-id=\"0\"\n\t\tdata-title=\"A\u00f1adir Wishlist\"\n\t\trel=\"nofollow\"\n\t>\n\t\t<svg id=\"yith-wcwl-icon-heart-outline\" class=\"yith-wcwl-icon-svg\" fill=\"none\" stroke-width=\"1.5\" stroke=\"currentColor\" viewBox=\"0 0 24 24\" xmlns=\"http:\/\/www.w3.org\/2000\/svg\">\n  <path stroke-linecap=\"round\" stroke-linejoin=\"round\" d=\"M21 8.25c0-2.485-2.099-4.5-4.688-4.5-1.935 0-3.597 1.126-4.312 2.733-.715-1.607-2.377-2.733-4.313-2.733C5.1 3.75 3 5.765 3 8.25c0 7.22 9 12 9 12s9-4.78 9-12Z\"><\/path>\n<\/svg>\t\t<span>A\u00f1adir Wishlist<\/span>\n\t<\/a>\n<\/div>\n\n\t\t\t<!-- COUNT TEXT -->\n\t\t\t\n\t\t\t<\/div>\n\t\t\t<\/div>\n\t\t<\/div>\n\t\t\t\t\t<\/div>\n\t\t\t<div class=\"image-tools is-small hide-for-small bottom left show-on-hover\">\n\t\t\t\t\t\t\t<\/div>\n\t\t\t<div class=\"image-tools grid-tools text-center hide-for-small bottom hover-slide-in show-on-hover\">\n\t\t\t\t\t\t\t<\/div>\n\t\t\t\t\t<\/div>\n\n\t\t<div class=\"box-text box-text-products\">\n\t\t\t<div class=\"title-wrapper\">\t\t<p class=\"category uppercase is-smaller no-text-overflow product-cat op-8\">\n\t\t\tAccesorios Casa\t\t<\/p>\n\t<p class=\"name product-title woocommerce-loop-product__title\"><a href=\"https:\/\/www.companhiaatlantica.pt\/es\/produto\/recuerdos-portugal\/accesorios-casa\/posavasos\/azulejo-posavaso-9cm-2-piezas\" class=\"woocommerce-LoopProduct-link woocommerce-loop-product__link\">Posavasos AZULEJO  &#8211; Conjunto de 2<\/a><\/p><\/div><div class=\"price-wrapper\">\n\t<span class=\"price\"><span class=\"woocommerce-Price-amount amount\"><bdi>18.50<span class=\"woocommerce-Price-currencySymbol\">&euro;<\/span><\/bdi><\/span><\/span>\n<\/div><div class=\"add-to-cart-button\"><a href=\"https:\/\/www.companhiaatlantica.pt\/es\/produto\/recuerdos-portugal\/accesorios-casa\/posavasos\/azulejo-posavaso-9cm-2-piezas\" aria-describedby=\"woocommerce_loop_add_to_cart_link_describedby_17595\" data-quantity=\"1\" class=\"primary is-small mb-0 button product_type_variable add_to_cart_button is-outline\" data-product_id=\"17595\" data-product_sku=\"\" aria-label=\"Elige las opciones para &ldquo;Posavasos AZULEJO  - Conjunto de 2&rdquo;\" rel=\"nofollow\" data-product_name=\"Posavasos AZULEJO  - Conjunto de 2\" data-product_image=\"https:\/\/www.companhiaatlantica.pt\/wp-content\/uploads\/2020\/06\/IMG_9482.jpg\">Seleccionar opciones<\/a><\/div>\t<span id=\"woocommerce_loop_add_to_cart_link_describedby_17595\" class=\"screen-reader-text\">\n\t\tEste producto tiene m\u00faltiples variantes. Las opciones se pueden elegir en la p\u00e1gina de producto\t<\/span>\n\t\t<\/div>\n\t<\/div>\n\t<span class=\"gtm4wp_productdata\" style=\"display:none; visibility:hidden;\" data-gtm4wp_product_data=\"{&quot;internal_id&quot;:17595,&quot;item_id&quot;:17595,&quot;item_name&quot;:&quot;Posavasos AZULEJO  - Conjunto de 2&quot;,&quot;sku&quot;:17595,&quot;price&quot;:18.5,&quot;stocklevel&quot;:null,&quot;stockstatus&quot;:&quot;instock&quot;,&quot;google_business_vertical&quot;:&quot;retail&quot;,&quot;item_category&quot;:&quot;Vida Portuguesa&quot;,&quot;item_category2&quot;:&quot;Acess\\u00f3rios Casa&quot;,&quot;item_category3&quot;:&quot;Bases copos&quot;,&quot;id&quot;:17595,&quot;productlink&quot;:&quot;https:\\\/\\\/www.companhiaatlantica.pt\\\/es\\\/produto\\\/recuerdos-portugal\\\/accesorios-casa\\\/posavasos\\\/azulejo-posavaso-9cm-2-piezas&quot;,&quot;item_list_name&quot;:&quot;Lista general de productos&quot;,&quot;index&quot;:1,&quot;product_type&quot;:&quot;variable&quot;,&quot;item_brand&quot;:&quot;&quot;}\"><\/span>\t<\/div>\n<\/div><div class=\"product-small col has-hover product type-product post-13207 status-publish instock product_cat-aceiteras-de-ceramica-artesanal product_cat-ceramica-portuguesa has-post-thumbnail sale taxable shipping-taxable purchasable product-type-variable\">\n\t<div class=\"col-inner\">\n\t\n<div class=\"badge-container absolute left top z-1\">\n<div class=\"badge callout badge-circle\">\r\n  \t\t\t<div class=\"badge-inner secondary on-sale\">\r\n  \t\t\t\t<span class=\"onsale\">-19%<\/span>\r\n\t\t\t<\/div>\r\n\t\t<\/div>\r\n\t\t<div class=\"badge callout badge-circle\">\r\n\t\t\t<div class=\"badge-inner callout-new-bg is-small new-bubble\"><\/div>\r\n\t\t<\/div>\n<\/div>\n\t<div class=\"product-small box \">\n\t\t<div class=\"box-image\">\n\t\t\t<div class=\"image-fade_in_back\">\n\t\t\t\t<a href=\"https:\/\/www.companhiaatlantica.pt\/es\/produto\/ceramica-portuguesa\/aceiteras-de-ceramica-artesanal\/aceitera-breezy-400ml\">\n\t\t\t\t\t<img loading=\"lazy\" decoding=\"async\" width=\"600\" height=\"600\" src=\"https:\/\/www.companhiaatlantica.pt\/wp-content\/uploads\/2021\/03\/Breezy-olive-set-4.jpg\" class=\"attachment-woocommerce_thumbnail size-woocommerce_thumbnail\" alt=\"Aceitera BREEZY\" srcset=\"https:\/\/www.companhiaatlantica.pt\/wp-content\/uploads\/2021\/03\/Breezy-olive-set-4.jpg 600w, https:\/\/www.companhiaatlantica.pt\/wp-content\/uploads\/2021\/03\/Breezy-olive-set-4-100x100.jpg 100w\" sizes=\"auto, (max-width: 600px) 100vw, 600px\" title=\"\"><img loading=\"lazy\" decoding=\"async\" width=\"600\" height=\"600\" src=\"https:\/\/www.companhiaatlantica.pt\/wp-content\/uploads\/2021\/03\/Breezy-olive-oil-bottle-generic.gif\" class=\"show-on-hover absolute fill hide-for-small back-image\" alt=\"Alternative view of Aceitera BREEZY\" aria-hidden=\"true\" srcset=\"https:\/\/www.companhiaatlantica.pt\/wp-content\/uploads\/2021\/03\/Breezy-olive-oil-bottle-generic.gif 600w, https:\/\/www.companhiaatlantica.pt\/wp-content\/uploads\/2021\/03\/Breezy-olive-oil-bottle-generic-100x100.gif 100w\" sizes=\"auto, (max-width: 600px) 100vw, 600px\" title=\"\">\t\t\t\t<\/a>\n\t\t\t<\/div>\n\t\t\t<div class=\"image-tools is-small top right show-on-hover\">\n\t\t\t\t\t\t<div class=\"wishlist-icon\">\n\t\t\t<button class=\"wishlist-button button is-outline circle icon\" aria-label=\"Lista de deseos\">\n\t\t\t\t<i class=\"icon-heart\" aria-hidden=\"true\"><\/i>\t\t\t<\/button>\n\t\t\t<div class=\"wishlist-popup dark\">\n\t\t\t\t\n<div\n\tclass=\"yith-wcwl-add-to-wishlist add-to-wishlist-13207 yith-wcwl-add-to-wishlist--button_default-style wishlist-fragment on-first-load\"\n\tdata-fragment-ref=\"13207\"\n\tdata-fragment-options=\"{&quot;base_url&quot;:&quot;&quot;,&quot;product_id&quot;:13207,&quot;parent_product_id&quot;:0,&quot;product_type&quot;:&quot;variable&quot;,&quot;is_single&quot;:false,&quot;in_default_wishlist&quot;:false,&quot;show_view&quot;:false,&quot;browse_wishlist_text&quot;:&quot;Consulta tu WishList&quot;,&quot;already_in_wishslist_text&quot;:&quot;\\u00a1Este producto ya esta en tu wishlist!&quot;,&quot;product_added_text&quot;:&quot;Producto A\\u00f1adido!&quot;,&quot;available_multi_wishlist&quot;:false,&quot;disable_wishlist&quot;:false,&quot;show_count&quot;:false,&quot;ajax_loading&quot;:false,&quot;loop_position&quot;:&quot;after_add_to_cart&quot;,&quot;item&quot;:&quot;add_to_wishlist&quot;}\"\n>\n\t\t\t\n\t\t\t<!-- ADD TO WISHLIST -->\n\t\t\t\n<div class=\"yith-wcwl-add-button\">\n\t\t<a\n\t\thref=\"?add_to_wishlist=13207&#038;_wpnonce=dd87b66a07\"\n\t\tclass=\"add_to_wishlist single_add_to_wishlist alt button theme-button-style \"\n\t\tdata-product-id=\"13207\"\n\t\tdata-product-type=\"variable\"\n\t\tdata-original-product-id=\"0\"\n\t\tdata-title=\"A\u00f1adir Wishlist\"\n\t\trel=\"nofollow\"\n\t>\n\t\t<svg id=\"yith-wcwl-icon-heart-outline\" class=\"yith-wcwl-icon-svg\" fill=\"none\" stroke-width=\"1.5\" stroke=\"currentColor\" viewBox=\"0 0 24 24\" xmlns=\"http:\/\/www.w3.org\/2000\/svg\">\n  <path stroke-linecap=\"round\" stroke-linejoin=\"round\" d=\"M21 8.25c0-2.485-2.099-4.5-4.688-4.5-1.935 0-3.597 1.126-4.312 2.733-.715-1.607-2.377-2.733-4.313-2.733C5.1 3.75 3 5.765 3 8.25c0 7.22 9 12 9 12s9-4.78 9-12Z\"><\/path>\n<\/svg>\t\t<span>A\u00f1adir Wishlist<\/span>\n\t<\/a>\n<\/div>\n\n\t\t\t<!-- COUNT TEXT -->\n\t\t\t\n\t\t\t<\/div>\n\t\t\t<\/div>\n\t\t<\/div>\n\t\t\t\t\t<\/div>\n\t\t\t<div class=\"image-tools is-small hide-for-small bottom left show-on-hover\">\n\t\t\t\t\t\t\t<\/div>\n\t\t\t<div class=\"image-tools grid-tools text-center hide-for-small bottom hover-slide-in show-on-hover\">\n\t\t\t\t\t\t\t<\/div>\n\t\t\t\t\t<\/div>\n\n\t\t<div class=\"box-text box-text-products\">\n\t\t\t<div class=\"title-wrapper\">\t\t<p class=\"category uppercase is-smaller no-text-overflow product-cat op-8\">\n\t\t\tAceiteras de Cer\u00e1mica Artesanal\t\t<\/p>\n\t<p class=\"name product-title woocommerce-loop-product__title\"><a href=\"https:\/\/www.companhiaatlantica.pt\/es\/produto\/ceramica-portuguesa\/aceiteras-de-ceramica-artesanal\/aceitera-breezy-400ml\" class=\"woocommerce-LoopProduct-link woocommerce-loop-product__link\">Aceitera BREEZY<\/a><\/p><\/div><div class=\"price-wrapper\">\n\t<span class=\"price\"><span class=\"woocommerce-Price-amount amount\" aria-hidden=\"true\"><bdi>23.50<span class=\"woocommerce-Price-currencySymbol\">&euro;<\/span><\/bdi><\/span> <span aria-hidden=\"true\">-<\/span> <span class=\"woocommerce-Price-amount amount\" aria-hidden=\"true\"><bdi>31.90<span class=\"woocommerce-Price-currencySymbol\">&euro;<\/span><\/bdi><\/span><span class=\"screen-reader-text\">Rango de precios: desde 23.50&euro; hasta 31.90&euro;<\/span><\/span>\n<\/div><div class=\"add-to-cart-button\"><a href=\"https:\/\/www.companhiaatlantica.pt\/es\/produto\/ceramica-portuguesa\/aceiteras-de-ceramica-artesanal\/aceitera-breezy-400ml\" aria-describedby=\"woocommerce_loop_add_to_cart_link_describedby_13207\" data-quantity=\"1\" class=\"primary is-small mb-0 button product_type_variable add_to_cart_button is-outline\" data-product_id=\"13207\" data-product_sku=\"\" aria-label=\"Elige las opciones para &ldquo;Aceitera BREEZY&rdquo;\" rel=\"nofollow\" data-product_name=\"Aceitera BREEZY\" data-product_image=\"https:\/\/www.companhiaatlantica.pt\/wp-content\/uploads\/2021\/03\/Breezy-olive-set-4.jpg\">Seleccionar opciones<\/a><\/div>\t<span id=\"woocommerce_loop_add_to_cart_link_describedby_13207\" class=\"screen-reader-text\">\n\t\tEste producto tiene m\u00faltiples variantes. Las opciones se pueden elegir en la p\u00e1gina de producto\t<\/span>\n\t\t<\/div>\n\t<\/div>\n\t<span class=\"gtm4wp_productdata\" style=\"display:none; visibility:hidden;\" data-gtm4wp_product_data=\"{&quot;internal_id&quot;:13207,&quot;item_id&quot;:13207,&quot;item_name&quot;:&quot;Aceitera BREEZY&quot;,&quot;sku&quot;:13207,&quot;price&quot;:29,&quot;stocklevel&quot;:null,&quot;stockstatus&quot;:&quot;instock&quot;,&quot;google_business_vertical&quot;:&quot;retail&quot;,&quot;item_category&quot;:&quot;Cer\\u00e2mica Portuguesa Artesanal&quot;,&quot;item_category2&quot;:&quot;Galheteiros&quot;,&quot;id&quot;:13207,&quot;productlink&quot;:&quot;https:\\\/\\\/www.companhiaatlantica.pt\\\/es\\\/produto\\\/ceramica-portuguesa\\\/aceiteras-de-ceramica-artesanal\\\/aceitera-breezy-400ml&quot;,&quot;item_list_name&quot;:&quot;Lista general de productos&quot;,&quot;index&quot;:2,&quot;product_type&quot;:&quot;variable&quot;,&quot;item_brand&quot;:&quot;&quot;}\"><\/span>\t<\/div>\n<\/div><div class=\"product-small col has-hover product type-product post-10075 status-publish instock product_cat-accesorios-cocina product_cat-accesorios-mesa product_cat-ceramica-portuguesa has-post-thumbnail taxable shipping-taxable purchasable product-type-variable has-default-attributes\">\n\t<div class=\"col-inner\">\n\t\n<div class=\"badge-container absolute left top z-1\">\n\n<\/div>\n\t<div class=\"product-small box \">\n\t\t<div class=\"box-image\">\n\t\t\t<div class=\"image-fade_in_back\">\n\t\t\t\t<a href=\"https:\/\/www.companhiaatlantica.pt\/es\/produto\/ceramica-portuguesa\/accesorios-cocina\/bisa-breezy-salero-y-pimentero-com-tampa\">\n\t\t\t\t\t<img loading=\"lazy\" decoding=\"async\" width=\"600\" height=\"600\" src=\"https:\/\/www.companhiaatlantica.pt\/wp-content\/uploads\/2020\/08\/IMG_4101.jpg\" class=\"attachment-woocommerce_thumbnail size-woocommerce_thumbnail\" alt=\"Salero &amp; Pimentero  c\/ tapa BISA\" srcset=\"https:\/\/www.companhiaatlantica.pt\/wp-content\/uploads\/2020\/08\/IMG_4101.jpg 600w, https:\/\/www.companhiaatlantica.pt\/wp-content\/uploads\/2020\/08\/IMG_4101-100x100.jpg 100w\" sizes=\"auto, (max-width: 600px) 100vw, 600px\" title=\"\"><img loading=\"lazy\" decoding=\"async\" width=\"600\" height=\"600\" src=\"https:\/\/www.companhiaatlantica.pt\/wp-content\/uploads\/2020\/08\/IMG_2914.jpg\" class=\"show-on-hover absolute fill hide-for-small back-image\" alt=\"Alternative view of Salero &amp; Pimentero  c\/ tapa BISA\" aria-hidden=\"true\" srcset=\"https:\/\/www.companhiaatlantica.pt\/wp-content\/uploads\/2020\/08\/IMG_2914.jpg 600w, https:\/\/www.companhiaatlantica.pt\/wp-content\/uploads\/2020\/08\/IMG_2914-100x100.jpg 100w\" sizes=\"auto, (max-width: 600px) 100vw, 600px\" title=\"\">\t\t\t\t<\/a>\n\t\t\t<\/div>\n\t\t\t<div class=\"image-tools is-small top right show-on-hover\">\n\t\t\t\t\t\t<div class=\"wishlist-icon\">\n\t\t\t<button class=\"wishlist-button button is-outline circle icon\" aria-label=\"Lista de deseos\">\n\t\t\t\t<i class=\"icon-heart\" aria-hidden=\"true\"><\/i>\t\t\t<\/button>\n\t\t\t<div class=\"wishlist-popup dark\">\n\t\t\t\t\n<div\n\tclass=\"yith-wcwl-add-to-wishlist add-to-wishlist-10075 yith-wcwl-add-to-wishlist--button_default-style wishlist-fragment on-first-load\"\n\tdata-fragment-ref=\"10075\"\n\tdata-fragment-options=\"{&quot;base_url&quot;:&quot;&quot;,&quot;product_id&quot;:10075,&quot;parent_product_id&quot;:0,&quot;product_type&quot;:&quot;variable&quot;,&quot;is_single&quot;:false,&quot;in_default_wishlist&quot;:false,&quot;show_view&quot;:false,&quot;browse_wishlist_text&quot;:&quot;Consulta tu WishList&quot;,&quot;already_in_wishslist_text&quot;:&quot;\\u00a1Este producto ya esta en tu wishlist!&quot;,&quot;product_added_text&quot;:&quot;Producto A\\u00f1adido!&quot;,&quot;available_multi_wishlist&quot;:false,&quot;disable_wishlist&quot;:false,&quot;show_count&quot;:false,&quot;ajax_loading&quot;:false,&quot;loop_position&quot;:&quot;after_add_to_cart&quot;,&quot;item&quot;:&quot;add_to_wishlist&quot;}\"\n>\n\t\t\t\n\t\t\t<!-- ADD TO WISHLIST -->\n\t\t\t\n<div class=\"yith-wcwl-add-button\">\n\t\t<a\n\t\thref=\"?add_to_wishlist=10075&#038;_wpnonce=dd87b66a07\"\n\t\tclass=\"add_to_wishlist single_add_to_wishlist alt button theme-button-style \"\n\t\tdata-product-id=\"10075\"\n\t\tdata-product-type=\"variable\"\n\t\tdata-original-product-id=\"0\"\n\t\tdata-title=\"A\u00f1adir Wishlist\"\n\t\trel=\"nofollow\"\n\t>\n\t\t<svg id=\"yith-wcwl-icon-heart-outline\" class=\"yith-wcwl-icon-svg\" fill=\"none\" stroke-width=\"1.5\" stroke=\"currentColor\" viewBox=\"0 0 24 24\" xmlns=\"http:\/\/www.w3.org\/2000\/svg\">\n  <path stroke-linecap=\"round\" stroke-linejoin=\"round\" d=\"M21 8.25c0-2.485-2.099-4.5-4.688-4.5-1.935 0-3.597 1.126-4.312 2.733-.715-1.607-2.377-2.733-4.313-2.733C5.1 3.75 3 5.765 3 8.25c0 7.22 9 12 9 12s9-4.78 9-12Z\"><\/path>\n<\/svg>\t\t<span>A\u00f1adir Wishlist<\/span>\n\t<\/a>\n<\/div>\n\n\t\t\t<!-- COUNT TEXT -->\n\t\t\t\n\t\t\t<\/div>\n\t\t\t<\/div>\n\t\t<\/div>\n\t\t\t\t\t<\/div>\n\t\t\t<div class=\"image-tools is-small hide-for-small bottom left show-on-hover\">\n\t\t\t\t\t\t\t<\/div>\n\t\t\t<div class=\"image-tools grid-tools text-center hide-for-small bottom hover-slide-in show-on-hover\">\n\t\t\t\t\t\t\t<\/div>\n\t\t\t\t\t<\/div>\n\n\t\t<div class=\"box-text box-text-products\">\n\t\t\t<div class=\"title-wrapper\">\t\t<p class=\"category uppercase is-smaller no-text-overflow product-cat op-8\">\n\t\t\tAccesorios Cocina\t\t<\/p>\n\t<p class=\"name product-title woocommerce-loop-product__title\"><a href=\"https:\/\/www.companhiaatlantica.pt\/es\/produto\/ceramica-portuguesa\/accesorios-cocina\/bisa-breezy-salero-y-pimentero-com-tampa\" class=\"woocommerce-LoopProduct-link woocommerce-loop-product__link\">Salero &#038; Pimentero  c\/ tapa BISA<\/a><\/p><\/div><div class=\"price-wrapper\">\n\t<span class=\"price\"><span class=\"woocommerce-Price-amount amount\"><bdi>20.00<span class=\"woocommerce-Price-currencySymbol\">&euro;<\/span><\/bdi><\/span><\/span>\n<\/div><div class=\"add-to-cart-button\"><a href=\"https:\/\/www.companhiaatlantica.pt\/es\/produto\/ceramica-portuguesa\/accesorios-cocina\/bisa-breezy-salero-y-pimentero-com-tampa\" aria-describedby=\"woocommerce_loop_add_to_cart_link_describedby_10075\" data-quantity=\"1\" class=\"primary is-small mb-0 button product_type_variable add_to_cart_button is-outline\" data-product_id=\"10075\" data-product_sku=\"\" aria-label=\"Elige las opciones para &ldquo;Salero &amp; Pimentero  c\/ tapa BISA&rdquo;\" rel=\"nofollow\" data-product_name=\"Salero &amp; Pimentero  c\/ tapa BISA\" data-product_image=\"https:\/\/www.companhiaatlantica.pt\/wp-content\/uploads\/2020\/08\/IMG_4101.jpg\">Seleccionar opciones<\/a><\/div>\t<span id=\"woocommerce_loop_add_to_cart_link_describedby_10075\" class=\"screen-reader-text\">\n\t\tEste producto tiene m\u00faltiples variantes. Las opciones se pueden elegir en la p\u00e1gina de producto\t<\/span>\n\t\t<\/div>\n\t<\/div>\n\t<span class=\"gtm4wp_productdata\" style=\"display:none; visibility:hidden;\" data-gtm4wp_product_data=\"{&quot;internal_id&quot;:10075,&quot;item_id&quot;:10075,&quot;item_name&quot;:&quot;Salero &amp; Pimentero  c\\\/ tapa BISA&quot;,&quot;sku&quot;:10075,&quot;price&quot;:20,&quot;stocklevel&quot;:null,&quot;stockstatus&quot;:&quot;instock&quot;,&quot;google_business_vertical&quot;:&quot;retail&quot;,&quot;item_category&quot;:&quot;Cer\\u00e2mica Portuguesa Artesanal&quot;,&quot;item_category2&quot;:&quot;Acess\\u00f3rios Mesa&quot;,&quot;id&quot;:10075,&quot;productlink&quot;:&quot;https:\\\/\\\/www.companhiaatlantica.pt\\\/es\\\/produto\\\/ceramica-portuguesa\\\/accesorios-cocina\\\/bisa-breezy-salero-y-pimentero-com-tampa&quot;,&quot;item_list_name&quot;:&quot;Lista general de productos&quot;,&quot;index&quot;:3,&quot;product_type&quot;:&quot;variable&quot;,&quot;item_brand&quot;:&quot;&quot;}\"><\/span>\t<\/div>\n<\/div><div class=\"product-small col has-hover product type-product post-10254 status-publish last instock product_cat-ceramica-portuguesa product_cat-fuentes-ensaladeras-ceramica product_cat-promociones has-post-thumbnail sale taxable shipping-taxable purchasable product-type-variable has-default-attributes\">\n\t<div class=\"col-inner\">\n\t\n<div class=\"badge-container absolute left top z-1\">\n<div class=\"badge callout badge-circle\">\r\n  \t\t\t<div class=\"badge-inner secondary on-sale\">\r\n  \t\t\t\t<span class=\"onsale\">-20%<\/span>\r\n\t\t\t<\/div>\r\n\t\t<\/div>\r\n\t\t<div class=\"badge callout badge-circle\">\r\n\t\t\t<div class=\"badge-inner callout-new-bg is-small new-bubble\">3 pcs<\/div>\r\n\t\t<\/div>\n<div class=\"badge callout badge-circle\"><div class=\"badge-inner callout-new-bg is-small new-bubble\">3 pcs<\/div><\/div><\/div>\n\t<div class=\"product-small box \">\n\t\t<div class=\"box-image\">\n\t\t\t<div class=\"image-fade_in_back\">\n\t\t\t\t<a href=\"https:\/\/www.companhiaatlantica.pt\/es\/produto\/ceramica-portuguesa\/fuentes-ensaladeras-ceramica\/breezy-fuente-oval-3-piezas\">\n\t\t\t\t\t<img loading=\"lazy\" decoding=\"async\" width=\"600\" height=\"600\" src=\"https:\/\/www.companhiaatlantica.pt\/wp-content\/uploads\/2020\/07\/IMG_0579.jpg\" class=\"attachment-woocommerce_thumbnail size-woocommerce_thumbnail\" alt=\"3 Fuentes Ovales BREEZY\" srcset=\"https:\/\/www.companhiaatlantica.pt\/wp-content\/uploads\/2020\/07\/IMG_0579.jpg 600w, https:\/\/www.companhiaatlantica.pt\/wp-content\/uploads\/2020\/07\/IMG_0579-100x100.jpg 100w\" sizes=\"auto, (max-width: 600px) 100vw, 600px\" title=\"\"><img loading=\"lazy\" decoding=\"async\" width=\"600\" height=\"600\" src=\"https:\/\/www.companhiaatlantica.pt\/wp-content\/uploads\/2020\/06\/DSC1381.jpg\" class=\"show-on-hover absolute fill hide-for-small back-image\" alt=\"Alternative view of 3 Fuentes Ovales BREEZY\" aria-hidden=\"true\" srcset=\"https:\/\/www.companhiaatlantica.pt\/wp-content\/uploads\/2020\/06\/DSC1381.jpg 600w, https:\/\/www.companhiaatlantica.pt\/wp-content\/uploads\/2020\/06\/DSC1381-100x100.jpg 100w\" sizes=\"auto, (max-width: 600px) 100vw, 600px\" title=\"\">\t\t\t\t<\/a>\n\t\t\t<\/div>\n\t\t\t<div class=\"image-tools is-small top right show-on-hover\">\n\t\t\t\t\t\t<div class=\"wishlist-icon\">\n\t\t\t<button class=\"wishlist-button button is-outline circle icon\" aria-label=\"Lista de deseos\">\n\t\t\t\t<i class=\"icon-heart\" aria-hidden=\"true\"><\/i>\t\t\t<\/button>\n\t\t\t<div class=\"wishlist-popup dark\">\n\t\t\t\t\n<div\n\tclass=\"yith-wcwl-add-to-wishlist add-to-wishlist-10254 yith-wcwl-add-to-wishlist--button_default-style wishlist-fragment on-first-load\"\n\tdata-fragment-ref=\"10254\"\n\tdata-fragment-options=\"{&quot;base_url&quot;:&quot;&quot;,&quot;product_id&quot;:10254,&quot;parent_product_id&quot;:0,&quot;product_type&quot;:&quot;variable&quot;,&quot;is_single&quot;:false,&quot;in_default_wishlist&quot;:false,&quot;show_view&quot;:false,&quot;browse_wishlist_text&quot;:&quot;Consulta tu WishList&quot;,&quot;already_in_wishslist_text&quot;:&quot;\\u00a1Este producto ya esta en tu wishlist!&quot;,&quot;product_added_text&quot;:&quot;Producto A\\u00f1adido!&quot;,&quot;available_multi_wishlist&quot;:false,&quot;disable_wishlist&quot;:false,&quot;show_count&quot;:false,&quot;ajax_loading&quot;:false,&quot;loop_position&quot;:&quot;after_add_to_cart&quot;,&quot;item&quot;:&quot;add_to_wishlist&quot;}\"\n>\n\t\t\t\n\t\t\t<!-- ADD TO WISHLIST -->\n\t\t\t\n<div class=\"yith-wcwl-add-button\">\n\t\t<a\n\t\thref=\"?add_to_wishlist=10254&#038;_wpnonce=dd87b66a07\"\n\t\tclass=\"add_to_wishlist single_add_to_wishlist alt button theme-button-style \"\n\t\tdata-product-id=\"10254\"\n\t\tdata-product-type=\"variable\"\n\t\tdata-original-product-id=\"0\"\n\t\tdata-title=\"A\u00f1adir Wishlist\"\n\t\trel=\"nofollow\"\n\t>\n\t\t<svg id=\"yith-wcwl-icon-heart-outline\" class=\"yith-wcwl-icon-svg\" fill=\"none\" stroke-width=\"1.5\" stroke=\"currentColor\" viewBox=\"0 0 24 24\" xmlns=\"http:\/\/www.w3.org\/2000\/svg\">\n  <path stroke-linecap=\"round\" stroke-linejoin=\"round\" d=\"M21 8.25c0-2.485-2.099-4.5-4.688-4.5-1.935 0-3.597 1.126-4.312 2.733-.715-1.607-2.377-2.733-4.313-2.733C5.1 3.75 3 5.765 3 8.25c0 7.22 9 12 9 12s9-4.78 9-12Z\"><\/path>\n<\/svg>\t\t<span>A\u00f1adir Wishlist<\/span>\n\t<\/a>\n<\/div>\n\n\t\t\t<!-- COUNT TEXT -->\n\t\t\t\n\t\t\t<\/div>\n\t\t\t<\/div>\n\t\t<\/div>\n\t\t\t\t\t<\/div>\n\t\t\t<div class=\"image-tools is-small hide-for-small bottom left show-on-hover\">\n\t\t\t\t\t\t\t<\/div>\n\t\t\t<div class=\"image-tools grid-tools text-center hide-for-small bottom hover-slide-in show-on-hover\">\n\t\t\t\t\t\t\t<\/div>\n\t\t\t\t\t<\/div>\n\n\t\t<div class=\"box-text box-text-products\">\n\t\t\t<div class=\"title-wrapper\">\t\t<p class=\"category uppercase is-smaller no-text-overflow product-cat op-8\">\n\t\t\tCer\u00e1mica portuguesa artesanal \u2013 Hecha a mano en Portugal\t\t<\/p>\n\t<p class=\"name product-title woocommerce-loop-product__title\"><a href=\"https:\/\/www.companhiaatlantica.pt\/es\/produto\/ceramica-portuguesa\/fuentes-ensaladeras-ceramica\/breezy-fuente-oval-3-piezas\" class=\"woocommerce-LoopProduct-link woocommerce-loop-product__link\">3 Fuentes Ovales BREEZY<\/a><\/p><\/div><div class=\"price-wrapper\">\n\t<span class=\"price\"><del aria-hidden=\"true\"><span class=\"woocommerce-Price-amount amount\"><bdi>70.00<span class=\"woocommerce-Price-currencySymbol\">&euro;<\/span><\/bdi><\/span><\/del> <span class=\"screen-reader-text\">El precio original era: 70.00&euro;.<\/span><ins aria-hidden=\"true\"><span class=\"woocommerce-Price-amount amount\"><bdi>56.00<span class=\"woocommerce-Price-currencySymbol\">&euro;<\/span><\/bdi><\/span><\/ins><span class=\"screen-reader-text\">El precio actual es: 56.00&euro;.<\/span><\/span>\n<\/div><div class=\"add-to-cart-button\"><a href=\"https:\/\/www.companhiaatlantica.pt\/es\/produto\/ceramica-portuguesa\/fuentes-ensaladeras-ceramica\/breezy-fuente-oval-3-piezas\" aria-describedby=\"woocommerce_loop_add_to_cart_link_describedby_10254\" data-quantity=\"1\" class=\"primary is-small mb-0 button product_type_variable add_to_cart_button is-outline\" data-product_id=\"10254\" data-product_sku=\"\" aria-label=\"Elige las opciones para &ldquo;3 Fuentes Ovales BREEZY&rdquo;\" rel=\"nofollow\" data-product_name=\"3 Fuentes Ovales BREEZY\" data-product_image=\"https:\/\/www.companhiaatlantica.pt\/wp-content\/uploads\/2020\/07\/IMG_0579.jpg\">Seleccionar opciones<\/a><\/div>\t<span id=\"woocommerce_loop_add_to_cart_link_describedby_10254\" class=\"screen-reader-text\">\n\t\tEste producto tiene m\u00faltiples variantes. Las opciones se pueden elegir en la p\u00e1gina de producto\t<\/span>\n\t\t<\/div>\n\t<\/div>\n\t<span class=\"gtm4wp_productdata\" style=\"display:none; visibility:hidden;\" data-gtm4wp_product_data=\"{&quot;internal_id&quot;:10254,&quot;item_id&quot;:10254,&quot;item_name&quot;:&quot;3 Fuentes Ovales BREEZY&quot;,&quot;sku&quot;:10254,&quot;price&quot;:56,&quot;stocklevel&quot;:null,&quot;stockstatus&quot;:&quot;instock&quot;,&quot;google_business_vertical&quot;:&quot;retail&quot;,&quot;item_category&quot;:&quot;Cer\\u00e2mica Portuguesa Artesanal&quot;,&quot;item_category2&quot;:&quot;Travessas Saladeiras Cer\\u00e2mica&quot;,&quot;id&quot;:10254,&quot;productlink&quot;:&quot;https:\\\/\\\/www.companhiaatlantica.pt\\\/es\\\/produto\\\/ceramica-portuguesa\\\/fuentes-ensaladeras-ceramica\\\/breezy-fuente-oval-3-piezas&quot;,&quot;item_list_name&quot;:&quot;Lista general de productos&quot;,&quot;index&quot;:4,&quot;product_type&quot;:&quot;variable&quot;,&quot;item_brand&quot;:&quot;&quot;}\"><\/span>\t<\/div>\n<\/div><\/div><!-- row -->\n<\/div>\n<div class=\"woocommerce columns-4 \"><div class=\"products row row-small large-columns-4 medium-columns-3 small-columns-1 has-equal-box-heights equalize-box\">\n<div class=\"product-small col has-hover product type-product post-63431 status-publish first instock product_cat-accesorios-mesa product_cat-decoracion product_cat-vajilla-frutas has-post-thumbnail taxable shipping-taxable purchasable product-type-simple\">\n\t<div class=\"col-inner\">\n\t\n<div class=\"badge-container absolute left top z-1\">\n\n<div class=\"badge callout badge-circle\"><div class=\"badge-inner callout-new-bg is-small new-bubble\">NEW<\/div><\/div><\/div>\n\t<div class=\"product-small box \">\n\t\t<div class=\"box-image\">\n\t\t\t<div class=\"image-fade_in_back\">\n\t\t\t\t<a href=\"https:\/\/www.companhiaatlantica.pt\/es\/produto\/ceramica-portuguesa\/accesorios-mesa\/salero-y-pimentero-naranja\">\n\t\t\t\t\t<img loading=\"lazy\" decoding=\"async\" width=\"700\" height=\"700\" src=\"https:\/\/www.companhiaatlantica.pt\/wp-content\/uploads\/2024\/08\/131-338-700x700.jpg\" class=\"attachment-woocommerce_thumbnail size-woocommerce_thumbnail\" alt=\"Salero y Pimentero Naranja NATURE\" srcset=\"https:\/\/www.companhiaatlantica.pt\/wp-content\/uploads\/2024\/08\/131-338-700x700.jpg 700w, https:\/\/www.companhiaatlantica.pt\/wp-content\/uploads\/2024\/08\/131-338-100x100.jpg 100w, https:\/\/www.companhiaatlantica.pt\/wp-content\/uploads\/2024\/08\/131-338-900x900.jpg 900w, https:\/\/www.companhiaatlantica.pt\/wp-content\/uploads\/2024\/08\/131-338-400x400.jpg 400w, https:\/\/www.companhiaatlantica.pt\/wp-content\/uploads\/2024\/08\/131-338-350x350.jpg 350w, https:\/\/www.companhiaatlantica.pt\/wp-content\/uploads\/2024\/08\/131-338-768x768.jpg 768w, https:\/\/www.companhiaatlantica.pt\/wp-content\/uploads\/2024\/08\/131-338.jpg 1000w\" sizes=\"auto, (max-width: 700px) 100vw, 700px\" title=\"\"><img loading=\"lazy\" decoding=\"async\" width=\"700\" height=\"700\" src=\"https:\/\/www.companhiaatlantica.pt\/wp-content\/uploads\/2024\/08\/131-338-2-700x700.jpg\" class=\"show-on-hover absolute fill hide-for-small back-image\" alt=\"Alternative view of Salero y Pimentero Naranja NATURE\" aria-hidden=\"true\" srcset=\"https:\/\/www.companhiaatlantica.pt\/wp-content\/uploads\/2024\/08\/131-338-2-700x700.jpg 700w, https:\/\/www.companhiaatlantica.pt\/wp-content\/uploads\/2024\/08\/131-338-2-100x100.jpg 100w, https:\/\/www.companhiaatlantica.pt\/wp-content\/uploads\/2024\/08\/131-338-2-900x900.jpg 900w, https:\/\/www.companhiaatlantica.pt\/wp-content\/uploads\/2024\/08\/131-338-2-400x400.jpg 400w, https:\/\/www.companhiaatlantica.pt\/wp-content\/uploads\/2024\/08\/131-338-2-350x350.jpg 350w, https:\/\/www.companhiaatlantica.pt\/wp-content\/uploads\/2024\/08\/131-338-2-768x768.jpg 768w, https:\/\/www.companhiaatlantica.pt\/wp-content\/uploads\/2024\/08\/131-338-2.jpg 1000w\" sizes=\"auto, (max-width: 700px) 100vw, 700px\" title=\"\">\t\t\t\t<\/a>\n\t\t\t<\/div>\n\t\t\t<div class=\"image-tools is-small top right show-on-hover\">\n\t\t\t\t\t\t<div class=\"wishlist-icon\">\n\t\t\t<button class=\"wishlist-button button is-outline circle icon\" aria-label=\"Lista de deseos\">\n\t\t\t\t<i class=\"icon-heart\" aria-hidden=\"true\"><\/i>\t\t\t<\/button>\n\t\t\t<div class=\"wishlist-popup dark\">\n\t\t\t\t\n<div\n\tclass=\"yith-wcwl-add-to-wishlist add-to-wishlist-63431 yith-wcwl-add-to-wishlist--button_default-style wishlist-fragment on-first-load\"\n\tdata-fragment-ref=\"63431\"\n\tdata-fragment-options=\"{&quot;base_url&quot;:&quot;&quot;,&quot;product_id&quot;:63431,&quot;parent_product_id&quot;:0,&quot;product_type&quot;:&quot;simple&quot;,&quot;is_single&quot;:false,&quot;in_default_wishlist&quot;:false,&quot;show_view&quot;:false,&quot;browse_wishlist_text&quot;:&quot;Consulta tu WishList&quot;,&quot;already_in_wishslist_text&quot;:&quot;\\u00a1Este producto ya esta en tu wishlist!&quot;,&quot;product_added_text&quot;:&quot;Producto A\\u00f1adido!&quot;,&quot;available_multi_wishlist&quot;:false,&quot;disable_wishlist&quot;:false,&quot;show_count&quot;:false,&quot;ajax_loading&quot;:false,&quot;loop_position&quot;:&quot;after_add_to_cart&quot;,&quot;item&quot;:&quot;add_to_wishlist&quot;}\"\n>\n\t\t\t\n\t\t\t<!-- ADD TO WISHLIST -->\n\t\t\t\n<div class=\"yith-wcwl-add-button\">\n\t\t<a\n\t\thref=\"?add_to_wishlist=63431&#038;_wpnonce=dd87b66a07\"\n\t\tclass=\"add_to_wishlist single_add_to_wishlist alt button theme-button-style \"\n\t\tdata-product-id=\"63431\"\n\t\tdata-product-type=\"simple\"\n\t\tdata-original-product-id=\"0\"\n\t\tdata-title=\"A\u00f1adir Wishlist\"\n\t\trel=\"nofollow\"\n\t>\n\t\t<svg id=\"yith-wcwl-icon-heart-outline\" class=\"yith-wcwl-icon-svg\" fill=\"none\" stroke-width=\"1.5\" stroke=\"currentColor\" viewBox=\"0 0 24 24\" xmlns=\"http:\/\/www.w3.org\/2000\/svg\">\n  <path stroke-linecap=\"round\" stroke-linejoin=\"round\" d=\"M21 8.25c0-2.485-2.099-4.5-4.688-4.5-1.935 0-3.597 1.126-4.312 2.733-.715-1.607-2.377-2.733-4.313-2.733C5.1 3.75 3 5.765 3 8.25c0 7.22 9 12 9 12s9-4.78 9-12Z\"><\/path>\n<\/svg>\t\t<span>A\u00f1adir Wishlist<\/span>\n\t<\/a>\n<\/div>\n\n\t\t\t<!-- COUNT TEXT -->\n\t\t\t\n\t\t\t<\/div>\n\t\t\t<\/div>\n\t\t<\/div>\n\t\t\t\t\t<\/div>\n\t\t\t<div class=\"image-tools is-small hide-for-small bottom left show-on-hover\">\n\t\t\t\t\t\t\t<\/div>\n\t\t\t<div class=\"image-tools grid-tools text-center hide-for-small bottom hover-slide-in show-on-hover\">\n\t\t\t\t\t\t\t<\/div>\n\t\t\t\t\t<\/div>\n\n\t\t<div class=\"box-text box-text-products\">\n\t\t\t<div class=\"title-wrapper\">\t\t<p class=\"category uppercase is-smaller no-text-overflow product-cat op-8\">\n\t\t\tAccesorios de Mesa\t\t<\/p>\n\t<p class=\"name product-title woocommerce-loop-product__title\"><a href=\"https:\/\/www.companhiaatlantica.pt\/es\/produto\/ceramica-portuguesa\/accesorios-mesa\/salero-y-pimentero-naranja\" class=\"woocommerce-LoopProduct-link woocommerce-loop-product__link\">Salero y Pimentero Naranja NATURE<\/a><\/p><\/div><div class=\"price-wrapper\">\n\t<span class=\"price\"><span class=\"woocommerce-Price-amount amount\"><bdi>21.00<span class=\"woocommerce-Price-currencySymbol\">&euro;<\/span><\/bdi><\/span><\/span>\n<\/div><div class=\"add-to-cart-button\"><a href=\"\/es\/wp-json\/wp\/v2\/posts\/67765?add-to-cart=63431\" aria-describedby=\"woocommerce_loop_add_to_cart_link_describedby_63431\" data-quantity=\"1\" class=\"primary is-small mb-0 button product_type_simple add_to_cart_button ajax_add_to_cart is-outline\" data-product_id=\"63431\" data-product_sku=\"131-338\" aria-label=\"A\u00f1adir al carrito: &ldquo;Salero y Pimentero Naranja NATURE&rdquo;\" rel=\"nofollow\" data-success_message=\"\u00abSalero y Pimentero Naranja NATURE\u00bb se ha a\u00f1adido a tu carrito\" data-product_name=\"Salero y Pimentero Naranja NATURE\" data-product_image=\"https:\/\/www.companhiaatlantica.pt\/wp-content\/uploads\/2024\/08\/131-338-350x350.jpg\" role=\"button\">A\u00f1adir al carrito<\/a><\/div>\t<span id=\"woocommerce_loop_add_to_cart_link_describedby_63431\" class=\"screen-reader-text\">\n\t\t\t<\/span>\n\t\t<\/div>\n\t<\/div>\n\t<span class=\"gtm4wp_productdata\" style=\"display:none; visibility:hidden;\" data-gtm4wp_product_data=\"{&quot;internal_id&quot;:63431,&quot;item_id&quot;:&quot;131-338&quot;,&quot;item_name&quot;:&quot;Salero y Pimentero Naranja NATURE&quot;,&quot;sku&quot;:&quot;131-338&quot;,&quot;price&quot;:21,&quot;stocklevel&quot;:92,&quot;stockstatus&quot;:&quot;instock&quot;,&quot;google_business_vertical&quot;:&quot;retail&quot;,&quot;item_category&quot;:&quot;Decora\\u00e7\\u00e3o&quot;,&quot;item_category2&quot;:&quot;Frutas Lou\\u00e7a&quot;,&quot;id&quot;:&quot;131-338&quot;,&quot;productlink&quot;:&quot;https:\\\/\\\/www.companhiaatlantica.pt\\\/es\\\/produto\\\/ceramica-portuguesa\\\/accesorios-mesa\\\/salero-y-pimentero-naranja&quot;,&quot;item_list_name&quot;:&quot;Lista general de productos&quot;,&quot;index&quot;:1,&quot;product_type&quot;:&quot;simple&quot;,&quot;item_brand&quot;:&quot;&quot;}\"><\/span>\t<\/div>\n<\/div><div class=\"product-small col has-hover product type-product post-56270 status-publish instock product_cat-accesorios-mesa product_cat-ceramica-portuguesa has-post-thumbnail featured taxable shipping-taxable purchasable product-type-variable has-default-attributes\">\n\t<div class=\"col-inner\">\n\t\n<div class=\"badge-container absolute left top z-1\">\n\n<div class=\"badge callout badge-circle\"><div class=\"badge-inner callout-new-bg is-small new-bubble\">NEW<\/div><\/div><\/div>\n\t<div class=\"product-small box \">\n\t\t<div class=\"box-image\">\n\t\t\t<div class=\"image-fade_in_back\">\n\t\t\t\t<a href=\"https:\/\/www.companhiaatlantica.pt\/es\/produto\/ceramica-portuguesa\/accesorios-mesa\/salvamanteles-alicatos\">\n\t\t\t\t\t<img loading=\"lazy\" decoding=\"async\" width=\"700\" height=\"700\" src=\"https:\/\/www.companhiaatlantica.pt\/wp-content\/uploads\/2024\/04\/131-131-700x700.jpg\" class=\"attachment-woocommerce_thumbnail size-woocommerce_thumbnail\" alt=\"Salvamanteles ALICATOS \u00d815\" srcset=\"https:\/\/www.companhiaatlantica.pt\/wp-content\/uploads\/2024\/04\/131-131-700x700.jpg 700w, https:\/\/www.companhiaatlantica.pt\/wp-content\/uploads\/2024\/04\/131-131-100x100.jpg 100w, https:\/\/www.companhiaatlantica.pt\/wp-content\/uploads\/2024\/04\/131-131-400x400.jpg 400w, https:\/\/www.companhiaatlantica.pt\/wp-content\/uploads\/2024\/04\/131-131-350x350.jpg 350w, https:\/\/www.companhiaatlantica.pt\/wp-content\/uploads\/2024\/04\/131-131-768x768.jpg 768w, https:\/\/www.companhiaatlantica.pt\/wp-content\/uploads\/2024\/04\/131-131-600x600.jpg 600w, https:\/\/www.companhiaatlantica.pt\/wp-content\/uploads\/2024\/04\/131-131.jpg 848w\" sizes=\"auto, (max-width: 700px) 100vw, 700px\" title=\"\"><img loading=\"lazy\" decoding=\"async\" width=\"700\" height=\"700\" src=\"https:\/\/www.companhiaatlantica.pt\/wp-content\/uploads\/2024\/04\/131-130_a-700x700.jpg\" class=\"show-on-hover absolute fill hide-for-small back-image\" alt=\"Alternative view of Salvamanteles ALICATOS \u00d815\" aria-hidden=\"true\" srcset=\"https:\/\/www.companhiaatlantica.pt\/wp-content\/uploads\/2024\/04\/131-130_a-700x700.jpg 700w, https:\/\/www.companhiaatlantica.pt\/wp-content\/uploads\/2024\/04\/131-130_a-100x100.jpg 100w, https:\/\/www.companhiaatlantica.pt\/wp-content\/uploads\/2024\/04\/131-130_a-400x400.jpg 400w, https:\/\/www.companhiaatlantica.pt\/wp-content\/uploads\/2024\/04\/131-130_a-350x350.jpg 350w, https:\/\/www.companhiaatlantica.pt\/wp-content\/uploads\/2024\/04\/131-130_a-768x768.jpg 768w, https:\/\/www.companhiaatlantica.pt\/wp-content\/uploads\/2024\/04\/131-130_a-600x600.jpg 600w, https:\/\/www.companhiaatlantica.pt\/wp-content\/uploads\/2024\/04\/131-130_a.jpg 848w\" sizes=\"auto, (max-width: 700px) 100vw, 700px\" title=\"\">\t\t\t\t<\/a>\n\t\t\t<\/div>\n\t\t\t<div class=\"image-tools is-small top right show-on-hover\">\n\t\t\t\t\t\t<div class=\"wishlist-icon\">\n\t\t\t<button class=\"wishlist-button button is-outline circle icon\" aria-label=\"Lista de deseos\">\n\t\t\t\t<i class=\"icon-heart\" aria-hidden=\"true\"><\/i>\t\t\t<\/button>\n\t\t\t<div class=\"wishlist-popup dark\">\n\t\t\t\t\n<div\n\tclass=\"yith-wcwl-add-to-wishlist add-to-wishlist-56270 yith-wcwl-add-to-wishlist--button_default-style wishlist-fragment on-first-load\"\n\tdata-fragment-ref=\"56270\"\n\tdata-fragment-options=\"{&quot;base_url&quot;:&quot;&quot;,&quot;product_id&quot;:56270,&quot;parent_product_id&quot;:0,&quot;product_type&quot;:&quot;variable&quot;,&quot;is_single&quot;:false,&quot;in_default_wishlist&quot;:false,&quot;show_view&quot;:false,&quot;browse_wishlist_text&quot;:&quot;Consulta tu WishList&quot;,&quot;already_in_wishslist_text&quot;:&quot;\\u00a1Este producto ya esta en tu wishlist!&quot;,&quot;product_added_text&quot;:&quot;Producto A\\u00f1adido!&quot;,&quot;available_multi_wishlist&quot;:false,&quot;disable_wishlist&quot;:false,&quot;show_count&quot;:false,&quot;ajax_loading&quot;:false,&quot;loop_position&quot;:&quot;after_add_to_cart&quot;,&quot;item&quot;:&quot;add_to_wishlist&quot;}\"\n>\n\t\t\t\n\t\t\t<!-- ADD TO WISHLIST -->\n\t\t\t\n<div class=\"yith-wcwl-add-button\">\n\t\t<a\n\t\thref=\"?add_to_wishlist=56270&#038;_wpnonce=dd87b66a07\"\n\t\tclass=\"add_to_wishlist single_add_to_wishlist alt button theme-button-style \"\n\t\tdata-product-id=\"56270\"\n\t\tdata-product-type=\"variable\"\n\t\tdata-original-product-id=\"0\"\n\t\tdata-title=\"A\u00f1adir Wishlist\"\n\t\trel=\"nofollow\"\n\t>\n\t\t<svg id=\"yith-wcwl-icon-heart-outline\" class=\"yith-wcwl-icon-svg\" fill=\"none\" stroke-width=\"1.5\" stroke=\"currentColor\" viewBox=\"0 0 24 24\" xmlns=\"http:\/\/www.w3.org\/2000\/svg\">\n  <path stroke-linecap=\"round\" stroke-linejoin=\"round\" d=\"M21 8.25c0-2.485-2.099-4.5-4.688-4.5-1.935 0-3.597 1.126-4.312 2.733-.715-1.607-2.377-2.733-4.313-2.733C5.1 3.75 3 5.765 3 8.25c0 7.22 9 12 9 12s9-4.78 9-12Z\"><\/path>\n<\/svg>\t\t<span>A\u00f1adir Wishlist<\/span>\n\t<\/a>\n<\/div>\n\n\t\t\t<!-- COUNT TEXT -->\n\t\t\t\n\t\t\t<\/div>\n\t\t\t<\/div>\n\t\t<\/div>\n\t\t\t\t\t<\/div>\n\t\t\t<div class=\"image-tools is-small hide-for-small bottom left show-on-hover\">\n\t\t\t\t\t\t\t<\/div>\n\t\t\t<div class=\"image-tools grid-tools text-center hide-for-small bottom hover-slide-in show-on-hover\">\n\t\t\t\t\t\t\t<\/div>\n\t\t\t\t\t<\/div>\n\n\t\t<div class=\"box-text box-text-products\">\n\t\t\t<span class=\"featured-badge\"><img decoding=\"async\" src=\"https:\/\/cdn.companhiaatlantica.pt\/wp-content\/themes\/flatsome-child\/src\/img\/ar-icon-2.jpg\" alt=\"AR Icon\" class=\"ar-icon\" title=\"\"><\/span><div class=\"title-wrapper\">\t\t<p class=\"category uppercase is-smaller no-text-overflow product-cat op-8\">\n\t\t\tAccesorios de Mesa\t\t<\/p>\n\t<p class=\"name product-title woocommerce-loop-product__title\"><a href=\"https:\/\/www.companhiaatlantica.pt\/es\/produto\/ceramica-portuguesa\/accesorios-mesa\/salvamanteles-alicatos\" class=\"woocommerce-LoopProduct-link woocommerce-loop-product__link\">Salvamanteles ALICATOS \u00d815<\/a><\/p><\/div><div class=\"price-wrapper\">\n\t<span class=\"price\"><span class=\"woocommerce-Price-amount amount\"><bdi>18.50<span class=\"woocommerce-Price-currencySymbol\">&euro;<\/span><\/bdi><\/span><\/span>\n<\/div><div class=\"add-to-cart-button\"><a href=\"https:\/\/www.companhiaatlantica.pt\/es\/produto\/ceramica-portuguesa\/accesorios-mesa\/salvamanteles-alicatos\" aria-describedby=\"woocommerce_loop_add_to_cart_link_describedby_56270\" data-quantity=\"1\" class=\"primary is-small mb-0 button product_type_variable add_to_cart_button is-outline\" data-product_id=\"56270\" data-product_sku=\"\" aria-label=\"Elige las opciones para &ldquo;Salvamanteles ALICATOS \u00d815&rdquo;\" rel=\"nofollow\" data-product_name=\"Salvamanteles ALICATOS \u00d815\" data-product_image=\"https:\/\/www.companhiaatlantica.pt\/wp-content\/uploads\/2024\/04\/131-131-350x350.jpg\">Seleccionar opciones<\/a><\/div>\t<span id=\"woocommerce_loop_add_to_cart_link_describedby_56270\" class=\"screen-reader-text\">\n\t\tEste producto tiene m\u00faltiples variantes. Las opciones se pueden elegir en la p\u00e1gina de producto\t<\/span>\n\t\t<\/div>\n\t<\/div>\n\t<span class=\"gtm4wp_productdata\" style=\"display:none; visibility:hidden;\" data-gtm4wp_product_data=\"{&quot;internal_id&quot;:56270,&quot;item_id&quot;:56270,&quot;item_name&quot;:&quot;Salvamanteles ALICATOS \\u00d815&quot;,&quot;sku&quot;:56270,&quot;price&quot;:18.5,&quot;stocklevel&quot;:null,&quot;stockstatus&quot;:&quot;instock&quot;,&quot;google_business_vertical&quot;:&quot;retail&quot;,&quot;item_category&quot;:&quot;Cer\\u00e2mica Portuguesa Artesanal&quot;,&quot;item_category2&quot;:&quot;Acess\\u00f3rios Mesa&quot;,&quot;id&quot;:56270,&quot;productlink&quot;:&quot;https:\\\/\\\/www.companhiaatlantica.pt\\\/es\\\/produto\\\/ceramica-portuguesa\\\/accesorios-mesa\\\/salvamanteles-alicatos&quot;,&quot;item_list_name&quot;:&quot;Lista general de productos&quot;,&quot;index&quot;:2,&quot;product_type&quot;:&quot;variable&quot;,&quot;item_brand&quot;:&quot;&quot;}\"><\/span>\t<\/div>\n<\/div><div class=\"product-small col has-hover product type-product post-25856 status-publish instock product_cat-gift-pack-es product_cat-packs-regalo has-post-thumbnail sale taxable shipping-taxable purchasable product-type-simple\">\n\t<div class=\"col-inner\">\n\t\n<div class=\"badge-container absolute left top z-1\">\n<div class=\"badge callout badge-circle\">\r\n  \t\t\t<div class=\"badge-inner secondary on-sale\">\r\n  \t\t\t\t<span class=\"onsale\">-10%<\/span>\r\n\t\t\t<\/div>\r\n\t\t<\/div>\r\n\t\t<div class=\"badge callout badge-circle\">\r\n\t\t\t<div class=\"badge-inner callout-new-bg is-small new-bubble\">4 pcs<\/div>\r\n\t\t<\/div>\n<div class=\"badge callout badge-circle\"><div class=\"badge-inner callout-new-bg is-small new-bubble\">4 pcs<\/div><\/div><\/div>\n\t<div class=\"product-small box \">\n\t\t<div class=\"box-image\">\n\t\t\t<div class=\"image-fade_in_back\">\n\t\t\t\t<a href=\"https:\/\/www.companhiaatlantica.pt\/es\/produto\/gift-pack-es\/packs-regalo\/pack-granada-plato-salero-pimentero-tapon-de-botella-caja\">\n\t\t\t\t\t<img loading=\"lazy\" decoding=\"async\" width=\"700\" height=\"700\" src=\"https:\/\/www.companhiaatlantica.pt\/wp-content\/uploads\/2020\/06\/roma_80-700x700.jpg\" class=\"attachment-woocommerce_thumbnail size-woocommerce_thumbnail\" alt=\"Pack Granada - Plato + Salero &amp; Pimentero + Tap\u00f3n de Botella + Caja\" srcset=\"https:\/\/www.companhiaatlantica.pt\/wp-content\/uploads\/2020\/06\/roma_80-700x700.jpg 700w, https:\/\/www.companhiaatlantica.pt\/wp-content\/uploads\/2020\/06\/roma_80-100x100.jpg 100w, https:\/\/www.companhiaatlantica.pt\/wp-content\/uploads\/2020\/06\/roma_80-600x600.jpg 600w, https:\/\/www.companhiaatlantica.pt\/wp-content\/uploads\/2020\/06\/roma_80-300x300.jpg 300w, https:\/\/www.companhiaatlantica.pt\/wp-content\/uploads\/2020\/06\/roma_80-150x150.jpg 150w, https:\/\/www.companhiaatlantica.pt\/wp-content\/uploads\/2020\/06\/roma_80-768x768.jpg 768w, https:\/\/www.companhiaatlantica.pt\/wp-content\/uploads\/2020\/06\/roma_80.jpg 883w\" sizes=\"auto, (max-width: 700px) 100vw, 700px\" title=\"\"><img loading=\"lazy\" decoding=\"async\" width=\"472\" height=\"450\" src=\"https:\/\/www.companhiaatlantica.pt\/wp-content\/uploads\/2022\/11\/130-094_a-472x450.jpg\" class=\"show-on-hover absolute fill hide-for-small back-image\" alt=\"Alternative view of Pack Granada - Plato + Salero &amp; Pimentero + Tap\u00f3n de Botella + Caja\" aria-hidden=\"true\" title=\"\">\t\t\t\t<\/a>\n\t\t\t<\/div>\n\t\t\t<div class=\"image-tools is-small top right show-on-hover\">\n\t\t\t\t\t\t<div class=\"wishlist-icon\">\n\t\t\t<button class=\"wishlist-button button is-outline circle icon\" aria-label=\"Lista de deseos\">\n\t\t\t\t<i class=\"icon-heart\" aria-hidden=\"true\"><\/i>\t\t\t<\/button>\n\t\t\t<div class=\"wishlist-popup dark\">\n\t\t\t\t\n<div\n\tclass=\"yith-wcwl-add-to-wishlist add-to-wishlist-25856 yith-wcwl-add-to-wishlist--button_default-style wishlist-fragment on-first-load\"\n\tdata-fragment-ref=\"25856\"\n\tdata-fragment-options=\"{&quot;base_url&quot;:&quot;&quot;,&quot;product_id&quot;:25856,&quot;parent_product_id&quot;:0,&quot;product_type&quot;:&quot;simple&quot;,&quot;is_single&quot;:false,&quot;in_default_wishlist&quot;:false,&quot;show_view&quot;:false,&quot;browse_wishlist_text&quot;:&quot;Consulta tu WishList&quot;,&quot;already_in_wishslist_text&quot;:&quot;\\u00a1Este producto ya esta en tu wishlist!&quot;,&quot;product_added_text&quot;:&quot;Producto A\\u00f1adido!&quot;,&quot;available_multi_wishlist&quot;:false,&quot;disable_wishlist&quot;:false,&quot;show_count&quot;:false,&quot;ajax_loading&quot;:false,&quot;loop_position&quot;:&quot;after_add_to_cart&quot;,&quot;item&quot;:&quot;add_to_wishlist&quot;}\"\n>\n\t\t\t\n\t\t\t<!-- ADD TO WISHLIST -->\n\t\t\t\n<div class=\"yith-wcwl-add-button\">\n\t\t<a\n\t\thref=\"?add_to_wishlist=25856&#038;_wpnonce=dd87b66a07\"\n\t\tclass=\"add_to_wishlist single_add_to_wishlist alt button theme-button-style \"\n\t\tdata-product-id=\"25856\"\n\t\tdata-product-type=\"simple\"\n\t\tdata-original-product-id=\"0\"\n\t\tdata-title=\"A\u00f1adir Wishlist\"\n\t\trel=\"nofollow\"\n\t>\n\t\t<svg id=\"yith-wcwl-icon-heart-outline\" class=\"yith-wcwl-icon-svg\" fill=\"none\" stroke-width=\"1.5\" stroke=\"currentColor\" viewBox=\"0 0 24 24\" xmlns=\"http:\/\/www.w3.org\/2000\/svg\">\n  <path stroke-linecap=\"round\" stroke-linejoin=\"round\" d=\"M21 8.25c0-2.485-2.099-4.5-4.688-4.5-1.935 0-3.597 1.126-4.312 2.733-.715-1.607-2.377-2.733-4.313-2.733C5.1 3.75 3 5.765 3 8.25c0 7.22 9 12 9 12s9-4.78 9-12Z\"><\/path>\n<\/svg>\t\t<span>A\u00f1adir Wishlist<\/span>\n\t<\/a>\n<\/div>\n\n\t\t\t<!-- COUNT TEXT -->\n\t\t\t\n\t\t\t<\/div>\n\t\t\t<\/div>\n\t\t<\/div>\n\t\t\t\t\t<\/div>\n\t\t\t<div class=\"image-tools is-small hide-for-small bottom left show-on-hover\">\n\t\t\t\t\t\t\t<\/div>\n\t\t\t<div class=\"image-tools grid-tools text-center hide-for-small bottom hover-slide-in show-on-hover\">\n\t\t\t\t\t\t\t<\/div>\n\t\t\t\t\t<\/div>\n\n\t\t<div class=\"box-text box-text-products\">\n\t\t\t<div class=\"title-wrapper\">\t\t<p class=\"category uppercase is-smaller no-text-overflow product-cat op-8\">\n\t\t\tGift Pack\t\t<\/p>\n\t<p class=\"name product-title woocommerce-loop-product__title\"><a href=\"https:\/\/www.companhiaatlantica.pt\/es\/produto\/gift-pack-es\/packs-regalo\/pack-granada-plato-salero-pimentero-tapon-de-botella-caja\" class=\"woocommerce-LoopProduct-link woocommerce-loop-product__link\">Pack Granada &#8211; Plato + Salero &#038; Pimentero + Tap\u00f3n de Botella + Caja<\/a><\/p><\/div><div class=\"price-wrapper\">\n\t<span class=\"price\"><del aria-hidden=\"true\"><span class=\"woocommerce-Price-amount amount\"><bdi>64.95<span class=\"woocommerce-Price-currencySymbol\">&euro;<\/span><\/bdi><\/span><\/del> <span class=\"screen-reader-text\">El precio original era: 64.95&euro;.<\/span><ins aria-hidden=\"true\"><span class=\"woocommerce-Price-amount amount\"><bdi>58.50<span class=\"woocommerce-Price-currencySymbol\">&euro;<\/span><\/bdi><\/span><\/ins><span class=\"screen-reader-text\">El precio actual es: 58.50&euro;.<\/span><\/span>\n<\/div><div class=\"add-to-cart-button\"><a href=\"\/es\/wp-json\/wp\/v2\/posts\/67765?add-to-cart=25856\" aria-describedby=\"woocommerce_loop_add_to_cart_link_describedby_25856\" data-quantity=\"1\" class=\"primary is-small mb-0 button product_type_simple add_to_cart_button ajax_add_to_cart is-outline\" data-product_id=\"25856\" data-product_sku=\"131-061.S4\" aria-label=\"A\u00f1adir al carrito: &ldquo;Pack Granada - Plato + Salero &amp; Pimentero + Tap\u00f3n de Botella + Caja&rdquo;\" rel=\"nofollow\" data-success_message=\"\u00abPack Granada - Plato + Salero &amp; Pimentero + Tap\u00f3n de Botella + Caja\u00bb se ha a\u00f1adido a tu carrito\" data-product_name=\"Pack Granada - Plato + Salero &amp; Pimentero + Tap\u00f3n de Botella + Caja\" data-product_image=\"https:\/\/www.companhiaatlantica.pt\/wp-content\/uploads\/2020\/06\/roma_80-150x150.jpg\" role=\"button\">A\u00f1adir al carrito<\/a><\/div>\t<span id=\"woocommerce_loop_add_to_cart_link_describedby_25856\" class=\"screen-reader-text\">\n\t\t\t<\/span>\n\t\t<\/div>\n\t<\/div>\n\t<span class=\"gtm4wp_productdata\" style=\"display:none; visibility:hidden;\" data-gtm4wp_product_data=\"{&quot;internal_id&quot;:25856,&quot;item_id&quot;:&quot;131-061.S4&quot;,&quot;item_name&quot;:&quot;Pack Granada - Plato + Salero &amp; Pimentero + Tap\\u00f3n de Botella + Caja&quot;,&quot;sku&quot;:&quot;131-061.S4&quot;,&quot;price&quot;:58.5,&quot;stocklevel&quot;:101,&quot;stockstatus&quot;:&quot;instock&quot;,&quot;google_business_vertical&quot;:&quot;retail&quot;,&quot;item_category&quot;:&quot;Gift Pack&quot;,&quot;item_category2&quot;:&quot;Packs Regalo&quot;,&quot;id&quot;:&quot;131-061.S4&quot;,&quot;productlink&quot;:&quot;https:\\\/\\\/www.companhiaatlantica.pt\\\/es\\\/produto\\\/gift-pack-es\\\/packs-regalo\\\/pack-granada-plato-salero-pimentero-tapon-de-botella-caja&quot;,&quot;item_list_name&quot;:&quot;Lista general de productos&quot;,&quot;index&quot;:3,&quot;product_type&quot;:&quot;simple&quot;,&quot;item_brand&quot;:&quot;&quot;}\"><\/span>\t<\/div>\n<\/div><div class=\"product-small col has-hover product type-product post-24078 status-publish last instock product_cat-accesorios-mesa product_cat-ceramica-portuguesa product_cat-vajilla-frutas has-post-thumbnail taxable shipping-taxable purchasable product-type-simple\">\n\t<div class=\"col-inner\">\n\t\n<div class=\"badge-container absolute left top z-1\">\n\n<\/div>\n\t<div class=\"product-small box \">\n\t\t<div class=\"box-image\">\n\t\t\t<div class=\"image-fade_in_back\">\n\t\t\t\t<a href=\"https:\/\/www.companhiaatlantica.pt\/es\/produto\/ceramica-portuguesa\/accesorios-mesa\/granada-salero-pimentero-nature\">\n\t\t\t\t\t<img loading=\"lazy\" decoding=\"async\" width=\"700\" height=\"700\" src=\"https:\/\/www.companhiaatlantica.pt\/wp-content\/uploads\/2022\/11\/130-512-new-700x700.jpg\" class=\"attachment-woocommerce_thumbnail size-woocommerce_thumbnail\" alt=\"Salero y Pimentero NATURE\" srcset=\"https:\/\/www.companhiaatlantica.pt\/wp-content\/uploads\/2022\/11\/130-512-new-700x700.jpg 700w, https:\/\/www.companhiaatlantica.pt\/wp-content\/uploads\/2022\/11\/130-512-new-100x100.jpg 100w, https:\/\/www.companhiaatlantica.pt\/wp-content\/uploads\/2022\/11\/130-512-new-900x900.jpg 900w, https:\/\/www.companhiaatlantica.pt\/wp-content\/uploads\/2022\/11\/130-512-new-400x400.jpg 400w, https:\/\/www.companhiaatlantica.pt\/wp-content\/uploads\/2022\/11\/130-512-new-350x350.jpg 350w, https:\/\/www.companhiaatlantica.pt\/wp-content\/uploads\/2022\/11\/130-512-new-768x768.jpg 768w, https:\/\/www.companhiaatlantica.pt\/wp-content\/uploads\/2022\/11\/130-512-new.jpg 1000w\" sizes=\"auto, (max-width: 700px) 100vw, 700px\" title=\"\"><img loading=\"lazy\" decoding=\"async\" width=\"700\" height=\"700\" src=\"https:\/\/www.companhiaatlantica.pt\/wp-content\/uploads\/2022\/11\/130-512-1-700x700.jpg\" class=\"show-on-hover absolute fill hide-for-small back-image\" alt=\"Alternative view of Salero y Pimentero NATURE\" aria-hidden=\"true\" srcset=\"https:\/\/www.companhiaatlantica.pt\/wp-content\/uploads\/2022\/11\/130-512-1-700x700.jpg 700w, https:\/\/www.companhiaatlantica.pt\/wp-content\/uploads\/2022\/11\/130-512-1-100x100.jpg 100w, https:\/\/www.companhiaatlantica.pt\/wp-content\/uploads\/2022\/11\/130-512-1-900x900.jpg 900w, https:\/\/www.companhiaatlantica.pt\/wp-content\/uploads\/2022\/11\/130-512-1-300x300.jpg 300w, https:\/\/www.companhiaatlantica.pt\/wp-content\/uploads\/2022\/11\/130-512-1-150x150.jpg 150w, https:\/\/www.companhiaatlantica.pt\/wp-content\/uploads\/2022\/11\/130-512-1-768x768.jpg 768w, https:\/\/www.companhiaatlantica.pt\/wp-content\/uploads\/2022\/11\/130-512-1-600x600.jpg 600w, https:\/\/www.companhiaatlantica.pt\/wp-content\/uploads\/2022\/11\/130-512-1.jpg 1000w\" sizes=\"auto, (max-width: 700px) 100vw, 700px\" title=\"\">\t\t\t\t<\/a>\n\t\t\t<\/div>\n\t\t\t<div class=\"image-tools is-small top right show-on-hover\">\n\t\t\t\t\t\t<div class=\"wishlist-icon\">\n\t\t\t<button class=\"wishlist-button button is-outline circle icon\" aria-label=\"Lista de deseos\">\n\t\t\t\t<i class=\"icon-heart\" aria-hidden=\"true\"><\/i>\t\t\t<\/button>\n\t\t\t<div class=\"wishlist-popup dark\">\n\t\t\t\t\n<div\n\tclass=\"yith-wcwl-add-to-wishlist add-to-wishlist-24078 yith-wcwl-add-to-wishlist--button_default-style wishlist-fragment on-first-load\"\n\tdata-fragment-ref=\"24078\"\n\tdata-fragment-options=\"{&quot;base_url&quot;:&quot;&quot;,&quot;product_id&quot;:24078,&quot;parent_product_id&quot;:0,&quot;product_type&quot;:&quot;simple&quot;,&quot;is_single&quot;:false,&quot;in_default_wishlist&quot;:false,&quot;show_view&quot;:false,&quot;browse_wishlist_text&quot;:&quot;Consulta tu WishList&quot;,&quot;already_in_wishslist_text&quot;:&quot;\\u00a1Este producto ya esta en tu wishlist!&quot;,&quot;product_added_text&quot;:&quot;Producto A\\u00f1adido!&quot;,&quot;available_multi_wishlist&quot;:false,&quot;disable_wishlist&quot;:false,&quot;show_count&quot;:false,&quot;ajax_loading&quot;:false,&quot;loop_position&quot;:&quot;after_add_to_cart&quot;,&quot;item&quot;:&quot;add_to_wishlist&quot;}\"\n>\n\t\t\t\n\t\t\t<!-- ADD TO WISHLIST -->\n\t\t\t\n<div class=\"yith-wcwl-add-button\">\n\t\t<a\n\t\thref=\"?add_to_wishlist=24078&#038;_wpnonce=dd87b66a07\"\n\t\tclass=\"add_to_wishlist single_add_to_wishlist alt button theme-button-style \"\n\t\tdata-product-id=\"24078\"\n\t\tdata-product-type=\"simple\"\n\t\tdata-original-product-id=\"0\"\n\t\tdata-title=\"A\u00f1adir Wishlist\"\n\t\trel=\"nofollow\"\n\t>\n\t\t<svg id=\"yith-wcwl-icon-heart-outline\" class=\"yith-wcwl-icon-svg\" fill=\"none\" stroke-width=\"1.5\" stroke=\"currentColor\" viewBox=\"0 0 24 24\" xmlns=\"http:\/\/www.w3.org\/2000\/svg\">\n  <path stroke-linecap=\"round\" stroke-linejoin=\"round\" d=\"M21 8.25c0-2.485-2.099-4.5-4.688-4.5-1.935 0-3.597 1.126-4.312 2.733-.715-1.607-2.377-2.733-4.313-2.733C5.1 3.75 3 5.765 3 8.25c0 7.22 9 12 9 12s9-4.78 9-12Z\"><\/path>\n<\/svg>\t\t<span>A\u00f1adir Wishlist<\/span>\n\t<\/a>\n<\/div>\n\n\t\t\t<!-- COUNT TEXT -->\n\t\t\t\n\t\t\t<\/div>\n\t\t\t<\/div>\n\t\t<\/div>\n\t\t\t\t\t<\/div>\n\t\t\t<div class=\"image-tools is-small hide-for-small bottom left show-on-hover\">\n\t\t\t\t\t\t\t<\/div>\n\t\t\t<div class=\"image-tools grid-tools text-center hide-for-small bottom hover-slide-in show-on-hover\">\n\t\t\t\t\t\t\t<\/div>\n\t\t\t\t\t<\/div>\n\n\t\t<div class=\"box-text box-text-products\">\n\t\t\t<div class=\"title-wrapper\">\t\t<p class=\"category uppercase is-smaller no-text-overflow product-cat op-8\">\n\t\t\tAccesorios de Mesa\t\t<\/p>\n\t<p class=\"name product-title woocommerce-loop-product__title\"><a href=\"https:\/\/www.companhiaatlantica.pt\/es\/produto\/ceramica-portuguesa\/accesorios-mesa\/granada-salero-pimentero-nature\" class=\"woocommerce-LoopProduct-link woocommerce-loop-product__link\">Salero y Pimentero NATURE<\/a><\/p><\/div><div class=\"price-wrapper\">\n\t<span class=\"price\"><span class=\"woocommerce-Price-amount amount\"><bdi>21.00<span class=\"woocommerce-Price-currencySymbol\">&euro;<\/span><\/bdi><\/span><\/span>\n<\/div><div class=\"add-to-cart-button\"><a href=\"\/es\/wp-json\/wp\/v2\/posts\/67765?add-to-cart=24078\" aria-describedby=\"woocommerce_loop_add_to_cart_link_describedby_24078\" data-quantity=\"1\" class=\"primary is-small mb-0 button product_type_simple add_to_cart_button ajax_add_to_cart is-outline\" data-product_id=\"24078\" data-product_sku=\"130-998\" aria-label=\"A\u00f1adir al carrito: &ldquo;Salero y Pimentero NATURE&rdquo;\" rel=\"nofollow\" data-success_message=\"\u00abSalero y Pimentero NATURE\u00bb se ha a\u00f1adido a tu carrito\" data-product_name=\"Salero y Pimentero NATURE\" data-product_image=\"https:\/\/www.companhiaatlantica.pt\/wp-content\/uploads\/2022\/11\/130-512-new-350x350.jpg\" role=\"button\">A\u00f1adir al carrito<\/a><\/div>\t<span id=\"woocommerce_loop_add_to_cart_link_describedby_24078\" class=\"screen-reader-text\">\n\t\t\t<\/span>\n\t\t<\/div>\n\t<\/div>\n\t<span class=\"gtm4wp_productdata\" style=\"display:none; visibility:hidden;\" data-gtm4wp_product_data=\"{&quot;internal_id&quot;:24078,&quot;item_id&quot;:&quot;130-998&quot;,&quot;item_name&quot;:&quot;Salero y Pimentero NATURE&quot;,&quot;sku&quot;:&quot;130-998&quot;,&quot;price&quot;:21,&quot;stocklevel&quot;:402,&quot;stockstatus&quot;:&quot;instock&quot;,&quot;google_business_vertical&quot;:&quot;retail&quot;,&quot;item_category&quot;:&quot;Decora\\u00e7\\u00e3o&quot;,&quot;item_category2&quot;:&quot;Frutas Lou\\u00e7a&quot;,&quot;id&quot;:&quot;130-998&quot;,&quot;productlink&quot;:&quot;https:\\\/\\\/www.companhiaatlantica.pt\\\/es\\\/produto\\\/ceramica-portuguesa\\\/accesorios-mesa\\\/granada-salero-pimentero-nature&quot;,&quot;item_list_name&quot;:&quot;Lista general de productos&quot;,&quot;index&quot;:4,&quot;product_type&quot;:&quot;simple&quot;,&quot;item_brand&quot;:&quot;&quot;}\"><\/span>\t<\/div>\n<\/div><\/div><!-- row -->\n<\/div>\n\t<div id=\"gap-1519242799\" class=\"gap-element clearfix\" style=\"display:block; height:auto;\">\n\t\t\n<style>\n#gap-1519242799 {\n  padding-top: 30px;\n}\n<\/style>\n\t<\/div>\n\t\n<h2><span style=\"font-weight: 400;\">Feliz Navidad en buena compa\u00f1\u00eda<\/span><\/h2>\n<p><span style=\"font-weight: 400;\">En Companhia Atl\u00e2ntica, creemos que la Navidad es una \u00e9poca especial que nos invita a celebrar tradiciones, compartir momentos de alegr\u00eda y crear recuerdos con nuestros seres queridos. Esperamos que este recorrido por las tradiciones navide\u00f1as europeas haya inspirado tu mesa de Navidad, haci\u00e9ndola a\u00fan m\u00e1s encantadora y acogedora. <\/span><\/p>\n<p><span style=\"font-weight: 400;\">Os deseamos a todos una Navidad llena de luz, amor y buenos sabores. Que cada plato servido y cada detalle de la decoraci\u00f3n aporten calor a tu coraz\u00f3n y unidad a tu familia. <\/span><b>\u00a1Feliz Navidad!<\/b><\/p>\n\t<div id=\"gap-1801659818\" class=\"gap-element clearfix\" style=\"display:block; height:auto;\">\n\t\t\n<style>\n#gap-1801659818 {\n  padding-top: 30px;\n}\n<\/style>\n\t<\/div>\n\t\n","protected":false},"excerpt":{"rendered":"<p>Feliz Navidad en buena compa\u00f1\u00eda En Companhia Atl\u00e2ntica, creemos que la Navidad es una \u00e9poca especial que nos invita a celebrar tradiciones, compartir momentos de alegr\u00eda y crear recuerdos con nuestros seres queridos. Esperamos que este recorrido por las tradiciones navide\u00f1as europeas haya inspirado tu mesa de Navidad, haci\u00e9ndola a\u00fan m\u00e1s encantadora y acogedora. Os [&#8230;]\n","protected":false},"author":636,"featured_media":67323,"comment_status":"closed","ping_status":"open","sticky":false,"template":"","format":"standard","meta":{"footnotes":""},"categories":[1323],"tags":[],"class_list":["post-67765","post","type-post","status-publish","format-standard","has-post-thumbnail","hentry","category-articulo"],"_links":{"self":[{"href":"https:\/\/www.companhiaatlantica.pt\/es\/wp-json\/wp\/v2\/posts\/67765","targetHints":{"allow":["GET"]}}],"collection":[{"href":"https:\/\/www.companhiaatlantica.pt\/es\/wp-json\/wp\/v2\/posts"}],"about":[{"href":"https:\/\/www.companhiaatlantica.pt\/es\/wp-json\/wp\/v2\/types\/post"}],"author":[{"embeddable":true,"href":"https:\/\/www.companhiaatlantica.pt\/es\/wp-json\/wp\/v2\/users\/636"}],"replies":[{"embeddable":true,"href":"https:\/\/www.companhiaatlantica.pt\/es\/wp-json\/wp\/v2\/comments?post=67765"}],"version-history":[{"count":4,"href":"https:\/\/www.companhiaatlantica.pt\/es\/wp-json\/wp\/v2\/posts\/67765\/revisions"}],"predecessor-version":[{"id":82652,"href":"https:\/\/www.companhiaatlantica.pt\/es\/wp-json\/wp\/v2\/posts\/67765\/revisions\/82652"}],"wp:featuredmedia":[{"embeddable":true,"href":"https:\/\/www.companhiaatlantica.pt\/es\/wp-json\/wp\/v2\/media\/67323"}],"wp:attachment":[{"href":"https:\/\/www.companhiaatlantica.pt\/es\/wp-json\/wp\/v2\/media?parent=67765"}],"wp:term":[{"taxonomy":"category","embeddable":true,"href":"https:\/\/www.companhiaatlantica.pt\/es\/wp-json\/wp\/v2\/categories?post=67765"},{"taxonomy":"post_tag","embeddable":true,"href":"https:\/\/www.companhiaatlantica.pt\/es\/wp-json\/wp\/v2\/tags?post=67765"}],"curies":[{"name":"wp","href":"https:\/\/api.w.org\/{rel}","templated":true}]}}