{"id":75580,"date":"2025-06-01T09:01:30","date_gmt":"2025-06-01T08:01:30","guid":{"rendered":"https:\/\/www.companhiaatlantica.pt\/sin-categorizar\/colecao-duna"},"modified":"2026-01-06T14:21:03","modified_gmt":"2026-01-06T14:21:03","slug":"coleccion-duna","status":"publish","type":"post","link":"https:\/\/www.companhiaatlantica.pt\/es\/sin-categorizar\/coleccion-duna","title":{"rendered":"Conoce la nueva colecci\u00f3n DUNA: inspirada en los paisajes naturales de Portugal"},"content":{"rendered":"<nav aria-label=\"breadcrumbs\" class=\"rank-math-breadcrumb\"><p><span class=\"last\">In\u00edcio<\/span><\/p><\/nav>\n\n  <div class=\"banner has-hover hide-for-small\" id=\"banner-965558226\">\n          <div class=\"banner-inner fill\">\n        <div class=\"banner-bg fill\" >\n            <img loading=\"lazy\" decoding=\"async\" width=\"2560\" height=\"952\" src=\"https:\/\/www.companhiaatlantica.pt\/wp-content\/uploads\/2025\/06\/Sem-Titulo-1-scaled.jpg\" class=\"bg attachment-original size-original\" alt=\"\" title=\"\">                                    \n                    <\/div>\n\t\t\n        <div class=\"banner-layers container\">\n            <div class=\"fill banner-link\"><\/div>            \n   <div id=\"text-box-2072945173\" class=\"text-box banner-layer x100 md-x100 lg-x100 y50 md-y50 lg-y50 res-text\">\n                     <div data-animate=\"fadeInDown\">           <div class=\"text-box-content text \">\n              \n              <div class=\"text-inner text-right\">\n                  \n\t<div id=\"text-3989054129\" class=\"text\">\n\t\t\n<h2 class=\"uppercase\" style=\"text-align: right;\"><strong>COLECCI\u00d3N DUNA<\/strong><\/h2>\n<h4 style=\"text-align: right;\">ABRZA LA BELLEZA NATURAL DE PORTUGAL<\/h4>\n<p>Descubre la nueva colecci\u00f3n DUNA de Companhia Atl\u00e2ntica: un homenaje a los paisajes impresionantes de Portugal. D\u00e9jate encantar por los tonos del atardecer y lleva la calma de la naturaleza a tu mesa.<\/p>\n\t\t\n<style>\n#text-3989054129 {\n  text-align: center;\n}\n@media (min-width:850px) {\n  #text-3989054129 {\n    text-align: right;\n  }\n}\n<\/style>\n\t<\/div>\n\t\n<a href=\"#giro-collection-products\" class=\"button primary btn\" >\n\t\t<span>PRODUCTOS<\/span>\n\t<\/a>\n\n<a href=\"#giro-collection-inpsiration\" class=\"button primary btn\" >\n\t\t<span>INSPIRACI\u00d3N<\/span>\n\t<\/a>\n\n              <\/div>\n           <\/div>\n       <\/div>                     \n<style>\n#text-box-2072945173 .text-box-content {\n  background-color: rgba(255, 255, 255, 0.651);\n  font-size: 100%;\n}\n#text-box-2072945173 {\n  width: 60%;\n}\n@media (min-width:550px) {\n  #text-box-2072945173 {\n    width: 40%;\n  }\n}\n<\/style>\n    <\/div>\n \n        <\/div>\n      <\/div>\n\n            \n<style>\n#banner-965558226 {\n  padding-top: 500px;\n  background-color: rgb(255, 255, 255);\n}\n#banner-965558226 .banner-bg img {\n  object-position: 0% 56%;\n}\n<\/style>\n  <\/div>\n\n\n\n  <div class=\"banner has-hover show-for-small\" id=\"banner-1042246223\">\n          <div class=\"banner-inner fill\">\n        <div class=\"banner-bg fill\" >\n            <img loading=\"lazy\" decoding=\"async\" width=\"2560\" height=\"818\" src=\"https:\/\/www.companhiaatlantica.pt\/wp-content\/uploads\/2025\/06\/Sem-Titulo-1-1-scaled.jpg\" class=\"bg attachment-original size-original\" alt=\"\" title=\"\">                                    \n                    <\/div>\n\t\t\n        <div class=\"banner-layers container\">\n            <div class=\"fill banner-link\"><\/div>            \n   <div id=\"text-box-785780726\" class=\"text-box banner-layer x50 md-x100 lg-x100 y5 md-y50 lg-y50 res-text\">\n                                <div class=\"text-box-content text \">\n              \n              <div class=\"text-inner text-center\">\n                  \n\t<div id=\"text-3381743047\" class=\"text\">\n\t\t\n<h3 class=\"uppercase\" style=\"text-align: center;\"><strong>COLECCI\u00d3N DUNA<\/strong><\/h3>\n<h4 style=\"text-align: center;\">UNA CELEBRACI\u00d3N PARA LOS SENTIDOS \u2013 DEL ATARDECER AL MAR<\/h4>\n<p style=\"text-align: center;\">Descubre la nueva colecci\u00f3n GIRO de Companhia Atl\u00e2ntica: d\u00e9jate seducir por los tonos del atardecer y lleva la calma del oc\u00e9ano a tu mesa.<\/p>\n\t\t\n<style>\n#text-3381743047 {\n  text-align: center;\n}\n@media (min-width:550px) {\n  #text-3381743047 {\n    text-align: right;\n  }\n}\n<\/style>\n\t<\/div>\n\t\n<a href=\"#giro-collection-products\" class=\"button primary btn\" >\n\t\t<span>VER COLECCI\u00d3N<\/span>\n\t<\/a>\n\n              <\/div>\n           <\/div>\n                            \n<style>\n#text-box-785780726 .text-box-content {\n  background-color: rgba(255, 255, 255, 0.343);\n  font-size: 100%;\n}\n#text-box-785780726 {\n  width: 95%;\n}\n@media (min-width:550px) {\n  #text-box-785780726 {\n    width: 40%;\n  }\n}\n<\/style>\n    <\/div>\n \n        <\/div>\n      <\/div>\n\n            \n<style>\n#banner-1042246223 {\n  padding-top: 500px;\n  background-color: rgb(255, 255, 255);\n}\n#banner-1042246223 .banner-bg img {\n  object-position: 12% 51%;\n}\n@media (min-width:550px) {\n  #banner-1042246223 {\n    padding-top: 500px;\n  }\n}\n<\/style>\n  <\/div>\n\n\n<p>Descubre la nueva colecci\u00f3n DUNA \u2013 una oda a los paisajes tranquilos del interior portugu\u00e9s y a la luz dorada de los atardeceres. Fabricada con maestr\u00eda artesanal, cada pieza de esta colecci\u00f3n es una obra de arte que combina elegancia y funcionalidad. D\u00e9jate cautivar por los tonos del atardecer y lleva la serenidad de la naturaleza a tu mesa.<\/p>\n\n\t<section class=\"section\" id=\"section_772973642\">\n\t\t<div class=\"section-bg fill\" >\n\t\t\t\t\t\t\t\t\t<div class=\"section-bg-overlay absolute fill\"><\/div>\n\t\t\t\n\n\t\t<\/div>\n\n\t\t\n\n\t\t<div class=\"section-content relative\">\n\t\t\t\n\t<div id=\"gap-1400656793\" class=\"gap-element clearfix\" style=\"display:block; height:auto;\">\n\t\t\n<style>\n#gap-1400656793 {\n  padding-top: 30px;\n}\n<\/style>\n\t<\/div>\n\t\n<div class=\"row\"  id=\"row-473573657\">\n\n\t<div id=\"col-1737074416\" class=\"col medium-6 small-12 large-6\"  >\n\t\t\t\t<div class=\"col-inner\"  >\n\t\t\t\n\t\t\t\n\t<div class=\"img has-hover x md-x lg-x y md-y lg-y\" id=\"image_133106747\">\n\t\t\t\t\t\t\t\t<div class=\"img-inner dark\" >\n\t\t\t<img loading=\"lazy\" decoding=\"async\" width=\"1020\" height=\"680\" src=\"https:\/\/www.companhiaatlantica.pt\/wp-content\/uploads\/2025\/06\/DUNA-1024x683.png\" class=\"attachment-large size-large\" alt=\"\" srcset=\"https:\/\/www.companhiaatlantica.pt\/wp-content\/uploads\/2025\/06\/DUNA-1024x683.png 1024w, https:\/\/www.companhiaatlantica.pt\/wp-content\/uploads\/2025\/06\/DUNA-900x600.png 900w, https:\/\/www.companhiaatlantica.pt\/wp-content\/uploads\/2025\/06\/DUNA-400x267.png 400w, https:\/\/www.companhiaatlantica.pt\/wp-content\/uploads\/2025\/06\/DUNA-768x512.png 768w, https:\/\/www.companhiaatlantica.pt\/wp-content\/uploads\/2025\/06\/DUNA-1320x880.png 1320w, https:\/\/www.companhiaatlantica.pt\/wp-content\/uploads\/2025\/06\/DUNA.png 1536w\" sizes=\"auto, (max-width: 1020px) 100vw, 1020px\" title=\"\">\t\t\t\t\t\t\n\t\t\t\t\t<\/div>\n\t\t\t\t\t\t\t\t\n<style>\n#image_133106747 {\n  width: 100%;\n}\n<\/style>\n\t<\/div>\n\t\n\t\t<\/div>\n\t\t\t\t\t<\/div>\n\n\t\n\n\t<div id=\"col-466728832\" class=\"col medium-6 small-12 large-6\"  >\n\t\t\t\t<div class=\"col-inner\"  >\n\t\t\t\n\t\t\t\n\t<div id=\"text-1658765608\" class=\"text\">\n\t\t\n<h3>LAS PIEZAS DE LA COLECCI\u00d3N<\/h3>\n<p>Esta colecci\u00f3n est\u00e1 compuesta por varias piezas para un servicio de mesa completo. Incluye: <strong>taza, ensaladera, bol para sopa o pasta, plato llano, plato de postre y cuenco<\/strong>.<\/p>\n\t\t\n<style>\n#text-1658765608 {\n  text-align: left;\n}\n<\/style>\n\t<\/div>\n\t\n\t<div id=\"gap-144785651\" class=\"gap-element clearfix\" style=\"display:block; height:auto;\">\n\t\t\n<style>\n#gap-144785651 {\n  padding-top: 30px;\n}\n<\/style>\n\t<\/div>\n\t\n<a href=\"https:\/\/www.companhiaatlantica.pt\/es\/ceramica-portuguesa?filter_colecao=duna\" target=\"_blank\" class=\"button primary btn\" rel=\"noopener\" >\n\t\t<span>SABER M\u00c1S<\/span>\n\t<\/a>\n\n\t<div id=\"gap-2001520452\" class=\"gap-element clearfix\" style=\"display:block; height:auto;\">\n\t\t\n<style>\n#gap-2001520452 {\n  padding-top: 30px;\n}\n<\/style>\n\t<\/div>\n\t\n\t<div id=\"text-4032743192\" class=\"text\">\n\t\t\n<p>Fundada en 2017, Companhia Atl\u00e2ntica es una marca que naci\u00f3 de la pasi\u00f3n por la cer\u00e1mica y el rico saber hacer portugu\u00e9s. En <a title=\"Ciudad de Leiria\" href=\"https:\/\/www.visiteleiria.pt\/\" target=\"_blank\" rel=\"noopener\"><strong>Leiria<\/strong><\/a>, donde la cer\u00e1mica y el vidrio forman parte del paisaje cultural. Inspirados en t\u00e9cnicas tradicionales, creamos piezas con car\u00e1cter, hechas con orgullo en Portugal. Cada pieza es una composici\u00f3n de forma, textura y color \u2013 inspirada en el paisaje portugu\u00e9s y en nuestro compromiso con la herencia cultural.<\/p>\n\t\t\n<style>\n#text-4032743192 {\n  text-align: left;\n}\n<\/style>\n\t<\/div>\n\t\n\t\t<\/div>\n\t\t\t\t\t<\/div>\n\n\t\n<\/div>\n<span class=\"scroll-to\" data-label=\"Scroll to: #giro-collection-inpsiration\" data-bullet=\"true\" data-link=\"#giro-collection-inpsiration\" data-title=\"Inspiraci\u00f3n\"><a name=\"giro-collection-inpsiration\"><\/a><\/span>\n<div class=\"row row-collapse row-full-width align-middle\"  id=\"row-533666032\">\n\n\t<div id=\"col-801905871\" class=\"col show-for-small medium-6 small-12 large-6\"  data-animate=\"fadeInLeft\">\n\t\t\t\t<div class=\"col-inner text-right\"  >\n\t\t\t\n\t\t\t\n\t<div class=\"box has-hover   has-hover box-text-bottom\" >\n\n\t\t<div class=\"box-image\" >\n\t\t\t\t\t\t<div class=\"\" >\n\t\t\t\t<img loading=\"lazy\" decoding=\"async\" width=\"1614\" height=\"1013\" src=\"https:\/\/www.companhiaatlantica.pt\/wp-content\/uploads\/2025\/06\/white.jpg\" class=\"attachment- size-\" alt=\"\" srcset=\"https:\/\/www.companhiaatlantica.pt\/wp-content\/uploads\/2025\/06\/white.jpg 1614w, https:\/\/www.companhiaatlantica.pt\/wp-content\/uploads\/2025\/06\/white-900x565.jpg 900w, https:\/\/www.companhiaatlantica.pt\/wp-content\/uploads\/2025\/06\/white-400x251.jpg 400w, https:\/\/www.companhiaatlantica.pt\/wp-content\/uploads\/2025\/06\/white-1024x643.jpg 1024w, https:\/\/www.companhiaatlantica.pt\/wp-content\/uploads\/2025\/06\/white-768x482.jpg 768w, https:\/\/www.companhiaatlantica.pt\/wp-content\/uploads\/2025\/06\/white-1536x964.jpg 1536w, https:\/\/www.companhiaatlantica.pt\/wp-content\/uploads\/2025\/06\/white-1320x828.jpg 1320w\" sizes=\"auto, (max-width: 1614px) 100vw, 1614px\" title=\"\">\t\t\t\t\t\t\t\t\t\t\t<\/div>\n\t\t\t\t\t<\/div>\n\n\t\t<div class=\"box-text text-center\" >\n\t\t\t<div class=\"box-text-inner\">\n\t\t\t\t\n\t\t\t<\/div>\n\t\t<\/div>\n\t<\/div>\n\t\n\t\t<\/div>\n\t\t\t\t\n<style>\n#col-801905871 > .col-inner {\n  padding: 0% 0% 0% 0%;\n}\n<\/style>\n\t<\/div>\n\n\t\n\n\t<div id=\"col-149151973\" class=\"col show-for-medium medium-6 small-12 large-6\"  data-animate=\"fadeInLeft\">\n\t\t\t\t<div class=\"col-inner text-right\"  >\n\t\t\t\n\t\t\t\n\t<div class=\"img has-hover show-for-medium hide-for-small x md-x lg-x y md-y lg-y\" id=\"image_2051029578\">\n\t\t\t\t\t\t\t\t<div class=\"img-inner dark\" >\n\t\t\t<img loading=\"lazy\" decoding=\"async\" width=\"1020\" height=\"640\" src=\"https:\/\/www.companhiaatlantica.pt\/wp-content\/uploads\/2025\/06\/white-1024x643.jpg\" class=\"attachment-large size-large\" alt=\"\" srcset=\"https:\/\/www.companhiaatlantica.pt\/wp-content\/uploads\/2025\/06\/white-1024x643.jpg 1024w, https:\/\/www.companhiaatlantica.pt\/wp-content\/uploads\/2025\/06\/white-900x565.jpg 900w, https:\/\/www.companhiaatlantica.pt\/wp-content\/uploads\/2025\/06\/white-400x251.jpg 400w, https:\/\/www.companhiaatlantica.pt\/wp-content\/uploads\/2025\/06\/white-768x482.jpg 768w, https:\/\/www.companhiaatlantica.pt\/wp-content\/uploads\/2025\/06\/white-1536x964.jpg 1536w, https:\/\/www.companhiaatlantica.pt\/wp-content\/uploads\/2025\/06\/white-1320x828.jpg 1320w, https:\/\/www.companhiaatlantica.pt\/wp-content\/uploads\/2025\/06\/white.jpg 1614w\" sizes=\"auto, (max-width: 1020px) 100vw, 1020px\" title=\"\">\t\t\t\t\t\t\n\t\t\t\t\t<\/div>\n\t\t\t\t\t\t\t\t\n<style>\n#image_2051029578 {\n  width: 100%;\n}\n@media (min-width:850px) {\n  #image_2051029578 {\n    width: 80%;\n  }\n}\n<\/style>\n\t<\/div>\n\t\n\t\t<\/div>\n\t\t\t\t\n<style>\n#col-149151973 > .col-inner {\n  padding: 0% 0% 0% 0%;\n}\n<\/style>\n\t<\/div>\n\n\t\n<\/div>\n<div class=\"row\"  id=\"row-2047292496\">\n\n\t<div id=\"col-664125611\" class=\"col medium-6 small-12 large-6\"  >\n\t\t\t\t<div class=\"col-inner\"  >\n\t\t\t\n\t\t\t\n\t<div id=\"gap-546627967\" class=\"gap-element clearfix\" style=\"display:block; height:auto;\">\n\t\t\n<style>\n#gap-546627967 {\n  padding-top: 30px;\n}\n<\/style>\n\t<\/div>\n\t\n\t<div id=\"gap-1149667805\" class=\"gap-element clearfix\" style=\"display:block; height:auto;\">\n\t\t\n<style>\n#gap-1149667805 {\n  padding-top: 30px;\n}\n<\/style>\n\t<\/div>\n\t\n<h4>TRADICI\u00d3N \/ INSPIRACI\u00d3N<\/h4>\n<p>Portugal es un pa\u00eds rico en tradici\u00f3n artesanal y paisajes que inspiran cada creaci\u00f3n. La colecci\u00f3n DUNA de Companhia Atl\u00e2ntica nace de esta conexi\u00f3n entre el arte y la naturaleza \u2013 rindiendo homenaje a las formas suaves y tonos terrosos de las dunas, campos y valles.<\/p>\n<p>Con una herencia que se remonta a siglos atr\u00e1s, nuestros artesanos combinan t\u00e9cnicas tradicionales con una visi\u00f3n contempor\u00e1nea. El resultado son piezas que reflejan la esencia del paisaje portugu\u00e9s. Cada elemento de la colecci\u00f3n DUNA expresa el talento y la creatividad que hacen famosa la artesan\u00eda portuguesa.<\/p>\n<p>La misi\u00f3n de Companhia Atl\u00e2ntica es llevar esta tradici\u00f3n a tu hogar \u2013 con productos de alta calidad que combinan autenticidad, belleza natural y funcionalidad contempor\u00e1nea.<\/p>\n\t\t<\/div>\n\t\t\t\t\t<\/div>\n\n\t\n\n\t<div id=\"col-930039160\" class=\"col medium-6 small-12 large-6\"  >\n\t\t\t\t<div class=\"col-inner\"  >\n\t\t\t\n\t\t\t\n\t<div class=\"img has-hover x md-x lg-x y md-y lg-y\" id=\"image_1365014875\">\n\t\t\t\t\t\t\t\t<div class=\"img-inner dark\" >\n\t\t\t<img loading=\"lazy\" decoding=\"async\" width=\"1020\" height=\"601\" src=\"https:\/\/www.companhiaatlantica.pt\/wp-content\/uploads\/2025\/06\/foto-1024x603.jpg\" class=\"attachment-large size-large\" alt=\"\" srcset=\"https:\/\/www.companhiaatlantica.pt\/wp-content\/uploads\/2025\/06\/foto-1024x603.jpg 1024w, https:\/\/www.companhiaatlantica.pt\/wp-content\/uploads\/2025\/06\/foto-900x530.jpg 900w, https:\/\/www.companhiaatlantica.pt\/wp-content\/uploads\/2025\/06\/foto-400x236.jpg 400w, https:\/\/www.companhiaatlantica.pt\/wp-content\/uploads\/2025\/06\/foto-768x452.jpg 768w, https:\/\/www.companhiaatlantica.pt\/wp-content\/uploads\/2025\/06\/foto.jpg 1280w\" sizes=\"auto, (max-width: 1020px) 100vw, 1020px\" title=\"\">\t\t\t\t\t\t\n\t\t\t\t\t<\/div>\n\t\t\t\t\t\t\t\t\n<style>\n#image_1365014875 {\n  width: 100%;\n}\n<\/style>\n\t<\/div>\n\t\n\t\t<\/div>\n\t\t\t\t\t<\/div>\n\n\t\n<\/div>\n\t\t<\/div>\n\n\t\t\n<style>\n#section_772973642 {\n  padding-top: 0px;\n  padding-bottom: 0px;\n  background-color: rgb(247, 247, 247);\n}\n#section_772973642 .section-bg-overlay {\n  background-color: rgba(255, 255, 255, 0.85);\n}\n<\/style>\n\t<\/section>\n\t\n<h4>LAS PIEZAS DE LA COLECCI\u00d3N<\/h4>\n<p>La colecci\u00f3n DUNA incluye varias piezas para una mesa elegante y completa. Entre ellas se encuentran <strong>taza, plato llano, plato de postre<\/strong> y <strong>cuenco<\/strong> \u2013 todas dise\u00f1adas para llevar la calma y la belleza del paisaje portugu\u00e9s a tu mesa.<\/p>\n<span class=\"scroll-to\" data-label=\"Scroll to: #giro-collection-products\" data-bullet=\"true\" data-link=\"#giro-collection-products\" data-title=\"Colecci\u00f3n DUNA\"><a name=\"giro-collection-products\"><\/a><\/span>\n<div class=\"woocommerce columns-3 \"><div class=\"products row row-small large-columns-3 medium-columns-3 small-columns-1 has-equal-box-heights equalize-box\">\n<div class=\"product-small col has-hover product type-product post-74582 status-publish first instock product_cat-ceramica-portuguesa product_cat-novedades product_cat-platos-ceramica has-post-thumbnail taxable shipping-taxable purchasable product-type-variable\">\n\t<div class=\"col-inner\">\n\t\n<div class=\"badge-container absolute left top z-1\">\n\n<div class=\"badge callout badge-circle\"><div class=\"badge-inner callout-new-bg is-small new-bubble\">NEW<\/div><\/div><\/div>\n\t<div class=\"product-small box \">\n\t\t<div class=\"box-image\">\n\t\t\t<div class=\"image-fade_in_back\">\n\t\t\t\t<a href=\"https:\/\/www.companhiaatlantica.pt\/es\/produto\/ceramica-portuguesa\/platos-ceramica\/plato-de-postre-o22-duna\">\n\t\t\t\t\t<img loading=\"lazy\" decoding=\"async\" width=\"700\" height=\"700\" src=\"https:\/\/www.companhiaatlantica.pt\/wp-content\/uploads\/2025\/06\/ca-duna-collection-grey-plate-1-700x700.jpg\" class=\"attachment-woocommerce_thumbnail size-woocommerce_thumbnail\" alt=\"Plato de Postre \u00d822 DUNA\" srcset=\"https:\/\/www.companhiaatlantica.pt\/wp-content\/uploads\/2025\/06\/ca-duna-collection-grey-plate-1-700x700.jpg 700w, https:\/\/www.companhiaatlantica.pt\/wp-content\/uploads\/2025\/06\/ca-duna-collection-grey-plate-1-350x350.jpg 350w, https:\/\/www.companhiaatlantica.pt\/wp-content\/uploads\/2025\/06\/ca-duna-collection-grey-plate-1-100x100.jpg 100w\" sizes=\"auto, (max-width: 700px) 100vw, 700px\" title=\"\"><img loading=\"lazy\" decoding=\"async\" width=\"700\" height=\"700\" src=\"https:\/\/www.companhiaatlantica.pt\/wp-content\/uploads\/2025\/06\/131-411-1-700x700.jpg\" class=\"show-on-hover absolute fill hide-for-small back-image\" alt=\"Alternative view of Plato de Postre \u00d822 DUNA\" aria-hidden=\"true\" srcset=\"https:\/\/www.companhiaatlantica.pt\/wp-content\/uploads\/2025\/06\/131-411-1-700x700.jpg 700w, https:\/\/www.companhiaatlantica.pt\/wp-content\/uploads\/2025\/06\/131-411-1-400x400.jpg 400w, https:\/\/www.companhiaatlantica.pt\/wp-content\/uploads\/2025\/06\/131-411-1-350x350.jpg 350w, https:\/\/www.companhiaatlantica.pt\/wp-content\/uploads\/2025\/06\/131-411-1-768x768.jpg 768w, https:\/\/www.companhiaatlantica.pt\/wp-content\/uploads\/2025\/06\/131-411-1-900x900.jpg 900w, https:\/\/www.companhiaatlantica.pt\/wp-content\/uploads\/2025\/06\/131-411-1-100x100.jpg 100w, https:\/\/www.companhiaatlantica.pt\/wp-content\/uploads\/2025\/06\/131-411-1.jpg 1000w\" sizes=\"auto, (max-width: 700px) 100vw, 700px\" title=\"\">\t\t\t\t<\/a>\n\t\t\t<\/div>\n\t\t\t<div class=\"image-tools is-small top right show-on-hover\">\n\t\t\t\t\t\t<div class=\"wishlist-icon\">\n\t\t\t<button class=\"wishlist-button button is-outline circle icon\" aria-label=\"Lista de deseos\">\n\t\t\t\t<i class=\"icon-heart\" aria-hidden=\"true\"><\/i>\t\t\t<\/button>\n\t\t\t<div class=\"wishlist-popup dark\">\n\t\t\t\t\n<div\n\tclass=\"yith-wcwl-add-to-wishlist add-to-wishlist-74582 yith-wcwl-add-to-wishlist--button_default-style wishlist-fragment on-first-load\"\n\tdata-fragment-ref=\"74582\"\n\tdata-fragment-options=\"{&quot;base_url&quot;:&quot;&quot;,&quot;product_id&quot;:74582,&quot;parent_product_id&quot;:0,&quot;product_type&quot;:&quot;variable&quot;,&quot;is_single&quot;:false,&quot;in_default_wishlist&quot;:false,&quot;show_view&quot;:false,&quot;browse_wishlist_text&quot;:&quot;Consulta tu WishList&quot;,&quot;already_in_wishslist_text&quot;:&quot;\\u00a1Este producto ya esta en tu wishlist!&quot;,&quot;product_added_text&quot;:&quot;Producto A\\u00f1adido!&quot;,&quot;available_multi_wishlist&quot;:false,&quot;disable_wishlist&quot;:false,&quot;show_count&quot;:false,&quot;ajax_loading&quot;:false,&quot;loop_position&quot;:&quot;after_add_to_cart&quot;,&quot;item&quot;:&quot;add_to_wishlist&quot;}\"\n>\n\t\t\t\n\t\t\t<!-- ADD TO WISHLIST -->\n\t\t\t\n<div class=\"yith-wcwl-add-button\">\n\t\t<a\n\t\thref=\"?add_to_wishlist=74582&#038;_wpnonce=52d31225f0\"\n\t\tclass=\"add_to_wishlist single_add_to_wishlist alt button theme-button-style \"\n\t\tdata-product-id=\"74582\"\n\t\tdata-product-type=\"variable\"\n\t\tdata-original-product-id=\"0\"\n\t\tdata-title=\"A\u00f1adir Wishlist\"\n\t\trel=\"nofollow\"\n\t>\n\t\t<svg id=\"yith-wcwl-icon-heart-outline\" class=\"yith-wcwl-icon-svg\" fill=\"none\" stroke-width=\"1.5\" stroke=\"currentColor\" viewBox=\"0 0 24 24\" xmlns=\"http:\/\/www.w3.org\/2000\/svg\">\n  <path stroke-linecap=\"round\" stroke-linejoin=\"round\" d=\"M21 8.25c0-2.485-2.099-4.5-4.688-4.5-1.935 0-3.597 1.126-4.312 2.733-.715-1.607-2.377-2.733-4.313-2.733C5.1 3.75 3 5.765 3 8.25c0 7.22 9 12 9 12s9-4.78 9-12Z\"><\/path>\n<\/svg>\t\t<span>A\u00f1adir Wishlist<\/span>\n\t<\/a>\n<\/div>\n\n\t\t\t<!-- COUNT TEXT -->\n\t\t\t\n\t\t\t<\/div>\n\t\t\t<\/div>\n\t\t<\/div>\n\t\t\t\t\t<\/div>\n\t\t\t<div class=\"image-tools is-small hide-for-small bottom left show-on-hover\">\n\t\t\t\t\t\t\t<\/div>\n\t\t\t<div class=\"image-tools grid-tools text-center hide-for-small bottom hover-slide-in show-on-hover\">\n\t\t\t\t\t\t\t<\/div>\n\t\t\t\t\t<\/div>\n\n\t\t<div class=\"box-text box-text-products\">\n\t\t\t<div class=\"title-wrapper\">\t\t<p class=\"category uppercase is-smaller no-text-overflow product-cat op-8\">\n\t\t\tCer\u00e1mica portuguesa artesanal \u2013 Hecha a mano en Portugal\t\t<\/p>\n\t<p class=\"name product-title woocommerce-loop-product__title\"><a href=\"https:\/\/www.companhiaatlantica.pt\/es\/produto\/ceramica-portuguesa\/platos-ceramica\/plato-de-postre-o22-duna\" class=\"woocommerce-LoopProduct-link woocommerce-loop-product__link\">Plato de Postre \u00d822 DUNA<\/a><\/p><\/div><div class=\"price-wrapper\">\n\t<span class=\"price\"><span class=\"woocommerce-Price-amount amount\"><bdi>15.75<span class=\"woocommerce-Price-currencySymbol\">&euro;<\/span><\/bdi><\/span><\/span>\n<\/div><div class=\"add-to-cart-button\"><a href=\"https:\/\/www.companhiaatlantica.pt\/es\/produto\/ceramica-portuguesa\/platos-ceramica\/plato-de-postre-o22-duna\" aria-describedby=\"woocommerce_loop_add_to_cart_link_describedby_74582\" data-quantity=\"1\" class=\"primary is-small mb-0 button product_type_variable add_to_cart_button is-outline\" data-product_id=\"74582\" data-product_sku=\"\" aria-label=\"Elige las opciones para &ldquo;Plato de Postre \u00d822 DUNA&rdquo;\" rel=\"nofollow\" data-product_name=\"Plato de Postre \u00d822 DUNA\" data-product_image=\"https:\/\/www.companhiaatlantica.pt\/wp-content\/uploads\/2025\/06\/ca-duna-collection-grey-plate-1-350x350.jpg\">Seleccionar opciones<\/a><\/div>\t<span id=\"woocommerce_loop_add_to_cart_link_describedby_74582\" class=\"screen-reader-text\">\n\t\tEste producto tiene m\u00faltiples variantes. Las opciones se pueden elegir en la p\u00e1gina de producto\t<\/span>\n\t\t<\/div>\n\t<\/div>\n\t<span class=\"gtm4wp_productdata\" style=\"display:none; visibility:hidden;\" data-gtm4wp_product_data=\"{&quot;internal_id&quot;:74582,&quot;item_id&quot;:74582,&quot;item_name&quot;:&quot;Plato de Postre \\u00d822 DUNA&quot;,&quot;sku&quot;:74582,&quot;price&quot;:15.75,&quot;stocklevel&quot;:null,&quot;stockstatus&quot;:&quot;instock&quot;,&quot;google_business_vertical&quot;:&quot;retail&quot;,&quot;item_category&quot;:&quot;Cer\\u00e2mica Portuguesa Artesanal&quot;,&quot;item_category2&quot;:&quot;Pratos Cer\\u00e2mica&quot;,&quot;id&quot;:74582,&quot;productlink&quot;:&quot;https:\\\/\\\/www.companhiaatlantica.pt\\\/es\\\/produto\\\/ceramica-portuguesa\\\/platos-ceramica\\\/plato-de-postre-o22-duna&quot;,&quot;item_list_name&quot;:&quot;Lista general de productos&quot;,&quot;index&quot;:1,&quot;product_type&quot;:&quot;variable&quot;,&quot;item_brand&quot;:&quot;&quot;}\"><\/span>\t<\/div>\n<\/div><div class=\"product-small col has-hover product type-product post-74606 status-publish instock product_cat-ceramica-portuguesa product_cat-novedades product_cat-tazas-ceramica has-post-thumbnail taxable shipping-taxable purchasable product-type-variable\">\n\t<div class=\"col-inner\">\n\t\n<div class=\"badge-container absolute left top z-1\">\n\n<div class=\"badge callout badge-circle\"><div class=\"badge-inner callout-new-bg is-small new-bubble\">NEW<\/div><\/div><\/div>\n\t<div class=\"product-small box \">\n\t\t<div class=\"box-image\">\n\t\t\t<div class=\"image-fade_in_back\">\n\t\t\t\t<a href=\"https:\/\/www.companhiaatlantica.pt\/es\/produto\/ceramica-portuguesa\/tazas-ceramica\/taza-340ml-duna\">\n\t\t\t\t\t<img loading=\"lazy\" decoding=\"async\" width=\"700\" height=\"700\" src=\"https:\/\/www.companhiaatlantica.pt\/wp-content\/uploads\/2026\/01\/ca-duna-collection-grey-caneca-700x700.jpg\" class=\"attachment-woocommerce_thumbnail size-woocommerce_thumbnail\" alt=\"Taza 340ml DUNA\" srcset=\"https:\/\/www.companhiaatlantica.pt\/wp-content\/uploads\/2026\/01\/ca-duna-collection-grey-caneca-700x700.jpg 700w, https:\/\/www.companhiaatlantica.pt\/wp-content\/uploads\/2026\/01\/ca-duna-collection-grey-caneca-400x400.jpg 400w, https:\/\/www.companhiaatlantica.pt\/wp-content\/uploads\/2026\/01\/ca-duna-collection-grey-caneca-350x350.jpg 350w, https:\/\/www.companhiaatlantica.pt\/wp-content\/uploads\/2026\/01\/ca-duna-collection-grey-caneca-100x100.jpg 100w, https:\/\/www.companhiaatlantica.pt\/wp-content\/uploads\/2026\/01\/ca-duna-collection-grey-caneca.jpg 1000w\" sizes=\"auto, (max-width: 700px) 100vw, 700px\" title=\"\"><img loading=\"lazy\" decoding=\"async\" width=\"700\" height=\"700\" src=\"https:\/\/www.companhiaatlantica.pt\/wp-content\/uploads\/2025\/06\/131-407-1-700x700.jpg\" class=\"show-on-hover absolute fill hide-for-small back-image\" alt=\"Alternative view of Taza 340ml DUNA\" aria-hidden=\"true\" srcset=\"https:\/\/www.companhiaatlantica.pt\/wp-content\/uploads\/2025\/06\/131-407-1-700x700.jpg 700w, https:\/\/www.companhiaatlantica.pt\/wp-content\/uploads\/2025\/06\/131-407-1-400x400.jpg 400w, https:\/\/www.companhiaatlantica.pt\/wp-content\/uploads\/2025\/06\/131-407-1-350x350.jpg 350w, https:\/\/www.companhiaatlantica.pt\/wp-content\/uploads\/2025\/06\/131-407-1-768x768.jpg 768w, https:\/\/www.companhiaatlantica.pt\/wp-content\/uploads\/2025\/06\/131-407-1-900x900.jpg 900w, https:\/\/www.companhiaatlantica.pt\/wp-content\/uploads\/2025\/06\/131-407-1-100x100.jpg 100w, https:\/\/www.companhiaatlantica.pt\/wp-content\/uploads\/2025\/06\/131-407-1.jpg 1000w\" sizes=\"auto, (max-width: 700px) 100vw, 700px\" title=\"\">\t\t\t\t<\/a>\n\t\t\t<\/div>\n\t\t\t<div class=\"image-tools is-small top right show-on-hover\">\n\t\t\t\t\t\t<div class=\"wishlist-icon\">\n\t\t\t<button class=\"wishlist-button button is-outline circle icon\" aria-label=\"Lista de deseos\">\n\t\t\t\t<i class=\"icon-heart\" aria-hidden=\"true\"><\/i>\t\t\t<\/button>\n\t\t\t<div class=\"wishlist-popup dark\">\n\t\t\t\t\n<div\n\tclass=\"yith-wcwl-add-to-wishlist add-to-wishlist-74606 yith-wcwl-add-to-wishlist--button_default-style wishlist-fragment on-first-load\"\n\tdata-fragment-ref=\"74606\"\n\tdata-fragment-options=\"{&quot;base_url&quot;:&quot;&quot;,&quot;product_id&quot;:74606,&quot;parent_product_id&quot;:0,&quot;product_type&quot;:&quot;variable&quot;,&quot;is_single&quot;:false,&quot;in_default_wishlist&quot;:false,&quot;show_view&quot;:false,&quot;browse_wishlist_text&quot;:&quot;Consulta tu WishList&quot;,&quot;already_in_wishslist_text&quot;:&quot;\\u00a1Este producto ya esta en tu wishlist!&quot;,&quot;product_added_text&quot;:&quot;Producto A\\u00f1adido!&quot;,&quot;available_multi_wishlist&quot;:false,&quot;disable_wishlist&quot;:false,&quot;show_count&quot;:false,&quot;ajax_loading&quot;:false,&quot;loop_position&quot;:&quot;after_add_to_cart&quot;,&quot;item&quot;:&quot;add_to_wishlist&quot;}\"\n>\n\t\t\t\n\t\t\t<!-- ADD TO WISHLIST -->\n\t\t\t\n<div class=\"yith-wcwl-add-button\">\n\t\t<a\n\t\thref=\"?add_to_wishlist=74606&#038;_wpnonce=52d31225f0\"\n\t\tclass=\"add_to_wishlist single_add_to_wishlist alt button theme-button-style \"\n\t\tdata-product-id=\"74606\"\n\t\tdata-product-type=\"variable\"\n\t\tdata-original-product-id=\"0\"\n\t\tdata-title=\"A\u00f1adir Wishlist\"\n\t\trel=\"nofollow\"\n\t>\n\t\t<svg id=\"yith-wcwl-icon-heart-outline\" class=\"yith-wcwl-icon-svg\" fill=\"none\" stroke-width=\"1.5\" stroke=\"currentColor\" viewBox=\"0 0 24 24\" xmlns=\"http:\/\/www.w3.org\/2000\/svg\">\n  <path stroke-linecap=\"round\" stroke-linejoin=\"round\" d=\"M21 8.25c0-2.485-2.099-4.5-4.688-4.5-1.935 0-3.597 1.126-4.312 2.733-.715-1.607-2.377-2.733-4.313-2.733C5.1 3.75 3 5.765 3 8.25c0 7.22 9 12 9 12s9-4.78 9-12Z\"><\/path>\n<\/svg>\t\t<span>A\u00f1adir Wishlist<\/span>\n\t<\/a>\n<\/div>\n\n\t\t\t<!-- COUNT TEXT -->\n\t\t\t\n\t\t\t<\/div>\n\t\t\t<\/div>\n\t\t<\/div>\n\t\t\t\t\t<\/div>\n\t\t\t<div class=\"image-tools is-small hide-for-small bottom left show-on-hover\">\n\t\t\t\t\t\t\t<\/div>\n\t\t\t<div class=\"image-tools grid-tools text-center hide-for-small bottom hover-slide-in show-on-hover\">\n\t\t\t\t\t\t\t<\/div>\n\t\t\t\t\t<\/div>\n\n\t\t<div class=\"box-text box-text-products\">\n\t\t\t<div class=\"title-wrapper\">\t\t<p class=\"category uppercase is-smaller no-text-overflow product-cat op-8\">\n\t\t\tCer\u00e1mica portuguesa artesanal \u2013 Hecha a mano en Portugal\t\t<\/p>\n\t<p class=\"name product-title woocommerce-loop-product__title\"><a href=\"https:\/\/www.companhiaatlantica.pt\/es\/produto\/ceramica-portuguesa\/tazas-ceramica\/taza-340ml-duna\" class=\"woocommerce-LoopProduct-link woocommerce-loop-product__link\">Taza 340ml DUNA<\/a><\/p><\/div><div class=\"price-wrapper\">\n\t<span class=\"price\"><span class=\"woocommerce-Price-amount amount\"><bdi>15.75<span class=\"woocommerce-Price-currencySymbol\">&euro;<\/span><\/bdi><\/span><\/span>\n<\/div><div class=\"add-to-cart-button\"><a href=\"https:\/\/www.companhiaatlantica.pt\/es\/produto\/ceramica-portuguesa\/tazas-ceramica\/taza-340ml-duna\" aria-describedby=\"woocommerce_loop_add_to_cart_link_describedby_74606\" data-quantity=\"1\" class=\"primary is-small mb-0 button product_type_variable add_to_cart_button is-outline\" data-product_id=\"74606\" data-product_sku=\"\" aria-label=\"Elige las opciones para &ldquo;Taza 340ml DUNA&rdquo;\" rel=\"nofollow\" data-product_name=\"Taza 340ml DUNA\" data-product_image=\"https:\/\/www.companhiaatlantica.pt\/wp-content\/uploads\/2026\/01\/ca-duna-collection-grey-caneca-350x350.jpg\">Seleccionar opciones<\/a><\/div>\t<span id=\"woocommerce_loop_add_to_cart_link_describedby_74606\" class=\"screen-reader-text\">\n\t\tEste producto tiene m\u00faltiples variantes. Las opciones se pueden elegir en la p\u00e1gina de producto\t<\/span>\n\t\t<\/div>\n\t<\/div>\n\t<span class=\"gtm4wp_productdata\" style=\"display:none; visibility:hidden;\" data-gtm4wp_product_data=\"{&quot;internal_id&quot;:74606,&quot;item_id&quot;:74606,&quot;item_name&quot;:&quot;Taza 340ml DUNA&quot;,&quot;sku&quot;:74606,&quot;price&quot;:15.75,&quot;stocklevel&quot;:null,&quot;stockstatus&quot;:&quot;instock&quot;,&quot;google_business_vertical&quot;:&quot;retail&quot;,&quot;item_category&quot;:&quot;Cer\\u00e2mica Portuguesa Artesanal&quot;,&quot;item_category2&quot;:&quot;Canecas Cer\\u00e2mica&quot;,&quot;id&quot;:74606,&quot;productlink&quot;:&quot;https:\\\/\\\/www.companhiaatlantica.pt\\\/es\\\/produto\\\/ceramica-portuguesa\\\/tazas-ceramica\\\/taza-340ml-duna&quot;,&quot;item_list_name&quot;:&quot;Lista general de productos&quot;,&quot;index&quot;:2,&quot;product_type&quot;:&quot;variable&quot;,&quot;item_brand&quot;:&quot;&quot;}\"><\/span>\t<\/div>\n<\/div><div class=\"product-small col has-hover product type-product post-74797 status-publish last instock has-post-thumbnail sale taxable shipping-taxable purchasable product-type-variation\">\n\t<div class=\"col-inner\">\n\t\n<div class=\"badge-container absolute left top z-1\">\n<div class=\"badge callout badge-circle\">\r\n  \t\t\t<div class=\"badge-inner secondary on-sale\">\r\n  \t\t\t\t<span class=\"onsale\">-15%<\/span>\r\n\t\t\t<\/div>\r\n\t\t<\/div>\r\n\t\t<div class=\"badge callout badge-circle\">\r\n\t\t\t<div class=\"badge-inner callout-new-bg is-small new-bubble\">NEW<\/div>\r\n\t\t<\/div>\n<\/div>\n\t<div class=\"product-small box \">\n\t\t<div class=\"box-image\">\n\t\t\t<div class=\"image-fade_in_back\">\n\t\t\t\t<a href=\"https:\/\/www.companhiaatlantica.pt\/es\/produto\/ceramica-portuguesa\/cuencos-ceramica\/cuenco-o14-duna-set-de-6?attribute_pa_cor=retro-green-es\">\n\t\t\t\t\t<img loading=\"lazy\" decoding=\"async\" width=\"700\" height=\"700\" src=\"https:\/\/www.companhiaatlantica.pt\/wp-content\/uploads\/2025\/06\/131-406_a-1-700x700.jpg\" class=\"attachment-woocommerce_thumbnail size-woocommerce_thumbnail\" alt=\"Cuenco \u00d814 DUNA - Set de 6 - RETRO GREEN\" srcset=\"https:\/\/www.companhiaatlantica.pt\/wp-content\/uploads\/2025\/06\/131-406_a-1-700x700.jpg 700w, https:\/\/www.companhiaatlantica.pt\/wp-content\/uploads\/2025\/06\/131-406_a-1-400x400.jpg 400w, https:\/\/www.companhiaatlantica.pt\/wp-content\/uploads\/2025\/06\/131-406_a-1-350x350.jpg 350w, https:\/\/www.companhiaatlantica.pt\/wp-content\/uploads\/2025\/06\/131-406_a-1-768x768.jpg 768w, https:\/\/www.companhiaatlantica.pt\/wp-content\/uploads\/2025\/06\/131-406_a-1-900x900.jpg 900w, https:\/\/www.companhiaatlantica.pt\/wp-content\/uploads\/2025\/06\/131-406_a-1-100x100.jpg 100w, https:\/\/www.companhiaatlantica.pt\/wp-content\/uploads\/2025\/06\/131-406_a-1.jpg 1000w\" sizes=\"auto, (max-width: 700px) 100vw, 700px\" title=\"\">\t\t\t\t<\/a>\n\t\t\t<\/div>\n\t\t\t<div class=\"image-tools is-small top right show-on-hover\">\n\t\t\t\t\t\t<div class=\"wishlist-icon\">\n\t\t\t<button class=\"wishlist-button button is-outline circle icon\" aria-label=\"Lista de deseos\">\n\t\t\t\t<i class=\"icon-heart\" aria-hidden=\"true\"><\/i>\t\t\t<\/button>\n\t\t\t<div class=\"wishlist-popup dark\">\n\t\t\t\t\t\t\t<\/div>\n\t\t<\/div>\n\t\t\t\t\t<\/div>\n\t\t\t<div class=\"image-tools is-small hide-for-small bottom left show-on-hover\">\n\t\t\t\t\t\t\t<\/div>\n\t\t\t<div class=\"image-tools grid-tools text-center hide-for-small bottom hover-slide-in show-on-hover\">\n\t\t\t\t\t\t\t<\/div>\n\t\t\t\t\t<\/div>\n\n\t\t<div class=\"box-text box-text-products\">\n\t\t\t<div class=\"title-wrapper\">\t\t<p class=\"category uppercase is-smaller no-text-overflow product-cat op-8\">\n\t\t\tCer\u00e1mica portuguesa artesanal \u2013 Hecha a mano en Portugal\t\t<\/p>\n\t<p class=\"name product-title woocommerce-loop-product__title\"><a href=\"https:\/\/www.companhiaatlantica.pt\/es\/produto\/ceramica-portuguesa\/cuencos-ceramica\/cuenco-o14-duna-set-de-6?attribute_pa_cor=retro-green-es\" class=\"woocommerce-LoopProduct-link woocommerce-loop-product__link\">Cuenco \u00d814 DUNA &#8211; Set de 6 &#8211; RETRO GREEN<\/a><\/p><\/div><div class=\"price-wrapper\">\n\t<span class=\"price\"><del aria-hidden=\"true\"><span class=\"woocommerce-Price-amount amount\"><bdi>94.50<span class=\"woocommerce-Price-currencySymbol\">&euro;<\/span><\/bdi><\/span><\/del> <span class=\"screen-reader-text\">El precio original era: 94.50&euro;.<\/span><ins aria-hidden=\"true\"><span class=\"woocommerce-Price-amount amount\"><bdi>79.95<span class=\"woocommerce-Price-currencySymbol\">&euro;<\/span><\/bdi><\/span><\/ins><span class=\"screen-reader-text\">El precio actual es: 79.95&euro;.<\/span><\/span>\n<\/div><div class=\"add-to-cart-button\"><a href=\"https:\/\/www.companhiaatlantica.pt\/es\/produto\/ceramica-portuguesa\/cuencos-ceramica\/cuenco-o14-duna-set-de-6?attribute_pa_cor=retro-green-es&#038;variation_id=74797&#038;add-to-cart=74796&#038;ywccl_rd=https:\/\/www.companhiaatlantica.pt\/es\/wp-json\/wp\/v2\/posts\/75580\" aria-describedby=\"woocommerce_loop_add_to_cart_link_describedby_74797\" data-quantity=\"1\" class=\"primary is-small mb-0 button product_type_variation add_to_cart_button ajax_add_to_cart is-outline\" data-product_id=\"74797\" data-product_sku=\"131-406.S6\" aria-label=\"A\u00f1adir al carrito: &ldquo;Cuenco \u00d814 DUNA - Set de 6 - RETRO GREEN&rdquo;\" rel=\"nofollow\" data-success_message=\"\u00abCuenco \u00d814 DUNA - Set de 6 - RETRO GREEN\u00bb se ha a\u00f1adido a tu carrito\" data-product_name=\"Cuenco \u00d814 DUNA - Set de 6 - RETRO GREEN\" data-product_image=\"https:\/\/www.companhiaatlantica.pt\/wp-content\/uploads\/2025\/06\/131-406_a-1-350x350.jpg\" role=\"button\">A\u00f1adir al carrito<\/a><\/div>\t<span id=\"woocommerce_loop_add_to_cart_link_describedby_74797\" class=\"screen-reader-text\">\n\t\t\t<\/span>\n\t\t<\/div>\n\t<\/div>\n\t<span class=\"gtm4wp_productdata\" style=\"display:none; visibility:hidden;\" data-gtm4wp_product_data=\"{&quot;internal_id&quot;:74797,&quot;item_id&quot;:&quot;131-406.S6&quot;,&quot;item_name&quot;:&quot;Cuenco \\u00d814 DUNA - Set de 6&quot;,&quot;sku&quot;:&quot;131-406.S6&quot;,&quot;price&quot;:79.9500000000000028421709430404007434844970703125,&quot;stocklevel&quot;:42,&quot;stockstatus&quot;:&quot;instock&quot;,&quot;google_business_vertical&quot;:&quot;retail&quot;,&quot;item_group_id&quot;:74796,&quot;item_category&quot;:&quot;Cer\\u00e1mica portuguesa artesanal \\u2013 Hecha a mano en Portugal&quot;,&quot;item_category2&quot;:&quot;Cuencos Cer\\u00e1mica&quot;,&quot;id&quot;:&quot;131-406.S6&quot;,&quot;item_variant&quot;:&quot;retro-green-es&quot;,&quot;productlink&quot;:&quot;https:\\\/\\\/www.companhiaatlantica.pt\\\/es\\\/produto\\\/ceramica-portuguesa\\\/cuencos-ceramica\\\/cuenco-o14-duna-set-de-6?attribute_pa_cor=retro-green-es&quot;,&quot;item_list_name&quot;:&quot;Lista general de productos&quot;,&quot;index&quot;:3,&quot;product_type&quot;:&quot;variation&quot;,&quot;item_brand&quot;:&quot;&quot;}\"><\/span>\t<\/div>\n<\/div><div class=\"product-small col has-hover product type-product post-74949 status-publish first instock product_cat-ceramica-portuguesa product_cat-novedades product_cat-vajillas-completas has-post-thumbnail sale taxable shipping-taxable purchasable product-type-variable\">\n\t<div class=\"col-inner\">\n\t\n<div class=\"badge-container absolute left top z-1\">\n<div class=\"badge callout badge-circle\">\r\n  \t\t\t<div class=\"badge-inner secondary on-sale\">\r\n  \t\t\t\t<span class=\"onsale\">-16%<\/span>\r\n\t\t\t<\/div>\r\n\t\t<\/div>\r\n\t\t<div class=\"badge callout badge-circle\">\r\n\t\t\t<div class=\"badge-inner callout-new-bg is-small new-bubble\">NEW<\/div>\r\n\t\t<\/div>\n<div class=\"badge callout badge-circle\"><div class=\"badge-inner callout-new-bg is-small new-bubble\">NEW<\/div><\/div><\/div>\n\t<div class=\"product-small box \">\n\t\t<div class=\"box-image\">\n\t\t\t<div class=\"image-fade_in_back\">\n\t\t\t\t<a href=\"https:\/\/www.companhiaatlantica.pt\/es\/produto\/ceramica-portuguesa\/vajillas-completas\/vajilla-duna-de-16-piezas\">\n\t\t\t\t\t<img loading=\"lazy\" decoding=\"async\" width=\"700\" height=\"700\" src=\"https:\/\/www.companhiaatlantica.pt\/wp-content\/uploads\/2025\/06\/ca-duna-collection-grey-weder-33-700x700.jpg\" class=\"attachment-woocommerce_thumbnail size-woocommerce_thumbnail\" alt=\"Vajilla DUNA de 16 piezas\" srcset=\"https:\/\/www.companhiaatlantica.pt\/wp-content\/uploads\/2025\/06\/ca-duna-collection-grey-weder-33-700x700.jpg 700w, https:\/\/www.companhiaatlantica.pt\/wp-content\/uploads\/2025\/06\/ca-duna-collection-grey-weder-33-350x350.jpg 350w, https:\/\/www.companhiaatlantica.pt\/wp-content\/uploads\/2025\/06\/ca-duna-collection-grey-weder-33-100x100.jpg 100w\" sizes=\"auto, (max-width: 700px) 100vw, 700px\" title=\"\"><img loading=\"lazy\" decoding=\"async\" width=\"700\" height=\"700\" src=\"https:\/\/www.companhiaatlantica.pt\/wp-content\/uploads\/2025\/06\/131-278-3-700x700.jpg\" class=\"show-on-hover absolute fill hide-for-small back-image\" alt=\"Alternative view of Vajilla DUNA de 16 piezas\" aria-hidden=\"true\" srcset=\"https:\/\/www.companhiaatlantica.pt\/wp-content\/uploads\/2025\/06\/131-278-3-700x700.jpg 700w, https:\/\/www.companhiaatlantica.pt\/wp-content\/uploads\/2025\/06\/131-278-3-400x400.jpg 400w, https:\/\/www.companhiaatlantica.pt\/wp-content\/uploads\/2025\/06\/131-278-3-350x350.jpg 350w, https:\/\/www.companhiaatlantica.pt\/wp-content\/uploads\/2025\/06\/131-278-3-768x768.jpg 768w, https:\/\/www.companhiaatlantica.pt\/wp-content\/uploads\/2025\/06\/131-278-3-900x900.jpg 900w, https:\/\/www.companhiaatlantica.pt\/wp-content\/uploads\/2025\/06\/131-278-3-100x100.jpg 100w, https:\/\/www.companhiaatlantica.pt\/wp-content\/uploads\/2025\/06\/131-278-3.jpg 1000w\" sizes=\"auto, (max-width: 700px) 100vw, 700px\" title=\"\">\t\t\t\t<\/a>\n\t\t\t<\/div>\n\t\t\t<div class=\"image-tools is-small top right show-on-hover\">\n\t\t\t\t\t\t<div class=\"wishlist-icon\">\n\t\t\t<button class=\"wishlist-button button is-outline circle icon\" aria-label=\"Lista de deseos\">\n\t\t\t\t<i class=\"icon-heart\" aria-hidden=\"true\"><\/i>\t\t\t<\/button>\n\t\t\t<div class=\"wishlist-popup dark\">\n\t\t\t\t\n<div\n\tclass=\"yith-wcwl-add-to-wishlist add-to-wishlist-74949 yith-wcwl-add-to-wishlist--button_default-style wishlist-fragment on-first-load\"\n\tdata-fragment-ref=\"74949\"\n\tdata-fragment-options=\"{&quot;base_url&quot;:&quot;&quot;,&quot;product_id&quot;:74949,&quot;parent_product_id&quot;:0,&quot;product_type&quot;:&quot;variable&quot;,&quot;is_single&quot;:false,&quot;in_default_wishlist&quot;:false,&quot;show_view&quot;:false,&quot;browse_wishlist_text&quot;:&quot;Consulta tu WishList&quot;,&quot;already_in_wishslist_text&quot;:&quot;\\u00a1Este producto ya esta en tu wishlist!&quot;,&quot;product_added_text&quot;:&quot;Producto A\\u00f1adido!&quot;,&quot;available_multi_wishlist&quot;:false,&quot;disable_wishlist&quot;:false,&quot;show_count&quot;:false,&quot;ajax_loading&quot;:false,&quot;loop_position&quot;:&quot;after_add_to_cart&quot;,&quot;item&quot;:&quot;add_to_wishlist&quot;}\"\n>\n\t\t\t\n\t\t\t<!-- ADD TO WISHLIST -->\n\t\t\t\n<div class=\"yith-wcwl-add-button\">\n\t\t<a\n\t\thref=\"?add_to_wishlist=74949&#038;_wpnonce=52d31225f0\"\n\t\tclass=\"add_to_wishlist single_add_to_wishlist alt button theme-button-style \"\n\t\tdata-product-id=\"74949\"\n\t\tdata-product-type=\"variable\"\n\t\tdata-original-product-id=\"0\"\n\t\tdata-title=\"A\u00f1adir Wishlist\"\n\t\trel=\"nofollow\"\n\t>\n\t\t<svg id=\"yith-wcwl-icon-heart-outline\" class=\"yith-wcwl-icon-svg\" fill=\"none\" stroke-width=\"1.5\" stroke=\"currentColor\" viewBox=\"0 0 24 24\" xmlns=\"http:\/\/www.w3.org\/2000\/svg\">\n  <path stroke-linecap=\"round\" stroke-linejoin=\"round\" d=\"M21 8.25c0-2.485-2.099-4.5-4.688-4.5-1.935 0-3.597 1.126-4.312 2.733-.715-1.607-2.377-2.733-4.313-2.733C5.1 3.75 3 5.765 3 8.25c0 7.22 9 12 9 12s9-4.78 9-12Z\"><\/path>\n<\/svg>\t\t<span>A\u00f1adir Wishlist<\/span>\n\t<\/a>\n<\/div>\n\n\t\t\t<!-- COUNT TEXT -->\n\t\t\t\n\t\t\t<\/div>\n\t\t\t<\/div>\n\t\t<\/div>\n\t\t\t\t\t<\/div>\n\t\t\t<div class=\"image-tools is-small hide-for-small bottom left show-on-hover\">\n\t\t\t\t\t\t\t<\/div>\n\t\t\t<div class=\"image-tools grid-tools text-center hide-for-small bottom hover-slide-in show-on-hover\">\n\t\t\t\t\t\t\t<\/div>\n\t\t\t\t\t<\/div>\n\n\t\t<div class=\"box-text box-text-products\">\n\t\t\t<div class=\"title-wrapper\">\t\t<p class=\"category uppercase is-smaller no-text-overflow product-cat op-8\">\n\t\t\tCer\u00e1mica portuguesa artesanal \u2013 Hecha a mano en Portugal\t\t<\/p>\n\t<p class=\"name product-title woocommerce-loop-product__title\"><a href=\"https:\/\/www.companhiaatlantica.pt\/es\/produto\/ceramica-portuguesa\/vajillas-completas\/vajilla-duna-de-16-piezas\" class=\"woocommerce-LoopProduct-link woocommerce-loop-product__link\">Vajilla DUNA de 16 piezas<\/a><\/p><\/div><div class=\"price-wrapper\">\n\t<span class=\"price\"><del aria-hidden=\"true\"><span class=\"woocommerce-Price-amount amount\"><bdi>261.00<span class=\"woocommerce-Price-currencySymbol\">&euro;<\/span><\/bdi><\/span><\/del> <span class=\"screen-reader-text\">El precio original era: 261.00&euro;.<\/span><ins aria-hidden=\"true\"><span class=\"woocommerce-Price-amount amount\"><bdi>220.00<span class=\"woocommerce-Price-currencySymbol\">&euro;<\/span><\/bdi><\/span><\/ins><span class=\"screen-reader-text\">El precio actual es: 220.00&euro;.<\/span><\/span>\n<\/div><div class=\"add-to-cart-button\"><a href=\"https:\/\/www.companhiaatlantica.pt\/es\/produto\/ceramica-portuguesa\/vajillas-completas\/vajilla-duna-de-16-piezas\" aria-describedby=\"woocommerce_loop_add_to_cart_link_describedby_74949\" data-quantity=\"1\" class=\"primary is-small mb-0 button product_type_variable add_to_cart_button is-outline\" data-product_id=\"74949\" data-product_sku=\"\" aria-label=\"Elige las opciones para &ldquo;Vajilla DUNA de 16 piezas&rdquo;\" rel=\"nofollow\" data-product_name=\"Vajilla DUNA de 16 piezas\" data-product_image=\"https:\/\/www.companhiaatlantica.pt\/wp-content\/uploads\/2025\/06\/ca-duna-collection-grey-weder-33-350x350.jpg\">Seleccionar opciones<\/a><\/div>\t<span id=\"woocommerce_loop_add_to_cart_link_describedby_74949\" class=\"screen-reader-text\">\n\t\tEste producto tiene m\u00faltiples variantes. Las opciones se pueden elegir en la p\u00e1gina de producto\t<\/span>\n\t\t<\/div>\n\t<\/div>\n\t<span class=\"gtm4wp_productdata\" style=\"display:none; visibility:hidden;\" data-gtm4wp_product_data=\"{&quot;internal_id&quot;:74949,&quot;item_id&quot;:74949,&quot;item_name&quot;:&quot;Vajilla DUNA de 16 piezas&quot;,&quot;sku&quot;:74949,&quot;price&quot;:220,&quot;stocklevel&quot;:null,&quot;stockstatus&quot;:&quot;instock&quot;,&quot;google_business_vertical&quot;:&quot;retail&quot;,&quot;item_category&quot;:&quot;Cer\\u00e2mica Portuguesa Artesanal&quot;,&quot;id&quot;:74949,&quot;productlink&quot;:&quot;https:\\\/\\\/www.companhiaatlantica.pt\\\/es\\\/produto\\\/ceramica-portuguesa\\\/vajillas-completas\\\/vajilla-duna-de-16-piezas&quot;,&quot;item_list_name&quot;:&quot;Lista general de productos&quot;,&quot;index&quot;:4,&quot;product_type&quot;:&quot;variable&quot;,&quot;item_brand&quot;:&quot;&quot;}\"><\/span>\t<\/div>\n<\/div><div class=\"product-small col has-hover product type-product post-74994 status-publish instock product_cat-ceramica-portuguesa product_cat-novedades product_cat-vajillas-completas has-post-thumbnail sale taxable shipping-taxable purchasable product-type-variable\">\n\t<div class=\"col-inner\">\n\t\n<div class=\"badge-container absolute left top z-1\">\n<div class=\"badge callout badge-circle\">\r\n  \t\t\t<div class=\"badge-inner secondary on-sale\">\r\n  \t\t\t\t<span class=\"onsale\">-19%<\/span>\r\n\t\t\t<\/div>\r\n\t\t<\/div>\r\n\t\t<div class=\"badge callout badge-circle\">\r\n\t\t\t<div class=\"badge-inner callout-new-bg is-small new-bubble\">NEW<\/div>\r\n\t\t<\/div>\n<div class=\"badge callout badge-circle\"><div class=\"badge-inner callout-new-bg is-small new-bubble\">NEW<\/div><\/div><\/div>\n\t<div class=\"product-small box \">\n\t\t<div class=\"box-image\">\n\t\t\t<div class=\"image-fade_in_back\">\n\t\t\t\t<a href=\"https:\/\/www.companhiaatlantica.pt\/es\/produto\/ceramica-portuguesa\/vajillas-completas\/vajilla-duna-de-18-piezas\">\n\t\t\t\t\t<img loading=\"lazy\" decoding=\"async\" width=\"700\" height=\"700\" src=\"https:\/\/www.companhiaatlantica.pt\/wp-content\/uploads\/2025\/06\/ca-duna-collection-grey-weder-2-700x700.jpg\" class=\"attachment-woocommerce_thumbnail size-woocommerce_thumbnail\" alt=\"Vajilla DUNA de 18 piezas\" srcset=\"https:\/\/www.companhiaatlantica.pt\/wp-content\/uploads\/2025\/06\/ca-duna-collection-grey-weder-2-700x700.jpg 700w, https:\/\/www.companhiaatlantica.pt\/wp-content\/uploads\/2025\/06\/ca-duna-collection-grey-weder-2-350x350.jpg 350w, https:\/\/www.companhiaatlantica.pt\/wp-content\/uploads\/2025\/06\/ca-duna-collection-grey-weder-2-100x100.jpg 100w\" sizes=\"auto, (max-width: 700px) 100vw, 700px\" title=\"\"><img loading=\"lazy\" decoding=\"async\" width=\"700\" height=\"700\" src=\"https:\/\/www.companhiaatlantica.pt\/wp-content\/uploads\/2025\/06\/131-281_a-4-700x700.jpg\" class=\"show-on-hover absolute fill hide-for-small back-image\" alt=\"Alternative view of Vajilla DUNA de 18 piezas\" aria-hidden=\"true\" srcset=\"https:\/\/www.companhiaatlantica.pt\/wp-content\/uploads\/2025\/06\/131-281_a-4-700x700.jpg 700w, https:\/\/www.companhiaatlantica.pt\/wp-content\/uploads\/2025\/06\/131-281_a-4-400x400.jpg 400w, https:\/\/www.companhiaatlantica.pt\/wp-content\/uploads\/2025\/06\/131-281_a-4-350x350.jpg 350w, https:\/\/www.companhiaatlantica.pt\/wp-content\/uploads\/2025\/06\/131-281_a-4-768x768.jpg 768w, https:\/\/www.companhiaatlantica.pt\/wp-content\/uploads\/2025\/06\/131-281_a-4-900x900.jpg 900w, https:\/\/www.companhiaatlantica.pt\/wp-content\/uploads\/2025\/06\/131-281_a-4-100x100.jpg 100w, https:\/\/www.companhiaatlantica.pt\/wp-content\/uploads\/2025\/06\/131-281_a-4.jpg 1000w\" sizes=\"auto, (max-width: 700px) 100vw, 700px\" title=\"\">\t\t\t\t<\/a>\n\t\t\t<\/div>\n\t\t\t<div class=\"image-tools is-small top right show-on-hover\">\n\t\t\t\t\t\t<div class=\"wishlist-icon\">\n\t\t\t<button class=\"wishlist-button button is-outline circle icon\" aria-label=\"Lista de deseos\">\n\t\t\t\t<i class=\"icon-heart\" aria-hidden=\"true\"><\/i>\t\t\t<\/button>\n\t\t\t<div class=\"wishlist-popup dark\">\n\t\t\t\t\n<div\n\tclass=\"yith-wcwl-add-to-wishlist add-to-wishlist-74994 yith-wcwl-add-to-wishlist--button_default-style wishlist-fragment on-first-load\"\n\tdata-fragment-ref=\"74994\"\n\tdata-fragment-options=\"{&quot;base_url&quot;:&quot;&quot;,&quot;product_id&quot;:74994,&quot;parent_product_id&quot;:0,&quot;product_type&quot;:&quot;variable&quot;,&quot;is_single&quot;:false,&quot;in_default_wishlist&quot;:false,&quot;show_view&quot;:false,&quot;browse_wishlist_text&quot;:&quot;Consulta tu WishList&quot;,&quot;already_in_wishslist_text&quot;:&quot;\\u00a1Este producto ya esta en tu wishlist!&quot;,&quot;product_added_text&quot;:&quot;Producto A\\u00f1adido!&quot;,&quot;available_multi_wishlist&quot;:false,&quot;disable_wishlist&quot;:false,&quot;show_count&quot;:false,&quot;ajax_loading&quot;:false,&quot;loop_position&quot;:&quot;after_add_to_cart&quot;,&quot;item&quot;:&quot;add_to_wishlist&quot;}\"\n>\n\t\t\t\n\t\t\t<!-- ADD TO WISHLIST -->\n\t\t\t\n<div class=\"yith-wcwl-add-button\">\n\t\t<a\n\t\thref=\"?add_to_wishlist=74994&#038;_wpnonce=52d31225f0\"\n\t\tclass=\"add_to_wishlist single_add_to_wishlist alt button theme-button-style \"\n\t\tdata-product-id=\"74994\"\n\t\tdata-product-type=\"variable\"\n\t\tdata-original-product-id=\"0\"\n\t\tdata-title=\"A\u00f1adir Wishlist\"\n\t\trel=\"nofollow\"\n\t>\n\t\t<svg id=\"yith-wcwl-icon-heart-outline\" class=\"yith-wcwl-icon-svg\" fill=\"none\" stroke-width=\"1.5\" stroke=\"currentColor\" viewBox=\"0 0 24 24\" xmlns=\"http:\/\/www.w3.org\/2000\/svg\">\n  <path stroke-linecap=\"round\" stroke-linejoin=\"round\" d=\"M21 8.25c0-2.485-2.099-4.5-4.688-4.5-1.935 0-3.597 1.126-4.312 2.733-.715-1.607-2.377-2.733-4.313-2.733C5.1 3.75 3 5.765 3 8.25c0 7.22 9 12 9 12s9-4.78 9-12Z\"><\/path>\n<\/svg>\t\t<span>A\u00f1adir Wishlist<\/span>\n\t<\/a>\n<\/div>\n\n\t\t\t<!-- COUNT TEXT -->\n\t\t\t\n\t\t\t<\/div>\n\t\t\t<\/div>\n\t\t<\/div>\n\t\t\t\t\t<\/div>\n\t\t\t<div class=\"image-tools is-small hide-for-small bottom left show-on-hover\">\n\t\t\t\t\t\t\t<\/div>\n\t\t\t<div class=\"image-tools grid-tools text-center hide-for-small bottom hover-slide-in show-on-hover\">\n\t\t\t\t\t\t\t<\/div>\n\t\t\t\t\t<\/div>\n\n\t\t<div class=\"box-text box-text-products\">\n\t\t\t<div class=\"title-wrapper\">\t\t<p class=\"category uppercase is-smaller no-text-overflow product-cat op-8\">\n\t\t\tCer\u00e1mica portuguesa artesanal \u2013 Hecha a mano en Portugal\t\t<\/p>\n\t<p class=\"name product-title woocommerce-loop-product__title\"><a href=\"https:\/\/www.companhiaatlantica.pt\/es\/produto\/ceramica-portuguesa\/vajillas-completas\/vajilla-duna-de-18-piezas\" class=\"woocommerce-LoopProduct-link woocommerce-loop-product__link\">Vajilla DUNA de 18 piezas<\/a><\/p><\/div><div class=\"price-wrapper\">\n\t<span class=\"price\"><del aria-hidden=\"true\"><span class=\"woocommerce-Price-amount amount\"><bdi>297.00<span class=\"woocommerce-Price-currencySymbol\">&euro;<\/span><\/bdi><\/span><\/del> <span class=\"screen-reader-text\">El precio original era: 297.00&euro;.<\/span><ins aria-hidden=\"true\"><span class=\"woocommerce-Price-amount amount\"><bdi>240.00<span class=\"woocommerce-Price-currencySymbol\">&euro;<\/span><\/bdi><\/span><\/ins><span class=\"screen-reader-text\">El precio actual es: 240.00&euro;.<\/span><\/span>\n<\/div><div class=\"add-to-cart-button\"><a href=\"https:\/\/www.companhiaatlantica.pt\/es\/produto\/ceramica-portuguesa\/vajillas-completas\/vajilla-duna-de-18-piezas\" aria-describedby=\"woocommerce_loop_add_to_cart_link_describedby_74994\" data-quantity=\"1\" class=\"primary is-small mb-0 button product_type_variable add_to_cart_button is-outline\" data-product_id=\"74994\" data-product_sku=\"\" aria-label=\"Elige las opciones para &ldquo;Vajilla DUNA de 18 piezas&rdquo;\" rel=\"nofollow\" data-product_name=\"Vajilla DUNA de 18 piezas\" data-product_image=\"https:\/\/www.companhiaatlantica.pt\/wp-content\/uploads\/2025\/06\/ca-duna-collection-grey-weder-2-350x350.jpg\">Seleccionar opciones<\/a><\/div>\t<span id=\"woocommerce_loop_add_to_cart_link_describedby_74994\" class=\"screen-reader-text\">\n\t\tEste producto tiene m\u00faltiples variantes. Las opciones se pueden elegir en la p\u00e1gina de producto\t<\/span>\n\t\t<\/div>\n\t<\/div>\n\t<span class=\"gtm4wp_productdata\" style=\"display:none; visibility:hidden;\" data-gtm4wp_product_data=\"{&quot;internal_id&quot;:74994,&quot;item_id&quot;:74994,&quot;item_name&quot;:&quot;Vajilla DUNA de 18 piezas&quot;,&quot;sku&quot;:74994,&quot;price&quot;:240,&quot;stocklevel&quot;:null,&quot;stockstatus&quot;:&quot;instock&quot;,&quot;google_business_vertical&quot;:&quot;retail&quot;,&quot;item_category&quot;:&quot;Cer\\u00e2mica Portuguesa Artesanal&quot;,&quot;id&quot;:74994,&quot;productlink&quot;:&quot;https:\\\/\\\/www.companhiaatlantica.pt\\\/es\\\/produto\\\/ceramica-portuguesa\\\/vajillas-completas\\\/vajilla-duna-de-18-piezas&quot;,&quot;item_list_name&quot;:&quot;Lista general de productos&quot;,&quot;index&quot;:5,&quot;product_type&quot;:&quot;variable&quot;,&quot;item_brand&quot;:&quot;&quot;}\"><\/span>\t<\/div>\n<\/div><div class=\"product-small col has-hover product type-product post-75274 status-publish last instock product_cat-ceramica-portuguesa product_cat-novedades product_cat-vajillas-completas has-post-thumbnail sale taxable shipping-taxable purchasable product-type-variable\">\n\t<div class=\"col-inner\">\n\t\n<div class=\"badge-container absolute left top z-1\">\n<div class=\"badge callout badge-circle\">\r\n  \t\t\t<div class=\"badge-inner secondary on-sale\">\r\n  \t\t\t\t<span class=\"onsale\">-21%<\/span>\r\n\t\t\t<\/div>\r\n\t\t<\/div>\r\n\t\t<div class=\"badge callout badge-circle\">\r\n\t\t\t<div class=\"badge-inner callout-new-bg is-small new-bubble\">NEW<\/div>\r\n\t\t<\/div>\n<\/div>\n\t<div class=\"product-small box \">\n\t\t<div class=\"box-image\">\n\t\t\t<div class=\"image-fade_in_back\">\n\t\t\t\t<a href=\"https:\/\/www.companhiaatlantica.pt\/es\/produto\/ceramica-portuguesa\/vajillas-completas\/vajilla-duna-de-32-piezas\">\n\t\t\t\t\t<img loading=\"lazy\" decoding=\"async\" width=\"700\" height=\"700\" src=\"https:\/\/www.companhiaatlantica.pt\/wp-content\/uploads\/2025\/06\/ca-product-photography-duna-collection-green-kamila-weder-31-700x700.jpg\" class=\"attachment-woocommerce_thumbnail size-woocommerce_thumbnail\" alt=\"Vajilla DUNA de 32 piezas\" srcset=\"https:\/\/www.companhiaatlantica.pt\/wp-content\/uploads\/2025\/06\/ca-product-photography-duna-collection-green-kamila-weder-31-700x700.jpg 700w, https:\/\/www.companhiaatlantica.pt\/wp-content\/uploads\/2025\/06\/ca-product-photography-duna-collection-green-kamila-weder-31-350x350.jpg 350w, https:\/\/www.companhiaatlantica.pt\/wp-content\/uploads\/2025\/06\/ca-product-photography-duna-collection-green-kamila-weder-31-100x100.jpg 100w\" sizes=\"auto, (max-width: 700px) 100vw, 700px\" title=\"\"><img loading=\"lazy\" decoding=\"async\" width=\"700\" height=\"700\" src=\"https:\/\/www.companhiaatlantica.pt\/wp-content\/uploads\/2025\/12\/131-399-700x700.jpg\" class=\"show-on-hover absolute fill hide-for-small back-image\" alt=\"Alternative view of Vajilla DUNA de 32 piezas\" aria-hidden=\"true\" srcset=\"https:\/\/www.companhiaatlantica.pt\/wp-content\/uploads\/2025\/12\/131-399-700x700.jpg 700w, https:\/\/www.companhiaatlantica.pt\/wp-content\/uploads\/2025\/12\/131-399-400x400.jpg 400w, https:\/\/www.companhiaatlantica.pt\/wp-content\/uploads\/2025\/12\/131-399-350x350.jpg 350w, https:\/\/www.companhiaatlantica.pt\/wp-content\/uploads\/2025\/12\/131-399-768x768.jpg 768w, https:\/\/www.companhiaatlantica.pt\/wp-content\/uploads\/2025\/12\/131-399-900x900.jpg 900w, https:\/\/www.companhiaatlantica.pt\/wp-content\/uploads\/2025\/12\/131-399-100x100.jpg 100w, https:\/\/www.companhiaatlantica.pt\/wp-content\/uploads\/2025\/12\/131-399.jpg 1000w\" sizes=\"auto, (max-width: 700px) 100vw, 700px\" title=\"\">\t\t\t\t<\/a>\n\t\t\t<\/div>\n\t\t\t<div class=\"image-tools is-small top right show-on-hover\">\n\t\t\t\t\t\t<div class=\"wishlist-icon\">\n\t\t\t<button class=\"wishlist-button button is-outline circle icon\" aria-label=\"Lista de deseos\">\n\t\t\t\t<i class=\"icon-heart\" aria-hidden=\"true\"><\/i>\t\t\t<\/button>\n\t\t\t<div class=\"wishlist-popup dark\">\n\t\t\t\t\n<div\n\tclass=\"yith-wcwl-add-to-wishlist add-to-wishlist-75274 yith-wcwl-add-to-wishlist--button_default-style wishlist-fragment on-first-load\"\n\tdata-fragment-ref=\"75274\"\n\tdata-fragment-options=\"{&quot;base_url&quot;:&quot;&quot;,&quot;product_id&quot;:75274,&quot;parent_product_id&quot;:0,&quot;product_type&quot;:&quot;variable&quot;,&quot;is_single&quot;:false,&quot;in_default_wishlist&quot;:false,&quot;show_view&quot;:false,&quot;browse_wishlist_text&quot;:&quot;Consulta tu WishList&quot;,&quot;already_in_wishslist_text&quot;:&quot;\\u00a1Este producto ya esta en tu wishlist!&quot;,&quot;product_added_text&quot;:&quot;Producto A\\u00f1adido!&quot;,&quot;available_multi_wishlist&quot;:false,&quot;disable_wishlist&quot;:false,&quot;show_count&quot;:false,&quot;ajax_loading&quot;:false,&quot;loop_position&quot;:&quot;after_add_to_cart&quot;,&quot;item&quot;:&quot;add_to_wishlist&quot;}\"\n>\n\t\t\t\n\t\t\t<!-- ADD TO WISHLIST -->\n\t\t\t\n<div class=\"yith-wcwl-add-button\">\n\t\t<a\n\t\thref=\"?add_to_wishlist=75274&#038;_wpnonce=52d31225f0\"\n\t\tclass=\"add_to_wishlist single_add_to_wishlist alt button theme-button-style \"\n\t\tdata-product-id=\"75274\"\n\t\tdata-product-type=\"variable\"\n\t\tdata-original-product-id=\"0\"\n\t\tdata-title=\"A\u00f1adir Wishlist\"\n\t\trel=\"nofollow\"\n\t>\n\t\t<svg id=\"yith-wcwl-icon-heart-outline\" class=\"yith-wcwl-icon-svg\" fill=\"none\" stroke-width=\"1.5\" stroke=\"currentColor\" viewBox=\"0 0 24 24\" xmlns=\"http:\/\/www.w3.org\/2000\/svg\">\n  <path stroke-linecap=\"round\" stroke-linejoin=\"round\" d=\"M21 8.25c0-2.485-2.099-4.5-4.688-4.5-1.935 0-3.597 1.126-4.312 2.733-.715-1.607-2.377-2.733-4.313-2.733C5.1 3.75 3 5.765 3 8.25c0 7.22 9 12 9 12s9-4.78 9-12Z\"><\/path>\n<\/svg>\t\t<span>A\u00f1adir Wishlist<\/span>\n\t<\/a>\n<\/div>\n\n\t\t\t<!-- COUNT TEXT -->\n\t\t\t\n\t\t\t<\/div>\n\t\t\t<\/div>\n\t\t<\/div>\n\t\t\t\t\t<\/div>\n\t\t\t<div class=\"image-tools is-small hide-for-small bottom left show-on-hover\">\n\t\t\t\t\t\t\t<\/div>\n\t\t\t<div class=\"image-tools grid-tools text-center hide-for-small bottom hover-slide-in show-on-hover\">\n\t\t\t\t\t\t\t<\/div>\n\t\t\t\t\t<\/div>\n\n\t\t<div class=\"box-text box-text-products\">\n\t\t\t<div class=\"title-wrapper\">\t\t<p class=\"category uppercase is-smaller no-text-overflow product-cat op-8\">\n\t\t\tCer\u00e1mica portuguesa artesanal \u2013 Hecha a mano en Portugal\t\t<\/p>\n\t<p class=\"name product-title woocommerce-loop-product__title\"><a href=\"https:\/\/www.companhiaatlantica.pt\/es\/produto\/ceramica-portuguesa\/vajillas-completas\/vajilla-duna-de-32-piezas\" class=\"woocommerce-LoopProduct-link woocommerce-loop-product__link\">Vajilla DUNA de 32 piezas<\/a><\/p><\/div><div class=\"price-wrapper\">\n\t<span class=\"price\"><del aria-hidden=\"true\"><span class=\"woocommerce-Price-amount amount\"><bdi>522.00<span class=\"woocommerce-Price-currencySymbol\">&euro;<\/span><\/bdi><\/span><\/del> <span class=\"screen-reader-text\">El precio original era: 522.00&euro;.<\/span><ins aria-hidden=\"true\"><span class=\"woocommerce-Price-amount amount\"><bdi>410.00<span class=\"woocommerce-Price-currencySymbol\">&euro;<\/span><\/bdi><\/span><\/ins><span class=\"screen-reader-text\">El precio actual es: 410.00&euro;.<\/span><\/span>\n<\/div><div class=\"add-to-cart-button\"><a href=\"https:\/\/www.companhiaatlantica.pt\/es\/produto\/ceramica-portuguesa\/vajillas-completas\/vajilla-duna-de-32-piezas\" aria-describedby=\"woocommerce_loop_add_to_cart_link_describedby_75274\" data-quantity=\"1\" class=\"primary is-small mb-0 button product_type_variable add_to_cart_button is-outline\" data-product_id=\"75274\" data-product_sku=\"\" aria-label=\"Elige las opciones para &ldquo;Vajilla DUNA de 32 piezas&rdquo;\" rel=\"nofollow\" data-product_name=\"Vajilla DUNA de 32 piezas\" data-product_image=\"https:\/\/www.companhiaatlantica.pt\/wp-content\/uploads\/2025\/06\/ca-product-photography-duna-collection-green-kamila-weder-31-350x350.jpg\">Seleccionar opciones<\/a><\/div>\t<span id=\"woocommerce_loop_add_to_cart_link_describedby_75274\" class=\"screen-reader-text\">\n\t\tEste producto tiene m\u00faltiples variantes. Las opciones se pueden elegir en la p\u00e1gina de producto\t<\/span>\n\t\t<\/div>\n\t<\/div>\n\t<span class=\"gtm4wp_productdata\" style=\"display:none; visibility:hidden;\" data-gtm4wp_product_data=\"{&quot;internal_id&quot;:75274,&quot;item_id&quot;:75274,&quot;item_name&quot;:&quot;Vajilla DUNA de 32 piezas&quot;,&quot;sku&quot;:75274,&quot;price&quot;:410,&quot;stocklevel&quot;:null,&quot;stockstatus&quot;:&quot;instock&quot;,&quot;google_business_vertical&quot;:&quot;retail&quot;,&quot;item_category&quot;:&quot;Cer\\u00e2mica Portuguesa Artesanal&quot;,&quot;id&quot;:75274,&quot;productlink&quot;:&quot;https:\\\/\\\/www.companhiaatlantica.pt\\\/es\\\/produto\\\/ceramica-portuguesa\\\/vajillas-completas\\\/vajilla-duna-de-32-piezas&quot;,&quot;item_list_name&quot;:&quot;Lista general de productos&quot;,&quot;index&quot;:6,&quot;product_type&quot;:&quot;variable&quot;,&quot;item_brand&quot;:&quot;&quot;}\"><\/span>\t<\/div>\n<\/div><\/div><!-- row -->\n<\/div>\n","protected":false},"excerpt":{"rendered":"<p>Descubre la nueva colecci\u00f3n DUNA \u2013 una oda a los paisajes tranquilos del interior portugu\u00e9s y a la luz dorada de los atardeceres. Fabricada con maestr\u00eda artesanal, cada pieza de esta colecci\u00f3n es una obra de arte que combina elegancia y funcionalidad. D\u00e9jate cautivar por los tonos del atardecer y lleva la serenidad de la [&#8230;]\n","protected":false},"author":636,"featured_media":77494,"comment_status":"closed","ping_status":"closed","sticky":false,"template":"","format":"standard","meta":{"footnotes":""},"categories":[1323,781],"tags":[],"class_list":["post-75580","post","type-post","status-publish","format-standard","has-post-thumbnail","hentry","category-articulo","category-sin-categorizar"],"_links":{"self":[{"href":"https:\/\/www.companhiaatlantica.pt\/es\/wp-json\/wp\/v2\/posts\/75580","targetHints":{"allow":["GET"]}}],"collection":[{"href":"https:\/\/www.companhiaatlantica.pt\/es\/wp-json\/wp\/v2\/posts"}],"about":[{"href":"https:\/\/www.companhiaatlantica.pt\/es\/wp-json\/wp\/v2\/types\/post"}],"author":[{"embeddable":true,"href":"https:\/\/www.companhiaatlantica.pt\/es\/wp-json\/wp\/v2\/users\/636"}],"replies":[{"embeddable":true,"href":"https:\/\/www.companhiaatlantica.pt\/es\/wp-json\/wp\/v2\/comments?post=75580"}],"version-history":[{"count":5,"href":"https:\/\/www.companhiaatlantica.pt\/es\/wp-json\/wp\/v2\/posts\/75580\/revisions"}],"predecessor-version":[{"id":82642,"href":"https:\/\/www.companhiaatlantica.pt\/es\/wp-json\/wp\/v2\/posts\/75580\/revisions\/82642"}],"wp:featuredmedia":[{"embeddable":true,"href":"https:\/\/www.companhiaatlantica.pt\/es\/wp-json\/wp\/v2\/media\/77494"}],"wp:attachment":[{"href":"https:\/\/www.companhiaatlantica.pt\/es\/wp-json\/wp\/v2\/media?parent=75580"}],"wp:term":[{"taxonomy":"category","embeddable":true,"href":"https:\/\/www.companhiaatlantica.pt\/es\/wp-json\/wp\/v2\/categories?post=75580"},{"taxonomy":"post_tag","embeddable":true,"href":"https:\/\/www.companhiaatlantica.pt\/es\/wp-json\/wp\/v2\/tags?post=75580"}],"curies":[{"name":"wp","href":"https:\/\/api.w.org\/{rel}","templated":true}]}}