{"id":87373,"date":"2026-04-17T15:35:56","date_gmt":"2026-04-17T14:35:56","guid":{"rendered":"https:\/\/www.companhiaatlantica.pt\/?p=87373"},"modified":"2026-04-17T15:35:56","modified_gmt":"2026-04-17T14:35:56","slug":"mata-bicho-vajilla-que-es-tarjeta-de-visita","status":"publish","type":"post","link":"https:\/\/www.companhiaatlantica.pt\/es\/articulo\/mata-bicho-vajilla-que-es-tarjeta-de-visita","title":{"rendered":"Mata Bicho: Vajilla que es &#8220;tarjeta de visita&#8221;"},"content":{"rendered":"\t<div class=\"img has-hover x md-x lg-x y md-y lg-y\" id=\"image_1403172743\">\n\t\t<a class=\"\" href=\"https:\/\/www.companhiaatlantica.pt\/es\/ceramica-portuguesa?filter_colecao=duna-es\" target=\"_blank\" rel=\"noopener\" >\t\t\t\t\t\t<div class=\"img-inner dark\" >\n\t\t\t<img loading=\"lazy\" decoding=\"async\" width=\"1020\" height=\"574\" src=\"https:\/\/www.companhiaatlantica.pt\/wp-content\/uploads\/2026\/04\/mesa_posta-1024x576.jpg\" class=\"attachment-large size-large\" alt=\"Mata Bicho com a Cole\u00e7\u00e3o DUNA\" srcset=\"https:\/\/www.companhiaatlantica.pt\/wp-content\/uploads\/2026\/04\/mesa_posta-1024x576.jpg 1024w, https:\/\/www.companhiaatlantica.pt\/wp-content\/uploads\/2026\/04\/mesa_posta-400x225.jpg 400w, https:\/\/www.companhiaatlantica.pt\/wp-content\/uploads\/2026\/04\/mesa_posta-768x432.jpg 768w, https:\/\/www.companhiaatlantica.pt\/wp-content\/uploads\/2026\/04\/mesa_posta-1536x864.jpg 1536w, https:\/\/www.companhiaatlantica.pt\/wp-content\/uploads\/2026\/04\/mesa_posta-1320x743.jpg 1320w, https:\/\/www.companhiaatlantica.pt\/wp-content\/uploads\/2026\/04\/mesa_posta-900x506.jpg 900w, https:\/\/www.companhiaatlantica.pt\/wp-content\/uploads\/2026\/04\/mesa_posta.jpg 1920w\" sizes=\"auto, (max-width: 1020px) 100vw, 1020px\" title=\"\">\t\t\t\t\t\t\n\t\t\t\t\t<\/div>\n\t\t\t\t\t\t<\/a>\t\t\n<style>\n#image_1403172743 {\n  width: 100%;\n}\n<\/style>\n\t<\/div>\n\t\n<div class=\"row\"  id=\"row-269165380\">\n\n\t<div id=\"col-1051290494\" class=\"col small-12 large-12\"  >\n\t\t\t\t<div class=\"col-inner\"  >\n\t\t\t\n\t\t\t\n\t<div id=\"gap-432719562\" class=\"gap-element clearfix\" style=\"display:block; height:auto;\">\n\t\t\n<style>\n#gap-432719562 {\n  padding-top: 30px;\n}\n<\/style>\n\t<\/div>\n\t\n<div class=\"row\"  id=\"row-463606107\">\n\n\t<div id=\"col-2047472799\" class=\"col small-12 large-12\"  >\n\t\t\t\t<div class=\"col-inner\"  >\n\t\t\t\n\t\t\t\n<p data-start=\"402\" data-end=\"735\">En el mundo de la restauraci\u00f3n contempor\u00e1nea, la experiencia no se construye s\u00f3lo en el plato, sino en cada detalle que lo rodea. La elecci\u00f3n de <strong data-start=\"547\" data-end=\"574\"><a href=\"https:\/\/www.companhiaatlantica.pt\/es\/ceramica-portuguesa\/vajillas-completas\" target=\"_blank\" rel=\"noopener\">vajilla para restaurantes<\/a>,<\/strong> <a href=\"https:\/\/www.companhiaatlantica.pt\/es\/ceramica-portuguesa\/vajillas-completas\" target=\"_blank\" rel=\"noopener\"><strong data-start=\"579\" data-end=\"611\">el servicio de mesa profesional<\/strong> <\/a>y la forma de presentar la comida se ha convertido en un elemento esencial en la percepci\u00f3n del valor de cualquier espacio HORECA.<\/p>\n<p data-start=\"737\" data-end=\"981\">En este contexto, <strong data-start=\"760\" data-end=\"783\">Companhia Atl\u00e2ntica<\/strong> desarrolla colecciones de cer\u00e1mica y gres dise\u00f1adas espec\u00edficamente para la restauraci\u00f3n profesional, combinando dise\u00f1o de autor, durabilidad y una est\u00e9tica profundamente vinculada a la identidad portuguesa.<\/p>\n<h1 data-section-id=\"xn72qu\" data-start=\"983\" data-end=\"1022\">El dise\u00f1o de la experiencia gastron\u00f3mica<\/h1>\n<p data-start=\"1024\" data-end=\"1229\">En un restaurante real, cada elemento de la mesa comunica algo. La textura del plato, el peso de la pieza, el acabado y la forma de enmarcar la comida influyen directamente en la experiencia del cliente.<\/p>\n<p data-start=\"1231\" data-end=\"1307\">Companhia Atl\u00e2ntica crea <strong><a href=\"https:\/\/www.companhiaatlantica.pt\/es\/ceramica-portuguesa\/vajillas-completas\" target=\"_blank\" rel=\"noopener\">cer\u00e1mica para restaurantes, <\/a><\/strong>con un enfoque en:<\/p>\n<ul data-start=\"1308\" data-end=\"1494\">\n<li data-section-id=\"1011yd9\" data-start=\"1308\" data-end=\"1356\">resistencia al uso intensivo en el sector HORECA.<\/li>\n<li data-section-id=\"pd0u5c\" data-start=\"1357\" data-end=\"1408\">est\u00e9tica contempor\u00e1nea con inspiraci\u00f3n artesanal<\/li>\n<li data-section-id=\"9fqwu0\" data-start=\"1409\" data-end=\"1458\">funcionalidad para el chapado profesional<\/li>\n<li data-section-id=\"vqzqqp\" data-start=\"1459\" data-end=\"1494\">coherencia visual entre colecciones<\/li>\n<\/ul>\n<p data-start=\"1496\" data-end=\"1585\">Nuestras piezas no son s\u00f3lo utensilios, son herramientas de narraci\u00f3n gastron\u00f3mica.<\/p>\n\t<div id=\"gap-1824345324\" class=\"gap-element clearfix\" style=\"display:block; height:auto;\">\n\t\t\n<style>\n#gap-1824345324 {\n  padding-top: 30px;\n}\n<\/style>\n\t<\/div>\n\t\n\t<div id=\"text-1924247873\" class=\"text\">\n\t\t\n<blockquote><p>Creemos que el emplatado es importante como tarjeta de presentaci\u00f3n de nuestros alimentos &#8211; Sabino Carvalho (socio director de EDAI)<\/p><\/blockquote>\n\t\t\n<style>\n#text-1924247873 {\n  font-size: 1.1rem;\n  color: rgb(0, 0, 0);\n}\n#text-1924247873 > * {\n  color: rgb(0, 0, 0);\n}\n<\/style>\n\t<\/div>\n\t\n\t<div id=\"gap-381130397\" class=\"gap-element clearfix\" style=\"display:block; height:auto;\">\n\t\t\n<style>\n#gap-381130397 {\n  padding-top: 30px;\n}\n<\/style>\n\t<\/div>\n\t\n<div class=\"container section-title-container\" ><h2 class=\"section-title section-title-normal\"><b aria-hidden=\"true\"><\/b><span class=\"section-title-main\" >Colecciones dise\u00f1adas para restaurantes, hoteles y caf\u00e9s modernos<\/span><b aria-hidden=\"true\"><\/b><\/h2><\/div>\n<p>Cada colecci\u00f3n se ha dise\u00f1ado para responder a necesidades reales de restauraci\u00f3n, en las que deben coexistir la est\u00e9tica y el rendimiento.<\/p>\n<div class=\"row\"  id=\"row-1248692464\">\n\n\t<div id=\"col-1377308370\" class=\"col medium-4 small-12 large-4\"  >\n\t\t\t\t<div class=\"col-inner\"  >\n\t\t\t\n\t\t\t\n\t<div class=\"img has-hover x md-x lg-x y md-y lg-y\" id=\"image_790492857\">\n\t\t<a class=\"\" href=\"https:\/\/www.companhiaatlantica.pt\/es\/ceramica-portuguesa?filter_colecao=azulejo\" target=\"_blank\" rel=\"noopener\" >\t\t\t\t\t\t<div class=\"img-inner dark\" >\n\t\t\t<img loading=\"lazy\" decoding=\"async\" width=\"1020\" height=\"1020\" src=\"https:\/\/www.companhiaatlantica.pt\/wp-content\/uploads\/2026\/04\/azulejo_mesa-1024x1024.jpg\" class=\"attachment-large size-large\" alt=\"Mata bicho com a Cole\u00e7\u00e3o AZULEJO\" srcset=\"https:\/\/www.companhiaatlantica.pt\/wp-content\/uploads\/2026\/04\/azulejo_mesa-1024x1024.jpg 1024w, https:\/\/www.companhiaatlantica.pt\/wp-content\/uploads\/2026\/04\/azulejo_mesa-400x400.jpg 400w, https:\/\/www.companhiaatlantica.pt\/wp-content\/uploads\/2026\/04\/azulejo_mesa-350x350.jpg 350w, https:\/\/www.companhiaatlantica.pt\/wp-content\/uploads\/2026\/04\/azulejo_mesa-768x768.jpg 768w, https:\/\/www.companhiaatlantica.pt\/wp-content\/uploads\/2026\/04\/azulejo_mesa-700x700.jpg 700w, https:\/\/www.companhiaatlantica.pt\/wp-content\/uploads\/2026\/04\/azulejo_mesa-900x900.jpg 900w, https:\/\/www.companhiaatlantica.pt\/wp-content\/uploads\/2026\/04\/azulejo_mesa-100x100.jpg 100w, https:\/\/www.companhiaatlantica.pt\/wp-content\/uploads\/2026\/04\/azulejo_mesa.jpg 1080w\" sizes=\"auto, (max-width: 1020px) 100vw, 1020px\" title=\"\">\t\t\t\t\t\t\n\t\t\t\t\t<\/div>\n\t\t\t\t\t\t<\/a>\t\t\n<style>\n#image_790492857 {\n  width: 100%;\n}\n<\/style>\n\t<\/div>\n\t\n<h3 data-section-id=\"10gqcwa\" data-start=\"1782\" data-end=\"1801\">Colecci\u00f3n AZULEJO<\/h3>\n<p data-start=\"1802\" data-end=\"2016\">Inspirado en la identidad portuguesa, el <a href=\"https:\/\/www.companhiaatlantica.pt\/es\/ceramica-portuguesa?filter_colecao=azulejo-es\" target=\"_blank\" rel=\"noopener\"><strong data-start=\"1848\" data-end=\"1859\">Colecci\u00f3n AZULEJO<\/strong><\/a> traduce la tradici\u00f3n a un lenguaje contempor\u00e1neo. Ideal para restaurantes que buscan una fuerte conexi\u00f3n con la cultura local, sin perder sofisticaci\u00f3n en el emplatado.<\/p>\n\t\t<\/div>\n\t\t\t\t\t<\/div>\n\n\t\n\n\t<div id=\"col-1749525631\" class=\"col medium-4 small-12 large-4\"  >\n\t\t\t\t<div class=\"col-inner\"  >\n\t\t\t\n\t\t\t\n\t<div class=\"img has-hover x md-x lg-x y md-y lg-y\" id=\"image_831605518\">\n\t\t\t\t\t\t\t\t<div class=\"img-inner dark\" >\n\t\t\t<img loading=\"lazy\" decoding=\"async\" width=\"1020\" height=\"1020\" src=\"https:\/\/www.companhiaatlantica.pt\/wp-content\/uploads\/2026\/04\/aroma_posta-1024x1024.jpg\" class=\"attachment-large size-large\" alt=\"Mata Bicho com a Cole\u00e7\u00e3o AROMA\" srcset=\"https:\/\/www.companhiaatlantica.pt\/wp-content\/uploads\/2026\/04\/aroma_posta-1024x1024.jpg 1024w, https:\/\/www.companhiaatlantica.pt\/wp-content\/uploads\/2026\/04\/aroma_posta-400x400.jpg 400w, https:\/\/www.companhiaatlantica.pt\/wp-content\/uploads\/2026\/04\/aroma_posta-350x350.jpg 350w, https:\/\/www.companhiaatlantica.pt\/wp-content\/uploads\/2026\/04\/aroma_posta-768x768.jpg 768w, https:\/\/www.companhiaatlantica.pt\/wp-content\/uploads\/2026\/04\/aroma_posta-700x700.jpg 700w, https:\/\/www.companhiaatlantica.pt\/wp-content\/uploads\/2026\/04\/aroma_posta-900x900.jpg 900w, https:\/\/www.companhiaatlantica.pt\/wp-content\/uploads\/2026\/04\/aroma_posta-100x100.jpg 100w, https:\/\/www.companhiaatlantica.pt\/wp-content\/uploads\/2026\/04\/aroma_posta.jpg 1080w\" sizes=\"auto, (max-width: 1020px) 100vw, 1020px\" title=\"\">\t\t\t\t\t\t\n\t\t\t\t\t<\/div>\n\t\t\t\t\t\t\t\t\n<style>\n#image_831605518 {\n  width: 100%;\n}\n<\/style>\n\t<\/div>\n\t\n<h3 data-section-id=\"1k02t14\" data-start=\"2460\" data-end=\"2477\">Colecci\u00f3n AROMA<\/h3>\n<p data-start=\"2478\" data-end=\"2637\">A <a href=\"https:\/\/www.companhiaatlantica.pt\/es\/ceramica-portuguesa?filter_colecao=aroma-es\" target=\"_blank\" rel=\"noopener\"><strong>colecci\u00f3n<\/strong> <strong data-start=\"2488\" data-end=\"2497\">Aroma<\/strong><\/a> se desarroll\u00f3 para destacar la gastronom\u00eda en el centro de la mesa. Centrada en el emplatado, permite que cada plato sea visualmente el centro de atenci\u00f3n.<\/p>\n\t\t<\/div>\n\t\t\t\t\t<\/div>\n\n\t\n\n\t<div id=\"col-535873061\" class=\"col medium-4 small-12 large-4\"  >\n\t\t\t\t<div class=\"col-inner\"  >\n\t\t\t\n\t\t\t\n\t<div class=\"img has-hover x md-x lg-x y md-y lg-y\" id=\"image_1651123806\">\n\t\t<a class=\"\" href=\"https:\/\/www.companhiaatlantica.pt\/es\/ceramica-portuguesa?filter_colecao=duna-es\" target=\"_blank\" rel=\"noopener\" >\t\t\t\t\t\t<div class=\"img-inner dark\" >\n\t\t\t<img loading=\"lazy\" decoding=\"async\" width=\"1020\" height=\"1020\" src=\"https:\/\/www.companhiaatlantica.pt\/wp-content\/uploads\/2026\/04\/mesa_posta_duna-1024x1024.jpg\" class=\"attachment-large size-large\" alt=\"Mata Bicho com a Cole\u00e7\u00e3o DUNA - set de jantar\" srcset=\"https:\/\/www.companhiaatlantica.pt\/wp-content\/uploads\/2026\/04\/mesa_posta_duna-1024x1024.jpg 1024w, https:\/\/www.companhiaatlantica.pt\/wp-content\/uploads\/2026\/04\/mesa_posta_duna-400x400.jpg 400w, https:\/\/www.companhiaatlantica.pt\/wp-content\/uploads\/2026\/04\/mesa_posta_duna-350x350.jpg 350w, https:\/\/www.companhiaatlantica.pt\/wp-content\/uploads\/2026\/04\/mesa_posta_duna-768x768.jpg 768w, https:\/\/www.companhiaatlantica.pt\/wp-content\/uploads\/2026\/04\/mesa_posta_duna-700x700.jpg 700w, https:\/\/www.companhiaatlantica.pt\/wp-content\/uploads\/2026\/04\/mesa_posta_duna-900x900.jpg 900w, https:\/\/www.companhiaatlantica.pt\/wp-content\/uploads\/2026\/04\/mesa_posta_duna-100x100.jpg 100w, https:\/\/www.companhiaatlantica.pt\/wp-content\/uploads\/2026\/04\/mesa_posta_duna.jpg 1080w\" sizes=\"auto, (max-width: 1020px) 100vw, 1020px\" title=\"\">\t\t\t\t\t\t\n\t\t\t\t\t<\/div>\n\t\t\t\t\t\t<\/a>\t\t\n<style>\n#image_1651123806 {\n  width: 100%;\n}\n<\/style>\n\t<\/div>\n\t\n<h3 data-section-id=\"1wfbzsm\" data-start=\"2157\" data-end=\"2173\">Colecci\u00f3n DUNA<\/h3>\n<p data-start=\"2174\" data-end=\"2316\">A<a href=\"https:\/\/www.companhiaatlantica.pt\/es\/ceramica-portuguesa?filter_colecao=duna-es\" target=\"_blank\" rel=\"noopener\"> <strong>colecci\u00f3n<\/strong> <strong data-start=\"2184\" data-end=\"2192\">DUNA<\/strong><\/a> refleja tonos naturales y formas org\u00e1nicas, dise\u00f1ada para espacios modernos que valoran una est\u00e9tica minimalista y sensorial.<\/p>\n\t\t<\/div>\n\t\t\t\t\t<\/div>\n\n\t\n<\/div>\n<div class=\"container section-title-container\" ><h2 class=\"section-title section-title-normal\"><b aria-hidden=\"true\"><\/b><span class=\"section-title-main\" >El contexto ideal: la experiencia de Mata Bicho<\/span><b aria-hidden=\"true\"><\/b><\/h2><\/div>\n<p data-start=\"2846\" data-end=\"3066\">Para dar vida a estas colecciones, Companhia Atl\u00e2ntica realiz\u00f3 una producci\u00f3n visual en el entorno del restaurante <strong data-start=\"2956\" data-end=\"2970\"><a href=\"https:\/\/www.matabicho.com\/\" target=\"_blank\" rel=\"noopener\">Mata Bicho,<\/a> <\/strong>un espacio que refleja perfectamente el equilibrio entre autenticidad y experiencia gastron\u00f3mica.<\/p>\n<p data-start=\"3068\" data-end=\"3308\">Con vistas a la Plaza Rodrigues Lobo y una cocina inspirada en los recuerdos de anta\u00f1o, recreando sabores que recuerdan la comodidad de la cocina de nuestros abuelos, el espacio combina un ambiente informal con una identidad muy marcada.<\/p>\n<p data-start=\"3310\" data-end=\"3512\">Este escenario nos permiti\u00f3 explorar c\u00f3mo <strong data-start=\"3348\" data-end=\"3375\"><a href=\"https:\/\/www.companhiaatlantica.pt\/es\/ceramica-portuguesa\/vajillas-completas\" target=\"_blank\" rel=\"noopener\">vajillas para restaurantes<\/a><\/strong> puede amplificar la narrativa de un espacio gastron\u00f3mico, especialmente cuando se alinea con conceptos de memoria, tradici\u00f3n y autenticidad.<\/p>\n<div class=\"row\"  id=\"row-1187059926\">\n\n\t<div id=\"col-1968302712\" class=\"col medium-6 small-12 large-6\"  >\n\t\t\t\t<div class=\"col-inner\"  >\n\t\t\t\n\t\t\t\n\t<div class=\"img has-hover x md-x lg-x y md-y lg-y\" id=\"image_829701030\">\n\t\t<a class=\"\" href=\"https:\/\/www.companhiaatlantica.pt\/es\/produto\/ceramica-portuguesa\/vajillas-completas\/vajilla-duna-de-32-piezas?attribute_pa_cor=retro-green\" target=\"_blank\" rel=\"noopener\">\t\t\t\t\t\t<div class=\"img-inner dark\" >\n\t\t\t<img loading=\"lazy\" decoding=\"async\" width=\"1020\" height=\"1020\" src=\"https:\/\/www.companhiaatlantica.pt\/wp-content\/uploads\/2026\/04\/mesa_posta_duna_02-1024x1024.jpg\" class=\"attachment-large size-large\" alt=\"Mata Bicho com a Cole\u00e7\u00e3o DUNA - gastronomia\" srcset=\"https:\/\/www.companhiaatlantica.pt\/wp-content\/uploads\/2026\/04\/mesa_posta_duna_02-1024x1024.jpg 1024w, https:\/\/www.companhiaatlantica.pt\/wp-content\/uploads\/2026\/04\/mesa_posta_duna_02-400x400.jpg 400w, https:\/\/www.companhiaatlantica.pt\/wp-content\/uploads\/2026\/04\/mesa_posta_duna_02-350x350.jpg 350w, https:\/\/www.companhiaatlantica.pt\/wp-content\/uploads\/2026\/04\/mesa_posta_duna_02-768x768.jpg 768w, https:\/\/www.companhiaatlantica.pt\/wp-content\/uploads\/2026\/04\/mesa_posta_duna_02-700x700.jpg 700w, https:\/\/www.companhiaatlantica.pt\/wp-content\/uploads\/2026\/04\/mesa_posta_duna_02-900x900.jpg 900w, https:\/\/www.companhiaatlantica.pt\/wp-content\/uploads\/2026\/04\/mesa_posta_duna_02-100x100.jpg 100w, https:\/\/www.companhiaatlantica.pt\/wp-content\/uploads\/2026\/04\/mesa_posta_duna_02.jpg 1080w\" sizes=\"auto, (max-width: 1020px) 100vw, 1020px\" title=\"\">\t\t\t\t\t\t\n\t\t\t\t\t<\/div>\n\t\t\t\t\t\t<\/a>\t\t\n<style>\n#image_829701030 {\n  width: 100%;\n}\n<\/style>\n\t<\/div>\n\t\n\t\t<\/div>\n\t\t\t\t\t<\/div>\n\n\t\n\n\t<div id=\"col-1110053436\" class=\"col medium-6 small-12 large-6\"  >\n\t\t\t\t<div class=\"col-inner\"  >\n\t\t\t\n\t\t\t\n\t<div class=\"img has-hover x md-x lg-x y md-y lg-y\" id=\"image_2048648789\">\n\t\t<a class=\"\" href=\"https:\/\/www.companhiaatlantica.pt\/es\/produto\/ceramica-portuguesa\/vajillas-completas\/vajilla-duna-de-32-piezas?attribute_pa_cor=retro-green\" target=\"_blank\" rel=\"noopener\">\t\t\t\t\t\t<div class=\"img-inner dark\" >\n\t\t\t<img loading=\"lazy\" decoding=\"async\" width=\"350\" height=\"350\" src=\"https:\/\/www.companhiaatlantica.pt\/wp-content\/uploads\/2026\/04\/presunto-350x350.jpg\" class=\"attachment-thumbnail size-thumbnail\" alt=\"Mata Bicho com a Cole\u00e7\u00e3o DUNA - prato de sobremesa\" srcset=\"https:\/\/www.companhiaatlantica.pt\/wp-content\/uploads\/2026\/04\/presunto-350x350.jpg 350w, https:\/\/www.companhiaatlantica.pt\/wp-content\/uploads\/2026\/04\/presunto-700x700.jpg 700w, https:\/\/www.companhiaatlantica.pt\/wp-content\/uploads\/2026\/04\/presunto-100x100.jpg 100w\" sizes=\"auto, (max-width: 350px) 100vw, 350px\" title=\"\">\t\t\t\t\t\t\n\t\t\t\t\t<\/div>\n\t\t\t\t\t\t<\/a>\t\t\n<style>\n#image_2048648789 {\n  width: 100%;\n}\n<\/style>\n\t<\/div>\n\t\n\t\t<\/div>\n\t\t\t\t\t<\/div>\n\n\t\n<\/div>\n<p data-start=\"3580\" data-end=\"3688\">En el sector HORECA, la elecci\u00f3n de la <strong>vajilla no es s\u00f3lo una decisi\u00f3n est\u00e9tica<\/strong>, sino estrat\u00e9gica.<\/p>\n<p data-start=\"3690\" data-end=\"3733\">Restaurantes, hoteles y cafeter\u00edas lo buscan hoy:<\/p>\n<ul data-start=\"3734\" data-end=\"3942\">\n<li data-section-id=\"100k287\" data-start=\"3734\" data-end=\"3787\">proveedores fiables de vajilla de hosteler\u00eda<\/li>\n<li data-section-id=\"4zv8rg\" data-start=\"3788\" data-end=\"3841\">piezas resistentes para un uso profesional intensivo<\/li>\n<li data-section-id=\"1mq8iba\" data-start=\"3842\" data-end=\"3894\">dise\u00f1o diferenciador para la experiencia del cliente<\/li>\n<li data-section-id=\"g4r5x9\" data-start=\"3895\" data-end=\"3942\">soluciones coherentes para la marca de escritorio<\/li>\n<\/ul>\n<p data-start=\"3944\" data-end=\"4098\">Companhia Atl\u00e2ntica se posiciona en este segmento con un enfoque h\u00edbrido: dise\u00f1o de autor combinado con una producci\u00f3n pensada para un contexto profesional exigente.<\/p>\n<p data-start=\"4114\" data-end=\"4374\">La experiencia gastron\u00f3mica moderna se nutre de la uni\u00f3n entre sabor, espacio y presentaci\u00f3n. A trav\u00e9s de sus colecciones <strong data-start=\"4220\" data-end=\"4245\"><a href=\"https:\/\/www.companhiaatlantica.pt\/es\/ceramica-portuguesa?filter_colecao=azulejo-es\" target=\"_blank\" rel=\"noopener\">Azulejo<\/a>, <a href=\"https:\/\/www.companhiaatlantica.pt\/es\/ceramica-portuguesa\/vajillas-completas\" target=\"_blank\" rel=\"noopener\">Duna<\/a> y <a href=\"https:\/\/www.companhiaatlantica.pt\/es\/ceramica-portuguesa?filter_colecao=aroma-es\" target=\"_blank\" rel=\"noopener\">Aroma<\/a><\/strong>, Companhia Atl\u00e2ntica desarrolla <strong><a href=\"https:\/\/www.companhiaatlantica.pt\/es\/ceramica-portuguesa\/vajillas-completas\" target=\"_blank\" rel=\"noopener\">cer\u00e1mica para restaurantes y hoteles,<\/a> <\/strong>dise\u00f1adas para elevar la narrativa de cada plato.<\/p>\n<p data-start=\"4376\" data-end=\"4459\">En un sector en el que cada detalle cuenta, la mesa se convierte en un escenario y la cer\u00e1mica en un lenguaje.<\/p>\n\t<div id=\"gap-1284960610\" class=\"gap-element clearfix\" style=\"display:block; height:auto;\">\n\t\t\n<style>\n#gap-1284960610 {\n  padding-top: 30px;\n}\n<\/style>\n\t<\/div>\n\t\n<div class=\"row\"  id=\"row-1076035254\">\n\n\t<div id=\"col-245182288\" class=\"col medium-8 small-12 large-8\"  >\n\t\t\t\t<div class=\"col-inner\"  >\n\t\t\t\n\t\t\t\n<h2 data-section-id=\"9do6us\" data-start=\"116\" data-end=\"161\">Conoce la visi\u00f3n que hay detr\u00e1s de la experiencia<\/h2>\n<p data-start=\"163\" data-end=\"427\">Para profundizar a\u00fan m\u00e1s en esta colaboraci\u00f3n y en el universo creativo de <strong>Companhia Atl\u00e2ntica<\/strong>, te invitamos a ver el v\u00eddeo exclusivo con Sabino Carvalho, Socio Director de EDAI &#8211; <strong><a href=\"https:\/\/www.matabicho.com\/\" target=\"_blank\" rel=\"noopener\">Mata Bicho,<\/a> <\/strong>donde compartimos la visi\u00f3n que hay detr\u00e1s del dise\u00f1o de nuestras colecciones y la importancia de la vajilla en la experiencia gastron\u00f3mica.<\/p>\n<p data-start=\"429\" data-end=\"628\">En este contenido, exploramos c\u00f3mo el detalle, la textura y la forma de las piezas influyen directamente en la forma en que se percibe la gastronom\u00eda en la mesa, especialmente en el contexto de la restauraci\u00f3n profesional.<\/p>\n<p data-start=\"630\" data-end=\"689\"><a href=\"https:\/\/www.instagram.com\/p\/DXOhz37gAz2\/\" target=\"_blank\" rel=\"noopener\">Mira el v\u00eddeo completo en nuestro Instagram <strong>aqu\u00ed<\/strong><\/a><\/p>\n\t\t<\/div>\n\t\t\t\t\t<\/div>\n\n\t\n\n\t<div id=\"col-1554959508\" class=\"col medium-4 small-12 large-4\"  >\n\t\t\t\t<div class=\"col-inner\"  >\n\t\t\t\n\t\t\t\n\t<div class=\"img has-hover x md-x lg-x y md-y lg-y\" id=\"image_1942524714\">\n\t\t<a class=\"\" href=\"https:\/\/www.instagram.com\/p\/DXOhz37gAz2\/\" target=\"_blank\" rel=\"noopener\">\t\t\t\t\t\t<div class=\"img-inner dark\" >\n\t\t\t<img loading=\"lazy\" decoding=\"async\" width=\"576\" height=\"1024\" src=\"https:\/\/www.companhiaatlantica.pt\/wp-content\/uploads\/2026\/04\/capa_mata_bicho-576x1024.png\" class=\"attachment-large size-large\" alt=\"\" srcset=\"https:\/\/www.companhiaatlantica.pt\/wp-content\/uploads\/2026\/04\/capa_mata_bicho-576x1024.png 576w, https:\/\/www.companhiaatlantica.pt\/wp-content\/uploads\/2026\/04\/capa_mata_bicho-225x400.png 225w, https:\/\/www.companhiaatlantica.pt\/wp-content\/uploads\/2026\/04\/capa_mata_bicho-768x1365.png 768w, https:\/\/www.companhiaatlantica.pt\/wp-content\/uploads\/2026\/04\/capa_mata_bicho-864x1536.png 864w, https:\/\/www.companhiaatlantica.pt\/wp-content\/uploads\/2026\/04\/capa_mata_bicho-900x1600.png 900w, https:\/\/www.companhiaatlantica.pt\/wp-content\/uploads\/2026\/04\/capa_mata_bicho.png 1080w\" sizes=\"auto, (max-width: 576px) 100vw, 576px\" title=\"\">\t\t\t\t\t\t\n\t\t\t\t\t<\/div>\n\t\t\t\t\t\t<\/a>\t\t\n<style>\n#image_1942524714 {\n  width: 100%;\n}\n<\/style>\n\t<\/div>\n\t\n\t\t<\/div>\n\t\t\t\t\t<\/div>\n\n\t\n<\/div>\n\t<div class=\"img has-hover x md-x lg-x y md-y lg-y\" id=\"image_1515555584\">\n\t\t<a class=\"\" href=\"https:\/\/www.companhiaatlantica.pt\/es\/produto\/ceramica-portuguesa\/vajillas-completas\/vajilla-duna-de-32-piezas?attribute_pa_cor=retro-green\" target=\"_blank\" rel=\"noopener\">\t\t\t\t\t\t<div class=\"img-inner dark\" >\n\t\t\t<img loading=\"lazy\" decoding=\"async\" width=\"1020\" height=\"1020\" src=\"https:\/\/www.companhiaatlantica.pt\/wp-content\/uploads\/2026\/04\/queijo-1024x1024.jpg\" class=\"attachment-large size-large\" alt=\"Mata Bicho com a Cole\u00e7\u00e3o DUNA - entradas\" srcset=\"https:\/\/www.companhiaatlantica.pt\/wp-content\/uploads\/2026\/04\/queijo-1024x1024.jpg 1024w, https:\/\/www.companhiaatlantica.pt\/wp-content\/uploads\/2026\/04\/queijo-400x400.jpg 400w, https:\/\/www.companhiaatlantica.pt\/wp-content\/uploads\/2026\/04\/queijo-350x350.jpg 350w, https:\/\/www.companhiaatlantica.pt\/wp-content\/uploads\/2026\/04\/queijo-768x768.jpg 768w, https:\/\/www.companhiaatlantica.pt\/wp-content\/uploads\/2026\/04\/queijo-700x700.jpg 700w, https:\/\/www.companhiaatlantica.pt\/wp-content\/uploads\/2026\/04\/queijo-900x900.jpg 900w, https:\/\/www.companhiaatlantica.pt\/wp-content\/uploads\/2026\/04\/queijo-100x100.jpg 100w, https:\/\/www.companhiaatlantica.pt\/wp-content\/uploads\/2026\/04\/queijo.jpg 1080w\" sizes=\"auto, (max-width: 1020px) 100vw, 1020px\" title=\"\">\t\t\t\t\t\t\n\t\t\t\t\t<\/div>\n\t\t\t\t\t\t<\/a>\t\t\n<style>\n#image_1515555584 {\n  width: 100%;\n}\n<\/style>\n\t<\/div>\n\t\n\t\t<\/div>\n\t\t\t\t\t<\/div>\n\n\t\n<\/div>\n\t\t<\/div>\n\t\t\t\t\t<\/div>\n\n\t\n<\/div>\n","protected":false},"excerpt":{"rendered":"<p>Companhia Atl\u00e2ntica presenta su visi\u00f3n de la vajilla premium para hosteler\u00eda, explorando c\u00f3mo el dise\u00f1o de la cer\u00e1mica y el gres transforma la experiencia gastron\u00f3mica. En un ambiente inspirador en Mata Bicho, desvelamos las colecciones Azulejo, Duna y Aroma, dise\u00f1adas para el sector HORECA. <\/p>\n","protected":false},"author":1107,"featured_media":87163,"comment_status":"closed","ping_status":"closed","sticky":false,"template":"","format":"standard","meta":{"footnotes":""},"categories":[1323,4529],"tags":[],"class_list":["post-87373","post","type-post","status-publish","format-standard","has-post-thumbnail","hentry","category-articulo","category-horeca"],"_links":{"self":[{"href":"https:\/\/www.companhiaatlantica.pt\/es\/wp-json\/wp\/v2\/posts\/87373","targetHints":{"allow":["GET"]}}],"collection":[{"href":"https:\/\/www.companhiaatlantica.pt\/es\/wp-json\/wp\/v2\/posts"}],"about":[{"href":"https:\/\/www.companhiaatlantica.pt\/es\/wp-json\/wp\/v2\/types\/post"}],"author":[{"embeddable":true,"href":"https:\/\/www.companhiaatlantica.pt\/es\/wp-json\/wp\/v2\/users\/1107"}],"replies":[{"embeddable":true,"href":"https:\/\/www.companhiaatlantica.pt\/es\/wp-json\/wp\/v2\/comments?post=87373"}],"version-history":[{"count":5,"href":"https:\/\/www.companhiaatlantica.pt\/es\/wp-json\/wp\/v2\/posts\/87373\/revisions"}],"predecessor-version":[{"id":87466,"href":"https:\/\/www.companhiaatlantica.pt\/es\/wp-json\/wp\/v2\/posts\/87373\/revisions\/87466"}],"wp:featuredmedia":[{"embeddable":true,"href":"https:\/\/www.companhiaatlantica.pt\/es\/wp-json\/wp\/v2\/media\/87163"}],"wp:attachment":[{"href":"https:\/\/www.companhiaatlantica.pt\/es\/wp-json\/wp\/v2\/media?parent=87373"}],"wp:term":[{"taxonomy":"category","embeddable":true,"href":"https:\/\/www.companhiaatlantica.pt\/es\/wp-json\/wp\/v2\/categories?post=87373"},{"taxonomy":"post_tag","embeddable":true,"href":"https:\/\/www.companhiaatlantica.pt\/es\/wp-json\/wp\/v2\/tags?post=87373"}],"curies":[{"name":"wp","href":"https:\/\/api.w.org\/{rel}","templated":true}]}}