{"id":88030,"date":"2026-04-23T14:30:55","date_gmt":"2026-04-23T13:30:55","guid":{"rendered":"https:\/\/www.companhiaatlantica.pt\/sin-categorizar\/la-sostenibilidad-en-la-empresa-un-compromiso-estrategico-para-el-futuro"},"modified":"2026-04-23T14:45:26","modified_gmt":"2026-04-23T13:45:26","slug":"la-sostenibilidad-en-la-empresa-un-compromiso-estrategico-para-el-futuro","status":"publish","type":"post","link":"https:\/\/www.companhiaatlantica.pt\/es\/articulo\/la-sostenibilidad-en-la-empresa-un-compromiso-estrategico-para-el-futuro","title":{"rendered":"La sostenibilidad en la empresa: un compromiso estrat\u00e9gico para el futuro"},"content":{"rendered":"\t<div class=\"img has-hover x md-x lg-x y md-y lg-y\" id=\"image_1653014518\">\n\t\t\t\t\t\t\t\t<div class=\"img-inner dark\" >\n\t\t\t<img loading=\"lazy\" decoding=\"async\" width=\"1020\" height=\"762\" src=\"https:\/\/www.companhiaatlantica.pt\/wp-content\/uploads\/2026\/04\/sustentabilidade_01-1024x765.jpg\" class=\"attachment-large size-large\" alt=\"\" srcset=\"https:\/\/www.companhiaatlantica.pt\/wp-content\/uploads\/2026\/04\/sustentabilidade_01-1024x765.jpg 1024w, https:\/\/www.companhiaatlantica.pt\/wp-content\/uploads\/2026\/04\/sustentabilidade_01-400x299.jpg 400w, https:\/\/www.companhiaatlantica.pt\/wp-content\/uploads\/2026\/04\/sustentabilidade_01-768x573.jpg 768w, https:\/\/www.companhiaatlantica.pt\/wp-content\/uploads\/2026\/04\/sustentabilidade_01-1536x1147.jpg 1536w, https:\/\/www.companhiaatlantica.pt\/wp-content\/uploads\/2026\/04\/sustentabilidade_01-1320x986.jpg 1320w, https:\/\/www.companhiaatlantica.pt\/wp-content\/uploads\/2026\/04\/sustentabilidade_01-900x672.jpg 900w, https:\/\/www.companhiaatlantica.pt\/wp-content\/uploads\/2026\/04\/sustentabilidade_01.jpg 1808w\" sizes=\"auto, (max-width: 1020px) 100vw, 1020px\" title=\"\">\t\t\t\t\t\t\n\t\t\t\t\t<\/div>\n\t\t\t\t\t\t\t\t\n<style>\n#image_1653014518 {\n  width: 100%;\n}\n<\/style>\n\t<\/div>\n\t\n<div class=\"row\"  id=\"row-60052071\">\n\n\t<div id=\"col-2048527379\" class=\"col small-12 large-12\"  >\n\t\t\t\t<div class=\"col-inner\"  >\n\t\t\t\n\t\t\t\n\t<div id=\"gap-904981474\" class=\"gap-element clearfix\" style=\"display:block; height:auto;\">\n\t\t\n<style>\n#gap-904981474 {\n  padding-top: 30px;\n}\n<\/style>\n\t<\/div>\n\t\n<div class=\"row\"  id=\"row-1960871071\">\n\n\t<div id=\"col-754822652\" class=\"col small-12 large-12\"  >\n\t\t\t\t<div class=\"col-inner\"  >\n\t\t\t\n\t\t\t\n<p data-start=\"231\" data-end=\"533\">La sostenibilidad ya no es s\u00f3lo una tendencia, sino uno de los pilares fundamentales de la gesti\u00f3n empresarial moderna. Cada vez m\u00e1s, las organizaciones reconocen que su impacto va mucho m\u00e1s all\u00e1 de los resultados financieros para incluir la responsabilidad medioambiental, social y de gobernanza. <\/p>\n<p data-start=\"535\" data-end=\"770\">En este contexto, tuvimos el placer de recibir en nuestras instalaciones a Ana Filipa Urbano, de <a href=\"https:\/\/www.dower.pt\/pt\/\" target=\"_blank\" rel=\"noopener\">Dower<\/a>, para una sesi\u00f3n de sensibilizaci\u00f3n dedicada a la sostenibilidad y al papel de las organizaciones en la construcci\u00f3n de un futuro m\u00e1s responsable. <\/p>\n<div class=\"container section-title-container\" ><h2 class=\"section-title section-title-normal\"><b aria-hidden=\"true\"><\/b><span class=\"section-title-main\" >La importancia de la sostenibilidad en las organizaciones<\/span><b aria-hidden=\"true\"><\/b><\/h2><\/div>\n<p data-start=\"827\" data-end=\"1152\">En un panorama empresarial en constante evoluci\u00f3n, la sostenibilidad ha pasado a ocupar un lugar central en la forma en que las empresas operan, crecen y se posicionan en el mercado. No se trata s\u00f3lo de cumplir los requisitos legales o de aplicar buenas pr\u00e1cticas aisladas. Se trata de integrar la sostenibilidad en la estrategia global de la organizaci\u00f3n.  <\/p>\n<p data-start=\"1154\" data-end=\"1208\">Las empresas que apuestan por esta transformaci\u00f3n triunfan:<\/p>\n<ul data-start=\"1210\" data-end=\"1480\">\n<li data-section-id=\"vismv\" data-start=\"1210\" data-end=\"1260\">Reduce el impacto medioambiental de tus operaciones<\/li>\n<li data-section-id=\"786i9t\" data-start=\"1261\" data-end=\"1315\">Aumentar la eficiencia de los recursos y reducir los costes<\/li>\n<li data-section-id=\"1ntscfy\" data-start=\"1316\" data-end=\"1384\">Reforzar la reputaci\u00f3n y la confianza con clientes y socios<\/li>\n<li data-section-id=\"1uegjhz\" data-start=\"1439\" data-end=\"1480\">Crear valor sostenible a largo plazo<\/li>\n<\/ul>\n<div class=\"container section-title-container\" ><h2 class=\"section-title section-title-normal\"><b aria-hidden=\"true\"><\/b><span class=\"section-title-main\" >Tiempo de reflexi\u00f3n y acci\u00f3n - sostenibilidad<\/span><b aria-hidden=\"true\"><\/b><\/h2><\/div>\n<p data-start=\"1516\" data-end=\"1716\">La sesi\u00f3n dirigida por Ana Filipa Urbano nos permiti\u00f3 reflexionar sobre el impacto de nuestras acciones como organizaci\u00f3n y sobre la importancia de adoptar medidas concretas que promuevan un cambio real. <\/p>\n<p data-start=\"1718\" data-end=\"1884\">En un entorno de intercambio y aprendizaje, se reforz\u00f3 la idea de que la sostenibilidad no es un objetivo aislado, sino un proceso continuo de mejora y evoluci\u00f3n.<\/p>\n\t<div id=\"gap-668577269\" class=\"gap-element clearfix\" style=\"display:block; height:auto;\">\n\t\t\n<style>\n#gap-668577269 {\n  padding-top: 30px;\n}\n<\/style>\n\t<\/div>\n\t\n\t<div class=\"img has-hover x md-x lg-x y md-y lg-y\" id=\"image_2129830654\">\n\t\t\t\t\t\t\t\t<div class=\"img-inner dark\" >\n\t\t\t<img loading=\"lazy\" decoding=\"async\" width=\"1020\" height=\"762\" src=\"https:\/\/www.companhiaatlantica.pt\/wp-content\/uploads\/2026\/04\/sustentabilidade_02-1024x765.jpg\" class=\"attachment-large size-large\" alt=\"\" srcset=\"https:\/\/www.companhiaatlantica.pt\/wp-content\/uploads\/2026\/04\/sustentabilidade_02-1024x765.jpg 1024w, https:\/\/www.companhiaatlantica.pt\/wp-content\/uploads\/2026\/04\/sustentabilidade_02-400x299.jpg 400w, https:\/\/www.companhiaatlantica.pt\/wp-content\/uploads\/2026\/04\/sustentabilidade_02-768x573.jpg 768w, https:\/\/www.companhiaatlantica.pt\/wp-content\/uploads\/2026\/04\/sustentabilidade_02-1536x1147.jpg 1536w, https:\/\/www.companhiaatlantica.pt\/wp-content\/uploads\/2026\/04\/sustentabilidade_02-1320x986.jpg 1320w, https:\/\/www.companhiaatlantica.pt\/wp-content\/uploads\/2026\/04\/sustentabilidade_02-900x672.jpg 900w, https:\/\/www.companhiaatlantica.pt\/wp-content\/uploads\/2026\/04\/sustentabilidade_02.jpg 1808w\" sizes=\"auto, (max-width: 1020px) 100vw, 1020px\" title=\"\">\t\t\t\t\t\t\n\t\t\t\t\t<\/div>\n\t\t\t\t\t\t\t\t\n<style>\n#image_2129830654 {\n  width: 100%;\n}\n<\/style>\n\t<\/div>\n\t\n\t<div id=\"gap-396105046\" class=\"gap-element clearfix\" style=\"display:block; height:auto;\">\n\t\t\n<style>\n#gap-396105046 {\n  padding-top: 30px;\n}\n<\/style>\n\t<\/div>\n\t\n<div class=\"container section-title-container\" ><h2 class=\"section-title section-title-normal\"><b aria-hidden=\"true\"><\/b><span class=\"section-title-main\" >Un compromiso conjunto: TAKENET y Dower<\/span><b aria-hidden=\"true\"><\/b><\/h2><\/div>\n<p data-start=\"1931\" data-end=\"2171\">La asociaci\u00f3n entre <a href=\"https:\/\/www.dower.pt\/pt\/\" target=\"_blank\" rel=\"noopener\">Dower<\/a> y TAKENET ha ido consolidando un s\u00f3lido <a href=\"https:\/\/www.companhiaatlantica.pt\/es\/sobre-nosotros\" target=\"_blank\" rel=\"noopener\">compromiso<\/a> con la sostenibilidad. En 2026, este camino cobra a\u00fan m\u00e1s impulso con la aplicaci\u00f3n de un Plan de Sostenibilidad estructurado y orientado a la acci\u00f3n. <\/p>\n<p data-start=\"2173\" data-end=\"2214\">Este plan incluye medidas concretas como<\/p>\n<ul data-start=\"2216\" data-end=\"2385\">\n<li data-section-id=\"11vuq9m\" data-start=\"2216\" data-end=\"2249\">Reducci\u00f3n del consumo de energ\u00eda<\/li>\n<li data-section-id=\"1p8wz6b\" data-start=\"2250\" data-end=\"2280\">Reducir el uso de papel<\/li>\n<li data-section-id=\"evqnwo\" data-start=\"2281\" data-end=\"2319\">Reforzar las pr\u00e1cticas de reciclaje<\/li>\n<li data-section-id=\"omesxp\" data-start=\"2320\" data-end=\"2385\">Promover una cultura interna m\u00e1s consciente y responsable<\/li>\n<\/ul>\n<p data-start=\"2387\" data-end=\"2519\">M\u00e1s que objetivos, se trata de un compromiso permanente de mejora, responsabilidad y creaci\u00f3n de valor sostenible para el futuro.<\/p>\n<div class=\"container section-title-container\" ><h2 class=\"section-title section-title-normal\"><b aria-hidden=\"true\"><\/b><span class=\"section-title-main\" >La sostenibilidad como ventaja competitiva<\/span><b aria-hidden=\"true\"><\/b><\/h2><\/div>\n<p data-start=\"2568\" data-end=\"2882\">Para las empresas con las que trabajamos, la sostenibilidad ya no es s\u00f3lo una opci\u00f3n, sino un factor diferenciador y competitivo. Las organizaciones que integran pr\u00e1cticas sostenibles en sus operaciones est\u00e1n mejor preparadas para responder a los retos del mercado, las exigencias normativas y las expectativas de la sociedad. <\/p>\n<p data-start=\"2884\" data-end=\"2950\">Invertir en sostenibilidad es invertir en resiliencia empresarial.<\/p>\n\t<div id=\"gap-1469365444\" class=\"gap-element clearfix\" style=\"display:block; height:auto;\">\n\t\t\n<style>\n#gap-1469365444 {\n  padding-top: 30px;\n}\n<\/style>\n\t<\/div>\n\t\n\t<div class=\"img has-hover x md-x lg-x y md-y lg-y\" id=\"image_1375787720\">\n\t\t\t\t\t\t\t\t<div class=\"img-inner image-cover dark\" style=\"padding-top:56.25%;\">\n\t\t\t<img loading=\"lazy\" decoding=\"async\" width=\"1020\" height=\"762\" src=\"https:\/\/www.companhiaatlantica.pt\/wp-content\/uploads\/2026\/04\/sustentabilidade_03-1024x765.jpg\" class=\"attachment-large size-large\" alt=\"\" srcset=\"https:\/\/www.companhiaatlantica.pt\/wp-content\/uploads\/2026\/04\/sustentabilidade_03-1024x765.jpg 1024w, https:\/\/www.companhiaatlantica.pt\/wp-content\/uploads\/2026\/04\/sustentabilidade_03-400x299.jpg 400w, https:\/\/www.companhiaatlantica.pt\/wp-content\/uploads\/2026\/04\/sustentabilidade_03-768x573.jpg 768w, https:\/\/www.companhiaatlantica.pt\/wp-content\/uploads\/2026\/04\/sustentabilidade_03-1536x1147.jpg 1536w, https:\/\/www.companhiaatlantica.pt\/wp-content\/uploads\/2026\/04\/sustentabilidade_03-1320x986.jpg 1320w, https:\/\/www.companhiaatlantica.pt\/wp-content\/uploads\/2026\/04\/sustentabilidade_03-900x672.jpg 900w, https:\/\/www.companhiaatlantica.pt\/wp-content\/uploads\/2026\/04\/sustentabilidade_03.jpg 1808w\" sizes=\"auto, (max-width: 1020px) 100vw, 1020px\" title=\"\">\t\t\t\t\t\t\n\t\t\t\t\t<\/div>\n\t\t\t\t\t\t\t\t\n<style>\n#image_1375787720 {\n  width: 100%;\n}\n<\/style>\n\t<\/div>\n\t\n\t\t<\/div>\n\t\t\t\t\t<\/div>\n\n\t\n<\/div>\n\t\t<\/div>\n\t\t\t\t\t<\/div>\n\n\t\n<\/div>\n","protected":false},"excerpt":{"rendered":"<p>La sostenibilidad corporativa est\u00e1 adquiriendo un papel cada vez m\u00e1s central en la estrategia de las organizaciones. M\u00e1s que una tendencia, representa un compromiso permanente con la eficacia, la responsabilidad medioambiental y la creaci\u00f3n de valor a largo plazo. En este contexto, TAKENET est\u00e1 reforzando su colaboraci\u00f3n con Dower mediante la aplicaci\u00f3n de un Plan de Sostenibilidad centrado en medidas concretas que promuevan una cultura interna m\u00e1s consciente y responsable.  <\/p>\n","protected":false},"author":1107,"featured_media":88005,"comment_status":"closed","ping_status":"closed","sticky":false,"template":"","format":"standard","meta":{"footnotes":""},"categories":[1323,4529],"tags":[],"class_list":["post-88030","post","type-post","status-publish","format-standard","has-post-thumbnail","hentry","category-articulo","category-horeca"],"_links":{"self":[{"href":"https:\/\/www.companhiaatlantica.pt\/es\/wp-json\/wp\/v2\/posts\/88030","targetHints":{"allow":["GET"]}}],"collection":[{"href":"https:\/\/www.companhiaatlantica.pt\/es\/wp-json\/wp\/v2\/posts"}],"about":[{"href":"https:\/\/www.companhiaatlantica.pt\/es\/wp-json\/wp\/v2\/types\/post"}],"author":[{"embeddable":true,"href":"https:\/\/www.companhiaatlantica.pt\/es\/wp-json\/wp\/v2\/users\/1107"}],"replies":[{"embeddable":true,"href":"https:\/\/www.companhiaatlantica.pt\/es\/wp-json\/wp\/v2\/comments?post=88030"}],"version-history":[{"count":5,"href":"https:\/\/www.companhiaatlantica.pt\/es\/wp-json\/wp\/v2\/posts\/88030\/revisions"}],"predecessor-version":[{"id":88068,"href":"https:\/\/www.companhiaatlantica.pt\/es\/wp-json\/wp\/v2\/posts\/88030\/revisions\/88068"}],"wp:featuredmedia":[{"embeddable":true,"href":"https:\/\/www.companhiaatlantica.pt\/es\/wp-json\/wp\/v2\/media\/88005"}],"wp:attachment":[{"href":"https:\/\/www.companhiaatlantica.pt\/es\/wp-json\/wp\/v2\/media?parent=88030"}],"wp:term":[{"taxonomy":"category","embeddable":true,"href":"https:\/\/www.companhiaatlantica.pt\/es\/wp-json\/wp\/v2\/categories?post=88030"},{"taxonomy":"post_tag","embeddable":true,"href":"https:\/\/www.companhiaatlantica.pt\/es\/wp-json\/wp\/v2\/tags?post=88030"}],"curies":[{"name":"wp","href":"https:\/\/api.w.org\/{rel}","templated":true}]}}