{"id":75578,"date":"2025-06-01T09:01:30","date_gmt":"2025-06-01T08:01:30","guid":{"rendered":"https:\/\/www.companhiaatlantica.pt\/non-classifiee\/colecao-duna"},"modified":"2026-01-06T11:38:19","modified_gmt":"2026-01-06T11:38:19","slug":"collection-duna","status":"publish","type":"post","link":"https:\/\/www.companhiaatlantica.pt\/fr\/non-classifiee\/collection-duna","title":{"rendered":"D\u00e9couvrez la nouvelle collection DUNA : inspir\u00e9e par les paysages naturels du Portugal"},"content":{"rendered":"<nav aria-label=\"breadcrumbs\" class=\"rank-math-breadcrumb\"><p><span class=\"last\">In\u00edcio<\/span><\/p><\/nav>\n\n  <div class=\"banner has-hover hide-for-small\" id=\"banner-478374337\">\n          <div class=\"banner-inner fill\">\n        <div class=\"banner-bg fill\" >\n            <img loading=\"lazy\" decoding=\"async\" width=\"2560\" height=\"952\" src=\"https:\/\/www.companhiaatlantica.pt\/wp-content\/uploads\/2025\/06\/Sem-Titulo-1-scaled.jpg\" class=\"bg attachment-original size-original\" alt=\"\" title=\"\">                                    \n                    <\/div>\n\t\t\n        <div class=\"banner-layers container\">\n            <div class=\"fill banner-link\"><\/div>            \n   <div id=\"text-box-703597774\" class=\"text-box banner-layer x100 md-x100 lg-x100 y50 md-y50 lg-y50 res-text\">\n                     <div data-animate=\"fadeInDown\">           <div class=\"text-box-content text \">\n              \n              <div class=\"text-inner text-right\">\n                  \n\t<div id=\"text-3276154849\" class=\"text\">\n\t\t\n<h2 class=\"uppercase\" style=\"text-align: right;\"><strong>COLLECTION DUNA<\/strong><\/h2>\n<h4 style=\"text-align: right;\">EMBRASSEZ LA BEAUT\u00c9 NATURELLE DU PORTUGAL<\/h4>\n<p>D\u00e9couvrez la nouvelle collection DUNA de Companhia Atl\u00e2ntica \u2014 un hommage aux paysages \u00e9poustouflants du Portugal. Impr\u00e9gnez-vous de la beaut\u00e9 naturelle du pays, laissez-vous enchanter par les couleurs du coucher de soleil et apportez la s\u00e9r\u00e9nit\u00e9 des paysages \u00e0 votre table.<\/p>\n\t\t\n<style>\n#text-3276154849 {\n  text-align: center;\n}\n@media (min-width:850px) {\n  #text-3276154849 {\n    text-align: right;\n  }\n}\n<\/style>\n\t<\/div>\n\t\n<a href=\"#giro-collection-products\" class=\"button primary btn\" >\n\t\t<span>PI\u00c8CES<\/span>\n\t<\/a>\n\n<a href=\"#giro-collection-inpsiration\" class=\"button primary btn\" >\n\t\t<span>INSPIRATION<\/span>\n\t<\/a>\n\n              <\/div>\n           <\/div>\n       <\/div>                     \n<style>\n#text-box-703597774 .text-box-content {\n  background-color: rgba(255, 255, 255, 0.651);\n  font-size: 100%;\n}\n#text-box-703597774 {\n  width: 60%;\n}\n@media (min-width:550px) {\n  #text-box-703597774 {\n    width: 40%;\n  }\n}\n<\/style>\n    <\/div>\n \n        <\/div>\n      <\/div>\n\n            \n<style>\n#banner-478374337 {\n  padding-top: 500px;\n  background-color: rgb(255, 255, 255);\n}\n#banner-478374337 .banner-bg img {\n  object-position: 0% 56%;\n}\n<\/style>\n  <\/div>\n\n\n\n  <div class=\"banner has-hover show-for-small\" id=\"banner-404837305\">\n          <div class=\"banner-inner fill\">\n        <div class=\"banner-bg fill\" >\n            <img loading=\"lazy\" decoding=\"async\" width=\"2560\" height=\"818\" src=\"https:\/\/www.companhiaatlantica.pt\/wp-content\/uploads\/2025\/06\/Sem-Titulo-1-1-scaled.jpg\" class=\"bg attachment-original size-original\" alt=\"\" title=\"\">                                    \n                    <\/div>\n\t\t\n        <div class=\"banner-layers container\">\n            <div class=\"fill banner-link\"><\/div>            \n   <div id=\"text-box-57985529\" class=\"text-box banner-layer x50 md-x100 lg-x100 y5 md-y50 lg-y50 res-text\">\n                                <div class=\"text-box-content text \">\n              \n              <div class=\"text-inner text-center\">\n                  \n\t<div id=\"text-177006322\" class=\"text\">\n\t\t\n<h3 class=\"uppercase\" style=\"text-align: center;\"><strong>COLLECTION DUNA<\/strong><\/h3>\n<h4 style=\"text-align: center;\">ENTOUREZ-VOUS DE LA BEAUT\u00c9 DES PAYSAGES NATURELS DU PORTUGAL<\/h4>\n<p style=\"text-align: center;\">D\u00e9couvrez la nouvelle collection GIRO de Companhia Atl\u00e2ntica, laissez-vous s\u00e9duire par les couleurs du coucher de soleil et apportez la s\u00e9r\u00e9nit\u00e9 de l\u2019oc\u00e9an \u00e0 votre table.<\/p>\n\t\t\n<style>\n#text-177006322 {\n  text-align: center;\n}\n@media (min-width:550px) {\n  #text-177006322 {\n    text-align: right;\n  }\n}\n<\/style>\n\t<\/div>\n\t\n<a href=\"#giro-collection-products\" class=\"button primary btn\" >\n\t\t<span>VOIR LA COLLECTION<\/span>\n\t<\/a>\n\n              <\/div>\n           <\/div>\n                            \n<style>\n#text-box-57985529 .text-box-content {\n  background-color: rgba(255, 255, 255, 0.343);\n  font-size: 100%;\n}\n#text-box-57985529 {\n  width: 95%;\n}\n@media (min-width:550px) {\n  #text-box-57985529 {\n    width: 40%;\n  }\n}\n<\/style>\n    <\/div>\n \n        <\/div>\n      <\/div>\n\n            \n<style>\n#banner-404837305 {\n  padding-top: 500px;\n  background-color: rgb(255, 255, 255);\n}\n#banner-404837305 .banner-bg img {\n  object-position: 12% 51%;\n}\n@media (min-width:550px) {\n  #banner-404837305 {\n    padding-top: 500px;\n  }\n}\n<\/style>\n  <\/div>\n\n\n<p>Explorez la nouvelle collection DUNA, un hommage aux paysages sereins de l\u2019int\u00e9rieur et \u00e0 la lumi\u00e8re dor\u00e9e des fins d\u2019apr\u00e8s-midi au Portugal. Fabriqu\u00e9e avec un savoir-faire artisanal, chaque pi\u00e8ce de cette collection est un chef-d\u2019\u0153uvre alliant \u00e9l\u00e9gance et fonctionnalit\u00e9. Laissez-vous charmer par les couleurs du coucher de soleil et apportez \u00e0 votre table la tranquillit\u00e9 de la nature portugaise.<\/p>\n\n\t<section class=\"section\" id=\"section_151968908\">\n\t\t<div class=\"section-bg fill\" >\n\t\t\t\t\t\t\t\t\t<div class=\"section-bg-overlay absolute fill\"><\/div>\n\t\t\t\n\n\t\t<\/div>\n\n\t\t\n\n\t\t<div class=\"section-content relative\">\n\t\t\t\n\t<div id=\"gap-1841650976\" class=\"gap-element clearfix\" style=\"display:block; height:auto;\">\n\t\t\n<style>\n#gap-1841650976 {\n  padding-top: 30px;\n}\n<\/style>\n\t<\/div>\n\t\n<div class=\"row\"  id=\"row-1151185865\">\n\n\t<div id=\"col-1517831755\" class=\"col medium-6 small-12 large-6\"  >\n\t\t\t\t<div class=\"col-inner\"  >\n\t\t\t\n\t\t\t\n\t<div class=\"img has-hover x md-x lg-x y md-y lg-y\" id=\"image_474286252\">\n\t\t\t\t\t\t\t\t<div class=\"img-inner dark\" >\n\t\t\t<img loading=\"lazy\" decoding=\"async\" width=\"1020\" height=\"680\" src=\"https:\/\/www.companhiaatlantica.pt\/wp-content\/uploads\/2025\/06\/DUNA-1024x683.png\" class=\"attachment-large size-large\" alt=\"\" srcset=\"https:\/\/www.companhiaatlantica.pt\/wp-content\/uploads\/2025\/06\/DUNA-1024x683.png 1024w, https:\/\/www.companhiaatlantica.pt\/wp-content\/uploads\/2025\/06\/DUNA-900x600.png 900w, https:\/\/www.companhiaatlantica.pt\/wp-content\/uploads\/2025\/06\/DUNA-400x267.png 400w, https:\/\/www.companhiaatlantica.pt\/wp-content\/uploads\/2025\/06\/DUNA-768x512.png 768w, https:\/\/www.companhiaatlantica.pt\/wp-content\/uploads\/2025\/06\/DUNA-1320x880.png 1320w, https:\/\/www.companhiaatlantica.pt\/wp-content\/uploads\/2025\/06\/DUNA.png 1536w\" sizes=\"auto, (max-width: 1020px) 100vw, 1020px\" title=\"\">\t\t\t\t\t\t\n\t\t\t\t\t<\/div>\n\t\t\t\t\t\t\t\t\n<style>\n#image_474286252 {\n  width: 100%;\n}\n<\/style>\n\t<\/div>\n\t\n\t\t<\/div>\n\t\t\t\t\t<\/div>\n\n\t\n\n\t<div id=\"col-1186319281\" class=\"col medium-6 small-12 large-6\"  >\n\t\t\t\t<div class=\"col-inner\"  >\n\t\t\t\n\t\t\t\n\t<div id=\"text-592778667\" class=\"text\">\n\t\t\n<h3>PI\u00c8CES COMPOSANT LA COLLECTION<\/h3>\n<p>Cette collection est compos\u00e9e de plusieurs pi\u00e8ces pour un service complet de table. Elle inclut les articles suivants : <strong>Mug, Saladier, Bol \u00e0 soupe\/p\u00e2tes, Assiette de d\u00eener, Assiette \u00e0 dessert, Bol<\/strong>.<\/p>\n\t\t\n<style>\n#text-592778667 {\n  text-align: left;\n}\n<\/style>\n\t<\/div>\n\t\n\t<div id=\"gap-518496780\" class=\"gap-element clearfix\" style=\"display:block; height:auto;\">\n\t\t\n<style>\n#gap-518496780 {\n  padding-top: 30px;\n}\n<\/style>\n\t<\/div>\n\t\n<a href=\"https:\/\/www.companhiaatlantica.pt\/fr\/ceramica-portuguesa?filter_colecao=duna\" target=\"_blank\" class=\"button primary btn\" rel=\"noopener\" >\n\t\t<span>EN SAVOIR PLUS<\/span>\n\t<\/a>\n\n\t<div id=\"gap-208002051\" class=\"gap-element clearfix\" style=\"display:block; height:auto;\">\n\t\t\n<style>\n#gap-208002051 {\n  padding-top: 30px;\n}\n<\/style>\n\t<\/div>\n\t\n\t<div id=\"text-2339552081\" class=\"text\">\n\t\t\n<p>Companhia Atl\u00e2ntica, lanc\u00e9e en 2017, est une marque n\u00e9e de la passion pour la c\u00e9ramique et la riche tradition artisanale portugaise, \u00e0 <a title=\"Ville de Leiria\" href=\"https:\/\/www.visiteleiria.pt\/\" target=\"_blank\" rel=\"noopener\"><strong>Leiria<\/strong><\/a> au Portugal, o\u00f9 la tradition de l\u2019artisanat de la c\u00e9ramique et du verre est bien ancr\u00e9e. Inspir\u00e9s par les techniques anciennes de l\u2019artisanat, nous nous consacrons \u00e0 cr\u00e9er des pi\u00e8ces avec personnalit\u00e9, fi\u00e8rement produites au Portugal. Chaque pi\u00e8ce que nous cr\u00e9ons est une combinaison de forme, texture et couleur, inspir\u00e9e par les paysages du Portugal, refl\u00e9tant notre engagement \u00e0 pr\u00e9server et valoriser le patrimoine culturel du pays.<\/p>\n\t\t\n<style>\n#text-2339552081 {\n  text-align: left;\n}\n<\/style>\n\t<\/div>\n\t\n\t\t<\/div>\n\t\t\t\t\t<\/div>\n\n\t\n<\/div>\n<span class=\"scroll-to\" data-label=\"Scroll to: #giro-collection-inpsiration\" data-bullet=\"true\" data-link=\"#giro-collection-inpsiration\" data-title=\"Inspiration\"><a name=\"giro-collection-inpsiration\"><\/a><\/span>\n<div class=\"row row-collapse row-full-width align-middle\"  id=\"row-1958530404\">\n\n\t<div id=\"col-1471783277\" class=\"col show-for-small medium-6 small-12 large-6\"  data-animate=\"fadeInLeft\">\n\t\t\t\t<div class=\"col-inner text-right\"  >\n\t\t\t\n\t\t\t\n\t<div class=\"box has-hover   has-hover box-text-bottom\" >\n\n\t\t<div class=\"box-image\" >\n\t\t\t\t\t\t<div class=\"\" >\n\t\t\t\t<img loading=\"lazy\" decoding=\"async\" width=\"1614\" height=\"1013\" src=\"https:\/\/www.companhiaatlantica.pt\/wp-content\/uploads\/2025\/06\/white.jpg\" class=\"attachment- size-\" alt=\"\" srcset=\"https:\/\/www.companhiaatlantica.pt\/wp-content\/uploads\/2025\/06\/white.jpg 1614w, https:\/\/www.companhiaatlantica.pt\/wp-content\/uploads\/2025\/06\/white-900x565.jpg 900w, https:\/\/www.companhiaatlantica.pt\/wp-content\/uploads\/2025\/06\/white-400x251.jpg 400w, https:\/\/www.companhiaatlantica.pt\/wp-content\/uploads\/2025\/06\/white-1024x643.jpg 1024w, https:\/\/www.companhiaatlantica.pt\/wp-content\/uploads\/2025\/06\/white-768x482.jpg 768w, https:\/\/www.companhiaatlantica.pt\/wp-content\/uploads\/2025\/06\/white-1536x964.jpg 1536w, https:\/\/www.companhiaatlantica.pt\/wp-content\/uploads\/2025\/06\/white-1320x828.jpg 1320w\" sizes=\"auto, (max-width: 1614px) 100vw, 1614px\" title=\"\">\t\t\t\t\t\t\t\t\t\t\t<\/div>\n\t\t\t\t\t<\/div>\n\n\t\t<div class=\"box-text text-center\" >\n\t\t\t<div class=\"box-text-inner\">\n\t\t\t\t\n\t\t\t<\/div>\n\t\t<\/div>\n\t<\/div>\n\t\n\t\t<\/div>\n\t\t\t\t\n<style>\n#col-1471783277 > .col-inner {\n  padding: 0% 0% 0% 0%;\n}\n<\/style>\n\t<\/div>\n\n\t\n\n\t<div id=\"col-1765073298\" class=\"col show-for-medium medium-6 small-12 large-6\"  data-animate=\"fadeInLeft\">\n\t\t\t\t<div class=\"col-inner text-right\"  >\n\t\t\t\n\t\t\t\n\t<div class=\"img has-hover show-for-medium hide-for-small x md-x lg-x y md-y lg-y\" id=\"image_1840692697\">\n\t\t\t\t\t\t\t\t<div class=\"img-inner dark\" >\n\t\t\t<img loading=\"lazy\" decoding=\"async\" width=\"1020\" height=\"640\" src=\"https:\/\/www.companhiaatlantica.pt\/wp-content\/uploads\/2025\/06\/white-1024x643.jpg\" class=\"attachment-large size-large\" alt=\"\" srcset=\"https:\/\/www.companhiaatlantica.pt\/wp-content\/uploads\/2025\/06\/white-1024x643.jpg 1024w, https:\/\/www.companhiaatlantica.pt\/wp-content\/uploads\/2025\/06\/white-900x565.jpg 900w, https:\/\/www.companhiaatlantica.pt\/wp-content\/uploads\/2025\/06\/white-400x251.jpg 400w, https:\/\/www.companhiaatlantica.pt\/wp-content\/uploads\/2025\/06\/white-768x482.jpg 768w, https:\/\/www.companhiaatlantica.pt\/wp-content\/uploads\/2025\/06\/white-1536x964.jpg 1536w, https:\/\/www.companhiaatlantica.pt\/wp-content\/uploads\/2025\/06\/white-1320x828.jpg 1320w, https:\/\/www.companhiaatlantica.pt\/wp-content\/uploads\/2025\/06\/white.jpg 1614w\" sizes=\"auto, (max-width: 1020px) 100vw, 1020px\" title=\"\">\t\t\t\t\t\t\n\t\t\t\t\t<\/div>\n\t\t\t\t\t\t\t\t\n<style>\n#image_1840692697 {\n  width: 100%;\n}\n@media (min-width:850px) {\n  #image_1840692697 {\n    width: 80%;\n  }\n}\n<\/style>\n\t<\/div>\n\t\n\t\t<\/div>\n\t\t\t\t\n<style>\n#col-1765073298 > .col-inner {\n  padding: 0% 0% 0% 0%;\n}\n<\/style>\n\t<\/div>\n\n\t\n<\/div>\n<div class=\"row\"  id=\"row-1303570478\">\n\n\t<div id=\"col-1155617694\" class=\"col medium-6 small-12 large-6\"  >\n\t\t\t\t<div class=\"col-inner\"  >\n\t\t\t\n\t\t\t\n\t<div id=\"gap-486530731\" class=\"gap-element clearfix\" style=\"display:block; height:auto;\">\n\t\t\n<style>\n#gap-486530731 {\n  padding-top: 30px;\n}\n<\/style>\n\t<\/div>\n\t\n\t<div id=\"gap-1143138166\" class=\"gap-element clearfix\" style=\"display:block; height:auto;\">\n\t\t\n<style>\n#gap-1143138166 {\n  padding-top: 30px;\n}\n<\/style>\n\t<\/div>\n\t\n<h4>LA TRADITION \/ INSPIRATION<\/h4>\n<p>Situ\u00e9 dans des r\u00e9gions riches en tradition artisanale, le Portugal est reconnu pour ses paysages naturels impressionnants qui inspirent chaque cr\u00e9ation. La collection DUNA de Companhia Atl\u00e2ntica na\u00eet de ce lien profond entre l\u2019art et la nature, rendant hommage aux formes douces et aux tons terreux des champs, dunes et vall\u00e9es portugaises.<\/p>\n<p>Avec un h\u00e9ritage traversant les si\u00e8cles, nos artisans combinent techniques traditionnelles et touche contemporaine pour cr\u00e9er des pi\u00e8ces capturant l\u2019essence des panoramas portugais. Chaque pi\u00e8ce de la collection DUNA refl\u00e8te le talent et la cr\u00e9ativit\u00e9 qui font de l\u2019artisanat portugais une r\u00e9f\u00e9rence mondiale.<\/p>\n<p>La mission de Companhia Atl\u00e2ntica est d\u2019amener cette tradition dans les foyers, en proposant des produits de haute qualit\u00e9 qui allient authenticit\u00e9, beaut\u00e9 naturelle et fonctionnalit\u00e9 moderne.<\/p>\n\t\t<\/div>\n\t\t\t\t\t<\/div>\n\n\t\n\n\t<div id=\"col-129515757\" class=\"col medium-6 small-12 large-6\"  >\n\t\t\t\t<div class=\"col-inner\"  >\n\t\t\t\n\t\t\t\n\t<div class=\"img has-hover x md-x lg-x y md-y lg-y\" id=\"image_1707138312\">\n\t\t\t\t\t\t\t\t<div class=\"img-inner dark\" >\n\t\t\t<img loading=\"lazy\" decoding=\"async\" width=\"1020\" height=\"601\" src=\"https:\/\/www.companhiaatlantica.pt\/wp-content\/uploads\/2025\/06\/foto-1024x603.jpg\" class=\"attachment-large size-large\" alt=\"\" srcset=\"https:\/\/www.companhiaatlantica.pt\/wp-content\/uploads\/2025\/06\/foto-1024x603.jpg 1024w, https:\/\/www.companhiaatlantica.pt\/wp-content\/uploads\/2025\/06\/foto-900x530.jpg 900w, https:\/\/www.companhiaatlantica.pt\/wp-content\/uploads\/2025\/06\/foto-400x236.jpg 400w, https:\/\/www.companhiaatlantica.pt\/wp-content\/uploads\/2025\/06\/foto-768x452.jpg 768w, https:\/\/www.companhiaatlantica.pt\/wp-content\/uploads\/2025\/06\/foto.jpg 1280w\" sizes=\"auto, (max-width: 1020px) 100vw, 1020px\" title=\"\">\t\t\t\t\t\t\n\t\t\t\t\t<\/div>\n\t\t\t\t\t\t\t\t\n<style>\n#image_1707138312 {\n  width: 100%;\n}\n<\/style>\n\t<\/div>\n\t\n\t\t<\/div>\n\t\t\t\t\t<\/div>\n\n\t\n<\/div>\n\t\t<\/div>\n\n\t\t\n<style>\n#section_151968908 {\n  padding-top: 0px;\n  padding-bottom: 0px;\n  background-color: rgb(247, 247, 247);\n}\n#section_151968908 .section-bg-overlay {\n  background-color: rgba(255, 255, 255, 0.85);\n}\n<\/style>\n\t<\/section>\n\t\n<h4>LES PI\u00c8CES DE LA COLLECTION<\/h4>\n<p>La collection DUNA se compose de plusieurs pi\u00e8ces pour un service de table complet et \u00e9l\u00e9gant. Elle inclut <strong>Mug, Assiette de d\u00eener, Assiette \u00e0 dessert<\/strong> et <strong>Bol<\/strong>, toutes con\u00e7ues pour apporter la s\u00e9r\u00e9nit\u00e9 et la beaut\u00e9 des paysages portugais directement \u00e0 votre table.<\/p>\n<span class=\"scroll-to\" data-label=\"Scroll to: #giro-collection-products\" data-bullet=\"true\" data-link=\"#giro-collection-products\" data-title=\"DUNA Collection\"><a name=\"giro-collection-products\"><\/a><\/span>\n<div class=\"woocommerce columns-3 \"><div class=\"products row row-small large-columns-3 medium-columns-3 small-columns-1 has-equal-box-heights equalize-box\">\n<div class=\"product-small col has-hover product type-product post-74572 status-publish first instock product_cat-assiette-ceramique product_cat-ceramique-portugaise product_cat-nouveaute has-post-thumbnail taxable shipping-taxable purchasable product-type-variable\">\n\t<div class=\"col-inner\">\n\t\n<div class=\"badge-container absolute left top z-1\">\n\n<div class=\"badge callout badge-circle\"><div class=\"badge-inner callout-new-bg is-small new-bubble\">NEW<\/div><\/div><\/div>\n\t<div class=\"product-small box \">\n\t\t<div class=\"box-image\">\n\t\t\t<div class=\"image-fade_in_back\">\n\t\t\t\t<a href=\"https:\/\/www.companhiaatlantica.pt\/fr\/produto\/ceramique-portugaise\/assiette-ceramique\/assiette-a-dessert-o22-duna\">\n\t\t\t\t\t<img loading=\"lazy\" decoding=\"async\" width=\"700\" height=\"700\" src=\"https:\/\/www.companhiaatlantica.pt\/wp-content\/uploads\/2025\/06\/ca-duna-collection-grey-plate-1-700x700.jpg\" class=\"attachment-woocommerce_thumbnail size-woocommerce_thumbnail\" alt=\"Assiette \u00e0 Dessert \u00d822 DUNA\" srcset=\"https:\/\/www.companhiaatlantica.pt\/wp-content\/uploads\/2025\/06\/ca-duna-collection-grey-plate-1-700x700.jpg 700w, https:\/\/www.companhiaatlantica.pt\/wp-content\/uploads\/2025\/06\/ca-duna-collection-grey-plate-1-350x350.jpg 350w, https:\/\/www.companhiaatlantica.pt\/wp-content\/uploads\/2025\/06\/ca-duna-collection-grey-plate-1-100x100.jpg 100w\" sizes=\"auto, (max-width: 700px) 100vw, 700px\" title=\"\"><img loading=\"lazy\" decoding=\"async\" width=\"700\" height=\"700\" src=\"https:\/\/www.companhiaatlantica.pt\/wp-content\/uploads\/2025\/06\/131-411-1-700x700.jpg\" class=\"show-on-hover absolute fill hide-for-small back-image\" alt=\"Alternative view of Assiette \u00e0 Dessert \u00d822 DUNA\" aria-hidden=\"true\" srcset=\"https:\/\/www.companhiaatlantica.pt\/wp-content\/uploads\/2025\/06\/131-411-1-700x700.jpg 700w, https:\/\/www.companhiaatlantica.pt\/wp-content\/uploads\/2025\/06\/131-411-1-400x400.jpg 400w, https:\/\/www.companhiaatlantica.pt\/wp-content\/uploads\/2025\/06\/131-411-1-350x350.jpg 350w, https:\/\/www.companhiaatlantica.pt\/wp-content\/uploads\/2025\/06\/131-411-1-768x768.jpg 768w, https:\/\/www.companhiaatlantica.pt\/wp-content\/uploads\/2025\/06\/131-411-1-900x900.jpg 900w, https:\/\/www.companhiaatlantica.pt\/wp-content\/uploads\/2025\/06\/131-411-1-100x100.jpg 100w, https:\/\/www.companhiaatlantica.pt\/wp-content\/uploads\/2025\/06\/131-411-1.jpg 1000w\" sizes=\"auto, (max-width: 700px) 100vw, 700px\" title=\"\">\t\t\t\t<\/a>\n\t\t\t<\/div>\n\t\t\t<div class=\"image-tools is-small top right show-on-hover\">\n\t\t\t\t\t\t<div class=\"wishlist-icon\">\n\t\t\t<button class=\"wishlist-button button is-outline circle icon\" aria-label=\"Liste de souhaits\">\n\t\t\t\t<i class=\"icon-heart\" aria-hidden=\"true\"><\/i>\t\t\t<\/button>\n\t\t\t<div class=\"wishlist-popup dark\">\n\t\t\t\t\n<div\n\tclass=\"yith-wcwl-add-to-wishlist add-to-wishlist-74572 yith-wcwl-add-to-wishlist--button_default-style wishlist-fragment on-first-load\"\n\tdata-fragment-ref=\"74572\"\n\tdata-fragment-options=\"{&quot;base_url&quot;:&quot;&quot;,&quot;product_id&quot;:74572,&quot;parent_product_id&quot;:0,&quot;product_type&quot;:&quot;variable&quot;,&quot;is_single&quot;:false,&quot;in_default_wishlist&quot;:false,&quot;show_view&quot;:false,&quot;browse_wishlist_text&quot;:&quot;Consultez votre liste de souhaits !&quot;,&quot;already_in_wishslist_text&quot;:&quot;Ce produit figure d\\u00e9j\\u00e0 sur votre liste de souhaits !&quot;,&quot;product_added_text&quot;:&quot;Produto adicionado!&quot;,&quot;available_multi_wishlist&quot;:false,&quot;disable_wishlist&quot;:false,&quot;show_count&quot;:false,&quot;ajax_loading&quot;:false,&quot;loop_position&quot;:&quot;after_add_to_cart&quot;,&quot;item&quot;:&quot;add_to_wishlist&quot;}\"\n>\n\t\t\t\n\t\t\t<!-- ADD TO WISHLIST -->\n\t\t\t\n<div class=\"yith-wcwl-add-button\">\n\t\t<a\n\t\thref=\"?add_to_wishlist=74572&#038;_wpnonce=52d31225f0\"\n\t\tclass=\"add_to_wishlist single_add_to_wishlist alt button theme-button-style \"\n\t\tdata-product-id=\"74572\"\n\t\tdata-product-type=\"variable\"\n\t\tdata-original-product-id=\"0\"\n\t\tdata-title=\"Ajouter \u00e0 ma liste de souhaits\"\n\t\trel=\"nofollow\"\n\t>\n\t\t<svg id=\"yith-wcwl-icon-heart-outline\" class=\"yith-wcwl-icon-svg\" fill=\"none\" stroke-width=\"1.5\" stroke=\"currentColor\" viewBox=\"0 0 24 24\" xmlns=\"http:\/\/www.w3.org\/2000\/svg\">\n  <path stroke-linecap=\"round\" stroke-linejoin=\"round\" d=\"M21 8.25c0-2.485-2.099-4.5-4.688-4.5-1.935 0-3.597 1.126-4.312 2.733-.715-1.607-2.377-2.733-4.313-2.733C5.1 3.75 3 5.765 3 8.25c0 7.22 9 12 9 12s9-4.78 9-12Z\"><\/path>\n<\/svg>\t\t<span>Ajouter \u00e0 ma liste de souhaits<\/span>\n\t<\/a>\n<\/div>\n\n\t\t\t<!-- COUNT TEXT -->\n\t\t\t\n\t\t\t<\/div>\n\t\t\t<\/div>\n\t\t<\/div>\n\t\t\t\t\t<\/div>\n\t\t\t<div class=\"image-tools is-small hide-for-small bottom left show-on-hover\">\n\t\t\t\t\t\t\t<\/div>\n\t\t\t<div class=\"image-tools grid-tools text-center hide-for-small bottom hover-slide-in show-on-hover\">\n\t\t\t\t\t\t\t<\/div>\n\t\t\t\t\t<\/div>\n\n\t\t<div class=\"box-text box-text-products\">\n\t\t\t<div class=\"title-wrapper\">\t\t<p class=\"category uppercase is-smaller no-text-overflow product-cat op-8\">\n\t\t\tAssiette c\u00e9ramique\t\t<\/p>\n\t<p class=\"name product-title woocommerce-loop-product__title\"><a href=\"https:\/\/www.companhiaatlantica.pt\/fr\/produto\/ceramique-portugaise\/assiette-ceramique\/assiette-a-dessert-o22-duna\" class=\"woocommerce-LoopProduct-link woocommerce-loop-product__link\">Assiette \u00e0 Dessert \u00d822 DUNA<\/a><\/p><\/div><div class=\"price-wrapper\">\n\t<span class=\"price\"><span class=\"woocommerce-Price-amount amount\"><bdi>15.75<span class=\"woocommerce-Price-currencySymbol\">&euro;<\/span><\/bdi><\/span><\/span>\n<\/div><div class=\"add-to-cart-button\"><a href=\"https:\/\/www.companhiaatlantica.pt\/fr\/produto\/ceramique-portugaise\/assiette-ceramique\/assiette-a-dessert-o22-duna\" aria-describedby=\"woocommerce_loop_add_to_cart_link_describedby_74572\" data-quantity=\"1\" class=\"primary is-small mb-0 button product_type_variable add_to_cart_button is-outline\" data-product_id=\"74572\" data-product_sku=\"\" aria-label=\"S\u00e9lectionner les options pour &ldquo;Assiette \u00e0 Dessert \u00d822 DUNA&rdquo;\" rel=\"nofollow\" data-product_name=\"Assiette \u00e0 Dessert \u00d822 DUNA\" data-product_image=\"https:\/\/www.companhiaatlantica.pt\/wp-content\/uploads\/2025\/06\/ca-duna-collection-grey-plate-1-350x350.jpg\">Choix des options<\/a><\/div>\t<span id=\"woocommerce_loop_add_to_cart_link_describedby_74572\" class=\"screen-reader-text\">\n\t\tCe produit a plusieurs variations. Les options peuvent \u00eatre choisies sur la page du produit\t<\/span>\n\t\t<\/div>\n\t<\/div>\n\t<span class=\"gtm4wp_productdata\" style=\"display:none; visibility:hidden;\" data-gtm4wp_product_data=\"{&quot;internal_id&quot;:74572,&quot;item_id&quot;:74572,&quot;item_name&quot;:&quot;Assiette \\u00e0 Dessert \\u00d822 DUNA&quot;,&quot;sku&quot;:74572,&quot;price&quot;:15.75,&quot;stocklevel&quot;:null,&quot;stockstatus&quot;:&quot;instock&quot;,&quot;google_business_vertical&quot;:&quot;retail&quot;,&quot;item_category&quot;:&quot;Cer\\u00e2mica Portuguesa Artesanal&quot;,&quot;item_category2&quot;:&quot;Pratos Cer\\u00e2mica&quot;,&quot;id&quot;:74572,&quot;productlink&quot;:&quot;https:\\\/\\\/www.companhiaatlantica.pt\\\/fr\\\/produto\\\/ceramique-portugaise\\\/assiette-ceramique\\\/assiette-a-dessert-o22-duna&quot;,&quot;item_list_name&quot;:&quot;Liste g\\u00e9n\\u00e9rale des produits&quot;,&quot;index&quot;:1,&quot;product_type&quot;:&quot;variable&quot;,&quot;item_brand&quot;:&quot;&quot;}\"><\/span>\t<\/div>\n<\/div><div class=\"product-small col has-hover product type-product post-74596 status-publish instock product_cat-ceramique-portugaise product_cat-mugs-ceramique product_cat-nouveaute has-post-thumbnail taxable shipping-taxable purchasable product-type-variable\">\n\t<div class=\"col-inner\">\n\t\n<div class=\"badge-container absolute left top z-1\">\n\n<div class=\"badge callout badge-circle\"><div class=\"badge-inner callout-new-bg is-small new-bubble\">NEW<\/div><\/div><\/div>\n\t<div class=\"product-small box \">\n\t\t<div class=\"box-image\">\n\t\t\t<div class=\"image-fade_in_back\">\n\t\t\t\t<a href=\"https:\/\/www.companhiaatlantica.pt\/fr\/produto\/ceramique-portugaise\/mugs-ceramique\/mug-340ml-duna\">\n\t\t\t\t\t<img loading=\"lazy\" decoding=\"async\" width=\"700\" height=\"700\" src=\"https:\/\/www.companhiaatlantica.pt\/wp-content\/uploads\/2026\/01\/ca-duna-collection-grey-caneca-700x700.jpg\" class=\"attachment-woocommerce_thumbnail size-woocommerce_thumbnail\" alt=\"Mug 340ml DUNA\" srcset=\"https:\/\/www.companhiaatlantica.pt\/wp-content\/uploads\/2026\/01\/ca-duna-collection-grey-caneca-700x700.jpg 700w, https:\/\/www.companhiaatlantica.pt\/wp-content\/uploads\/2026\/01\/ca-duna-collection-grey-caneca-400x400.jpg 400w, https:\/\/www.companhiaatlantica.pt\/wp-content\/uploads\/2026\/01\/ca-duna-collection-grey-caneca-350x350.jpg 350w, https:\/\/www.companhiaatlantica.pt\/wp-content\/uploads\/2026\/01\/ca-duna-collection-grey-caneca-100x100.jpg 100w, https:\/\/www.companhiaatlantica.pt\/wp-content\/uploads\/2026\/01\/ca-duna-collection-grey-caneca.jpg 1000w\" sizes=\"auto, (max-width: 700px) 100vw, 700px\" title=\"\"><img loading=\"lazy\" decoding=\"async\" width=\"700\" height=\"700\" src=\"https:\/\/www.companhiaatlantica.pt\/wp-content\/uploads\/2025\/06\/131-407-1-700x700.jpg\" class=\"show-on-hover absolute fill hide-for-small back-image\" alt=\"Alternative view of Mug 340ml DUNA\" aria-hidden=\"true\" srcset=\"https:\/\/www.companhiaatlantica.pt\/wp-content\/uploads\/2025\/06\/131-407-1-700x700.jpg 700w, https:\/\/www.companhiaatlantica.pt\/wp-content\/uploads\/2025\/06\/131-407-1-400x400.jpg 400w, https:\/\/www.companhiaatlantica.pt\/wp-content\/uploads\/2025\/06\/131-407-1-350x350.jpg 350w, https:\/\/www.companhiaatlantica.pt\/wp-content\/uploads\/2025\/06\/131-407-1-768x768.jpg 768w, https:\/\/www.companhiaatlantica.pt\/wp-content\/uploads\/2025\/06\/131-407-1-900x900.jpg 900w, https:\/\/www.companhiaatlantica.pt\/wp-content\/uploads\/2025\/06\/131-407-1-100x100.jpg 100w, https:\/\/www.companhiaatlantica.pt\/wp-content\/uploads\/2025\/06\/131-407-1.jpg 1000w\" sizes=\"auto, (max-width: 700px) 100vw, 700px\" title=\"\">\t\t\t\t<\/a>\n\t\t\t<\/div>\n\t\t\t<div class=\"image-tools is-small top right show-on-hover\">\n\t\t\t\t\t\t<div class=\"wishlist-icon\">\n\t\t\t<button class=\"wishlist-button button is-outline circle icon\" aria-label=\"Liste de souhaits\">\n\t\t\t\t<i class=\"icon-heart\" aria-hidden=\"true\"><\/i>\t\t\t<\/button>\n\t\t\t<div class=\"wishlist-popup dark\">\n\t\t\t\t\n<div\n\tclass=\"yith-wcwl-add-to-wishlist add-to-wishlist-74596 yith-wcwl-add-to-wishlist--button_default-style wishlist-fragment on-first-load\"\n\tdata-fragment-ref=\"74596\"\n\tdata-fragment-options=\"{&quot;base_url&quot;:&quot;&quot;,&quot;product_id&quot;:74596,&quot;parent_product_id&quot;:0,&quot;product_type&quot;:&quot;variable&quot;,&quot;is_single&quot;:false,&quot;in_default_wishlist&quot;:false,&quot;show_view&quot;:false,&quot;browse_wishlist_text&quot;:&quot;Consultez votre liste de souhaits !&quot;,&quot;already_in_wishslist_text&quot;:&quot;Ce produit figure d\\u00e9j\\u00e0 sur votre liste de souhaits !&quot;,&quot;product_added_text&quot;:&quot;Produto adicionado!&quot;,&quot;available_multi_wishlist&quot;:false,&quot;disable_wishlist&quot;:false,&quot;show_count&quot;:false,&quot;ajax_loading&quot;:false,&quot;loop_position&quot;:&quot;after_add_to_cart&quot;,&quot;item&quot;:&quot;add_to_wishlist&quot;}\"\n>\n\t\t\t\n\t\t\t<!-- ADD TO WISHLIST -->\n\t\t\t\n<div class=\"yith-wcwl-add-button\">\n\t\t<a\n\t\thref=\"?add_to_wishlist=74596&#038;_wpnonce=52d31225f0\"\n\t\tclass=\"add_to_wishlist single_add_to_wishlist alt button theme-button-style \"\n\t\tdata-product-id=\"74596\"\n\t\tdata-product-type=\"variable\"\n\t\tdata-original-product-id=\"0\"\n\t\tdata-title=\"Ajouter \u00e0 ma liste de souhaits\"\n\t\trel=\"nofollow\"\n\t>\n\t\t<svg id=\"yith-wcwl-icon-heart-outline\" class=\"yith-wcwl-icon-svg\" fill=\"none\" stroke-width=\"1.5\" stroke=\"currentColor\" viewBox=\"0 0 24 24\" xmlns=\"http:\/\/www.w3.org\/2000\/svg\">\n  <path stroke-linecap=\"round\" stroke-linejoin=\"round\" d=\"M21 8.25c0-2.485-2.099-4.5-4.688-4.5-1.935 0-3.597 1.126-4.312 2.733-.715-1.607-2.377-2.733-4.313-2.733C5.1 3.75 3 5.765 3 8.25c0 7.22 9 12 9 12s9-4.78 9-12Z\"><\/path>\n<\/svg>\t\t<span>Ajouter \u00e0 ma liste de souhaits<\/span>\n\t<\/a>\n<\/div>\n\n\t\t\t<!-- COUNT TEXT -->\n\t\t\t\n\t\t\t<\/div>\n\t\t\t<\/div>\n\t\t<\/div>\n\t\t\t\t\t<\/div>\n\t\t\t<div class=\"image-tools is-small hide-for-small bottom left show-on-hover\">\n\t\t\t\t\t\t\t<\/div>\n\t\t\t<div class=\"image-tools grid-tools text-center hide-for-small bottom hover-slide-in show-on-hover\">\n\t\t\t\t\t\t\t<\/div>\n\t\t\t\t\t<\/div>\n\n\t\t<div class=\"box-text box-text-products\">\n\t\t\t<div class=\"title-wrapper\">\t\t<p class=\"category uppercase is-smaller no-text-overflow product-cat op-8\">\n\t\t\tC\u00e9ramique Portugaise Artisanale\t\t<\/p>\n\t<p class=\"name product-title woocommerce-loop-product__title\"><a href=\"https:\/\/www.companhiaatlantica.pt\/fr\/produto\/ceramique-portugaise\/mugs-ceramique\/mug-340ml-duna\" class=\"woocommerce-LoopProduct-link woocommerce-loop-product__link\">Mug 340ml DUNA<\/a><\/p><\/div><div class=\"price-wrapper\">\n\t<span class=\"price\"><span class=\"woocommerce-Price-amount amount\"><bdi>15.75<span class=\"woocommerce-Price-currencySymbol\">&euro;<\/span><\/bdi><\/span><\/span>\n<\/div><div class=\"add-to-cart-button\"><a href=\"https:\/\/www.companhiaatlantica.pt\/fr\/produto\/ceramique-portugaise\/mugs-ceramique\/mug-340ml-duna\" aria-describedby=\"woocommerce_loop_add_to_cart_link_describedby_74596\" data-quantity=\"1\" class=\"primary is-small mb-0 button product_type_variable add_to_cart_button is-outline\" data-product_id=\"74596\" data-product_sku=\"\" aria-label=\"S\u00e9lectionner les options pour &ldquo;Mug 340ml DUNA&rdquo;\" rel=\"nofollow\" data-product_name=\"Mug 340ml DUNA\" data-product_image=\"https:\/\/www.companhiaatlantica.pt\/wp-content\/uploads\/2026\/01\/ca-duna-collection-grey-caneca-350x350.jpg\">Choix des options<\/a><\/div>\t<span id=\"woocommerce_loop_add_to_cart_link_describedby_74596\" class=\"screen-reader-text\">\n\t\tCe produit a plusieurs variations. Les options peuvent \u00eatre choisies sur la page du produit\t<\/span>\n\t\t<\/div>\n\t<\/div>\n\t<span class=\"gtm4wp_productdata\" style=\"display:none; visibility:hidden;\" data-gtm4wp_product_data=\"{&quot;internal_id&quot;:74596,&quot;item_id&quot;:74596,&quot;item_name&quot;:&quot;Mug 340ml DUNA&quot;,&quot;sku&quot;:74596,&quot;price&quot;:15.75,&quot;stocklevel&quot;:null,&quot;stockstatus&quot;:&quot;instock&quot;,&quot;google_business_vertical&quot;:&quot;retail&quot;,&quot;item_category&quot;:&quot;Cer\\u00e2mica Portuguesa Artesanal&quot;,&quot;item_category2&quot;:&quot;Canecas Cer\\u00e2mica&quot;,&quot;id&quot;:74596,&quot;productlink&quot;:&quot;https:\\\/\\\/www.companhiaatlantica.pt\\\/fr\\\/produto\\\/ceramique-portugaise\\\/mugs-ceramique\\\/mug-340ml-duna&quot;,&quot;item_list_name&quot;:&quot;Liste g\\u00e9n\\u00e9rale des produits&quot;,&quot;index&quot;:2,&quot;product_type&quot;:&quot;variable&quot;,&quot;item_brand&quot;:&quot;&quot;}\"><\/span>\t<\/div>\n<\/div><div class=\"product-small col has-hover product type-product post-74787 status-publish last instock has-post-thumbnail sale taxable shipping-taxable purchasable product-type-variation\">\n\t<div class=\"col-inner\">\n\t\n<div class=\"badge-container absolute left top z-1\">\n<div class=\"badge callout badge-circle\">\r\n  \t\t\t<div class=\"badge-inner secondary on-sale\">\r\n  \t\t\t\t<span class=\"onsale\">-15%<\/span>\r\n\t\t\t<\/div>\r\n\t\t<\/div>\r\n\t\t<div class=\"badge callout badge-circle\">\r\n\t\t\t<div class=\"badge-inner callout-new-bg is-small new-bubble\">NEW<\/div>\r\n\t\t<\/div>\n<\/div>\n\t<div class=\"product-small box \">\n\t\t<div class=\"box-image\">\n\t\t\t<div class=\"image-fade_in_back\">\n\t\t\t\t<a href=\"https:\/\/www.companhiaatlantica.pt\/fr\/produto\/ceramique-portugaise\/bol-ceramique\/bol-o14-duna-ensemble-de-6?attribute_pa_cor=retro-green-fr\">\n\t\t\t\t\t<img loading=\"lazy\" decoding=\"async\" width=\"700\" height=\"700\" src=\"https:\/\/www.companhiaatlantica.pt\/wp-content\/uploads\/2025\/06\/131-406_a-1-700x700.jpg\" class=\"attachment-woocommerce_thumbnail size-woocommerce_thumbnail\" alt=\"Bol \u00d814 DUNA - Ensemble de 6 - RETRO GREEN\" srcset=\"https:\/\/www.companhiaatlantica.pt\/wp-content\/uploads\/2025\/06\/131-406_a-1-700x700.jpg 700w, https:\/\/www.companhiaatlantica.pt\/wp-content\/uploads\/2025\/06\/131-406_a-1-400x400.jpg 400w, https:\/\/www.companhiaatlantica.pt\/wp-content\/uploads\/2025\/06\/131-406_a-1-350x350.jpg 350w, https:\/\/www.companhiaatlantica.pt\/wp-content\/uploads\/2025\/06\/131-406_a-1-768x768.jpg 768w, https:\/\/www.companhiaatlantica.pt\/wp-content\/uploads\/2025\/06\/131-406_a-1-900x900.jpg 900w, https:\/\/www.companhiaatlantica.pt\/wp-content\/uploads\/2025\/06\/131-406_a-1-100x100.jpg 100w, https:\/\/www.companhiaatlantica.pt\/wp-content\/uploads\/2025\/06\/131-406_a-1.jpg 1000w\" sizes=\"auto, (max-width: 700px) 100vw, 700px\" title=\"\">\t\t\t\t<\/a>\n\t\t\t<\/div>\n\t\t\t<div class=\"image-tools is-small top right show-on-hover\">\n\t\t\t\t\t\t<div class=\"wishlist-icon\">\n\t\t\t<button class=\"wishlist-button button is-outline circle icon\" aria-label=\"Liste de souhaits\">\n\t\t\t\t<i class=\"icon-heart\" aria-hidden=\"true\"><\/i>\t\t\t<\/button>\n\t\t\t<div class=\"wishlist-popup dark\">\n\t\t\t\t\t\t\t<\/div>\n\t\t<\/div>\n\t\t\t\t\t<\/div>\n\t\t\t<div class=\"image-tools is-small hide-for-small bottom left show-on-hover\">\n\t\t\t\t\t\t\t<\/div>\n\t\t\t<div class=\"image-tools grid-tools text-center hide-for-small bottom hover-slide-in show-on-hover\">\n\t\t\t\t\t\t\t<\/div>\n\t\t\t\t\t<\/div>\n\n\t\t<div class=\"box-text box-text-products\">\n\t\t\t<div class=\"title-wrapper\">\t\t<p class=\"category uppercase is-smaller no-text-overflow product-cat op-8\">\n\t\t\tBol c\u00e9ramique\t\t<\/p>\n\t<p class=\"name product-title woocommerce-loop-product__title\"><a href=\"https:\/\/www.companhiaatlantica.pt\/fr\/produto\/ceramique-portugaise\/bol-ceramique\/bol-o14-duna-ensemble-de-6?attribute_pa_cor=retro-green-fr\" class=\"woocommerce-LoopProduct-link woocommerce-loop-product__link\">Bol \u00d814 DUNA &#8211; Ensemble de 6 &#8211; RETRO GREEN<\/a><\/p><\/div><div class=\"price-wrapper\">\n\t<span class=\"price\"><del aria-hidden=\"true\"><span class=\"woocommerce-Price-amount amount\"><bdi>94.50<span class=\"woocommerce-Price-currencySymbol\">&euro;<\/span><\/bdi><\/span><\/del> <span class=\"screen-reader-text\">Le prix initial \u00e9tait\u00a0: 94.50&euro;.<\/span><ins aria-hidden=\"true\"><span class=\"woocommerce-Price-amount amount\"><bdi>79.95<span class=\"woocommerce-Price-currencySymbol\">&euro;<\/span><\/bdi><\/span><\/ins><span class=\"screen-reader-text\">Le prix actuel est\u00a0: 79.95&euro;.<\/span><\/span>\n<\/div><div class=\"add-to-cart-button\"><a href=\"https:\/\/www.companhiaatlantica.pt\/fr\/produto\/ceramique-portugaise\/bol-ceramique\/bol-o14-duna-ensemble-de-6?attribute_pa_cor=retro-green-fr&#038;variation_id=74787&#038;add-to-cart=74786&#038;ywccl_rd=https:\/\/www.companhiaatlantica.pt\/fr\/wp-json\/wp\/v2\/posts\/75578\" aria-describedby=\"woocommerce_loop_add_to_cart_link_describedby_74787\" data-quantity=\"1\" class=\"primary is-small mb-0 button product_type_variation add_to_cart_button ajax_add_to_cart is-outline\" data-product_id=\"74787\" data-product_sku=\"131-406.S6\" aria-label=\"Ajouter au panier\u00a0: &ldquo;Bol \u00d814 DUNA - Ensemble de 6 - RETRO GREEN&rdquo;\" rel=\"nofollow\" data-success_message=\"\u00ab\u00a0Bol \u00d814 DUNA - Ensemble de 6 - RETRO GREEN\u00a0\u00bb a \u00e9t\u00e9 ajout\u00e9 \u00e0 votre panier\" data-product_name=\"Bol \u00d814 DUNA - Ensemble de 6 - RETRO GREEN\" data-product_image=\"https:\/\/www.companhiaatlantica.pt\/wp-content\/uploads\/2025\/06\/131-406_a-1-350x350.jpg\" role=\"button\">Ajouter au panier<\/a><\/div>\t<span id=\"woocommerce_loop_add_to_cart_link_describedby_74787\" class=\"screen-reader-text\">\n\t\t\t<\/span>\n\t\t<\/div>\n\t<\/div>\n\t<span class=\"gtm4wp_productdata\" style=\"display:none; visibility:hidden;\" data-gtm4wp_product_data=\"{&quot;internal_id&quot;:74787,&quot;item_id&quot;:&quot;131-406.S6&quot;,&quot;item_name&quot;:&quot;Bol \\u00d814 DUNA - Ensemble de 6&quot;,&quot;sku&quot;:&quot;131-406.S6&quot;,&quot;price&quot;:79.9500000000000028421709430404007434844970703125,&quot;stocklevel&quot;:42,&quot;stockstatus&quot;:&quot;instock&quot;,&quot;google_business_vertical&quot;:&quot;retail&quot;,&quot;item_group_id&quot;:74786,&quot;item_category&quot;:&quot;C\\u00e9ramique Portugaise Artisanale&quot;,&quot;item_category2&quot;:&quot;Bol c\\u00e9ramique&quot;,&quot;id&quot;:&quot;131-406.S6&quot;,&quot;item_variant&quot;:&quot;retro-green-fr&quot;,&quot;productlink&quot;:&quot;https:\\\/\\\/www.companhiaatlantica.pt\\\/fr\\\/produto\\\/ceramique-portugaise\\\/bol-ceramique\\\/bol-o14-duna-ensemble-de-6?attribute_pa_cor=retro-green-fr&quot;,&quot;item_list_name&quot;:&quot;Liste g\\u00e9n\\u00e9rale des produits&quot;,&quot;index&quot;:3,&quot;product_type&quot;:&quot;variation&quot;,&quot;item_brand&quot;:&quot;&quot;}\"><\/span>\t<\/div>\n<\/div><div class=\"product-small col has-hover product type-product post-74939 status-publish first instock product_cat-ceramique-portugaise product_cat-nouveaute product_cat-service-vaisselle has-post-thumbnail sale taxable shipping-taxable purchasable product-type-variable\">\n\t<div class=\"col-inner\">\n\t\n<div class=\"badge-container absolute left top z-1\">\n<div class=\"badge callout badge-circle\">\r\n  \t\t\t<div class=\"badge-inner secondary on-sale\">\r\n  \t\t\t\t<span class=\"onsale\">-16%<\/span>\r\n\t\t\t<\/div>\r\n\t\t<\/div>\r\n\t\t<div class=\"badge callout badge-circle\">\r\n\t\t\t<div class=\"badge-inner callout-new-bg is-small new-bubble\">NEW<\/div>\r\n\t\t<\/div>\n<div class=\"badge callout badge-circle\"><div class=\"badge-inner callout-new-bg is-small new-bubble\">NEW<\/div><\/div><\/div>\n\t<div class=\"product-small box \">\n\t\t<div class=\"box-image\">\n\t\t\t<div class=\"image-fade_in_back\">\n\t\t\t\t<a href=\"https:\/\/www.companhiaatlantica.pt\/fr\/produto\/ceramique-portugaise\/service-vaisselle\/vaisselle-duna-16-pieces\">\n\t\t\t\t\t<img loading=\"lazy\" decoding=\"async\" width=\"700\" height=\"700\" src=\"https:\/\/www.companhiaatlantica.pt\/wp-content\/uploads\/2025\/06\/ca-duna-collection-grey-weder-33-700x700.jpg\" class=\"attachment-woocommerce_thumbnail size-woocommerce_thumbnail\" alt=\"Vaisselle DUNA \u2013 16 pi\u00e8ces\" srcset=\"https:\/\/www.companhiaatlantica.pt\/wp-content\/uploads\/2025\/06\/ca-duna-collection-grey-weder-33-700x700.jpg 700w, https:\/\/www.companhiaatlantica.pt\/wp-content\/uploads\/2025\/06\/ca-duna-collection-grey-weder-33-350x350.jpg 350w, https:\/\/www.companhiaatlantica.pt\/wp-content\/uploads\/2025\/06\/ca-duna-collection-grey-weder-33-100x100.jpg 100w\" sizes=\"auto, (max-width: 700px) 100vw, 700px\" title=\"\"><img loading=\"lazy\" decoding=\"async\" width=\"700\" height=\"700\" src=\"https:\/\/www.companhiaatlantica.pt\/wp-content\/uploads\/2025\/06\/131-278-3-700x700.jpg\" class=\"show-on-hover absolute fill hide-for-small back-image\" alt=\"Alternative view of Vaisselle DUNA \u2013 16 pi\u00e8ces\" aria-hidden=\"true\" srcset=\"https:\/\/www.companhiaatlantica.pt\/wp-content\/uploads\/2025\/06\/131-278-3-700x700.jpg 700w, https:\/\/www.companhiaatlantica.pt\/wp-content\/uploads\/2025\/06\/131-278-3-400x400.jpg 400w, https:\/\/www.companhiaatlantica.pt\/wp-content\/uploads\/2025\/06\/131-278-3-350x350.jpg 350w, https:\/\/www.companhiaatlantica.pt\/wp-content\/uploads\/2025\/06\/131-278-3-768x768.jpg 768w, https:\/\/www.companhiaatlantica.pt\/wp-content\/uploads\/2025\/06\/131-278-3-900x900.jpg 900w, https:\/\/www.companhiaatlantica.pt\/wp-content\/uploads\/2025\/06\/131-278-3-100x100.jpg 100w, https:\/\/www.companhiaatlantica.pt\/wp-content\/uploads\/2025\/06\/131-278-3.jpg 1000w\" sizes=\"auto, (max-width: 700px) 100vw, 700px\" title=\"\">\t\t\t\t<\/a>\n\t\t\t<\/div>\n\t\t\t<div class=\"image-tools is-small top right show-on-hover\">\n\t\t\t\t\t\t<div class=\"wishlist-icon\">\n\t\t\t<button class=\"wishlist-button button is-outline circle icon\" aria-label=\"Liste de souhaits\">\n\t\t\t\t<i class=\"icon-heart\" aria-hidden=\"true\"><\/i>\t\t\t<\/button>\n\t\t\t<div class=\"wishlist-popup dark\">\n\t\t\t\t\n<div\n\tclass=\"yith-wcwl-add-to-wishlist add-to-wishlist-74939 yith-wcwl-add-to-wishlist--button_default-style wishlist-fragment on-first-load\"\n\tdata-fragment-ref=\"74939\"\n\tdata-fragment-options=\"{&quot;base_url&quot;:&quot;&quot;,&quot;product_id&quot;:74939,&quot;parent_product_id&quot;:0,&quot;product_type&quot;:&quot;variable&quot;,&quot;is_single&quot;:false,&quot;in_default_wishlist&quot;:false,&quot;show_view&quot;:false,&quot;browse_wishlist_text&quot;:&quot;Consultez votre liste de souhaits !&quot;,&quot;already_in_wishslist_text&quot;:&quot;Ce produit figure d\\u00e9j\\u00e0 sur votre liste de souhaits !&quot;,&quot;product_added_text&quot;:&quot;Produto adicionado!&quot;,&quot;available_multi_wishlist&quot;:false,&quot;disable_wishlist&quot;:false,&quot;show_count&quot;:false,&quot;ajax_loading&quot;:false,&quot;loop_position&quot;:&quot;after_add_to_cart&quot;,&quot;item&quot;:&quot;add_to_wishlist&quot;}\"\n>\n\t\t\t\n\t\t\t<!-- ADD TO WISHLIST -->\n\t\t\t\n<div class=\"yith-wcwl-add-button\">\n\t\t<a\n\t\thref=\"?add_to_wishlist=74939&#038;_wpnonce=52d31225f0\"\n\t\tclass=\"add_to_wishlist single_add_to_wishlist alt button theme-button-style \"\n\t\tdata-product-id=\"74939\"\n\t\tdata-product-type=\"variable\"\n\t\tdata-original-product-id=\"0\"\n\t\tdata-title=\"Ajouter \u00e0 ma liste de souhaits\"\n\t\trel=\"nofollow\"\n\t>\n\t\t<svg id=\"yith-wcwl-icon-heart-outline\" class=\"yith-wcwl-icon-svg\" fill=\"none\" stroke-width=\"1.5\" stroke=\"currentColor\" viewBox=\"0 0 24 24\" xmlns=\"http:\/\/www.w3.org\/2000\/svg\">\n  <path stroke-linecap=\"round\" stroke-linejoin=\"round\" d=\"M21 8.25c0-2.485-2.099-4.5-4.688-4.5-1.935 0-3.597 1.126-4.312 2.733-.715-1.607-2.377-2.733-4.313-2.733C5.1 3.75 3 5.765 3 8.25c0 7.22 9 12 9 12s9-4.78 9-12Z\"><\/path>\n<\/svg>\t\t<span>Ajouter \u00e0 ma liste de souhaits<\/span>\n\t<\/a>\n<\/div>\n\n\t\t\t<!-- COUNT TEXT -->\n\t\t\t\n\t\t\t<\/div>\n\t\t\t<\/div>\n\t\t<\/div>\n\t\t\t\t\t<\/div>\n\t\t\t<div class=\"image-tools is-small hide-for-small bottom left show-on-hover\">\n\t\t\t\t\t\t\t<\/div>\n\t\t\t<div class=\"image-tools grid-tools text-center hide-for-small bottom hover-slide-in show-on-hover\">\n\t\t\t\t\t\t\t<\/div>\n\t\t\t\t\t<\/div>\n\n\t\t<div class=\"box-text box-text-products\">\n\t\t\t<div class=\"title-wrapper\">\t\t<p class=\"category uppercase is-smaller no-text-overflow product-cat op-8\">\n\t\t\tC\u00e9ramique Portugaise Artisanale\t\t<\/p>\n\t<p class=\"name product-title woocommerce-loop-product__title\"><a href=\"https:\/\/www.companhiaatlantica.pt\/fr\/produto\/ceramique-portugaise\/service-vaisselle\/vaisselle-duna-16-pieces\" class=\"woocommerce-LoopProduct-link woocommerce-loop-product__link\">Vaisselle DUNA \u2013 16 pi\u00e8ces<\/a><\/p><\/div><div class=\"price-wrapper\">\n\t<span class=\"price\"><del aria-hidden=\"true\"><span class=\"woocommerce-Price-amount amount\"><bdi>261.00<span class=\"woocommerce-Price-currencySymbol\">&euro;<\/span><\/bdi><\/span><\/del> <span class=\"screen-reader-text\">Le prix initial \u00e9tait\u00a0: 261.00&euro;.<\/span><ins aria-hidden=\"true\"><span class=\"woocommerce-Price-amount amount\"><bdi>220.00<span class=\"woocommerce-Price-currencySymbol\">&euro;<\/span><\/bdi><\/span><\/ins><span class=\"screen-reader-text\">Le prix actuel est\u00a0: 220.00&euro;.<\/span><\/span>\n<\/div><div class=\"add-to-cart-button\"><a href=\"https:\/\/www.companhiaatlantica.pt\/fr\/produto\/ceramique-portugaise\/service-vaisselle\/vaisselle-duna-16-pieces\" aria-describedby=\"woocommerce_loop_add_to_cart_link_describedby_74939\" data-quantity=\"1\" class=\"primary is-small mb-0 button product_type_variable add_to_cart_button is-outline\" data-product_id=\"74939\" data-product_sku=\"\" aria-label=\"S\u00e9lectionner les options pour &ldquo;Vaisselle DUNA \u2013 16 pi\u00e8ces&rdquo;\" rel=\"nofollow\" data-product_name=\"Vaisselle DUNA \u2013 16 pi\u00e8ces\" data-product_image=\"https:\/\/www.companhiaatlantica.pt\/wp-content\/uploads\/2025\/06\/ca-duna-collection-grey-weder-33-350x350.jpg\">Choix des options<\/a><\/div>\t<span id=\"woocommerce_loop_add_to_cart_link_describedby_74939\" class=\"screen-reader-text\">\n\t\tCe produit a plusieurs variations. Les options peuvent \u00eatre choisies sur la page du produit\t<\/span>\n\t\t<\/div>\n\t<\/div>\n\t<span class=\"gtm4wp_productdata\" style=\"display:none; visibility:hidden;\" data-gtm4wp_product_data=\"{&quot;internal_id&quot;:74939,&quot;item_id&quot;:74939,&quot;item_name&quot;:&quot;Vaisselle DUNA \\u2013 16 pi\\u00e8ces&quot;,&quot;sku&quot;:74939,&quot;price&quot;:220,&quot;stocklevel&quot;:null,&quot;stockstatus&quot;:&quot;instock&quot;,&quot;google_business_vertical&quot;:&quot;retail&quot;,&quot;item_category&quot;:&quot;Cer\\u00e2mica Portuguesa Artesanal&quot;,&quot;id&quot;:74939,&quot;productlink&quot;:&quot;https:\\\/\\\/www.companhiaatlantica.pt\\\/fr\\\/produto\\\/ceramique-portugaise\\\/service-vaisselle\\\/vaisselle-duna-16-pieces&quot;,&quot;item_list_name&quot;:&quot;Liste g\\u00e9n\\u00e9rale des produits&quot;,&quot;index&quot;:4,&quot;product_type&quot;:&quot;variable&quot;,&quot;item_brand&quot;:&quot;&quot;}\"><\/span>\t<\/div>\n<\/div><div class=\"product-small col has-hover product type-product post-74999 status-publish instock product_cat-ceramique-portugaise product_cat-nouveaute product_cat-service-vaisselle has-post-thumbnail sale taxable shipping-taxable purchasable product-type-variable\">\n\t<div class=\"col-inner\">\n\t\n<div class=\"badge-container absolute left top z-1\">\n<div class=\"badge callout badge-circle\">\r\n  \t\t\t<div class=\"badge-inner secondary on-sale\">\r\n  \t\t\t\t<span class=\"onsale\">-19%<\/span>\r\n\t\t\t<\/div>\r\n\t\t<\/div>\r\n\t\t<div class=\"badge callout badge-circle\">\r\n\t\t\t<div class=\"badge-inner callout-new-bg is-small new-bubble\">NEW<\/div>\r\n\t\t<\/div>\n<div class=\"badge callout badge-circle\"><div class=\"badge-inner callout-new-bg is-small new-bubble\">NEW<\/div><\/div><\/div>\n\t<div class=\"product-small box \">\n\t\t<div class=\"box-image\">\n\t\t\t<div class=\"image-fade_in_back\">\n\t\t\t\t<a href=\"https:\/\/www.companhiaatlantica.pt\/fr\/produto\/ceramique-portugaise\/service-vaisselle\/vaisselle-duna-18-pieces\">\n\t\t\t\t\t<img loading=\"lazy\" decoding=\"async\" width=\"700\" height=\"700\" src=\"https:\/\/www.companhiaatlantica.pt\/wp-content\/uploads\/2025\/06\/ca-duna-collection-grey-weder-2-700x700.jpg\" class=\"attachment-woocommerce_thumbnail size-woocommerce_thumbnail\" alt=\"Vaisselle DUNA \u2013 18 pi\u00e8ces\" srcset=\"https:\/\/www.companhiaatlantica.pt\/wp-content\/uploads\/2025\/06\/ca-duna-collection-grey-weder-2-700x700.jpg 700w, https:\/\/www.companhiaatlantica.pt\/wp-content\/uploads\/2025\/06\/ca-duna-collection-grey-weder-2-350x350.jpg 350w, https:\/\/www.companhiaatlantica.pt\/wp-content\/uploads\/2025\/06\/ca-duna-collection-grey-weder-2-100x100.jpg 100w\" sizes=\"auto, (max-width: 700px) 100vw, 700px\" title=\"\"><img loading=\"lazy\" decoding=\"async\" width=\"700\" height=\"700\" src=\"https:\/\/www.companhiaatlantica.pt\/wp-content\/uploads\/2025\/06\/131-281_a-4-700x700.jpg\" class=\"show-on-hover absolute fill hide-for-small back-image\" alt=\"Alternative view of Vaisselle DUNA \u2013 18 pi\u00e8ces\" aria-hidden=\"true\" srcset=\"https:\/\/www.companhiaatlantica.pt\/wp-content\/uploads\/2025\/06\/131-281_a-4-700x700.jpg 700w, https:\/\/www.companhiaatlantica.pt\/wp-content\/uploads\/2025\/06\/131-281_a-4-400x400.jpg 400w, https:\/\/www.companhiaatlantica.pt\/wp-content\/uploads\/2025\/06\/131-281_a-4-350x350.jpg 350w, https:\/\/www.companhiaatlantica.pt\/wp-content\/uploads\/2025\/06\/131-281_a-4-768x768.jpg 768w, https:\/\/www.companhiaatlantica.pt\/wp-content\/uploads\/2025\/06\/131-281_a-4-900x900.jpg 900w, https:\/\/www.companhiaatlantica.pt\/wp-content\/uploads\/2025\/06\/131-281_a-4-100x100.jpg 100w, https:\/\/www.companhiaatlantica.pt\/wp-content\/uploads\/2025\/06\/131-281_a-4.jpg 1000w\" sizes=\"auto, (max-width: 700px) 100vw, 700px\" title=\"\">\t\t\t\t<\/a>\n\t\t\t<\/div>\n\t\t\t<div class=\"image-tools is-small top right show-on-hover\">\n\t\t\t\t\t\t<div class=\"wishlist-icon\">\n\t\t\t<button class=\"wishlist-button button is-outline circle icon\" aria-label=\"Liste de souhaits\">\n\t\t\t\t<i class=\"icon-heart\" aria-hidden=\"true\"><\/i>\t\t\t<\/button>\n\t\t\t<div class=\"wishlist-popup dark\">\n\t\t\t\t\n<div\n\tclass=\"yith-wcwl-add-to-wishlist add-to-wishlist-74999 yith-wcwl-add-to-wishlist--button_default-style wishlist-fragment on-first-load\"\n\tdata-fragment-ref=\"74999\"\n\tdata-fragment-options=\"{&quot;base_url&quot;:&quot;&quot;,&quot;product_id&quot;:74999,&quot;parent_product_id&quot;:0,&quot;product_type&quot;:&quot;variable&quot;,&quot;is_single&quot;:false,&quot;in_default_wishlist&quot;:false,&quot;show_view&quot;:false,&quot;browse_wishlist_text&quot;:&quot;Consultez votre liste de souhaits !&quot;,&quot;already_in_wishslist_text&quot;:&quot;Ce produit figure d\\u00e9j\\u00e0 sur votre liste de souhaits !&quot;,&quot;product_added_text&quot;:&quot;Produto adicionado!&quot;,&quot;available_multi_wishlist&quot;:false,&quot;disable_wishlist&quot;:false,&quot;show_count&quot;:false,&quot;ajax_loading&quot;:false,&quot;loop_position&quot;:&quot;after_add_to_cart&quot;,&quot;item&quot;:&quot;add_to_wishlist&quot;}\"\n>\n\t\t\t\n\t\t\t<!-- ADD TO WISHLIST -->\n\t\t\t\n<div class=\"yith-wcwl-add-button\">\n\t\t<a\n\t\thref=\"?add_to_wishlist=74999&#038;_wpnonce=52d31225f0\"\n\t\tclass=\"add_to_wishlist single_add_to_wishlist alt button theme-button-style \"\n\t\tdata-product-id=\"74999\"\n\t\tdata-product-type=\"variable\"\n\t\tdata-original-product-id=\"0\"\n\t\tdata-title=\"Ajouter \u00e0 ma liste de souhaits\"\n\t\trel=\"nofollow\"\n\t>\n\t\t<svg id=\"yith-wcwl-icon-heart-outline\" class=\"yith-wcwl-icon-svg\" fill=\"none\" stroke-width=\"1.5\" stroke=\"currentColor\" viewBox=\"0 0 24 24\" xmlns=\"http:\/\/www.w3.org\/2000\/svg\">\n  <path stroke-linecap=\"round\" stroke-linejoin=\"round\" d=\"M21 8.25c0-2.485-2.099-4.5-4.688-4.5-1.935 0-3.597 1.126-4.312 2.733-.715-1.607-2.377-2.733-4.313-2.733C5.1 3.75 3 5.765 3 8.25c0 7.22 9 12 9 12s9-4.78 9-12Z\"><\/path>\n<\/svg>\t\t<span>Ajouter \u00e0 ma liste de souhaits<\/span>\n\t<\/a>\n<\/div>\n\n\t\t\t<!-- COUNT TEXT -->\n\t\t\t\n\t\t\t<\/div>\n\t\t\t<\/div>\n\t\t<\/div>\n\t\t\t\t\t<\/div>\n\t\t\t<div class=\"image-tools is-small hide-for-small bottom left show-on-hover\">\n\t\t\t\t\t\t\t<\/div>\n\t\t\t<div class=\"image-tools grid-tools text-center hide-for-small bottom hover-slide-in show-on-hover\">\n\t\t\t\t\t\t\t<\/div>\n\t\t\t\t\t<\/div>\n\n\t\t<div class=\"box-text box-text-products\">\n\t\t\t<div class=\"title-wrapper\">\t\t<p class=\"category uppercase is-smaller no-text-overflow product-cat op-8\">\n\t\t\tC\u00e9ramique Portugaise Artisanale\t\t<\/p>\n\t<p class=\"name product-title woocommerce-loop-product__title\"><a href=\"https:\/\/www.companhiaatlantica.pt\/fr\/produto\/ceramique-portugaise\/service-vaisselle\/vaisselle-duna-18-pieces\" class=\"woocommerce-LoopProduct-link woocommerce-loop-product__link\">Vaisselle DUNA \u2013 18 pi\u00e8ces<\/a><\/p><\/div><div class=\"price-wrapper\">\n\t<span class=\"price\"><del aria-hidden=\"true\"><span class=\"woocommerce-Price-amount amount\"><bdi>297.00<span class=\"woocommerce-Price-currencySymbol\">&euro;<\/span><\/bdi><\/span><\/del> <span class=\"screen-reader-text\">Le prix initial \u00e9tait\u00a0: 297.00&euro;.<\/span><ins aria-hidden=\"true\"><span class=\"woocommerce-Price-amount amount\"><bdi>240.00<span class=\"woocommerce-Price-currencySymbol\">&euro;<\/span><\/bdi><\/span><\/ins><span class=\"screen-reader-text\">Le prix actuel est\u00a0: 240.00&euro;.<\/span><\/span>\n<\/div><div class=\"add-to-cart-button\"><a href=\"https:\/\/www.companhiaatlantica.pt\/fr\/produto\/ceramique-portugaise\/service-vaisselle\/vaisselle-duna-18-pieces\" aria-describedby=\"woocommerce_loop_add_to_cart_link_describedby_74999\" data-quantity=\"1\" class=\"primary is-small mb-0 button product_type_variable add_to_cart_button is-outline\" data-product_id=\"74999\" data-product_sku=\"\" aria-label=\"S\u00e9lectionner les options pour &ldquo;Vaisselle DUNA \u2013 18 pi\u00e8ces&rdquo;\" rel=\"nofollow\" data-product_name=\"Vaisselle DUNA \u2013 18 pi\u00e8ces\" data-product_image=\"https:\/\/www.companhiaatlantica.pt\/wp-content\/uploads\/2025\/06\/ca-duna-collection-grey-weder-2-350x350.jpg\">Choix des options<\/a><\/div>\t<span id=\"woocommerce_loop_add_to_cart_link_describedby_74999\" class=\"screen-reader-text\">\n\t\tCe produit a plusieurs variations. Les options peuvent \u00eatre choisies sur la page du produit\t<\/span>\n\t\t<\/div>\n\t<\/div>\n\t<span class=\"gtm4wp_productdata\" style=\"display:none; visibility:hidden;\" data-gtm4wp_product_data=\"{&quot;internal_id&quot;:74999,&quot;item_id&quot;:74999,&quot;item_name&quot;:&quot;Vaisselle DUNA \\u2013 18 pi\\u00e8ces&quot;,&quot;sku&quot;:74999,&quot;price&quot;:240,&quot;stocklevel&quot;:null,&quot;stockstatus&quot;:&quot;instock&quot;,&quot;google_business_vertical&quot;:&quot;retail&quot;,&quot;item_category&quot;:&quot;Cer\\u00e2mica Portuguesa Artesanal&quot;,&quot;id&quot;:74999,&quot;productlink&quot;:&quot;https:\\\/\\\/www.companhiaatlantica.pt\\\/fr\\\/produto\\\/ceramique-portugaise\\\/service-vaisselle\\\/vaisselle-duna-18-pieces&quot;,&quot;item_list_name&quot;:&quot;Liste g\\u00e9n\\u00e9rale des produits&quot;,&quot;index&quot;:5,&quot;product_type&quot;:&quot;variable&quot;,&quot;item_brand&quot;:&quot;&quot;}\"><\/span>\t<\/div>\n<\/div><div class=\"product-small col has-hover product type-product post-75279 status-publish last instock product_cat-ceramique-portugaise product_cat-nouveaute product_cat-service-vaisselle has-post-thumbnail sale taxable shipping-taxable purchasable product-type-variable\">\n\t<div class=\"col-inner\">\n\t\n<div class=\"badge-container absolute left top z-1\">\n<div class=\"badge callout badge-circle\">\r\n  \t\t\t<div class=\"badge-inner secondary on-sale\">\r\n  \t\t\t\t<span class=\"onsale\">-21%<\/span>\r\n\t\t\t<\/div>\r\n\t\t<\/div>\r\n\t\t<div class=\"badge callout badge-circle\">\r\n\t\t\t<div class=\"badge-inner callout-new-bg is-small new-bubble\">NEW<\/div>\r\n\t\t<\/div>\n<div class=\"badge callout badge-circle\"><div class=\"badge-inner callout-new-bg is-small new-bubble\">NEW<\/div><\/div><\/div>\n\t<div class=\"product-small box \">\n\t\t<div class=\"box-image\">\n\t\t\t<div class=\"image-fade_in_back\">\n\t\t\t\t<a href=\"https:\/\/www.companhiaatlantica.pt\/fr\/produto\/ceramique-portugaise\/service-vaisselle\/vaisselle-duna-32-pieces\">\n\t\t\t\t\t<img loading=\"lazy\" decoding=\"async\" width=\"700\" height=\"700\" src=\"https:\/\/www.companhiaatlantica.pt\/wp-content\/uploads\/2025\/06\/ca-product-photography-duna-collection-green-kamila-weder-31-700x700.jpg\" class=\"attachment-woocommerce_thumbnail size-woocommerce_thumbnail\" alt=\"Vaisselle DUNA \u2013 32 pi\u00e8ces\" srcset=\"https:\/\/www.companhiaatlantica.pt\/wp-content\/uploads\/2025\/06\/ca-product-photography-duna-collection-green-kamila-weder-31-700x700.jpg 700w, https:\/\/www.companhiaatlantica.pt\/wp-content\/uploads\/2025\/06\/ca-product-photography-duna-collection-green-kamila-weder-31-350x350.jpg 350w, https:\/\/www.companhiaatlantica.pt\/wp-content\/uploads\/2025\/06\/ca-product-photography-duna-collection-green-kamila-weder-31-100x100.jpg 100w\" sizes=\"auto, (max-width: 700px) 100vw, 700px\" title=\"\"><img loading=\"lazy\" decoding=\"async\" width=\"700\" height=\"700\" src=\"https:\/\/www.companhiaatlantica.pt\/wp-content\/uploads\/2025\/12\/131-399-700x700.jpg\" class=\"show-on-hover absolute fill hide-for-small back-image\" alt=\"Alternative view of Vaisselle DUNA \u2013 32 pi\u00e8ces\" aria-hidden=\"true\" srcset=\"https:\/\/www.companhiaatlantica.pt\/wp-content\/uploads\/2025\/12\/131-399-700x700.jpg 700w, https:\/\/www.companhiaatlantica.pt\/wp-content\/uploads\/2025\/12\/131-399-400x400.jpg 400w, https:\/\/www.companhiaatlantica.pt\/wp-content\/uploads\/2025\/12\/131-399-350x350.jpg 350w, https:\/\/www.companhiaatlantica.pt\/wp-content\/uploads\/2025\/12\/131-399-768x768.jpg 768w, https:\/\/www.companhiaatlantica.pt\/wp-content\/uploads\/2025\/12\/131-399-900x900.jpg 900w, https:\/\/www.companhiaatlantica.pt\/wp-content\/uploads\/2025\/12\/131-399-100x100.jpg 100w, https:\/\/www.companhiaatlantica.pt\/wp-content\/uploads\/2025\/12\/131-399.jpg 1000w\" sizes=\"auto, (max-width: 700px) 100vw, 700px\" title=\"\">\t\t\t\t<\/a>\n\t\t\t<\/div>\n\t\t\t<div class=\"image-tools is-small top right show-on-hover\">\n\t\t\t\t\t\t<div class=\"wishlist-icon\">\n\t\t\t<button class=\"wishlist-button button is-outline circle icon\" aria-label=\"Liste de souhaits\">\n\t\t\t\t<i class=\"icon-heart\" aria-hidden=\"true\"><\/i>\t\t\t<\/button>\n\t\t\t<div class=\"wishlist-popup dark\">\n\t\t\t\t\n<div\n\tclass=\"yith-wcwl-add-to-wishlist add-to-wishlist-75279 yith-wcwl-add-to-wishlist--button_default-style wishlist-fragment on-first-load\"\n\tdata-fragment-ref=\"75279\"\n\tdata-fragment-options=\"{&quot;base_url&quot;:&quot;&quot;,&quot;product_id&quot;:75279,&quot;parent_product_id&quot;:0,&quot;product_type&quot;:&quot;variable&quot;,&quot;is_single&quot;:false,&quot;in_default_wishlist&quot;:false,&quot;show_view&quot;:false,&quot;browse_wishlist_text&quot;:&quot;Consultez votre liste de souhaits !&quot;,&quot;already_in_wishslist_text&quot;:&quot;Ce produit figure d\\u00e9j\\u00e0 sur votre liste de souhaits !&quot;,&quot;product_added_text&quot;:&quot;Produto adicionado!&quot;,&quot;available_multi_wishlist&quot;:false,&quot;disable_wishlist&quot;:false,&quot;show_count&quot;:false,&quot;ajax_loading&quot;:false,&quot;loop_position&quot;:&quot;after_add_to_cart&quot;,&quot;item&quot;:&quot;add_to_wishlist&quot;}\"\n>\n\t\t\t\n\t\t\t<!-- ADD TO WISHLIST -->\n\t\t\t\n<div class=\"yith-wcwl-add-button\">\n\t\t<a\n\t\thref=\"?add_to_wishlist=75279&#038;_wpnonce=52d31225f0\"\n\t\tclass=\"add_to_wishlist single_add_to_wishlist alt button theme-button-style \"\n\t\tdata-product-id=\"75279\"\n\t\tdata-product-type=\"variable\"\n\t\tdata-original-product-id=\"0\"\n\t\tdata-title=\"Ajouter \u00e0 ma liste de souhaits\"\n\t\trel=\"nofollow\"\n\t>\n\t\t<svg id=\"yith-wcwl-icon-heart-outline\" class=\"yith-wcwl-icon-svg\" fill=\"none\" stroke-width=\"1.5\" stroke=\"currentColor\" viewBox=\"0 0 24 24\" xmlns=\"http:\/\/www.w3.org\/2000\/svg\">\n  <path stroke-linecap=\"round\" stroke-linejoin=\"round\" d=\"M21 8.25c0-2.485-2.099-4.5-4.688-4.5-1.935 0-3.597 1.126-4.312 2.733-.715-1.607-2.377-2.733-4.313-2.733C5.1 3.75 3 5.765 3 8.25c0 7.22 9 12 9 12s9-4.78 9-12Z\"><\/path>\n<\/svg>\t\t<span>Ajouter \u00e0 ma liste de souhaits<\/span>\n\t<\/a>\n<\/div>\n\n\t\t\t<!-- COUNT TEXT -->\n\t\t\t\n\t\t\t<\/div>\n\t\t\t<\/div>\n\t\t<\/div>\n\t\t\t\t\t<\/div>\n\t\t\t<div class=\"image-tools is-small hide-for-small bottom left show-on-hover\">\n\t\t\t\t\t\t\t<\/div>\n\t\t\t<div class=\"image-tools grid-tools text-center hide-for-small bottom hover-slide-in show-on-hover\">\n\t\t\t\t\t\t\t<\/div>\n\t\t\t\t\t<\/div>\n\n\t\t<div class=\"box-text box-text-products\">\n\t\t\t<div class=\"title-wrapper\">\t\t<p class=\"category uppercase is-smaller no-text-overflow product-cat op-8\">\n\t\t\tC\u00e9ramique Portugaise Artisanale\t\t<\/p>\n\t<p class=\"name product-title woocommerce-loop-product__title\"><a href=\"https:\/\/www.companhiaatlantica.pt\/fr\/produto\/ceramique-portugaise\/service-vaisselle\/vaisselle-duna-32-pieces\" class=\"woocommerce-LoopProduct-link woocommerce-loop-product__link\">Vaisselle DUNA \u2013 32 pi\u00e8ces<\/a><\/p><\/div><div class=\"price-wrapper\">\n\t<span class=\"price\"><del aria-hidden=\"true\"><span class=\"woocommerce-Price-amount amount\"><bdi>522.00<span class=\"woocommerce-Price-currencySymbol\">&euro;<\/span><\/bdi><\/span><\/del> <span class=\"screen-reader-text\">Le prix initial \u00e9tait\u00a0: 522.00&euro;.<\/span><ins aria-hidden=\"true\"><span class=\"woocommerce-Price-amount amount\"><bdi>410.00<span class=\"woocommerce-Price-currencySymbol\">&euro;<\/span><\/bdi><\/span><\/ins><span class=\"screen-reader-text\">Le prix actuel est\u00a0: 410.00&euro;.<\/span><\/span>\n<\/div><div class=\"add-to-cart-button\"><a href=\"https:\/\/www.companhiaatlantica.pt\/fr\/produto\/ceramique-portugaise\/service-vaisselle\/vaisselle-duna-32-pieces\" aria-describedby=\"woocommerce_loop_add_to_cart_link_describedby_75279\" data-quantity=\"1\" class=\"primary is-small mb-0 button product_type_variable add_to_cart_button is-outline\" data-product_id=\"75279\" data-product_sku=\"\" aria-label=\"S\u00e9lectionner les options pour &ldquo;Vaisselle DUNA \u2013 32 pi\u00e8ces&rdquo;\" rel=\"nofollow\" data-product_name=\"Vaisselle DUNA \u2013 32 pi\u00e8ces\" data-product_image=\"https:\/\/www.companhiaatlantica.pt\/wp-content\/uploads\/2025\/06\/ca-product-photography-duna-collection-green-kamila-weder-31-350x350.jpg\">Choix des options<\/a><\/div>\t<span id=\"woocommerce_loop_add_to_cart_link_describedby_75279\" class=\"screen-reader-text\">\n\t\tCe produit a plusieurs variations. Les options peuvent \u00eatre choisies sur la page du produit\t<\/span>\n\t\t<\/div>\n\t<\/div>\n\t<span class=\"gtm4wp_productdata\" style=\"display:none; visibility:hidden;\" data-gtm4wp_product_data=\"{&quot;internal_id&quot;:75279,&quot;item_id&quot;:75279,&quot;item_name&quot;:&quot;Vaisselle DUNA \\u2013 32 pi\\u00e8ces&quot;,&quot;sku&quot;:75279,&quot;price&quot;:410,&quot;stocklevel&quot;:null,&quot;stockstatus&quot;:&quot;instock&quot;,&quot;google_business_vertical&quot;:&quot;retail&quot;,&quot;item_category&quot;:&quot;Cer\\u00e2mica Portuguesa Artesanal&quot;,&quot;id&quot;:75279,&quot;productlink&quot;:&quot;https:\\\/\\\/www.companhiaatlantica.pt\\\/fr\\\/produto\\\/ceramique-portugaise\\\/service-vaisselle\\\/vaisselle-duna-32-pieces&quot;,&quot;item_list_name&quot;:&quot;Liste g\\u00e9n\\u00e9rale des produits&quot;,&quot;index&quot;:6,&quot;product_type&quot;:&quot;variable&quot;,&quot;item_brand&quot;:&quot;&quot;}\"><\/span>\t<\/div>\n<\/div><\/div><!-- row -->\n<\/div>\n","protected":false},"excerpt":{"rendered":"<p>Explorez la nouvelle collection DUNA, un hommage aux paysages sereins de l\u2019int\u00e9rieur et \u00e0 la lumi\u00e8re dor\u00e9e des fins d\u2019apr\u00e8s-midi au Portugal. Fabriqu\u00e9e avec un savoir-faire artisanal, chaque pi\u00e8ce de cette collection est un chef-d\u2019\u0153uvre alliant \u00e9l\u00e9gance et fonctionnalit\u00e9. Laissez-vous charmer par les couleurs du coucher de soleil et apportez \u00e0 votre table la tranquillit\u00e9 [&#8230;]\n","protected":false},"author":636,"featured_media":77492,"comment_status":"closed","ping_status":"closed","sticky":false,"template":"","format":"standard","meta":{"footnotes":""},"categories":[3136,2199],"tags":[],"class_list":["post-75578","post","type-post","status-publish","format-standard","has-post-thumbnail","hentry","category-article","category-non-classifiee"],"_links":{"self":[{"href":"https:\/\/www.companhiaatlantica.pt\/fr\/wp-json\/wp\/v2\/posts\/75578","targetHints":{"allow":["GET"]}}],"collection":[{"href":"https:\/\/www.companhiaatlantica.pt\/fr\/wp-json\/wp\/v2\/posts"}],"about":[{"href":"https:\/\/www.companhiaatlantica.pt\/fr\/wp-json\/wp\/v2\/types\/post"}],"author":[{"embeddable":true,"href":"https:\/\/www.companhiaatlantica.pt\/fr\/wp-json\/wp\/v2\/users\/636"}],"replies":[{"embeddable":true,"href":"https:\/\/www.companhiaatlantica.pt\/fr\/wp-json\/wp\/v2\/comments?post=75578"}],"version-history":[{"count":5,"href":"https:\/\/www.companhiaatlantica.pt\/fr\/wp-json\/wp\/v2\/posts\/75578\/revisions"}],"predecessor-version":[{"id":82494,"href":"https:\/\/www.companhiaatlantica.pt\/fr\/wp-json\/wp\/v2\/posts\/75578\/revisions\/82494"}],"wp:featuredmedia":[{"embeddable":true,"href":"https:\/\/www.companhiaatlantica.pt\/fr\/wp-json\/wp\/v2\/media\/77492"}],"wp:attachment":[{"href":"https:\/\/www.companhiaatlantica.pt\/fr\/wp-json\/wp\/v2\/media?parent=75578"}],"wp:term":[{"taxonomy":"category","embeddable":true,"href":"https:\/\/www.companhiaatlantica.pt\/fr\/wp-json\/wp\/v2\/categories?post=75578"},{"taxonomy":"post_tag","embeddable":true,"href":"https:\/\/www.companhiaatlantica.pt\/fr\/wp-json\/wp\/v2\/tags?post=75578"}],"curies":[{"name":"wp","href":"https:\/\/api.w.org\/{rel}","templated":true}]}}