{"id":87369,"date":"2026-04-17T15:35:32","date_gmt":"2026-04-17T14:35:32","guid":{"rendered":"https:\/\/www.companhiaatlantica.pt\/?p=87369"},"modified":"2026-04-17T15:35:32","modified_gmt":"2026-04-17T14:35:32","slug":"mata-bicho-des-arts-de-la-table-qui-sont-une-carte-de-visite","status":"publish","type":"post","link":"https:\/\/www.companhiaatlantica.pt\/fr\/article\/mata-bicho-des-arts-de-la-table-qui-sont-une-carte-de-visite","title":{"rendered":"Mata Bicho : Des arts de la table qui sont une &#8220;carte de visite&#8221;"},"content":{"rendered":"\t<div class=\"img has-hover x md-x lg-x y md-y lg-y\" id=\"image_584984721\">\n\t\t<a class=\"\" href=\"https:\/\/www.companhiaatlantica.pt\/fr\/ceramique-portugaise?filter_colecao=duna-fr\" target=\"_blank\" rel=\"noopener\" >\t\t\t\t\t\t<div class=\"img-inner dark\" >\n\t\t\t<img loading=\"lazy\" decoding=\"async\" width=\"1020\" height=\"574\" src=\"https:\/\/www.companhiaatlantica.pt\/wp-content\/uploads\/2026\/04\/mesa_posta-1024x576.jpg\" class=\"attachment-large size-large\" alt=\"Mata Bicho com a Cole\u00e7\u00e3o DUNA\" srcset=\"https:\/\/www.companhiaatlantica.pt\/wp-content\/uploads\/2026\/04\/mesa_posta-1024x576.jpg 1024w, https:\/\/www.companhiaatlantica.pt\/wp-content\/uploads\/2026\/04\/mesa_posta-400x225.jpg 400w, https:\/\/www.companhiaatlantica.pt\/wp-content\/uploads\/2026\/04\/mesa_posta-768x432.jpg 768w, https:\/\/www.companhiaatlantica.pt\/wp-content\/uploads\/2026\/04\/mesa_posta-1536x864.jpg 1536w, https:\/\/www.companhiaatlantica.pt\/wp-content\/uploads\/2026\/04\/mesa_posta-1320x743.jpg 1320w, https:\/\/www.companhiaatlantica.pt\/wp-content\/uploads\/2026\/04\/mesa_posta-900x506.jpg 900w, https:\/\/www.companhiaatlantica.pt\/wp-content\/uploads\/2026\/04\/mesa_posta.jpg 1920w\" sizes=\"auto, (max-width: 1020px) 100vw, 1020px\" title=\"\">\t\t\t\t\t\t\n\t\t\t\t\t<\/div>\n\t\t\t\t\t\t<\/a>\t\t\n<style>\n#image_584984721 {\n  width: 100%;\n}\n<\/style>\n\t<\/div>\n\t\n<div class=\"row\"  id=\"row-211631900\">\n\n\t<div id=\"col-661476023\" class=\"col small-12 large-12\"  >\n\t\t\t\t<div class=\"col-inner\"  >\n\t\t\t\n\t\t\t\n\t<div id=\"gap-1551817758\" class=\"gap-element clearfix\" style=\"display:block; height:auto;\">\n\t\t\n<style>\n#gap-1551817758 {\n  padding-top: 30px;\n}\n<\/style>\n\t<\/div>\n\t\n<div class=\"row\"  id=\"row-345203846\">\n\n\t<div id=\"col-1654511532\" class=\"col small-12 large-12\"  >\n\t\t\t\t<div class=\"col-inner\"  >\n\t\t\t\n\t\t\t\n<p data-start=\"402\" data-end=\"735\">Dans le monde de la restauration contemporaine, l&#8217;exp\u00e9rience ne se construit pas seulement dans l&#8217;assiette, mais dans tous les d\u00e9tails qui l&#8217;entourent. Le choix de la <a href=\"https:\/\/www.companhiaatlantica.pt\/fr\/ceramique-portugaise\" target=\"_blank\" rel=\"noopener\"><strong data-start=\"547\" data-end=\"574\">vaisselle pour les restaurants <\/strong><\/a>professionnels, <a href=\"https:\/\/www.companhiaatlantica.pt\/fr\/ceramique-portugaise\/service-vaisselle\" target=\"_blank\" rel=\"noopener\"><strong data-start=\"579\" data-end=\"611\">le service de Vaisselle<\/strong><\/a> et la fa\u00e7on dont la nourriture est pr\u00e9sent\u00e9e sont devenus des \u00e9l\u00e9ments essentiels dans la perception de la valeur de tout espace HORECA.<\/p>\n<p data-start=\"737\" data-end=\"981\">C&#8217;est dans ce contexte que la <strong data-start=\"760\" data-end=\"783\">Compagnie Atl\u00e2ntica<\/strong> d\u00e9veloppe des collections de c\u00e9ramique et de gr\u00e8s sp\u00e9cialement con\u00e7ues pour la restauration professionnelle, alliant un design original, la durabilit\u00e9 et une esth\u00e9tique profond\u00e9ment ancr\u00e9e dans l&#8217;identit\u00e9 portugaise.<\/p>\n<h1 data-section-id=\"xn72qu\" data-start=\"983\" data-end=\"1022\">La conception de l&#8217;exp\u00e9rience gastronomique<\/h1>\n<p data-start=\"1024\" data-end=\"1229\">Dans un contexte r\u00e9el de restauration, chaque \u00e9l\u00e9ment de la table v\u00e9hicule un message. La texture de l&#8217;assiette, le poids de la pi\u00e8ce, la finition et la mani\u00e8re dont les aliments sont pr\u00e9sent\u00e9s influencent directement l&#8217;exp\u00e9rience du client.<\/p>\n<p data-start=\"1231\" data-end=\"1307\">Companhia Atl\u00e2ntica cr\u00e9e <a href=\"https:\/\/www.companhiaatlantica.pt\/fr\/ceramique-portugaise\/service-vaisselle\" target=\"_blank\" rel=\"noopener\"><strong>c\u00e9ramiques pour les restaurants<\/strong><\/a>en mettant l&#8217;accent sur :<\/p>\n<ul data-start=\"1308\" data-end=\"1494\">\n<li data-section-id=\"1011yd9\" data-start=\"1308\" data-end=\"1356\">la r\u00e9sistance \u00e0 l&#8217;utilisation intensive dans le secteur HORECA.<\/li>\n<li data-section-id=\"pd0u5c\" data-start=\"1357\" data-end=\"1408\">une esth\u00e9tique contemporaine d&#8217;inspiration artisanale<\/li>\n<li data-section-id=\"9fqwu0\" data-start=\"1409\" data-end=\"1458\">fonctionnalit\u00e9 pour un placage professionnel<\/li>\n<li data-section-id=\"vqzqqp\" data-start=\"1459\" data-end=\"1494\">coh\u00e9rence visuelle entre les collections<\/li>\n<\/ul>\n<p data-start=\"1496\" data-end=\"1585\">Nos pi\u00e8ces ne sont pas de simples ustensiles, mais des outils de narration gastronomique.<\/p>\n\t<div id=\"gap-129335050\" class=\"gap-element clearfix\" style=\"display:block; height:auto;\">\n\t\t\n<style>\n#gap-129335050 {\n  padding-top: 30px;\n}\n<\/style>\n\t<\/div>\n\t\n\t<div id=\"text-613444304\" class=\"text\">\n\t\t\n<blockquote><p>Nous pensons que le placage est important en tant que carte de visite de nos aliments &#8211; Sabino Carvalho (associ\u00e9 g\u00e9rant de l&#8217;EDAI)<\/p><\/blockquote>\n\t\t\n<style>\n#text-613444304 {\n  font-size: 1.1rem;\n  color: rgb(0, 0, 0);\n}\n#text-613444304 > * {\n  color: rgb(0, 0, 0);\n}\n<\/style>\n\t<\/div>\n\t\n\t<div id=\"gap-1586123741\" class=\"gap-element clearfix\" style=\"display:block; height:auto;\">\n\t\t\n<style>\n#gap-1586123741 {\n  padding-top: 30px;\n}\n<\/style>\n\t<\/div>\n\t\n<div class=\"container section-title-container\" ><h2 class=\"section-title section-title-normal\"><b aria-hidden=\"true\"><\/b><span class=\"section-title-main\" >Collections con\u00e7ues pour les restaurants, h\u00f4tels et caf\u00e9s modernes<\/span><b aria-hidden=\"true\"><\/b><\/h2><\/div>\n<p>Chaque collection a \u00e9t\u00e9 con\u00e7ue pour r\u00e9pondre aux besoins r\u00e9els de la restauration, o\u00f9 l&#8217;esth\u00e9tique et la performance doivent coexister.<\/p>\n<div class=\"row\"  id=\"row-2070251884\">\n\n\t<div id=\"col-727128324\" class=\"col medium-4 small-12 large-4\"  >\n\t\t\t\t<div class=\"col-inner\"  >\n\t\t\t\n\t\t\t\n\t<div class=\"img has-hover x md-x lg-x y md-y lg-y\" id=\"image_272888019\">\n\t\t<a class=\"\" href=\"https:\/\/www.companhiaatlantica.pt\/fr\/ceramique-portugaise?filter_colecao=azulejo\" target=\"_blank\" rel=\"noopener\" >\t\t\t\t\t\t<div class=\"img-inner dark\" >\n\t\t\t<img loading=\"lazy\" decoding=\"async\" width=\"1020\" height=\"1020\" src=\"https:\/\/www.companhiaatlantica.pt\/wp-content\/uploads\/2026\/04\/azulejo_mesa-1024x1024.jpg\" class=\"attachment-large size-large\" alt=\"Mata bicho com a Cole\u00e7\u00e3o AZULEJO\" srcset=\"https:\/\/www.companhiaatlantica.pt\/wp-content\/uploads\/2026\/04\/azulejo_mesa-1024x1024.jpg 1024w, https:\/\/www.companhiaatlantica.pt\/wp-content\/uploads\/2026\/04\/azulejo_mesa-400x400.jpg 400w, https:\/\/www.companhiaatlantica.pt\/wp-content\/uploads\/2026\/04\/azulejo_mesa-350x350.jpg 350w, https:\/\/www.companhiaatlantica.pt\/wp-content\/uploads\/2026\/04\/azulejo_mesa-768x768.jpg 768w, https:\/\/www.companhiaatlantica.pt\/wp-content\/uploads\/2026\/04\/azulejo_mesa-700x700.jpg 700w, https:\/\/www.companhiaatlantica.pt\/wp-content\/uploads\/2026\/04\/azulejo_mesa-900x900.jpg 900w, https:\/\/www.companhiaatlantica.pt\/wp-content\/uploads\/2026\/04\/azulejo_mesa-100x100.jpg 100w, https:\/\/www.companhiaatlantica.pt\/wp-content\/uploads\/2026\/04\/azulejo_mesa.jpg 1080w\" sizes=\"auto, (max-width: 1020px) 100vw, 1020px\" title=\"\">\t\t\t\t\t\t\n\t\t\t\t\t<\/div>\n\t\t\t\t\t\t<\/a>\t\t\n<style>\n#image_272888019 {\n  width: 100%;\n}\n<\/style>\n\t<\/div>\n\t\n<h3 data-section-id=\"10gqcwa\" data-start=\"1782\" data-end=\"1801\">Collection AZULEJO<\/h3>\n<p data-start=\"1802\" data-end=\"2016\">Inspir\u00e9e de l&#8217;identit\u00e9 portugaise, la <strong data-start=\"1848\" data-end=\"1859\"><a href=\"https:\/\/www.companhiaatlantica.pt\/fr\/ceramique-portugaise?filter_colecao=azulejo-fr\" target=\"_blank\" rel=\"noopener\"><strong>collection Azulejo<\/strong><\/a><\/strong> transpose la tradition dans un langage contemporain. Id\u00e9ale pour les restaurants qui souhaitent \u00e9tablir un lien fort avec la culture locale, sans pour autant renoncer \u00e0 la sophistication dans la pr\u00e9sentation des plats.<\/p>\n\t\t<\/div>\n\t\t\t\t\t<\/div>\n\n\t\n\n\t<div id=\"col-477933021\" class=\"col medium-4 small-12 large-4\"  >\n\t\t\t\t<div class=\"col-inner\"  >\n\t\t\t\n\t\t\t\n\t<div class=\"img has-hover x md-x lg-x y md-y lg-y\" id=\"image_262402461\">\n\t\t\t\t\t\t\t\t<div class=\"img-inner dark\" >\n\t\t\t<img loading=\"lazy\" decoding=\"async\" width=\"1020\" height=\"1020\" src=\"https:\/\/www.companhiaatlantica.pt\/wp-content\/uploads\/2026\/04\/aroma_posta-1024x1024.jpg\" class=\"attachment-large size-large\" alt=\"Mata Bicho com a Cole\u00e7\u00e3o AROMA\" srcset=\"https:\/\/www.companhiaatlantica.pt\/wp-content\/uploads\/2026\/04\/aroma_posta-1024x1024.jpg 1024w, https:\/\/www.companhiaatlantica.pt\/wp-content\/uploads\/2026\/04\/aroma_posta-400x400.jpg 400w, https:\/\/www.companhiaatlantica.pt\/wp-content\/uploads\/2026\/04\/aroma_posta-350x350.jpg 350w, https:\/\/www.companhiaatlantica.pt\/wp-content\/uploads\/2026\/04\/aroma_posta-768x768.jpg 768w, https:\/\/www.companhiaatlantica.pt\/wp-content\/uploads\/2026\/04\/aroma_posta-700x700.jpg 700w, https:\/\/www.companhiaatlantica.pt\/wp-content\/uploads\/2026\/04\/aroma_posta-900x900.jpg 900w, https:\/\/www.companhiaatlantica.pt\/wp-content\/uploads\/2026\/04\/aroma_posta-100x100.jpg 100w, https:\/\/www.companhiaatlantica.pt\/wp-content\/uploads\/2026\/04\/aroma_posta.jpg 1080w\" sizes=\"auto, (max-width: 1020px) 100vw, 1020px\" title=\"\">\t\t\t\t\t\t\n\t\t\t\t\t<\/div>\n\t\t\t\t\t\t\t\t\n<style>\n#image_262402461 {\n  width: 100%;\n}\n<\/style>\n\t<\/div>\n\t\n<h3 data-section-id=\"1k02t14\" data-start=\"2460\" data-end=\"2477\">Collection AROMA<\/h3>\n<p data-start=\"2478\" data-end=\"2637\">La <strong data-start=\"2488\" data-end=\"2497\"><a href=\"https:\/\/www.companhiaatlantica.pt\/fr\/ceramique-portugaise?filter_colecao=aroma-fr\" target=\"_blank\" rel=\"noopener\">collection Aroma <\/a><\/strong>a \u00e9t\u00e9 con\u00e7ue pour mettre la gastronomie \u00e0 l&#8217;honneur au centre de la table. En mettant l&#8217;accent sur la pr\u00e9sentation des assiettes, elle permet \u00e0 chaque plat d&#8217;occuper le devant de la sc\u00e8ne.<\/p>\n\t\t<\/div>\n\t\t\t\t\t<\/div>\n\n\t\n\n\t<div id=\"col-1506871208\" class=\"col medium-4 small-12 large-4\"  >\n\t\t\t\t<div class=\"col-inner\"  >\n\t\t\t\n\t\t\t\n\t<div class=\"img has-hover x md-x lg-x y md-y lg-y\" id=\"image_622062081\">\n\t\t<a class=\"\" href=\"https:\/\/www.companhiaatlantica.pt\/fr\/ceramique-portugaise?filter_colecao=duna-fr\" target=\"_blank\" rel=\"noopener\" >\t\t\t\t\t\t<div class=\"img-inner dark\" >\n\t\t\t<img loading=\"lazy\" decoding=\"async\" width=\"1020\" height=\"1020\" src=\"https:\/\/www.companhiaatlantica.pt\/wp-content\/uploads\/2026\/04\/mesa_posta_duna-1024x1024.jpg\" class=\"attachment-large size-large\" alt=\"Mata Bicho com a Cole\u00e7\u00e3o DUNA - set de jantar\" srcset=\"https:\/\/www.companhiaatlantica.pt\/wp-content\/uploads\/2026\/04\/mesa_posta_duna-1024x1024.jpg 1024w, https:\/\/www.companhiaatlantica.pt\/wp-content\/uploads\/2026\/04\/mesa_posta_duna-400x400.jpg 400w, https:\/\/www.companhiaatlantica.pt\/wp-content\/uploads\/2026\/04\/mesa_posta_duna-350x350.jpg 350w, https:\/\/www.companhiaatlantica.pt\/wp-content\/uploads\/2026\/04\/mesa_posta_duna-768x768.jpg 768w, https:\/\/www.companhiaatlantica.pt\/wp-content\/uploads\/2026\/04\/mesa_posta_duna-700x700.jpg 700w, https:\/\/www.companhiaatlantica.pt\/wp-content\/uploads\/2026\/04\/mesa_posta_duna-900x900.jpg 900w, https:\/\/www.companhiaatlantica.pt\/wp-content\/uploads\/2026\/04\/mesa_posta_duna-100x100.jpg 100w, https:\/\/www.companhiaatlantica.pt\/wp-content\/uploads\/2026\/04\/mesa_posta_duna.jpg 1080w\" sizes=\"auto, (max-width: 1020px) 100vw, 1020px\" title=\"\">\t\t\t\t\t\t\n\t\t\t\t\t<\/div>\n\t\t\t\t\t\t<\/a>\t\t\n<style>\n#image_622062081 {\n  width: 100%;\n}\n<\/style>\n\t<\/div>\n\t\n<h3 data-section-id=\"1wfbzsm\" data-start=\"2157\" data-end=\"2173\">Collection DUNA<\/h3>\n<p data-start=\"2174\" data-end=\"2316\">La <a href=\"https:\/\/www.companhiaatlantica.pt\/fr\/ceramique-portugaise?filter_colecao=duna-fr\" target=\"_blank\" rel=\"noopener\">collection Duna<\/a> s&#8217;inspire de tons naturels et de formes organiques ; elle a \u00e9t\u00e9 con\u00e7ue pour les espaces modernes qui privil\u00e9gient une esth\u00e9tique minimaliste et sensorielle.<\/p>\n\t\t<\/div>\n\t\t\t\t\t<\/div>\n\n\t\n<\/div>\n<div class=\"container section-title-container\" ><h2 class=\"section-title section-title-normal\"><b aria-hidden=\"true\"><\/b><span class=\"section-title-main\" >Le contexte id\u00e9al : l'exp\u00e9rience de Mata Bicho<\/span><b aria-hidden=\"true\"><\/b><\/h2><\/div>\n<p data-start=\"2846\" data-end=\"3066\">Pour donner vie \u00e0 ces collections, Companhia Atl\u00e2ntica a r\u00e9alis\u00e9 une production visuelle dans l&#8217;environnement du restaurant. <a href=\"https:\/\/www.matabicho.com\/\" target=\"_blank\" rel=\"noopener\"><strong data-start=\"2956\" data-end=\"2970\">Mata Bicho, <\/strong><\/a>un espace qui refl\u00e8te parfaitement l&#8217;\u00e9quilibre entre authenticit\u00e9 et exp\u00e9rience gastronomique.<\/p>\n<p data-start=\"3068\" data-end=\"3308\">Avec une vue sur la place Rodrigues Lobo et une cuisine inspir\u00e9e par les souvenirs du pass\u00e9, recr\u00e9ant des saveurs qui rappellent le confort de la cuisine de nos grands-parents, l&#8217;espace combine une atmosph\u00e8re d\u00e9contract\u00e9e avec une identit\u00e9 tr\u00e8s distincte.<\/p>\n<p data-start=\"3310\" data-end=\"3512\">Ce sc\u00e9nario nous a permis d&#8217;explorer comment <a href=\"https:\/\/www.companhiaatlantica.pt\/fr\/ceramique-portugaise\/service-vaisselle\" target=\"_blank\" rel=\"noopener\"><strong data-start=\"3348\" data-end=\"3375\">vaisselle pour les restaurants<\/strong><\/a> peut amplifier la narration d&#8217;un espace gastronomique, en particulier lorsqu&#8217;elle est associ\u00e9e aux concepts de m\u00e9moire, de tradition et d&#8217;authenticit\u00e9.<\/p>\n<div class=\"row\"  id=\"row-1601787130\">\n\n\t<div id=\"col-1571204558\" class=\"col medium-6 small-12 large-6\"  >\n\t\t\t\t<div class=\"col-inner\"  >\n\t\t\t\n\t\t\t\n\t<div class=\"img has-hover x md-x lg-x y md-y lg-y\" id=\"image_1398908979\">\n\t\t<a class=\"\" href=\"https:\/\/www.companhiaatlantica.pt\/fr\/produto\/ceramique-portugaise\/service-vaisselle\/vaisselle-duna-32-pieces?attribute_pa_cor=retro-green\" target=\"_blank\" rel=\"noopener\">\t\t\t\t\t\t<div class=\"img-inner dark\" >\n\t\t\t<img loading=\"lazy\" decoding=\"async\" width=\"1020\" height=\"1020\" src=\"https:\/\/www.companhiaatlantica.pt\/wp-content\/uploads\/2026\/04\/mesa_posta_duna_02-1024x1024.jpg\" class=\"attachment-large size-large\" alt=\"Mata Bicho com a Cole\u00e7\u00e3o DUNA - gastronomia\" srcset=\"https:\/\/www.companhiaatlantica.pt\/wp-content\/uploads\/2026\/04\/mesa_posta_duna_02-1024x1024.jpg 1024w, https:\/\/www.companhiaatlantica.pt\/wp-content\/uploads\/2026\/04\/mesa_posta_duna_02-400x400.jpg 400w, https:\/\/www.companhiaatlantica.pt\/wp-content\/uploads\/2026\/04\/mesa_posta_duna_02-350x350.jpg 350w, https:\/\/www.companhiaatlantica.pt\/wp-content\/uploads\/2026\/04\/mesa_posta_duna_02-768x768.jpg 768w, https:\/\/www.companhiaatlantica.pt\/wp-content\/uploads\/2026\/04\/mesa_posta_duna_02-700x700.jpg 700w, https:\/\/www.companhiaatlantica.pt\/wp-content\/uploads\/2026\/04\/mesa_posta_duna_02-900x900.jpg 900w, https:\/\/www.companhiaatlantica.pt\/wp-content\/uploads\/2026\/04\/mesa_posta_duna_02-100x100.jpg 100w, https:\/\/www.companhiaatlantica.pt\/wp-content\/uploads\/2026\/04\/mesa_posta_duna_02.jpg 1080w\" sizes=\"auto, (max-width: 1020px) 100vw, 1020px\" title=\"\">\t\t\t\t\t\t\n\t\t\t\t\t<\/div>\n\t\t\t\t\t\t<\/a>\t\t\n<style>\n#image_1398908979 {\n  width: 100%;\n}\n<\/style>\n\t<\/div>\n\t\n\t\t<\/div>\n\t\t\t\t\t<\/div>\n\n\t\n\n\t<div id=\"col-1425553563\" class=\"col medium-6 small-12 large-6\"  >\n\t\t\t\t<div class=\"col-inner\"  >\n\t\t\t\n\t\t\t\n\t<div class=\"img has-hover x md-x lg-x y md-y lg-y\" id=\"image_520726597\">\n\t\t<a class=\"\" href=\"https:\/\/www.companhiaatlantica.pt\/fr\/produto\/ceramique-portugaise\/service-vaisselle\/vaisselle-duna-32-pieces?attribute_pa_cor=retro-green\" target=\"_blank\" rel=\"noopener\">\t\t\t\t\t\t<div class=\"img-inner dark\" >\n\t\t\t<img loading=\"lazy\" decoding=\"async\" width=\"350\" height=\"350\" src=\"https:\/\/www.companhiaatlantica.pt\/wp-content\/uploads\/2026\/04\/presunto-350x350.jpg\" class=\"attachment-thumbnail size-thumbnail\" alt=\"Mata Bicho com a Cole\u00e7\u00e3o DUNA - prato de sobremesa\" srcset=\"https:\/\/www.companhiaatlantica.pt\/wp-content\/uploads\/2026\/04\/presunto-350x350.jpg 350w, https:\/\/www.companhiaatlantica.pt\/wp-content\/uploads\/2026\/04\/presunto-700x700.jpg 700w, https:\/\/www.companhiaatlantica.pt\/wp-content\/uploads\/2026\/04\/presunto-100x100.jpg 100w\" sizes=\"auto, (max-width: 350px) 100vw, 350px\" title=\"\">\t\t\t\t\t\t\n\t\t\t\t\t<\/div>\n\t\t\t\t\t\t<\/a>\t\t\n<style>\n#image_520726597 {\n  width: 100%;\n}\n<\/style>\n\t<\/div>\n\t\n\t\t<\/div>\n\t\t\t\t\t<\/div>\n\n\t\n<\/div>\n<p data-start=\"3580\" data-end=\"3688\">Dans le secteur HORECA, le choix de la <strong>vaisselle n&#8217;est pas seulement une d\u00e9cision esth\u00e9tique<\/strong>, c&#8217;est une d\u00e9cision strat\u00e9gique.<\/p>\n<p data-start=\"3690\" data-end=\"3733\">Les restaurants, les h\u00f4tels et les caf\u00e9s le recherchent aujourd&#8217;hui :<\/p>\n<ul data-start=\"3734\" data-end=\"3942\">\n<li data-section-id=\"100k287\" data-start=\"3734\" data-end=\"3787\">des fournisseurs fiables de vaisselle pour la restauration<\/li>\n<li data-section-id=\"4zv8rg\" data-start=\"3788\" data-end=\"3841\">pi\u00e8ces robustes pour un usage professionnel intensif<\/li>\n<li data-section-id=\"1mq8iba\" data-start=\"3842\" data-end=\"3894\">diff\u00e9rencier la conception pour l&#8217;exp\u00e9rience du client<\/li>\n<li data-section-id=\"g4r5x9\" data-start=\"3895\" data-end=\"3942\">des solutions coh\u00e9rentes pour l&#8217;image de marque du bureau<\/li>\n<\/ul>\n<p data-start=\"3944\" data-end=\"4098\">Companhia Atl\u00e2ntica se positionne sur ce segment avec une approche hybride : un design d&#8217;auteur combin\u00e9 \u00e0 une production con\u00e7ue pour un contexte professionnel exigeant.<\/p>\n<p data-start=\"4114\" data-end=\"4374\">L&#8217;exp\u00e9rience gastronomique moderne repose sur l&#8217;alliance entre les saveurs, l&#8217;espace et la pr\u00e9sentation. \u00c0 travers ses collections <strong data-start=\"4220\" data-end=\"4245\"><a href=\"https:\/\/www.companhiaatlantica.pt\/fr\/ceramique-portugaise?filter_colecao=azulejo-fr\" target=\"_blank\" rel=\"noopener\">Azulejo<\/a>, <a href=\"https:\/\/www.companhiaatlantica.pt\/fr\/ceramique-portugaise\/service-vaisselle\" target=\"_blank\" rel=\"noopener\">Duna<\/a> et <a href=\"https:\/\/www.companhiaatlantica.pt\/fr\/ceramique-portugaise?filter_colecao=aroma-fr\" target=\"_blank\" rel=\"noopener\">Aroma<\/a>,<\/strong> Companhia Atl\u00e2ntica cr\u00e9e des <strong><a href=\"https:\/\/www.companhiaatlantica.pt\/fr\/ceramique-portugaise\" target=\"_blank\" rel=\"noopener\">c\u00e9ramiques destin\u00e9es aux restaurants et aux h\u00f4tels<\/a><\/strong>, con\u00e7ues pour mettre en valeur l&#8217;histoire de chaque plat.<\/p>\n<p data-start=\"4376\" data-end=\"4459\">Dans un secteur o\u00f9 chaque d\u00e9tail compte, la table devient une sc\u00e8ne et la c\u00e9ramique un langage.<\/p>\n\t<div id=\"gap-1433798090\" class=\"gap-element clearfix\" style=\"display:block; height:auto;\">\n\t\t\n<style>\n#gap-1433798090 {\n  padding-top: 30px;\n}\n<\/style>\n\t<\/div>\n\t\n<div class=\"row\"  id=\"row-204106108\">\n\n\t<div id=\"col-1328556135\" class=\"col medium-8 small-12 large-8\"  >\n\t\t\t\t<div class=\"col-inner\"  >\n\t\t\t\n\t\t\t\n<h2 data-section-id=\"9do6us\" data-start=\"116\" data-end=\"161\">Conna\u00eetre la vision qui sous-tend l&#8217;exp\u00e9rience<\/h2>\n<p data-start=\"163\" data-end=\"427\">Pour approfondir cette collaboration et l&#8217;univers cr\u00e9atif de <strong>Companhia Atl\u00e2ntica<\/strong>, nous vous invitons \u00e0 regarder la vid\u00e9o exclusive avec Sabino Carvalho, associ\u00e9 g\u00e9rant d&#8217;EDAI. <a href=\"https:\/\/www.matabicho.com\/\" target=\"_blank\" rel=\"noopener\"><strong>Mata Bicho, <\/strong><\/a>o\u00f9 nous partageons la vision derri\u00e8re le design de nos collections et l&#8217;importance de la vaisselle dans l&#8217;exp\u00e9rience gastronomique.<\/p>\n<p data-start=\"429\" data-end=\"628\">Dans ce contenu, nous explorons comment les d\u00e9tails, la texture et la forme des pi\u00e8ces influencent directement la fa\u00e7on dont la gastronomie est per\u00e7ue \u00e0 table, en particulier dans le contexte de la restauration professionnelle.<\/p>\n<p data-start=\"630\" data-end=\"689\"><a href=\"https:\/\/www.instagram.com\/p\/DXOhz37gAz2\/\" target=\"_blank\" rel=\"noopener\">Regardez la vid\u00e9o compl\u00e8te sur notre Instagram <strong>ici<\/strong><\/a><\/p>\n\t\t<\/div>\n\t\t\t\t\t<\/div>\n\n\t\n\n\t<div id=\"col-1998369435\" class=\"col medium-4 small-12 large-4\"  >\n\t\t\t\t<div class=\"col-inner\"  >\n\t\t\t\n\t\t\t\n\t<div class=\"img has-hover x md-x lg-x y md-y lg-y\" id=\"image_573906913\">\n\t\t<a class=\"\" href=\"https:\/\/www.instagram.com\/p\/DXOhz37gAz2\/\" target=\"_blank\" rel=\"noopener\">\t\t\t\t\t\t<div class=\"img-inner dark\" >\n\t\t\t<img loading=\"lazy\" decoding=\"async\" width=\"576\" height=\"1024\" src=\"https:\/\/www.companhiaatlantica.pt\/wp-content\/uploads\/2026\/04\/capa_mata_bicho-576x1024.png\" class=\"attachment-large size-large\" alt=\"\" srcset=\"https:\/\/www.companhiaatlantica.pt\/wp-content\/uploads\/2026\/04\/capa_mata_bicho-576x1024.png 576w, https:\/\/www.companhiaatlantica.pt\/wp-content\/uploads\/2026\/04\/capa_mata_bicho-225x400.png 225w, https:\/\/www.companhiaatlantica.pt\/wp-content\/uploads\/2026\/04\/capa_mata_bicho-768x1365.png 768w, https:\/\/www.companhiaatlantica.pt\/wp-content\/uploads\/2026\/04\/capa_mata_bicho-864x1536.png 864w, https:\/\/www.companhiaatlantica.pt\/wp-content\/uploads\/2026\/04\/capa_mata_bicho-900x1600.png 900w, https:\/\/www.companhiaatlantica.pt\/wp-content\/uploads\/2026\/04\/capa_mata_bicho.png 1080w\" sizes=\"auto, (max-width: 576px) 100vw, 576px\" title=\"\">\t\t\t\t\t\t\n\t\t\t\t\t<\/div>\n\t\t\t\t\t\t<\/a>\t\t\n<style>\n#image_573906913 {\n  width: 100%;\n}\n<\/style>\n\t<\/div>\n\t\n\t\t<\/div>\n\t\t\t\t\t<\/div>\n\n\t\n<\/div>\n\t<div class=\"img has-hover x md-x lg-x y md-y lg-y\" id=\"image_234396075\">\n\t\t<a class=\"\" href=\"https:\/\/www.companhiaatlantica.pt\/fr\/produto\/ceramique-portugaise\/service-vaisselle\/vaisselle-duna-32-pieces?attribute_pa_cor=retro-green\" target=\"_blank\" rel=\"noopener\">\t\t\t\t\t\t<div class=\"img-inner dark\" >\n\t\t\t<img loading=\"lazy\" decoding=\"async\" width=\"1020\" height=\"1020\" src=\"https:\/\/www.companhiaatlantica.pt\/wp-content\/uploads\/2026\/04\/queijo-1024x1024.jpg\" class=\"attachment-large size-large\" alt=\"Mata Bicho com a Cole\u00e7\u00e3o DUNA - entradas\" srcset=\"https:\/\/www.companhiaatlantica.pt\/wp-content\/uploads\/2026\/04\/queijo-1024x1024.jpg 1024w, https:\/\/www.companhiaatlantica.pt\/wp-content\/uploads\/2026\/04\/queijo-400x400.jpg 400w, https:\/\/www.companhiaatlantica.pt\/wp-content\/uploads\/2026\/04\/queijo-350x350.jpg 350w, https:\/\/www.companhiaatlantica.pt\/wp-content\/uploads\/2026\/04\/queijo-768x768.jpg 768w, https:\/\/www.companhiaatlantica.pt\/wp-content\/uploads\/2026\/04\/queijo-700x700.jpg 700w, https:\/\/www.companhiaatlantica.pt\/wp-content\/uploads\/2026\/04\/queijo-900x900.jpg 900w, https:\/\/www.companhiaatlantica.pt\/wp-content\/uploads\/2026\/04\/queijo-100x100.jpg 100w, https:\/\/www.companhiaatlantica.pt\/wp-content\/uploads\/2026\/04\/queijo.jpg 1080w\" sizes=\"auto, (max-width: 1020px) 100vw, 1020px\" title=\"\">\t\t\t\t\t\t\n\t\t\t\t\t<\/div>\n\t\t\t\t\t\t<\/a>\t\t\n<style>\n#image_234396075 {\n  width: 100%;\n}\n<\/style>\n\t<\/div>\n\t\n\t\t<\/div>\n\t\t\t\t\t<\/div>\n\n\t\n<\/div>\n\t\t<\/div>\n\t\t\t\t\t<\/div>\n\n\t\n<\/div>\n","protected":false},"excerpt":{"rendered":"<p>La Compagnie Atl\u00e2ntica pr\u00e9sente sa vision de la vaisselle destin\u00e9e \u00e0 la restauration haut de gamme, en explorant la mani\u00e8re dont le design de la c\u00e9ramique et du gr\u00e8s transforme l&#8217;exp\u00e9rience gastronomique. Dans le cadre inspirant du Mata Bicho, nous d\u00e9voilons les collections Azulejo, Duna et Aroma, con\u00e7ues pour le secteur HORECA. <\/p>\n","protected":false},"author":1107,"featured_media":87161,"comment_status":"closed","ping_status":"closed","sticky":false,"template":"","format":"standard","meta":{"footnotes":""},"categories":[3136,4528],"tags":[],"class_list":["post-87369","post","type-post","status-publish","format-standard","has-post-thumbnail","hentry","category-article","category-horeca"],"_links":{"self":[{"href":"https:\/\/www.companhiaatlantica.pt\/fr\/wp-json\/wp\/v2\/posts\/87369","targetHints":{"allow":["GET"]}}],"collection":[{"href":"https:\/\/www.companhiaatlantica.pt\/fr\/wp-json\/wp\/v2\/posts"}],"about":[{"href":"https:\/\/www.companhiaatlantica.pt\/fr\/wp-json\/wp\/v2\/types\/post"}],"author":[{"embeddable":true,"href":"https:\/\/www.companhiaatlantica.pt\/fr\/wp-json\/wp\/v2\/users\/1107"}],"replies":[{"embeddable":true,"href":"https:\/\/www.companhiaatlantica.pt\/fr\/wp-json\/wp\/v2\/comments?post=87369"}],"version-history":[{"count":5,"href":"https:\/\/www.companhiaatlantica.pt\/fr\/wp-json\/wp\/v2\/posts\/87369\/revisions"}],"predecessor-version":[{"id":87465,"href":"https:\/\/www.companhiaatlantica.pt\/fr\/wp-json\/wp\/v2\/posts\/87369\/revisions\/87465"}],"wp:featuredmedia":[{"embeddable":true,"href":"https:\/\/www.companhiaatlantica.pt\/fr\/wp-json\/wp\/v2\/media\/87161"}],"wp:attachment":[{"href":"https:\/\/www.companhiaatlantica.pt\/fr\/wp-json\/wp\/v2\/media?parent=87369"}],"wp:term":[{"taxonomy":"category","embeddable":true,"href":"https:\/\/www.companhiaatlantica.pt\/fr\/wp-json\/wp\/v2\/categories?post=87369"},{"taxonomy":"post_tag","embeddable":true,"href":"https:\/\/www.companhiaatlantica.pt\/fr\/wp-json\/wp\/v2\/tags?post=87369"}],"curies":[{"name":"wp","href":"https:\/\/api.w.org\/{rel}","templated":true}]}}