{"id":88022,"date":"2026-04-23T14:29:00","date_gmt":"2026-04-23T13:29:00","guid":{"rendered":"https:\/\/www.companhiaatlantica.pt\/non-classifiee\/sustentabilidade-nas-empresas-um-compromisso-estrategico-para-o-futuro"},"modified":"2026-04-23T14:45:26","modified_gmt":"2026-04-23T13:45:26","slug":"sustentabilidade-nas-empresas-um-compromisso-estrategico-para-o-futuro","status":"publish","type":"post","link":"https:\/\/www.companhiaatlantica.pt\/fr\/article\/sustentabilidade-nas-empresas-um-compromisso-estrategico-para-o-futuro","title":{"rendered":"Sustentabilidade nas Empresas: um compromisso estrat\u00e9gico para o futuro"},"content":{"rendered":"\t<div class=\"img has-hover x md-x lg-x y md-y lg-y\" id=\"image_1460421514\">\n\t\t\t\t\t\t\t\t<div class=\"img-inner dark\" >\n\t\t\t<img loading=\"lazy\" decoding=\"async\" width=\"1020\" height=\"762\" src=\"https:\/\/www.companhiaatlantica.pt\/wp-content\/uploads\/2026\/04\/sustentabilidade_01-1024x765.jpg\" class=\"attachment-large size-large\" alt=\"\" srcset=\"https:\/\/www.companhiaatlantica.pt\/wp-content\/uploads\/2026\/04\/sustentabilidade_01-1024x765.jpg 1024w, https:\/\/www.companhiaatlantica.pt\/wp-content\/uploads\/2026\/04\/sustentabilidade_01-400x299.jpg 400w, https:\/\/www.companhiaatlantica.pt\/wp-content\/uploads\/2026\/04\/sustentabilidade_01-768x573.jpg 768w, https:\/\/www.companhiaatlantica.pt\/wp-content\/uploads\/2026\/04\/sustentabilidade_01-1536x1147.jpg 1536w, https:\/\/www.companhiaatlantica.pt\/wp-content\/uploads\/2026\/04\/sustentabilidade_01-1320x986.jpg 1320w, https:\/\/www.companhiaatlantica.pt\/wp-content\/uploads\/2026\/04\/sustentabilidade_01-900x672.jpg 900w, https:\/\/www.companhiaatlantica.pt\/wp-content\/uploads\/2026\/04\/sustentabilidade_01.jpg 1808w\" sizes=\"auto, (max-width: 1020px) 100vw, 1020px\" title=\"\">\t\t\t\t\t\t\n\t\t\t\t\t<\/div>\n\t\t\t\t\t\t\t\t\n<style>\n#image_1460421514 {\n  width: 100%;\n}\n<\/style>\n\t<\/div>\n\t\n<div class=\"row\"  id=\"row-1285821034\">\n\n\t<div id=\"col-287162329\" class=\"col small-12 large-12\"  >\n\t\t\t\t<div class=\"col-inner\"  >\n\t\t\t\n\t\t\t\n\t<div id=\"gap-19654057\" class=\"gap-element clearfix\" style=\"display:block; height:auto;\">\n\t\t\n<style>\n#gap-19654057 {\n  padding-top: 30px;\n}\n<\/style>\n\t<\/div>\n\t\n<div class=\"row\"  id=\"row-2052425023\">\n\n\t<div id=\"col-1387675490\" class=\"col small-12 large-12\"  >\n\t\t\t\t<div class=\"col-inner\"  >\n\t\t\t\n\t\t\t\n<p data-start=\"231\" data-end=\"533\">La durabilit\u00e9 n&#8217;est plus seulement une tendance, mais l&#8217;un des piliers fondamentaux de la gestion moderne des entreprises. De plus en plus, les organisations reconnaissent que leur impact va bien au-del\u00e0 des r\u00e9sultats financiers et inclut la responsabilit\u00e9 environnementale, sociale et de gouvernance. <\/p>\n<p data-start=\"535\" data-end=\"770\">Dans ce contexte, nous avons eu le plaisir d&#8217;accueillir Ana Filipa Urbano, de <a href=\"https:\/\/www.dower.pt\/pt\/\" target=\"_blank\" rel=\"noopener\">Dower<\/a>, dans nos locaux pour une session de sensibilisation consacr\u00e9e \u00e0 la durabilit\u00e9 et au r\u00f4le des organisations dans la construction d&#8217;un avenir plus responsable. <\/p>\n<div class=\"container section-title-container\" ><h2 class=\"section-title section-title-normal\"><b aria-hidden=\"true\"><\/b><span class=\"section-title-main\" >L&#039;importance de la durabilit\u00e9 dans les organisations<\/span><b aria-hidden=\"true\"><\/b><\/h2><\/div>\n<p data-start=\"827\" data-end=\"1152\">Dans un paysage commercial en constante \u00e9volution, le d\u00e9veloppement durable occupe une place centrale dans la mani\u00e8re dont les entreprises op\u00e8rent, se d\u00e9veloppent et se positionnent sur le march\u00e9. Il ne s&#8217;agit pas seulement de se conformer aux exigences l\u00e9gales ou de mettre en \u0153uvre des bonnes pratiques isol\u00e9es. Il s&#8217;agit d&#8217;int\u00e9grer le d\u00e9veloppement durable dans la strat\u00e9gie globale de l&#8217;organisation.  <\/p>\n<p data-start=\"1154\" data-end=\"1208\">Les entreprises qui misent sur cette transformation r\u00e9ussissent :<\/p>\n<ul data-start=\"1210\" data-end=\"1480\">\n<li data-section-id=\"vismv\" data-start=\"1210\" data-end=\"1260\">R\u00e9duire l&#8217;impact environnemental de vos activit\u00e9s<\/li>\n<li data-section-id=\"786i9t\" data-start=\"1261\" data-end=\"1315\">Augmenter l&#8217;efficacit\u00e9 des ressources et r\u00e9duire les co\u00fbts<\/li>\n<li data-section-id=\"1ntscfy\" data-start=\"1316\" data-end=\"1384\">Renforcer la r\u00e9putation et la confiance des clients et des partenaires<\/li>\n<li data-section-id=\"1uegjhz\" data-start=\"1439\" data-end=\"1480\">Cr\u00e9er une valeur durable \u00e0 long terme<\/li>\n<\/ul>\n<div class=\"container section-title-container\" ><h2 class=\"section-title section-title-normal\"><b aria-hidden=\"true\"><\/b><span class=\"section-title-main\" >Un temps de r\u00e9flexion et d&#039;action - la durabilit\u00e9<\/span><b aria-hidden=\"true\"><\/b><\/h2><\/div>\n<p data-start=\"1516\" data-end=\"1716\">La session anim\u00e9e par Ana Filipa Urbano nous a permis de r\u00e9fl\u00e9chir \u00e0 l&#8217;impact de nos actions en tant qu&#8217;organisation et \u00e0 l&#8217;importance d&#8217;adopter des mesures concr\u00e8tes qui favorisent un v\u00e9ritable changement. <\/p>\n<p data-start=\"1718\" data-end=\"1884\">Dans un environnement de partage et d&#8217;apprentissage, l&#8217;id\u00e9e a \u00e9t\u00e9 renforc\u00e9e que la durabilit\u00e9 n&#8217;est pas un objectif isol\u00e9, mais un processus continu d&#8217;am\u00e9lioration et d&#8217;\u00e9volution.<\/p>\n\t<div id=\"gap-893398001\" class=\"gap-element clearfix\" style=\"display:block; height:auto;\">\n\t\t\n<style>\n#gap-893398001 {\n  padding-top: 30px;\n}\n<\/style>\n\t<\/div>\n\t\n\t<div class=\"img has-hover x md-x lg-x y md-y lg-y\" id=\"image_428544632\">\n\t\t\t\t\t\t\t\t<div class=\"img-inner dark\" >\n\t\t\t<img loading=\"lazy\" decoding=\"async\" width=\"1020\" height=\"762\" src=\"https:\/\/www.companhiaatlantica.pt\/wp-content\/uploads\/2026\/04\/sustentabilidade_02-1024x765.jpg\" class=\"attachment-large size-large\" alt=\"\" srcset=\"https:\/\/www.companhiaatlantica.pt\/wp-content\/uploads\/2026\/04\/sustentabilidade_02-1024x765.jpg 1024w, https:\/\/www.companhiaatlantica.pt\/wp-content\/uploads\/2026\/04\/sustentabilidade_02-400x299.jpg 400w, https:\/\/www.companhiaatlantica.pt\/wp-content\/uploads\/2026\/04\/sustentabilidade_02-768x573.jpg 768w, https:\/\/www.companhiaatlantica.pt\/wp-content\/uploads\/2026\/04\/sustentabilidade_02-1536x1147.jpg 1536w, https:\/\/www.companhiaatlantica.pt\/wp-content\/uploads\/2026\/04\/sustentabilidade_02-1320x986.jpg 1320w, https:\/\/www.companhiaatlantica.pt\/wp-content\/uploads\/2026\/04\/sustentabilidade_02-900x672.jpg 900w, https:\/\/www.companhiaatlantica.pt\/wp-content\/uploads\/2026\/04\/sustentabilidade_02.jpg 1808w\" sizes=\"auto, (max-width: 1020px) 100vw, 1020px\" title=\"\">\t\t\t\t\t\t\n\t\t\t\t\t<\/div>\n\t\t\t\t\t\t\t\t\n<style>\n#image_428544632 {\n  width: 100%;\n}\n<\/style>\n\t<\/div>\n\t\n\t<div id=\"gap-537716793\" class=\"gap-element clearfix\" style=\"display:block; height:auto;\">\n\t\t\n<style>\n#gap-537716793 {\n  padding-top: 30px;\n}\n<\/style>\n\t<\/div>\n\t\n<div class=\"container section-title-container\" ><h2 class=\"section-title section-title-normal\"><b aria-hidden=\"true\"><\/b><span class=\"section-title-main\" >Un engagement commun : TAKENET et Dower<\/span><b aria-hidden=\"true\"><\/b><\/h2><\/div>\n<p data-start=\"1931\" data-end=\"2171\">Le partenariat entre <a href=\"https:\/\/www.dower.pt\/pt\/\" target=\"_blank\" rel=\"noopener\">Dower<\/a> et TAKENET a permis de consolider un <a href=\"https:\/\/www.companhiaatlantica.pt\/fr\/a-propos-de-nous\" target=\"_blank\" rel=\"noopener\">engagement<\/a> solide en faveur de la durabilit\u00e9. En 2026, cette voie prendra encore plus d&#8217;ampleur avec la mise en \u0153uvre d&#8217;un plan de durabilit\u00e9 structur\u00e9 et orient\u00e9 vers l&#8217;action. <\/p>\n<p data-start=\"2173\" data-end=\"2214\">Ce plan comprend des mesures concr\u00e8tes telles que<\/p>\n<ul data-start=\"2216\" data-end=\"2385\">\n<li data-section-id=\"11vuq9m\" data-start=\"2216\" data-end=\"2249\">R\u00e9duction de la consommation d&#8217;\u00e9nergie<\/li>\n<li data-section-id=\"1p8wz6b\" data-start=\"2250\" data-end=\"2280\">R\u00e9duire l&#8217;utilisation du papier<\/li>\n<li data-section-id=\"evqnwo\" data-start=\"2281\" data-end=\"2319\">Renforcer les pratiques de recyclage<\/li>\n<li data-section-id=\"omesxp\" data-start=\"2320\" data-end=\"2385\">Promouvoir une culture interne plus consciente et plus responsable<\/li>\n<\/ul>\n<p data-start=\"2387\" data-end=\"2519\">Plus que des objectifs, il s&#8217;agit d&#8217;un engagement permanent en faveur de l&#8217;am\u00e9lioration, de la responsabilit\u00e9 et de la cr\u00e9ation d&#8217;une valeur durable pour l&#8217;avenir.<\/p>\n<div class=\"container section-title-container\" ><h2 class=\"section-title section-title-normal\"><b aria-hidden=\"true\"><\/b><span class=\"section-title-main\" >La durabilit\u00e9 comme avantage concurrentiel<\/span><b aria-hidden=\"true\"><\/b><\/h2><\/div>\n<p data-start=\"2568\" data-end=\"2882\">Pour les entreprises avec lesquelles nous travaillons, la durabilit\u00e9 n&#8217;est plus seulement un choix, c&#8217;est un facteur de diff\u00e9renciation et de comp\u00e9titivit\u00e9. Les organisations qui int\u00e8grent des pratiques durables dans leurs activit\u00e9s sont mieux pr\u00e9par\u00e9es \u00e0 r\u00e9pondre aux d\u00e9fis du march\u00e9, aux exigences r\u00e9glementaires et aux attentes de la soci\u00e9t\u00e9. <\/p>\n<p data-start=\"2884\" data-end=\"2950\">Investir dans le d\u00e9veloppement durable, c&#8217;est investir dans la r\u00e9silience des entreprises.<\/p>\n\t<div id=\"gap-1783945288\" class=\"gap-element clearfix\" style=\"display:block; height:auto;\">\n\t\t\n<style>\n#gap-1783945288 {\n  padding-top: 30px;\n}\n<\/style>\n\t<\/div>\n\t\n\t<div class=\"img has-hover x md-x lg-x y md-y lg-y\" id=\"image_32866896\">\n\t\t\t\t\t\t\t\t<div class=\"img-inner image-cover dark\" style=\"padding-top:56.25%;\">\n\t\t\t<img loading=\"lazy\" decoding=\"async\" width=\"1020\" height=\"762\" src=\"https:\/\/www.companhiaatlantica.pt\/wp-content\/uploads\/2026\/04\/sustentabilidade_03-1024x765.jpg\" class=\"attachment-large size-large\" alt=\"\" srcset=\"https:\/\/www.companhiaatlantica.pt\/wp-content\/uploads\/2026\/04\/sustentabilidade_03-1024x765.jpg 1024w, https:\/\/www.companhiaatlantica.pt\/wp-content\/uploads\/2026\/04\/sustentabilidade_03-400x299.jpg 400w, https:\/\/www.companhiaatlantica.pt\/wp-content\/uploads\/2026\/04\/sustentabilidade_03-768x573.jpg 768w, https:\/\/www.companhiaatlantica.pt\/wp-content\/uploads\/2026\/04\/sustentabilidade_03-1536x1147.jpg 1536w, https:\/\/www.companhiaatlantica.pt\/wp-content\/uploads\/2026\/04\/sustentabilidade_03-1320x986.jpg 1320w, https:\/\/www.companhiaatlantica.pt\/wp-content\/uploads\/2026\/04\/sustentabilidade_03-900x672.jpg 900w, https:\/\/www.companhiaatlantica.pt\/wp-content\/uploads\/2026\/04\/sustentabilidade_03.jpg 1808w\" sizes=\"auto, (max-width: 1020px) 100vw, 1020px\" title=\"\">\t\t\t\t\t\t\n\t\t\t\t\t<\/div>\n\t\t\t\t\t\t\t\t\n<style>\n#image_32866896 {\n  width: 100%;\n}\n<\/style>\n\t<\/div>\n\t\n\t\t<\/div>\n\t\t\t\t\t<\/div>\n\n\t\n<\/div>\n\t\t<\/div>\n\t\t\t\t\t<\/div>\n\n\t\n<\/div>\n","protected":false},"excerpt":{"rendered":"<p>La durabilit\u00e9 des entreprises joue un r\u00f4le de plus en plus central dans la strat\u00e9gie des organisations. Plus qu&#8217;une tendance, elle repr\u00e9sente un engagement permanent en faveur de l&#8217;efficacit\u00e9, de la responsabilit\u00e9 environnementale et de la cr\u00e9ation de valeur \u00e0 long terme. Dans ce contexte, TAKENET renforce son partenariat avec Dower en mettant en \u0153uvre un plan de durabilit\u00e9 ax\u00e9 sur des mesures concr\u00e8tes visant \u00e0 promouvoir une culture interne plus consciente et plus responsable.  <\/p>\n","protected":false},"author":1107,"featured_media":88003,"comment_status":"closed","ping_status":"closed","sticky":false,"template":"","format":"standard","meta":{"footnotes":""},"categories":[3136,4528],"tags":[],"class_list":["post-88022","post","type-post","status-publish","format-standard","has-post-thumbnail","hentry","category-article","category-horeca"],"_links":{"self":[{"href":"https:\/\/www.companhiaatlantica.pt\/fr\/wp-json\/wp\/v2\/posts\/88022","targetHints":{"allow":["GET"]}}],"collection":[{"href":"https:\/\/www.companhiaatlantica.pt\/fr\/wp-json\/wp\/v2\/posts"}],"about":[{"href":"https:\/\/www.companhiaatlantica.pt\/fr\/wp-json\/wp\/v2\/types\/post"}],"author":[{"embeddable":true,"href":"https:\/\/www.companhiaatlantica.pt\/fr\/wp-json\/wp\/v2\/users\/1107"}],"replies":[{"embeddable":true,"href":"https:\/\/www.companhiaatlantica.pt\/fr\/wp-json\/wp\/v2\/comments?post=88022"}],"version-history":[{"count":5,"href":"https:\/\/www.companhiaatlantica.pt\/fr\/wp-json\/wp\/v2\/posts\/88022\/revisions"}],"predecessor-version":[{"id":88066,"href":"https:\/\/www.companhiaatlantica.pt\/fr\/wp-json\/wp\/v2\/posts\/88022\/revisions\/88066"}],"wp:featuredmedia":[{"embeddable":true,"href":"https:\/\/www.companhiaatlantica.pt\/fr\/wp-json\/wp\/v2\/media\/88003"}],"wp:attachment":[{"href":"https:\/\/www.companhiaatlantica.pt\/fr\/wp-json\/wp\/v2\/media?parent=88022"}],"wp:term":[{"taxonomy":"category","embeddable":true,"href":"https:\/\/www.companhiaatlantica.pt\/fr\/wp-json\/wp\/v2\/categories?post=88022"},{"taxonomy":"post_tag","embeddable":true,"href":"https:\/\/www.companhiaatlantica.pt\/fr\/wp-json\/wp\/v2\/tags?post=88022"}],"curies":[{"name":"wp","href":"https:\/\/api.w.org\/{rel}","templated":true}]}}